{"id":11006,"date":"2024-05-31T13:22:33","date_gmt":"2024-05-31T18:22:33","guid":{"rendered":"https:\/\/puertointerior.guanajuato.gob.mx\/blog\/?p=11006"},"modified":"2024-05-31T13:22:33","modified_gmt":"2024-05-31T18:22:33","slug":"por-que-tesla-no-quiere-los-aranceles-de-biden","status":"publish","type":"post","link":"https:\/\/puertointerior.guanajuato.gob.mx\/blog\/2024\/05\/31\/por-que-tesla-no-quiere-los-aranceles-de-biden\/","title":{"rendered":"\u00bfPor qu\u00e9 Tesla no quiere los aranceles de Biden?"},"content":{"rendered":"<p>Recientemente, la administraci\u00f3n del presidente de los Estados Unidos, Joe Biden, anunci\u00f3 la imposici\u00f3n de impuestos arancelarios a las importaciones de productos de origen chino, incluyendo veh\u00edculos el\u00e9ctricos, bater\u00edas y autopartes.<\/p>\n<h3><strong>Elon Musk y su oposici\u00f3n a los nuevos aranceles en la importaci\u00f3n de veh\u00edculos el\u00e9ctricos chinos.<\/strong><\/h3>\n<p>Los impuestos saltaron de 25% a 102.5% en la importaci\u00f3n de veh\u00edculos el\u00e9ctricos chinos, ante esto, Elon Musk, CEO de Tesla, declar\u00f3 estar en contra de este aumento, puesto que en China su empresa tiene buen mercado. Argument\u00f3, en un video reciente, que los aranceles son perjudiciales para la industria y que el libre comercio facilita la competencia y la innovaci\u00f3n, beneficiando a los consumidores con m\u00e1s opciones y mejores precios.<\/p>\n<blockquote><p>\u201cEstoy sorprendido con el anuncio, Tesla compite muy bien en el mercado chino sin aranceles ni apoyos diferentes, entonces, yo estoy en contra de los aranceles\u201d.<\/p><\/blockquote>\n<p>Estas declaraciones reflejan la visi\u00f3n de Musk de un mercado de veh\u00edculos el\u00e9ctricos m\u00e1s accesible y competitivo a nivel global. No obstante, el millonario ha generado incertidumbre al no confirmar su compromiso con la producci\u00f3n de veh\u00edculos el\u00e9ctricos m\u00e1s econ\u00f3micos, anteriormente prometidos para hacerlos accesibles a un p\u00fablico m\u00e1s amplio.<\/p>\n<p>A medida que Tesla navega estas complejidades, la industria automotriz mundial observa de cerca. Las decisiones de Musk y Tesla tienen un impacto significativo no solo en el mercado automotriz, sino tambi\u00e9n en las pol\u00edticas de comercio internacional y las estrategias de otras compa\u00f1\u00edas automotrices. La combinaci\u00f3n de tecnolog\u00eda de vanguardia, estrategias de mercado y pol\u00edticas comerciales delinear\u00e1 el futuro de la movilidad el\u00e9ctrica.<\/p>\n<h3><strong>Tesla en China<\/strong><\/h3>\n<p>Tesla est\u00e1 exportando veh\u00edculos fabricados en su planta de Shangh\u00e1i a varios pa\u00edses, principalmente:<\/p>\n<ul>\n<li>Europa: Comenz\u00f3 a exportar el Model 3 fabricado en China a Europa en 2020, con destino a pa\u00edses como Alemania, Francia, Italia, Espa\u00f1a, Portugal y Suiza. En 2022, Tesla vendi\u00f3 aproximadamente 93,700 veh\u00edculos fabricados en China en Europa Occidental, representando el 47% de sus entregas totales en esa regi\u00f3n.<\/li>\n<li>Canad\u00e1: La gigafactory de Tesla en China tambi\u00e9n es responsable de exportar el Model Y a Canad\u00e1.<\/li>\n<li>Otros mercados asi\u00e1ticos: Adem\u00e1s de Europa y Canad\u00e1, la planta de Shangh\u00e1i exporta el Model Y a varios mercados asi\u00e1ticos.<\/li>\n<\/ul>\n<p>Recientemente, Tesla tambi\u00e9n comenz\u00f3 a exportar el Model 3 redise\u00f1ado desde China. En total, durante 2022 Tesla export\u00f3 alrededor del 40% de la producci\u00f3n de su f\u00e1brica de Shangh\u00e1i, que alcanz\u00f3 casi un mill\u00f3n de veh\u00edculos ese a\u00f1o.<\/p>\n<p>Mientras Musk aboga por el libre comercio y la eliminaci\u00f3n de aranceles para fomentar un mercado de veh\u00edculos el\u00e9ctricos m\u00e1s competitivo, la falta de claridad sobre su compromiso con los veh\u00edculos el\u00e9ctricos asequibles introduce una capa de incertidumbre sobre c\u00f3mo Tesla continuar\u00e1 liderando la revoluci\u00f3n de la electromovilidad en un entorno global cada vez m\u00e1s complejo.<\/p>\n<h3><strong>Innovaci\u00f3n en\u00a0energ\u00eda y transporte\u00a0sostenible de Tesla<\/strong><\/h3>\n<p>Fundada en 2003, Tesla se dedica a crear productos alternos a aquellos que se basan en el uso de combustibles f\u00f3siles, dise\u00f1ando y fabricando un ecosistema integrado para energ\u00eda y transporte. Los productos de Tesla est\u00e1n concebidos para trabajar juntos y maximizar su impacto positivo en el medio ambiente.<\/p>\n<h3><strong>Reducci\u00f3n de\u00a0emisiones de CO2e\u00a0<\/strong><\/h3>\n<p>De acuerdo con el Reporte de Impacto 2023 de la empresa, durante ese a\u00f1o los clientes de Tesla evitaron la emisi\u00f3n de m\u00e1s de 20 millones de toneladas m\u00e9tricas de CO2e a la atm\u00f3sfera gracias al uso de sus productos.<\/p>\n<p>Se estima que un veh\u00edculo Tesla evitar\u00e1 aproximadamente 51 toneladas m\u00e9tricas de CO2e, despu\u00e9s de 17 a\u00f1os de conducci\u00f3n. Mientras que la generaci\u00f3n de energ\u00eda sea m\u00e1s limpia, cargar veh\u00edculos el\u00e9ctricos ser\u00e1 cada vez m\u00e1s ecol\u00f3gico; a diferencia de los veh\u00edculos de combusti\u00f3n interna (ICE), cuyo impacto de carbono permanece constante cada a\u00f1o.<\/p>\n<h3><strong>Eficiencia de los veh\u00edculos el\u00e9ctricos Tesla<\/strong><\/h3>\n<p>Los autos de Tesla son de los veh\u00edculos el\u00e9ctricos m\u00e1s eficientes en el mercado; al requerir cargarse con menos frecuencia, generan menos emisiones por milla recorrida y ofrece as\u00ed mayores ahorros a los clientes.<\/p>\n<h3><strong>Productos energ\u00e9ticos y sostenibilidad<\/strong><\/h3>\n<p>Adem\u00e1s de los veh\u00edculos, los productos energ\u00e9ticos de Tesla como los almacenamientos de energ\u00eda y paneles solares tiene un papel fundamental para mantener las redes el\u00e9ctricas que mueven las econom\u00edas y las sociedades. Tienen como objetivo reducir emisiones, prevenir apagones de la red el\u00e9ctrica y proveer suministro de energ\u00eda de respaldo en caso de fallos en la red.<\/p>\n<h3><strong>Tesla y sus f\u00e1bricas\u00a0sustentables<\/strong><\/h3>\n<p>Tesla tambi\u00e9n se enfoca en la construcci\u00f3n de f\u00e1bricas eficientes, dise\u00f1adas para minimizar el desperdicio, el uso de agua y el consumo de energ\u00eda. Con cada nueva Gigafactory, Tesla busca fabricar sus productos de manera m\u00e1s sostenible, recurriendo a fuentes de energ\u00eda renovable para reducir el consumo energ\u00e9tico.<\/p>\n<h3><strong>Infraestructura global de\u00a0producci\u00f3n de Tesla<\/strong><\/h3>\n<p>Cuenta con m\u00e1s de 100 000 empleados las f\u00e1bricas de Tesla se encuentran integradas verticalmente en diferentes pa\u00edses:<\/p>\n<ul>\n<li>F\u00e1brica en Fremont, CA:\u00a0Model S, Model 3, Model X, Model\u00a0Y<\/li>\n<li>Gigafactory Nevada:\u00a0motores el\u00e9ctricos, bater\u00edas, sistemas de propulsi\u00f3n<\/li>\n<li>Gigafactory Nueva York:\u00a0Solar Roof, paneles solares, componentes el\u00e9ctricos para Superchargers<\/li>\n<li>Gigafactory Shangh\u00e1i:\u00a0Model 3, Model\u00a0Y<\/li>\n<li>Gigafactory Texas:\u00a0Model Y, Cibertruck<\/li>\n<li>Gigafactory Berl\u00edn-Brandemburgo:\u00a0Model Y, bater\u00edas<\/li>\n<li>F\u00e1brica en Kato:\u00a0desarrollo de bater\u00edas y la producci\u00f3n de productos piloto<\/li>\n<li>Megafactory en Lathrop, CA:\u00a0bater\u00edas para servicios p\u00fablicos, Megapacks<\/li>\n<\/ul>\n<p>Recientemente, Tesla comenz\u00f3 la\u00a0construcci\u00f3n de su segunda f\u00e1brica en China\u00a0que se dedicar\u00e1 a la producci\u00f3n de bater\u00edas de almacenamiento de energ\u00eda, denominadas Megapacks.<\/p>\n<p>Publicado originalmente por:\u00a0<a href=\"https:\/\/mexicoindustry.com\/noticia\/por-que-tesla-no-quiere-los-aranceles-de-biden\">https:\/\/mexicoindustry.com\/noticia\/por-que-tesla-no-quiere-los-aranceles-de-biden<\/a><\/p>\n","protected":false},"excerpt":{"rendered":"<p>Recientemente, la administraci\u00f3n del presidente de los Estados Unidos, Joe Biden, anunci\u00f3 la imposici\u00f3n de impuestos arancelarios a las importaciones de productos de origen chino, incluyendo veh\u00edculos el\u00e9ctricos, bater\u00edas y autopartes. Elon Musk y su oposici\u00f3n a los nuevos aranceles en la importaci\u00f3n de veh\u00edculos el\u00e9ctricos chinos. Los impuestos saltaron de 25% a 102.5% en [&hellip;]<\/p>\n","protected":false},"author":2,"featured_media":11007,"comment_status":"closed","ping_status":"open","sticky":false,"template":"","format":"standard","meta":{"jetpack_post_was_ever_published":false,"_jetpack_newsletter_access":"","_jetpack_dont_email_post_to_subs":false,"_jetpack_newsletter_tier_id":0,"_jetpack_memberships_contains_paywalled_content":false,"_jetpack_memberships_contains_paid_content":false,"footnotes":""},"categories":[4],"tags":[],"class_list":["post-11006","post","type-post","status-publish","format-standard","has-post-thumbnail","hentry","category-logistics"],"yoast_head":"<!-- This site is optimized with the Yoast SEO plugin v25.7 - https:\/\/yoast.com\/wordpress\/plugins\/seo\/ -->\n<title>\u00bfPor qu\u00e9 Tesla no quiere los aranceles de Biden? - Blog | GPI NEWS<\/title>\n<meta name=\"robots\" content=\"index, follow, max-snippet:-1, max-image-preview:large, max-video-preview:-1\" \/>\n<link rel=\"canonical\" href=\"https:\/\/puertointerior.guanajuato.gob.mx\/blog\/2024\/05\/31\/por-que-tesla-no-quiere-los-aranceles-de-biden\/\" \/>\n<meta property=\"og:locale\" content=\"es_MX\" \/>\n<meta property=\"og:type\" content=\"article\" \/>\n<meta property=\"og:title\" content=\"\u00bfPor qu\u00e9 Tesla no quiere los aranceles de Biden? - Blog | GPI NEWS\" \/>\n<meta property=\"og:description\" content=\"Recientemente, la administraci\u00f3n del presidente de los Estados Unidos, Joe Biden, anunci\u00f3 la imposici\u00f3n de impuestos arancelarios a las importaciones de productos de origen chino, incluyendo veh\u00edculos el\u00e9ctricos, bater\u00edas y autopartes. Elon Musk y su oposici\u00f3n a los nuevos aranceles en la importaci\u00f3n de veh\u00edculos el\u00e9ctricos chinos. Los impuestos saltaron de 25% a 102.5% en [&hellip;]\" \/>\n<meta property=\"og:url\" content=\"https:\/\/puertointerior.guanajuato.gob.mx\/blog\/2024\/05\/31\/por-que-tesla-no-quiere-los-aranceles-de-biden\/\" \/>\n<meta property=\"og:site_name\" content=\"Blog | GPI NEWS\" \/>\n<meta property=\"article:published_time\" content=\"2024-05-31T18:22:33+00:00\" \/>\n<meta property=\"og:image\" content=\"https:\/\/puertointerior.guanajuato.gob.mx\/blog\/wp-content\/uploads\/2024\/05\/por-que-tesla-no-quiere-los-aranceles-de-biden-23257.jpg\" \/>\n\t<meta property=\"og:image:width\" content=\"1024\" \/>\n\t<meta property=\"og:image:height\" content=\"576\" \/>\n\t<meta property=\"og:image:type\" content=\"image\/jpeg\" \/>\n<meta name=\"author\" content=\"GPI NEWS\" \/>\n<meta name=\"twitter:card\" content=\"summary_large_image\" \/>\n<meta name=\"twitter:label1\" content=\"Escrito por\" \/>\n\t<meta name=\"twitter:data1\" content=\"GPI NEWS\" \/>\n\t<meta name=\"twitter:label2\" content=\"Tiempo de lectura\" \/>\n\t<meta name=\"twitter:data2\" content=\"5 minutos\" \/>\n<script type=\"application\/ld+json\" class=\"yoast-schema-graph\">{\"@context\":\"https:\/\/schema.org\",\"@graph\":[{\"@type\":\"WebPage\",\"@id\":\"https:\/\/puertointerior.guanajuato.gob.mx\/blog\/2024\/05\/31\/por-que-tesla-no-quiere-los-aranceles-de-biden\/\",\"url\":\"https:\/\/puertointerior.guanajuato.gob.mx\/blog\/2024\/05\/31\/por-que-tesla-no-quiere-los-aranceles-de-biden\/\",\"name\":\"\u00bfPor qu\u00e9 Tesla no quiere los aranceles de Biden? - Blog | GPI NEWS\",\"isPartOf\":{\"@id\":\"https:\/\/puertointerior.guanajuato.gob.mx\/blog\/#website\"},\"primaryImageOfPage\":{\"@id\":\"https:\/\/puertointerior.guanajuato.gob.mx\/blog\/2024\/05\/31\/por-que-tesla-no-quiere-los-aranceles-de-biden\/#primaryimage\"},\"image\":{\"@id\":\"https:\/\/puertointerior.guanajuato.gob.mx\/blog\/2024\/05\/31\/por-que-tesla-no-quiere-los-aranceles-de-biden\/#primaryimage\"},\"thumbnailUrl\":\"https:\/\/puertointerior.guanajuato.gob.mx\/blog\/wp-content\/uploads\/2024\/05\/por-que-tesla-no-quiere-los-aranceles-de-biden-23257.jpg\",\"datePublished\":\"2024-05-31T18:22:33+00:00\",\"author\":{\"@id\":\"https:\/\/puertointerior.guanajuato.gob.mx\/blog\/#\/schema\/person\/f4851bb8a48c32d7fba5285caf4ef1c4\"},\"breadcrumb\":{\"@id\":\"https:\/\/puertointerior.guanajuato.gob.mx\/blog\/2024\/05\/31\/por-que-tesla-no-quiere-los-aranceles-de-biden\/#breadcrumb\"},\"inLanguage\":\"es\",\"potentialAction\":[{\"@type\":\"ReadAction\",\"target\":[\"https:\/\/puertointerior.guanajuato.gob.mx\/blog\/2024\/05\/31\/por-que-tesla-no-quiere-los-aranceles-de-biden\/\"]}]},{\"@type\":\"ImageObject\",\"inLanguage\":\"es\",\"@id\":\"https:\/\/puertointerior.guanajuato.gob.mx\/blog\/2024\/05\/31\/por-que-tesla-no-quiere-los-aranceles-de-biden\/#primaryimage\",\"url\":\"https:\/\/puertointerior.guanajuato.gob.mx\/blog\/wp-content\/uploads\/2024\/05\/por-que-tesla-no-quiere-los-aranceles-de-biden-23257.jpg\",\"contentUrl\":\"https:\/\/puertointerior.guanajuato.gob.mx\/blog\/wp-content\/uploads\/2024\/05\/por-que-tesla-no-quiere-los-aranceles-de-biden-23257.jpg\",\"width\":1024,\"height\":576},{\"@type\":\"BreadcrumbList\",\"@id\":\"https:\/\/puertointerior.guanajuato.gob.mx\/blog\/2024\/05\/31\/por-que-tesla-no-quiere-los-aranceles-de-biden\/#breadcrumb\",\"itemListElement\":[{\"@type\":\"ListItem\",\"position\":1,\"name\":\"Inicio\",\"item\":\"https:\/\/puertointerior.guanajuato.gob.mx\/blog\/\"},{\"@type\":\"ListItem\",\"position\":2,\"name\":\"\u00bfPor qu\u00e9 Tesla no quiere los aranceles de Biden?\"}]},{\"@type\":\"WebSite\",\"@id\":\"https:\/\/puertointerior.guanajuato.gob.mx\/blog\/#website\",\"url\":\"https:\/\/puertointerior.guanajuato.gob.mx\/blog\/\",\"name\":\"Blog | GPI NEWS\",\"description\":\"Guanajuato Puerto Interior\",\"potentialAction\":[{\"@type\":\"SearchAction\",\"target\":{\"@type\":\"EntryPoint\",\"urlTemplate\":\"https:\/\/puertointerior.guanajuato.gob.mx\/blog\/?s={search_term_string}\"},\"query-input\":{\"@type\":\"PropertyValueSpecification\",\"valueRequired\":true,\"valueName\":\"search_term_string\"}}],\"inLanguage\":\"es\"},{\"@type\":\"Person\",\"@id\":\"https:\/\/puertointerior.guanajuato.gob.mx\/blog\/#\/schema\/person\/f4851bb8a48c32d7fba5285caf4ef1c4\",\"name\":\"GPI NEWS\",\"image\":{\"@type\":\"ImageObject\",\"inLanguage\":\"es\",\"@id\":\"https:\/\/puertointerior.guanajuato.gob.mx\/blog\/#\/schema\/person\/image\/\",\"url\":\"https:\/\/secure.gravatar.com\/avatar\/612aca53a708cefc5ebe15ab0bc63c51a8ba58563e45c17848fa400e627e2717?s=96&d=mm&r=g\",\"contentUrl\":\"https:\/\/secure.gravatar.com\/avatar\/612aca53a708cefc5ebe15ab0bc63c51a8ba58563e45c17848fa400e627e2717?s=96&d=mm&r=g\",\"caption\":\"GPI NEWS\"},\"url\":\"https:\/\/puertointerior.guanajuato.gob.mx\/blog\/author\/rafa-jacinto\/\"}]}<\/script>\n<!-- \/ Yoast SEO plugin. -->","yoast_head_json":{"title":"\u00bfPor qu\u00e9 Tesla no quiere los aranceles de Biden? - Blog | GPI NEWS","robots":{"index":"index","follow":"follow","max-snippet":"max-snippet:-1","max-image-preview":"max-image-preview:large","max-video-preview":"max-video-preview:-1"},"canonical":"https:\/\/puertointerior.guanajuato.gob.mx\/blog\/2024\/05\/31\/por-que-tesla-no-quiere-los-aranceles-de-biden\/","og_locale":"es_MX","og_type":"article","og_title":"\u00bfPor qu\u00e9 Tesla no quiere los aranceles de Biden? - Blog | GPI NEWS","og_description":"Recientemente, la administraci\u00f3n del presidente de los Estados Unidos, Joe Biden, anunci\u00f3 la imposici\u00f3n de impuestos arancelarios a las importaciones de productos de origen chino, incluyendo veh\u00edculos el\u00e9ctricos, bater\u00edas y autopartes. Elon Musk y su oposici\u00f3n a los nuevos aranceles en la importaci\u00f3n de veh\u00edculos el\u00e9ctricos chinos. Los impuestos saltaron de 25% a 102.5% en [&hellip;]","og_url":"https:\/\/puertointerior.guanajuato.gob.mx\/blog\/2024\/05\/31\/por-que-tesla-no-quiere-los-aranceles-de-biden\/","og_site_name":"Blog | GPI NEWS","article_published_time":"2024-05-31T18:22:33+00:00","og_image":[{"width":1024,"height":576,"url":"https:\/\/puertointerior.guanajuato.gob.mx\/blog\/wp-content\/uploads\/2024\/05\/por-que-tesla-no-quiere-los-aranceles-de-biden-23257.jpg","type":"image\/jpeg"}],"author":"GPI NEWS","twitter_card":"summary_large_image","twitter_misc":{"Escrito por":"GPI NEWS","Tiempo de lectura":"5 minutos"},"schema":{"@context":"https:\/\/schema.org","@graph":[{"@type":"WebPage","@id":"https:\/\/puertointerior.guanajuato.gob.mx\/blog\/2024\/05\/31\/por-que-tesla-no-quiere-los-aranceles-de-biden\/","url":"https:\/\/puertointerior.guanajuato.gob.mx\/blog\/2024\/05\/31\/por-que-tesla-no-quiere-los-aranceles-de-biden\/","name":"\u00bfPor qu\u00e9 Tesla no quiere los aranceles de Biden? - Blog | GPI NEWS","isPartOf":{"@id":"https:\/\/puertointerior.guanajuato.gob.mx\/blog\/#website"},"primaryImageOfPage":{"@id":"https:\/\/puertointerior.guanajuato.gob.mx\/blog\/2024\/05\/31\/por-que-tesla-no-quiere-los-aranceles-de-biden\/#primaryimage"},"image":{"@id":"https:\/\/puertointerior.guanajuato.gob.mx\/blog\/2024\/05\/31\/por-que-tesla-no-quiere-los-aranceles-de-biden\/#primaryimage"},"thumbnailUrl":"https:\/\/puertointerior.guanajuato.gob.mx\/blog\/wp-content\/uploads\/2024\/05\/por-que-tesla-no-quiere-los-aranceles-de-biden-23257.jpg","datePublished":"2024-05-31T18:22:33+00:00","author":{"@id":"https:\/\/puertointerior.guanajuato.gob.mx\/blog\/#\/schema\/person\/f4851bb8a48c32d7fba5285caf4ef1c4"},"breadcrumb":{"@id":"https:\/\/puertointerior.guanajuato.gob.mx\/blog\/2024\/05\/31\/por-que-tesla-no-quiere-los-aranceles-de-biden\/#breadcrumb"},"inLanguage":"es","potentialAction":[{"@type":"ReadAction","target":["https:\/\/puertointerior.guanajuato.gob.mx\/blog\/2024\/05\/31\/por-que-tesla-no-quiere-los-aranceles-de-biden\/"]}]},{"@type":"ImageObject","inLanguage":"es","@id":"https:\/\/puertointerior.guanajuato.gob.mx\/blog\/2024\/05\/31\/por-que-tesla-no-quiere-los-aranceles-de-biden\/#primaryimage","url":"https:\/\/puertointerior.guanajuato.gob.mx\/blog\/wp-content\/uploads\/2024\/05\/por-que-tesla-no-quiere-los-aranceles-de-biden-23257.jpg","contentUrl":"https:\/\/puertointerior.guanajuato.gob.mx\/blog\/wp-content\/uploads\/2024\/05\/por-que-tesla-no-quiere-los-aranceles-de-biden-23257.jpg","width":1024,"height":576},{"@type":"BreadcrumbList","@id":"https:\/\/puertointerior.guanajuato.gob.mx\/blog\/2024\/05\/31\/por-que-tesla-no-quiere-los-aranceles-de-biden\/#breadcrumb","itemListElement":[{"@type":"ListItem","position":1,"name":"Inicio","item":"https:\/\/puertointerior.guanajuato.gob.mx\/blog\/"},{"@type":"ListItem","position":2,"name":"\u00bfPor qu\u00e9 Tesla no quiere los aranceles de Biden?"}]},{"@type":"WebSite","@id":"https:\/\/puertointerior.guanajuato.gob.mx\/blog\/#website","url":"https:\/\/puertointerior.guanajuato.gob.mx\/blog\/","name":"Blog | GPI NEWS","description":"Guanajuato Puerto Interior","potentialAction":[{"@type":"SearchAction","target":{"@type":"EntryPoint","urlTemplate":"https:\/\/puertointerior.guanajuato.gob.mx\/blog\/?s={search_term_string}"},"query-input":{"@type":"PropertyValueSpecification","valueRequired":true,"valueName":"search_term_string"}}],"inLanguage":"es"},{"@type":"Person","@id":"https:\/\/puertointerior.guanajuato.gob.mx\/blog\/#\/schema\/person\/f4851bb8a48c32d7fba5285caf4ef1c4","name":"GPI NEWS","image":{"@type":"ImageObject","inLanguage":"es","@id":"https:\/\/puertointerior.guanajuato.gob.mx\/blog\/#\/schema\/person\/image\/","url":"https:\/\/secure.gravatar.com\/avatar\/612aca53a708cefc5ebe15ab0bc63c51a8ba58563e45c17848fa400e627e2717?s=96&d=mm&r=g","contentUrl":"https:\/\/secure.gravatar.com\/avatar\/612aca53a708cefc5ebe15ab0bc63c51a8ba58563e45c17848fa400e627e2717?s=96&d=mm&r=g","caption":"GPI NEWS"},"url":"https:\/\/puertointerior.guanajuato.gob.mx\/blog\/author\/rafa-jacinto\/"}]}},"jetpack_featured_media_url":"https:\/\/puertointerior.guanajuato.gob.mx\/blog\/wp-content\/uploads\/2024\/05\/por-que-tesla-no-quiere-los-aranceles-de-biden-23257.jpg","jetpack_sharing_enabled":true,"jetpack_shortlink":"https:\/\/wp.me\/pcnMPA-2Rw","_links":{"self":[{"href":"https:\/\/puertointerior.guanajuato.gob.mx\/blog\/wp-json\/wp\/v2\/posts\/11006","targetHints":{"allow":["GET"]}}],"collection":[{"href":"https:\/\/puertointerior.guanajuato.gob.mx\/blog\/wp-json\/wp\/v2\/posts"}],"about":[{"href":"https:\/\/puertointerior.guanajuato.gob.mx\/blog\/wp-json\/wp\/v2\/types\/post"}],"author":[{"embeddable":true,"href":"https:\/\/puertointerior.guanajuato.gob.mx\/blog\/wp-json\/wp\/v2\/users\/2"}],"replies":[{"embeddable":true,"href":"https:\/\/puertointerior.guanajuato.gob.mx\/blog\/wp-json\/wp\/v2\/comments?post=11006"}],"version-history":[{"count":1,"href":"https:\/\/puertointerior.guanajuato.gob.mx\/blog\/wp-json\/wp\/v2\/posts\/11006\/revisions"}],"predecessor-version":[{"id":11008,"href":"https:\/\/puertointerior.guanajuato.gob.mx\/blog\/wp-json\/wp\/v2\/posts\/11006\/revisions\/11008"}],"wp:featuredmedia":[{"embeddable":true,"href":"https:\/\/puertointerior.guanajuato.gob.mx\/blog\/wp-json\/wp\/v2\/media\/11007"}],"wp:attachment":[{"href":"https:\/\/puertointerior.guanajuato.gob.mx\/blog\/wp-json\/wp\/v2\/media?parent=11006"}],"wp:term":[{"taxonomy":"category","embeddable":true,"href":"https:\/\/puertointerior.guanajuato.gob.mx\/blog\/wp-json\/wp\/v2\/categories?post=11006"},{"taxonomy":"post_tag","embeddable":true,"href":"https:\/\/puertointerior.guanajuato.gob.mx\/blog\/wp-json\/wp\/v2\/tags?post=11006"}],"curies":[{"name":"wp","href":"https:\/\/api.w.org\/{rel}","templated":true}]}}