{"id":11135,"date":"2024-06-05T10:41:28","date_gmt":"2024-06-05T15:41:28","guid":{"rendered":"https:\/\/puertointerior.guanajuato.gob.mx\/blog\/?p=11135"},"modified":"2024-06-05T10:41:28","modified_gmt":"2024-06-05T15:41:28","slug":"entrevista-nuevos-aranceles-y-proteccionismo-envian-senal-equivocada-en-momento-equivocado-dice-jefe-de-asociacion-comercial-alemana","status":"publish","type":"post","link":"https:\/\/puertointerior.guanajuato.gob.mx\/blog\/2024\/06\/05\/entrevista-nuevos-aranceles-y-proteccionismo-envian-senal-equivocada-en-momento-equivocado-dice-jefe-de-asociacion-comercial-alemana\/","title":{"rendered":"ENTREVISTA: Nuevos aranceles y proteccionismo env\u00edan &#8220;se\u00f1al equivocada en momento equivocado&#8221;, dice jefe de asociaci\u00f3n comercial alemana"},"content":{"rendered":"<p>BERL\u00cdN, 4 jun (Xinhua) &#8212; Acumular nuevos aranceles y caer en el proteccionismo env\u00eda la se\u00f1al equivocada en el momento equivocado, afirm\u00f3 el presidente de la Junta Directiva de la Asociaci\u00f3n Federal Alemana para el Desarrollo Econ\u00f3mico y el Comercio Exterior (BWA), Michael Schumann.<\/p>\n<p>En una entrevista reciente con Xinhua, Schumann remarc\u00f3 que BWA se ha opuesto durante mucho tiempo a los aranceles, las medidas punitivas y las pol\u00edticas proteccionistas, en particular, en lo que respecta a la movilidad el\u00e9ctrica.<\/p>\n<p>Subray\u00f3 el retraso de Alemania en la transici\u00f3n a la movilidad el\u00e9ctrica, citando la escasez de veh\u00edculos en las calles y la predominancia de coches el\u00e9ctricos caros como los principales desaf\u00edos.<\/p>\n<blockquote><p>&#8220;La competencia, especialmente con modelos de precios bajos (desde China), acelerar\u00eda nuestro progreso hacia nuestros objetivos&#8221; y beneficiar\u00eda a la industria automotriz y los consumidores por igual, reduciendo las emisiones de carbono mientras se facilita la transici\u00f3n a los veh\u00edculos el\u00e9ctricos, declar\u00f3 Schumann.<\/p><\/blockquote>\n<p>A su parecer, Alemania debe aprender del \u00e9xito de los veh\u00edculos el\u00e9ctricos chinos y ambas partes han de fortalecer la cooperaci\u00f3n en este \u00e1mbito.<\/p>\n<blockquote><p>&#8220;Deber\u00edamos decir, y hemos sido muy coherentes al argumentarlo, que los veh\u00edculos el\u00e9ctricos chinos podr\u00edan ser beneficiosos para Europa. Sin duda alguna, podr\u00edan ser beneficiosos para la transici\u00f3n hacia la movilidad el\u00e9ctrica en Alemania&#8221;, abund\u00f3.<\/p><\/blockquote>\n<p>Ante las crecientes tensiones geopol\u00edticas e incertidumbres econ\u00f3micas, Schumann reafirm\u00f3 el compromiso de Alemania con el libre comercio, el equilibrio y las pr\u00e1cticas comerciales justas.<\/p>\n<p>Enfatiz\u00f3 la importancia de mantener una actitud abierta y fomentar la comunicaci\u00f3n y la cooperaci\u00f3n entre China y Alemania para conseguir beneficios mutuos y un desarrollo econ\u00f3mico sostenible.<\/p>\n<p>Publicado originalmente por:\u00a0<a href=\"https:\/\/spanish.xinhuanet.com\/20240604\/78af95c8225e4ded958ffdf1d2511ffa\/c.html\">https:\/\/spanish.xinhuanet.com\/20240604\/78af95c8225e4ded958ffdf1d2511ffa\/c.html<\/a><\/p>\n","protected":false},"excerpt":{"rendered":"<p>BERL\u00cdN, 4 jun (Xinhua) &#8212; Acumular nuevos aranceles y caer en el proteccionismo env\u00eda la se\u00f1al equivocada en el momento equivocado, afirm\u00f3 el presidente de la Junta Directiva de la Asociaci\u00f3n Federal Alemana para el Desarrollo Econ\u00f3mico y el Comercio Exterior (BWA), Michael Schumann. En una entrevista reciente con Xinhua, Schumann remarc\u00f3 que BWA se [&hellip;]<\/p>\n","protected":false},"author":2,"featured_media":10326,"comment_status":"closed","ping_status":"open","sticky":false,"template":"","format":"standard","meta":{"jetpack_post_was_ever_published":false,"_jetpack_newsletter_access":"","_jetpack_dont_email_post_to_subs":false,"_jetpack_newsletter_tier_id":0,"_jetpack_memberships_contains_paywalled_content":false,"_jetpack_memberships_contains_paid_content":false,"footnotes":""},"categories":[4],"tags":[],"class_list":["post-11135","post","type-post","status-publish","format-standard","has-post-thumbnail","hentry","category-logistics"],"yoast_head":"<!-- This site is optimized with the Yoast SEO plugin v25.7 - https:\/\/yoast.com\/wordpress\/plugins\/seo\/ -->\n<title>ENTREVISTA: Nuevos aranceles y proteccionismo env\u00edan &quot;se\u00f1al equivocada en momento equivocado&quot;, dice jefe de asociaci\u00f3n comercial alemana - Blog | GPI NEWS<\/title>\n<meta name=\"robots\" content=\"index, follow, max-snippet:-1, max-image-preview:large, max-video-preview:-1\" \/>\n<link rel=\"canonical\" href=\"https:\/\/puertointerior.guanajuato.gob.mx\/blog\/2024\/06\/05\/entrevista-nuevos-aranceles-y-proteccionismo-envian-senal-equivocada-en-momento-equivocado-dice-jefe-de-asociacion-comercial-alemana\/\" \/>\n<meta property=\"og:locale\" content=\"es_MX\" \/>\n<meta property=\"og:type\" content=\"article\" \/>\n<meta property=\"og:title\" content=\"ENTREVISTA: Nuevos aranceles y proteccionismo env\u00edan &quot;se\u00f1al equivocada en momento equivocado&quot;, dice jefe de asociaci\u00f3n comercial alemana - Blog | GPI NEWS\" \/>\n<meta property=\"og:description\" content=\"BERL\u00cdN, 4 jun (Xinhua) &#8212; Acumular nuevos aranceles y caer en el proteccionismo env\u00eda la se\u00f1al equivocada en el momento equivocado, afirm\u00f3 el presidente de la Junta Directiva de la Asociaci\u00f3n Federal Alemana para el Desarrollo Econ\u00f3mico y el Comercio Exterior (BWA), Michael Schumann. En una entrevista reciente con Xinhua, Schumann remarc\u00f3 que BWA se [&hellip;]\" \/>\n<meta property=\"og:url\" content=\"https:\/\/puertointerior.guanajuato.gob.mx\/blog\/2024\/06\/05\/entrevista-nuevos-aranceles-y-proteccionismo-envian-senal-equivocada-en-momento-equivocado-dice-jefe-de-asociacion-comercial-alemana\/\" \/>\n<meta property=\"og:site_name\" content=\"Blog | GPI NEWS\" \/>\n<meta property=\"article:published_time\" content=\"2024-06-05T15:41:28+00:00\" \/>\n<meta property=\"og:image\" content=\"https:\/\/puertointerior.guanajuato.gob.mx\/blog\/wp-content\/uploads\/2024\/04\/importaciones-chinas-935684120.jpg\" \/>\n\t<meta property=\"og:image:width\" content=\"1200\" \/>\n\t<meta property=\"og:image:height\" content=\"655\" \/>\n\t<meta property=\"og:image:type\" content=\"image\/jpeg\" \/>\n<meta name=\"author\" content=\"GPI NEWS\" \/>\n<meta name=\"twitter:card\" content=\"summary_large_image\" \/>\n<meta name=\"twitter:label1\" content=\"Escrito por\" \/>\n\t<meta name=\"twitter:data1\" content=\"GPI NEWS\" \/>\n\t<meta name=\"twitter:label2\" content=\"Tiempo de lectura\" \/>\n\t<meta name=\"twitter:data2\" content=\"2 minutos\" \/>\n<script type=\"application\/ld+json\" class=\"yoast-schema-graph\">{\"@context\":\"https:\/\/schema.org\",\"@graph\":[{\"@type\":\"WebPage\",\"@id\":\"https:\/\/puertointerior.guanajuato.gob.mx\/blog\/2024\/06\/05\/entrevista-nuevos-aranceles-y-proteccionismo-envian-senal-equivocada-en-momento-equivocado-dice-jefe-de-asociacion-comercial-alemana\/\",\"url\":\"https:\/\/puertointerior.guanajuato.gob.mx\/blog\/2024\/06\/05\/entrevista-nuevos-aranceles-y-proteccionismo-envian-senal-equivocada-en-momento-equivocado-dice-jefe-de-asociacion-comercial-alemana\/\",\"name\":\"ENTREVISTA: Nuevos aranceles y proteccionismo env\u00edan \\\"se\u00f1al equivocada en momento equivocado\\\", dice jefe de asociaci\u00f3n comercial alemana - Blog | GPI NEWS\",\"isPartOf\":{\"@id\":\"https:\/\/puertointerior.guanajuato.gob.mx\/blog\/#website\"},\"primaryImageOfPage\":{\"@id\":\"https:\/\/puertointerior.guanajuato.gob.mx\/blog\/2024\/06\/05\/entrevista-nuevos-aranceles-y-proteccionismo-envian-senal-equivocada-en-momento-equivocado-dice-jefe-de-asociacion-comercial-alemana\/#primaryimage\"},\"image\":{\"@id\":\"https:\/\/puertointerior.guanajuato.gob.mx\/blog\/2024\/06\/05\/entrevista-nuevos-aranceles-y-proteccionismo-envian-senal-equivocada-en-momento-equivocado-dice-jefe-de-asociacion-comercial-alemana\/#primaryimage\"},\"thumbnailUrl\":\"https:\/\/puertointerior.guanajuato.gob.mx\/blog\/wp-content\/uploads\/2024\/04\/importaciones-chinas-935684120.jpg\",\"datePublished\":\"2024-06-05T15:41:28+00:00\",\"author\":{\"@id\":\"https:\/\/puertointerior.guanajuato.gob.mx\/blog\/#\/schema\/person\/f4851bb8a48c32d7fba5285caf4ef1c4\"},\"breadcrumb\":{\"@id\":\"https:\/\/puertointerior.guanajuato.gob.mx\/blog\/2024\/06\/05\/entrevista-nuevos-aranceles-y-proteccionismo-envian-senal-equivocada-en-momento-equivocado-dice-jefe-de-asociacion-comercial-alemana\/#breadcrumb\"},\"inLanguage\":\"es\",\"potentialAction\":[{\"@type\":\"ReadAction\",\"target\":[\"https:\/\/puertointerior.guanajuato.gob.mx\/blog\/2024\/06\/05\/entrevista-nuevos-aranceles-y-proteccionismo-envian-senal-equivocada-en-momento-equivocado-dice-jefe-de-asociacion-comercial-alemana\/\"]}]},{\"@type\":\"ImageObject\",\"inLanguage\":\"es\",\"@id\":\"https:\/\/puertointerior.guanajuato.gob.mx\/blog\/2024\/06\/05\/entrevista-nuevos-aranceles-y-proteccionismo-envian-senal-equivocada-en-momento-equivocado-dice-jefe-de-asociacion-comercial-alemana\/#primaryimage\",\"url\":\"https:\/\/puertointerior.guanajuato.gob.mx\/blog\/wp-content\/uploads\/2024\/04\/importaciones-chinas-935684120.jpg\",\"contentUrl\":\"https:\/\/puertointerior.guanajuato.gob.mx\/blog\/wp-content\/uploads\/2024\/04\/importaciones-chinas-935684120.jpg\",\"width\":1200,\"height\":655},{\"@type\":\"BreadcrumbList\",\"@id\":\"https:\/\/puertointerior.guanajuato.gob.mx\/blog\/2024\/06\/05\/entrevista-nuevos-aranceles-y-proteccionismo-envian-senal-equivocada-en-momento-equivocado-dice-jefe-de-asociacion-comercial-alemana\/#breadcrumb\",\"itemListElement\":[{\"@type\":\"ListItem\",\"position\":1,\"name\":\"Inicio\",\"item\":\"https:\/\/puertointerior.guanajuato.gob.mx\/blog\/\"},{\"@type\":\"ListItem\",\"position\":2,\"name\":\"ENTREVISTA: Nuevos aranceles y proteccionismo env\u00edan &#8220;se\u00f1al equivocada en momento equivocado&#8221;, dice jefe de asociaci\u00f3n comercial alemana\"}]},{\"@type\":\"WebSite\",\"@id\":\"https:\/\/puertointerior.guanajuato.gob.mx\/blog\/#website\",\"url\":\"https:\/\/puertointerior.guanajuato.gob.mx\/blog\/\",\"name\":\"Blog | GPI NEWS\",\"description\":\"Guanajuato Puerto Interior\",\"potentialAction\":[{\"@type\":\"SearchAction\",\"target\":{\"@type\":\"EntryPoint\",\"urlTemplate\":\"https:\/\/puertointerior.guanajuato.gob.mx\/blog\/?s={search_term_string}\"},\"query-input\":{\"@type\":\"PropertyValueSpecification\",\"valueRequired\":true,\"valueName\":\"search_term_string\"}}],\"inLanguage\":\"es\"},{\"@type\":\"Person\",\"@id\":\"https:\/\/puertointerior.guanajuato.gob.mx\/blog\/#\/schema\/person\/f4851bb8a48c32d7fba5285caf4ef1c4\",\"name\":\"GPI NEWS\",\"image\":{\"@type\":\"ImageObject\",\"inLanguage\":\"es\",\"@id\":\"https:\/\/puertointerior.guanajuato.gob.mx\/blog\/#\/schema\/person\/image\/\",\"url\":\"https:\/\/secure.gravatar.com\/avatar\/612aca53a708cefc5ebe15ab0bc63c51a8ba58563e45c17848fa400e627e2717?s=96&d=mm&r=g\",\"contentUrl\":\"https:\/\/secure.gravatar.com\/avatar\/612aca53a708cefc5ebe15ab0bc63c51a8ba58563e45c17848fa400e627e2717?s=96&d=mm&r=g\",\"caption\":\"GPI NEWS\"},\"url\":\"https:\/\/puertointerior.guanajuato.gob.mx\/blog\/author\/rafa-jacinto\/\"}]}<\/script>\n<!-- \/ Yoast SEO plugin. -->","yoast_head_json":{"title":"ENTREVISTA: Nuevos aranceles y proteccionismo env\u00edan \"se\u00f1al equivocada en momento equivocado\", dice jefe de asociaci\u00f3n comercial alemana - Blog | GPI NEWS","robots":{"index":"index","follow":"follow","max-snippet":"max-snippet:-1","max-image-preview":"max-image-preview:large","max-video-preview":"max-video-preview:-1"},"canonical":"https:\/\/puertointerior.guanajuato.gob.mx\/blog\/2024\/06\/05\/entrevista-nuevos-aranceles-y-proteccionismo-envian-senal-equivocada-en-momento-equivocado-dice-jefe-de-asociacion-comercial-alemana\/","og_locale":"es_MX","og_type":"article","og_title":"ENTREVISTA: Nuevos aranceles y proteccionismo env\u00edan \"se\u00f1al equivocada en momento equivocado\", dice jefe de asociaci\u00f3n comercial alemana - Blog | GPI NEWS","og_description":"BERL\u00cdN, 4 jun (Xinhua) &#8212; Acumular nuevos aranceles y caer en el proteccionismo env\u00eda la se\u00f1al equivocada en el momento equivocado, afirm\u00f3 el presidente de la Junta Directiva de la Asociaci\u00f3n Federal Alemana para el Desarrollo Econ\u00f3mico y el Comercio Exterior (BWA), Michael Schumann. En una entrevista reciente con Xinhua, Schumann remarc\u00f3 que BWA se [&hellip;]","og_url":"https:\/\/puertointerior.guanajuato.gob.mx\/blog\/2024\/06\/05\/entrevista-nuevos-aranceles-y-proteccionismo-envian-senal-equivocada-en-momento-equivocado-dice-jefe-de-asociacion-comercial-alemana\/","og_site_name":"Blog | GPI NEWS","article_published_time":"2024-06-05T15:41:28+00:00","og_image":[{"width":1200,"height":655,"url":"https:\/\/puertointerior.guanajuato.gob.mx\/blog\/wp-content\/uploads\/2024\/04\/importaciones-chinas-935684120.jpg","type":"image\/jpeg"}],"author":"GPI NEWS","twitter_card":"summary_large_image","twitter_misc":{"Escrito por":"GPI NEWS","Tiempo de lectura":"2 minutos"},"schema":{"@context":"https:\/\/schema.org","@graph":[{"@type":"WebPage","@id":"https:\/\/puertointerior.guanajuato.gob.mx\/blog\/2024\/06\/05\/entrevista-nuevos-aranceles-y-proteccionismo-envian-senal-equivocada-en-momento-equivocado-dice-jefe-de-asociacion-comercial-alemana\/","url":"https:\/\/puertointerior.guanajuato.gob.mx\/blog\/2024\/06\/05\/entrevista-nuevos-aranceles-y-proteccionismo-envian-senal-equivocada-en-momento-equivocado-dice-jefe-de-asociacion-comercial-alemana\/","name":"ENTREVISTA: Nuevos aranceles y proteccionismo env\u00edan \"se\u00f1al equivocada en momento equivocado\", dice jefe de asociaci\u00f3n comercial alemana - Blog | GPI NEWS","isPartOf":{"@id":"https:\/\/puertointerior.guanajuato.gob.mx\/blog\/#website"},"primaryImageOfPage":{"@id":"https:\/\/puertointerior.guanajuato.gob.mx\/blog\/2024\/06\/05\/entrevista-nuevos-aranceles-y-proteccionismo-envian-senal-equivocada-en-momento-equivocado-dice-jefe-de-asociacion-comercial-alemana\/#primaryimage"},"image":{"@id":"https:\/\/puertointerior.guanajuato.gob.mx\/blog\/2024\/06\/05\/entrevista-nuevos-aranceles-y-proteccionismo-envian-senal-equivocada-en-momento-equivocado-dice-jefe-de-asociacion-comercial-alemana\/#primaryimage"},"thumbnailUrl":"https:\/\/puertointerior.guanajuato.gob.mx\/blog\/wp-content\/uploads\/2024\/04\/importaciones-chinas-935684120.jpg","datePublished":"2024-06-05T15:41:28+00:00","author":{"@id":"https:\/\/puertointerior.guanajuato.gob.mx\/blog\/#\/schema\/person\/f4851bb8a48c32d7fba5285caf4ef1c4"},"breadcrumb":{"@id":"https:\/\/puertointerior.guanajuato.gob.mx\/blog\/2024\/06\/05\/entrevista-nuevos-aranceles-y-proteccionismo-envian-senal-equivocada-en-momento-equivocado-dice-jefe-de-asociacion-comercial-alemana\/#breadcrumb"},"inLanguage":"es","potentialAction":[{"@type":"ReadAction","target":["https:\/\/puertointerior.guanajuato.gob.mx\/blog\/2024\/06\/05\/entrevista-nuevos-aranceles-y-proteccionismo-envian-senal-equivocada-en-momento-equivocado-dice-jefe-de-asociacion-comercial-alemana\/"]}]},{"@type":"ImageObject","inLanguage":"es","@id":"https:\/\/puertointerior.guanajuato.gob.mx\/blog\/2024\/06\/05\/entrevista-nuevos-aranceles-y-proteccionismo-envian-senal-equivocada-en-momento-equivocado-dice-jefe-de-asociacion-comercial-alemana\/#primaryimage","url":"https:\/\/puertointerior.guanajuato.gob.mx\/blog\/wp-content\/uploads\/2024\/04\/importaciones-chinas-935684120.jpg","contentUrl":"https:\/\/puertointerior.guanajuato.gob.mx\/blog\/wp-content\/uploads\/2024\/04\/importaciones-chinas-935684120.jpg","width":1200,"height":655},{"@type":"BreadcrumbList","@id":"https:\/\/puertointerior.guanajuato.gob.mx\/blog\/2024\/06\/05\/entrevista-nuevos-aranceles-y-proteccionismo-envian-senal-equivocada-en-momento-equivocado-dice-jefe-de-asociacion-comercial-alemana\/#breadcrumb","itemListElement":[{"@type":"ListItem","position":1,"name":"Inicio","item":"https:\/\/puertointerior.guanajuato.gob.mx\/blog\/"},{"@type":"ListItem","position":2,"name":"ENTREVISTA: Nuevos aranceles y proteccionismo env\u00edan &#8220;se\u00f1al equivocada en momento equivocado&#8221;, dice jefe de asociaci\u00f3n comercial alemana"}]},{"@type":"WebSite","@id":"https:\/\/puertointerior.guanajuato.gob.mx\/blog\/#website","url":"https:\/\/puertointerior.guanajuato.gob.mx\/blog\/","name":"Blog | GPI NEWS","description":"Guanajuato Puerto Interior","potentialAction":[{"@type":"SearchAction","target":{"@type":"EntryPoint","urlTemplate":"https:\/\/puertointerior.guanajuato.gob.mx\/blog\/?s={search_term_string}"},"query-input":{"@type":"PropertyValueSpecification","valueRequired":true,"valueName":"search_term_string"}}],"inLanguage":"es"},{"@type":"Person","@id":"https:\/\/puertointerior.guanajuato.gob.mx\/blog\/#\/schema\/person\/f4851bb8a48c32d7fba5285caf4ef1c4","name":"GPI NEWS","image":{"@type":"ImageObject","inLanguage":"es","@id":"https:\/\/puertointerior.guanajuato.gob.mx\/blog\/#\/schema\/person\/image\/","url":"https:\/\/secure.gravatar.com\/avatar\/612aca53a708cefc5ebe15ab0bc63c51a8ba58563e45c17848fa400e627e2717?s=96&d=mm&r=g","contentUrl":"https:\/\/secure.gravatar.com\/avatar\/612aca53a708cefc5ebe15ab0bc63c51a8ba58563e45c17848fa400e627e2717?s=96&d=mm&r=g","caption":"GPI NEWS"},"url":"https:\/\/puertointerior.guanajuato.gob.mx\/blog\/author\/rafa-jacinto\/"}]}},"jetpack_featured_media_url":"https:\/\/puertointerior.guanajuato.gob.mx\/blog\/wp-content\/uploads\/2024\/04\/importaciones-chinas-935684120.jpg","jetpack_sharing_enabled":true,"jetpack_shortlink":"https:\/\/wp.me\/pcnMPA-2TB","_links":{"self":[{"href":"https:\/\/puertointerior.guanajuato.gob.mx\/blog\/wp-json\/wp\/v2\/posts\/11135","targetHints":{"allow":["GET"]}}],"collection":[{"href":"https:\/\/puertointerior.guanajuato.gob.mx\/blog\/wp-json\/wp\/v2\/posts"}],"about":[{"href":"https:\/\/puertointerior.guanajuato.gob.mx\/blog\/wp-json\/wp\/v2\/types\/post"}],"author":[{"embeddable":true,"href":"https:\/\/puertointerior.guanajuato.gob.mx\/blog\/wp-json\/wp\/v2\/users\/2"}],"replies":[{"embeddable":true,"href":"https:\/\/puertointerior.guanajuato.gob.mx\/blog\/wp-json\/wp\/v2\/comments?post=11135"}],"version-history":[{"count":1,"href":"https:\/\/puertointerior.guanajuato.gob.mx\/blog\/wp-json\/wp\/v2\/posts\/11135\/revisions"}],"predecessor-version":[{"id":11136,"href":"https:\/\/puertointerior.guanajuato.gob.mx\/blog\/wp-json\/wp\/v2\/posts\/11135\/revisions\/11136"}],"wp:featuredmedia":[{"embeddable":true,"href":"https:\/\/puertointerior.guanajuato.gob.mx\/blog\/wp-json\/wp\/v2\/media\/10326"}],"wp:attachment":[{"href":"https:\/\/puertointerior.guanajuato.gob.mx\/blog\/wp-json\/wp\/v2\/media?parent=11135"}],"wp:term":[{"taxonomy":"category","embeddable":true,"href":"https:\/\/puertointerior.guanajuato.gob.mx\/blog\/wp-json\/wp\/v2\/categories?post=11135"},{"taxonomy":"post_tag","embeddable":true,"href":"https:\/\/puertointerior.guanajuato.gob.mx\/blog\/wp-json\/wp\/v2\/tags?post=11135"}],"curies":[{"name":"wp","href":"https:\/\/api.w.org\/{rel}","templated":true}]}}