{"id":11175,"date":"2024-06-07T13:24:02","date_gmt":"2024-06-07T18:24:02","guid":{"rendered":"https:\/\/puertointerior.guanajuato.gob.mx\/blog\/?p=11175"},"modified":"2024-06-07T13:24:02","modified_gmt":"2024-06-07T18:24:02","slug":"mexico-y-china-la-relacion-a-seguir","status":"publish","type":"post","link":"https:\/\/puertointerior.guanajuato.gob.mx\/blog\/2024\/06\/07\/mexico-y-china-la-relacion-a-seguir\/","title":{"rendered":"M\u00e9xico y China, la relaci\u00f3n a seguir"},"content":{"rendered":"<h2 class=\"primary-font__PrimaryFontStyles-o56yd5-0 heuGTu h4-primary sub-headline\">Es fundamental que el \u2018nearshoring\u2019 sea visto con especial atenci\u00f3n por el pr\u00f3ximo gobierno, para que M\u00e9xico siga siendo el punto principal de atracci\u00f3n de esas inversiones.<\/h2>\n<p class=\"default__StyledText-xb1qmn-0 cgXrXK body-paragraph\">Todos, sin excepci\u00f3n, han alzado la voz y enviado ya sus mensajes y propuestas ante el cambio de gobierno que se viene, y es que es el momento para ser escuchados e incluidos, por eso son importantes los diversos temas que cada sector e industria ha planteado.<\/p>\n<p class=\"default__StyledText-xb1qmn-0 cgXrXK body-paragraph\">Y una de ellas, que vale la pena seguir, por el impacto que tiene con nuestro socio comercial, pero tambi\u00e9n por la importancia del mercado, es la relaci\u00f3n con China, sobre la cual organismos como el Consejo Empresarial Mexicano de Comercio Exterior, Inversi\u00f3n y Tecnolog\u00eda (Comce) han pedido una mayor transparencia en las relaciones comerciales con ese pa\u00eds y la apertura de nuevos mercados.<\/p>\n<p class=\"default__StyledText-xb1qmn-0 cgXrXK body-paragraph\">En realidad son 24 las recomendaciones presentadas con el objetivo de impulsar el comercio exterior y la inversi\u00f3n extranjera directa en el pa\u00eds durante el pr\u00f3ximo sexenio, que ser\u00e1 encabezado por primera vez en 200 a\u00f1os por una mujer.<\/p>\n<p class=\"default__StyledText-xb1qmn-0 cgXrXK body-paragraph\">El Comce, que preside\u00a0<b>Valent\u00edn Diez Morodo<\/b>, tiene claro que hay una necesidad de transparentar y equilibrar la relaci\u00f3n comercial con China, ya que se ha convertido en un socio comercial clave para M\u00e9xico.<\/p>\n<p class=\"default__StyledText-xb1qmn-0 cgXrXK body-paragraph\">Eso, de la mano de que nuestro pa\u00eds debe trabajar m\u00e1s en diversificar los mercados de exportaci\u00f3n para reducir la dependencia de socios tradicionales, y es ah\u00ed donde otros pa\u00edses deben ser volteados a ver, como es el caso de Argentina, Brasil, Corea del Sur, Ecuador y Reino Unido, con los cuales, si bien se tiene una relaci\u00f3n positiva, en el tema comercial puede haber importantes cambios en algunos segmentos.<\/p>\n<p class=\"default__StyledText-xb1qmn-0 cgXrXK body-paragraph\">Eso s\u00ed, nuestra principal fortaleza sigue siendo el Tratado entre M\u00e9xico, Estados Unidos y Canad\u00e1 (T-MEC), relaci\u00f3n que si bien se mantiene, como se sabe tiene diversas disputas en marcha, y llegar a acuerdos que beneficien a todos los participantes ser\u00e1 siempre el mejor camino.<\/p>\n<p class=\"default__StyledText-xb1qmn-0 cgXrXK body-paragraph\">Tras la pandemia, y el paro de muchas empresas ubicadas en China, es fundamental \u2013recuerdan todos los actores econ\u00f3micos\u2013 que el llamado\u00a0<i>nearshoring<\/i>, que tiene como origen empresas que estaban instaladas en ese pa\u00eds, as\u00ed como cadenas productivas de varias empresas chinas, sea visto con especial atenci\u00f3n para que M\u00e9xico siga siendo el punto principal de atracci\u00f3n de esas inversiones.<\/p>\n<p class=\"default__StyledText-xb1qmn-0 cgXrXK body-paragraph\">Sin duda, un buen consejo a seguir es anticiparse y tener una relaci\u00f3n sana y transparente con China, que es un gigante de los mercados.<\/p>\n<h2 class=\"heading__StyledHeading-sc-5jxglz-0 kSxoe\">Preparando el camino de los semiconductores<\/h2>\n<p class=\"default__StyledText-xb1qmn-0 cgXrXK body-paragraph\">Apenas en abril nos enter\u00e1bamos de la noticia de que Estados Unidos y M\u00e9xico se un\u00edan para impulsar la competitividad a trav\u00e9s de una nueva alianza para fortalecer la industria de los semiconductores, y todo indica que va viento en popa.<\/p>\n<p class=\"default__StyledText-xb1qmn-0 cgXrXK body-paragraph\">La industria de los semiconductores juega un papel crucial para avanzar hacia las nuevas tecnolog\u00edas, ya que, adem\u00e1s de contribuir a transitar hacia la electromovilidad o a los avances en tecnolog\u00eda m\u00e9dica y digital, impulsa la innovaci\u00f3n y el desarrollo, y es una de las \u00e1reas en la que todos tienen especial inter\u00e9s en que se trabaje y consolide.<\/p>\n<p class=\"default__StyledText-xb1qmn-0 cgXrXK body-paragraph\">Y por eso Estados Unidos y M\u00e9xico acordaron formar una nueva asociaci\u00f3n para crecer y diversificar el ecosistema global de semiconductores bajo el Fondo Internacional de Seguridad e Innovaci\u00f3n Tecnol\u00f3gica (ITSI), creado por la estadounidense Ley Chips (Creaci\u00f3n de Incentivos \u00datiles para Producir Semiconductores) de 2022.<\/p>\n<p class=\"default__StyledText-xb1qmn-0 cgXrXK body-paragraph\">En el caso de M\u00e9xico, diversas secretar\u00edas federales se unieron para potenciar la industria de semiconductores y tienen en marcha un convenio de colaboraci\u00f3n con el objetivo de impulsar el desarrollo de la industria de semiconductores en el pa\u00eds.<\/p>\n<figure class=\"article-body-image-container\"><img loading=\"lazy\" decoding=\"async\" src=\"https:\/\/www.elfinanciero.com.mx\/resizer\/7VXezCkIv9-2njDc5LoQk6iDVBA=\/1440x0\/filters:format(jpg):quality(70)\/cloudfront-us-east-1.images.arcpublishing.com\/elfinanciero\/7OI7RQ243RAVHBNMPJXTLBQTEM.jpg\" width=\"1440\" height=\"0\" \/><figcaption>\n<p class=\"ImageMetadata__MetadataParagraph-sc-1gn0vty-0 hFKYPp image-metadata\">Raquel Buenrostro.\u00a0(Especial)<\/p>\n<\/figcaption><\/figure>\n<p class=\"default__StyledText-xb1qmn-0 cgXrXK body-paragraph\">Desde la\u00a0<b>Secretar\u00eda de Hacienda y Cr\u00e9dito P\u00fablico<\/b>\u00a0(SHCP), donde seguir\u00e1 al frente\u00a0<b>Rogelio Ram\u00edrez de la O<\/b>; la Secretar\u00eda de Medio Ambiente y Recursos Naturales (Semarnat); la Secretar\u00eda de Energ\u00eda (Sener); la Secretar\u00eda de Econom\u00eda (SE),<b>\u00a0con Raquel Buenrostro<\/b>; la Secretar\u00eda de Infraestructura, Comunicaciones y Transportes (SICT), con<b>\u00a0Jorge Nu\u00f1o<\/b>; la Secretar\u00eda de Educaci\u00f3n P\u00fablica (SEP); la Secretar\u00eda de Desarrollo Agrario, Territorial y Urbano (Sedatu); el Consejo Nacional de Humanidades, Ciencias y Tecnolog\u00edas (Conahcyt) y la Comisi\u00f3n Nacional del Agua (Conagua) acordaron unirse en este tema.<\/p>\n<p class=\"default__StyledText-xb1qmn-0 cgXrXK body-paragraph\">Ya en algunos estados, como Jalisco o en el Baj\u00edo, las mesas y paneles para hablar de las cadenas productivas sobre semiconductores y los espacios que se tienen para ponerlo en marcha en entidades est\u00e1n a todo lo que dan.<\/p>\n<h2 class=\"heading__StyledHeading-sc-5jxglz-0 kSxoe\">D\u00eda Mundial del Medio Ambiente y las empresas<\/h2>\n<p class=\"default__StyledText-xb1qmn-0 cgXrXK body-paragraph\">Trabajar en el tema del cuidado del medio ambiente ya no es algo que sea una moda, sino una necesidad, y desde todos los frentes se debe hacer algo para impulsar mejoras pr\u00e1cticas.<\/p>\n<figure class=\"article-body-image-container\"><img loading=\"lazy\" decoding=\"async\" src=\"https:\/\/www.elfinanciero.com.mx\/resizer\/JPG8SFCZX9rpz-zeorKTuRUFdyU=\/1440x0\/filters:format(jpg):quality(70)\/cloudfront-us-east-1.images.arcpublishing.com\/elfinanciero\/SBNN2HHSMNBGDMTIYSMYHPQIIQ.jpg\" width=\"1440\" height=\"0\" \/><figcaption>\n<p class=\"ImageMetadata__MetadataParagraph-sc-1gn0vty-0 hFKYPp image-metadata\">Claus von Wobeser.\u00a0(Especial)<\/p>\n<\/figcaption><\/figure>\n<p class=\"default__StyledText-xb1qmn-0 cgXrXK body-paragraph\">Para ello, hemos visto que diversos organismos como el Consejo Coordinador Empresarial (CCE), que preside\u00a0<b>Francisco Cervantes<\/b>, o la International Chamber of Commerce M\u00e9xico (ICC M\u00e9xico), que lleva\u00a0<b>Claus von Wobeser<\/b>, han impulsado estos temas desde sus trincheras.<\/p>\n<p class=\"default__StyledText-xb1qmn-0 cgXrXK body-paragraph\">En la ICC M\u00e9xico tienen claro que es urgente integrar pr\u00e1cticas de responsabilidad social, ambiental y gobernanza corporativa en las empresas, en beneficio de la sostenibilidad, y asegurar que todas las operaciones tomen acciones para mitigar y combatir el cambio clim\u00e1tico.<\/p>\n<p class=\"default__StyledText-xb1qmn-0 cgXrXK body-paragraph\">Impulsar el uso de fuentes de energ\u00eda renovables para disminuir la dependencia de combustibles f\u00f3siles, y con ello, reducir las emisiones de gases de efecto invernadero, es tarea que debe estar ya en marcha en todos lados.<\/p>\n<p class=\"default__StyledText-xb1qmn-0 cgXrXK body-paragraph\">La ICC, que representa institucionalmente a m\u00e1s de 45 millones de empresas a nivel mundial, en m\u00e1s de 170 pa\u00edses, estima que M\u00e9xico deber\u00e1 ponerse a la vanguardia en relaci\u00f3n a la implementaci\u00f3n de una econom\u00eda circular, que reduzca el uso de los recursos naturales, la generaci\u00f3n de residuos y desperdicios; maximizando el uso y reutilizaci\u00f3n de los mismos.<\/p>\n<p class=\"default__StyledText-xb1qmn-0 cgXrXK body-paragraph\">Tema en el que se espera que todos asuman el compromiso. \u00bfQui\u00e9n ganar\u00e1 esta positiva competencia?<\/p>\n<h2 class=\"heading__StyledHeading-sc-5jxglz-0 kSxoe\">Terrafina analiza propuesta<\/h2>\n<figure class=\"article-body-image-container\"><img loading=\"lazy\" decoding=\"async\" src=\"https:\/\/www.elfinanciero.com.mx\/resizer\/nq5Y_TVMZKiGk55pBF3D3UFJ7UY=\/1440x0\/filters:format(jpg):quality(70)\/cloudfront-us-east-1.images.arcpublishing.com\/elfinanciero\/JD2GKSRRP5CKTFFKGTGBPBWNNM.jpg\" width=\"1440\" height=\"0\" \/><figcaption>\n<p class=\"ImageMetadata__MetadataParagraph-sc-1gn0vty-0 hFKYPp image-metadata\">Alberto Chretin.\u00a0(Especial)<\/p>\n<\/figcaption><\/figure>\n<p class=\"default__StyledText-xb1qmn-0 cgXrXK body-paragraph\">Esta historia contin\u00faa, y luego de que esta semana<b>\u00a0Fibra MTY\u00a0<\/b>presentara una nueva propuesta para que\u00a0<b>Terrafina<\/b>, que lleva\u00a0<b>Alberto Chretin<\/b>, se una a su portafolio, confirm\u00f3 que analizar\u00e1 la propuesta asesorado externamente por PGIM Real Estate.<\/p>\n<p class=\"default__StyledText-xb1qmn-0 cgXrXK body-paragraph\">La propuesta de Fibra MTY es que Terrafina se integre en un solo veh\u00edculo bajo la plataforma de administraci\u00f3n interna de Fibra MTY, en donde participen tanto los tenedores actuales de Terrafina como aquellos de Fibra MTY, la cual analizar\u00e1n a detalle, eso sin dar una fecha precisa de cu\u00e1ndo podr\u00edan tener una respuesta.<\/p>\n<p class=\"default__StyledText-xb1qmn-0 cgXrXK body-paragraph\">Por lo pronto, la moneda est\u00e1 en el aire.<\/p>\n<p>&nbsp;<\/p>\n<p>Publicado originalmente por:\u00a0<a href=\"https:\/\/www.elfinanciero.com.mx\/opinion\/jeanette-leyva\/2024\/06\/06\/mexico-y-china-la-relacion-a-seguir\/\">https:\/\/www.elfinanciero.com.mx\/opinion\/jeanette-leyva\/2024\/06\/06\/mexico-y-china-la-relacion-a-seguir\/<\/a><\/p>\n","protected":false},"excerpt":{"rendered":"<p>Es fundamental que el \u2018nearshoring\u2019 sea visto con especial atenci\u00f3n por el pr\u00f3ximo gobierno, para que M\u00e9xico siga siendo el punto principal de atracci\u00f3n de esas inversiones. Todos, sin excepci\u00f3n, han alzado la voz y enviado ya sus mensajes y propuestas ante el cambio de gobierno que se viene, y es que es el momento [&hellip;]<\/p>\n","protected":false},"author":2,"featured_media":11176,"comment_status":"closed","ping_status":"open","sticky":false,"template":"","format":"standard","meta":{"jetpack_post_was_ever_published":false,"_jetpack_newsletter_access":"","_jetpack_dont_email_post_to_subs":false,"_jetpack_newsletter_tier_id":0,"_jetpack_memberships_contains_paywalled_content":false,"_jetpack_memberships_contains_paid_content":false,"footnotes":""},"categories":[4],"tags":[],"class_list":["post-11175","post","type-post","status-publish","format-standard","has-post-thumbnail","hentry","category-logistics"],"yoast_head":"<!-- This site is optimized with the Yoast SEO plugin v25.7 - https:\/\/yoast.com\/wordpress\/plugins\/seo\/ -->\n<title>M\u00e9xico y China, la relaci\u00f3n a seguir - Blog | GPI NEWS<\/title>\n<meta name=\"robots\" content=\"index, follow, max-snippet:-1, max-image-preview:large, max-video-preview:-1\" \/>\n<link rel=\"canonical\" href=\"https:\/\/puertointerior.guanajuato.gob.mx\/blog\/2024\/06\/07\/mexico-y-china-la-relacion-a-seguir\/\" \/>\n<meta property=\"og:locale\" content=\"es_MX\" \/>\n<meta property=\"og:type\" content=\"article\" \/>\n<meta property=\"og:title\" content=\"M\u00e9xico y China, la relaci\u00f3n a seguir - Blog | GPI NEWS\" \/>\n<meta property=\"og:description\" content=\"Es fundamental que el \u2018nearshoring\u2019 sea visto con especial atenci\u00f3n por el pr\u00f3ximo gobierno, para que M\u00e9xico siga siendo el punto principal de atracci\u00f3n de esas inversiones. Todos, sin excepci\u00f3n, han alzado la voz y enviado ya sus mensajes y propuestas ante el cambio de gobierno que se viene, y es que es el momento [&hellip;]\" \/>\n<meta property=\"og:url\" content=\"https:\/\/puertointerior.guanajuato.gob.mx\/blog\/2024\/06\/07\/mexico-y-china-la-relacion-a-seguir\/\" \/>\n<meta property=\"og:site_name\" content=\"Blog | GPI NEWS\" \/>\n<meta property=\"article:published_time\" content=\"2024-06-07T18:24:02+00:00\" \/>\n<meta property=\"og:image\" content=\"https:\/\/puertointerior.guanajuato.gob.mx\/blog\/wp-content\/uploads\/2024\/06\/18c6e29b-cf23-48ed-8d0b-606a34f625cd.png\" \/>\n\t<meta property=\"og:image:width\" content=\"400\" \/>\n\t<meta property=\"og:image:height\" content=\"400\" \/>\n\t<meta property=\"og:image:type\" content=\"image\/png\" \/>\n<meta name=\"author\" content=\"GPI NEWS\" \/>\n<meta name=\"twitter:card\" content=\"summary_large_image\" \/>\n<meta name=\"twitter:label1\" content=\"Escrito por\" \/>\n\t<meta name=\"twitter:data1\" content=\"GPI NEWS\" \/>\n\t<meta name=\"twitter:label2\" content=\"Tiempo de lectura\" \/>\n\t<meta name=\"twitter:data2\" content=\"6 minutos\" \/>\n<script type=\"application\/ld+json\" class=\"yoast-schema-graph\">{\"@context\":\"https:\/\/schema.org\",\"@graph\":[{\"@type\":\"WebPage\",\"@id\":\"https:\/\/puertointerior.guanajuato.gob.mx\/blog\/2024\/06\/07\/mexico-y-china-la-relacion-a-seguir\/\",\"url\":\"https:\/\/puertointerior.guanajuato.gob.mx\/blog\/2024\/06\/07\/mexico-y-china-la-relacion-a-seguir\/\",\"name\":\"M\u00e9xico y China, la relaci\u00f3n a seguir - Blog | GPI NEWS\",\"isPartOf\":{\"@id\":\"https:\/\/puertointerior.guanajuato.gob.mx\/blog\/#website\"},\"primaryImageOfPage\":{\"@id\":\"https:\/\/puertointerior.guanajuato.gob.mx\/blog\/2024\/06\/07\/mexico-y-china-la-relacion-a-seguir\/#primaryimage\"},\"image\":{\"@id\":\"https:\/\/puertointerior.guanajuato.gob.mx\/blog\/2024\/06\/07\/mexico-y-china-la-relacion-a-seguir\/#primaryimage\"},\"thumbnailUrl\":\"https:\/\/puertointerior.guanajuato.gob.mx\/blog\/wp-content\/uploads\/2024\/06\/18c6e29b-cf23-48ed-8d0b-606a34f625cd.png\",\"datePublished\":\"2024-06-07T18:24:02+00:00\",\"author\":{\"@id\":\"https:\/\/puertointerior.guanajuato.gob.mx\/blog\/#\/schema\/person\/f4851bb8a48c32d7fba5285caf4ef1c4\"},\"breadcrumb\":{\"@id\":\"https:\/\/puertointerior.guanajuato.gob.mx\/blog\/2024\/06\/07\/mexico-y-china-la-relacion-a-seguir\/#breadcrumb\"},\"inLanguage\":\"es\",\"potentialAction\":[{\"@type\":\"ReadAction\",\"target\":[\"https:\/\/puertointerior.guanajuato.gob.mx\/blog\/2024\/06\/07\/mexico-y-china-la-relacion-a-seguir\/\"]}]},{\"@type\":\"ImageObject\",\"inLanguage\":\"es\",\"@id\":\"https:\/\/puertointerior.guanajuato.gob.mx\/blog\/2024\/06\/07\/mexico-y-china-la-relacion-a-seguir\/#primaryimage\",\"url\":\"https:\/\/puertointerior.guanajuato.gob.mx\/blog\/wp-content\/uploads\/2024\/06\/18c6e29b-cf23-48ed-8d0b-606a34f625cd.png\",\"contentUrl\":\"https:\/\/puertointerior.guanajuato.gob.mx\/blog\/wp-content\/uploads\/2024\/06\/18c6e29b-cf23-48ed-8d0b-606a34f625cd.png\",\"width\":400,\"height\":400},{\"@type\":\"BreadcrumbList\",\"@id\":\"https:\/\/puertointerior.guanajuato.gob.mx\/blog\/2024\/06\/07\/mexico-y-china-la-relacion-a-seguir\/#breadcrumb\",\"itemListElement\":[{\"@type\":\"ListItem\",\"position\":1,\"name\":\"Inicio\",\"item\":\"https:\/\/puertointerior.guanajuato.gob.mx\/blog\/\"},{\"@type\":\"ListItem\",\"position\":2,\"name\":\"M\u00e9xico y China, la relaci\u00f3n a seguir\"}]},{\"@type\":\"WebSite\",\"@id\":\"https:\/\/puertointerior.guanajuato.gob.mx\/blog\/#website\",\"url\":\"https:\/\/puertointerior.guanajuato.gob.mx\/blog\/\",\"name\":\"Blog | GPI NEWS\",\"description\":\"Guanajuato Puerto Interior\",\"potentialAction\":[{\"@type\":\"SearchAction\",\"target\":{\"@type\":\"EntryPoint\",\"urlTemplate\":\"https:\/\/puertointerior.guanajuato.gob.mx\/blog\/?s={search_term_string}\"},\"query-input\":{\"@type\":\"PropertyValueSpecification\",\"valueRequired\":true,\"valueName\":\"search_term_string\"}}],\"inLanguage\":\"es\"},{\"@type\":\"Person\",\"@id\":\"https:\/\/puertointerior.guanajuato.gob.mx\/blog\/#\/schema\/person\/f4851bb8a48c32d7fba5285caf4ef1c4\",\"name\":\"GPI NEWS\",\"image\":{\"@type\":\"ImageObject\",\"inLanguage\":\"es\",\"@id\":\"https:\/\/puertointerior.guanajuato.gob.mx\/blog\/#\/schema\/person\/image\/\",\"url\":\"https:\/\/secure.gravatar.com\/avatar\/612aca53a708cefc5ebe15ab0bc63c51a8ba58563e45c17848fa400e627e2717?s=96&d=mm&r=g\",\"contentUrl\":\"https:\/\/secure.gravatar.com\/avatar\/612aca53a708cefc5ebe15ab0bc63c51a8ba58563e45c17848fa400e627e2717?s=96&d=mm&r=g\",\"caption\":\"GPI NEWS\"},\"url\":\"https:\/\/puertointerior.guanajuato.gob.mx\/blog\/author\/rafa-jacinto\/\"}]}<\/script>\n<!-- \/ Yoast SEO plugin. -->","yoast_head_json":{"title":"M\u00e9xico y China, la relaci\u00f3n a seguir - Blog | GPI NEWS","robots":{"index":"index","follow":"follow","max-snippet":"max-snippet:-1","max-image-preview":"max-image-preview:large","max-video-preview":"max-video-preview:-1"},"canonical":"https:\/\/puertointerior.guanajuato.gob.mx\/blog\/2024\/06\/07\/mexico-y-china-la-relacion-a-seguir\/","og_locale":"es_MX","og_type":"article","og_title":"M\u00e9xico y China, la relaci\u00f3n a seguir - Blog | GPI NEWS","og_description":"Es fundamental que el \u2018nearshoring\u2019 sea visto con especial atenci\u00f3n por el pr\u00f3ximo gobierno, para que M\u00e9xico siga siendo el punto principal de atracci\u00f3n de esas inversiones. Todos, sin excepci\u00f3n, han alzado la voz y enviado ya sus mensajes y propuestas ante el cambio de gobierno que se viene, y es que es el momento [&hellip;]","og_url":"https:\/\/puertointerior.guanajuato.gob.mx\/blog\/2024\/06\/07\/mexico-y-china-la-relacion-a-seguir\/","og_site_name":"Blog | GPI NEWS","article_published_time":"2024-06-07T18:24:02+00:00","og_image":[{"width":400,"height":400,"url":"https:\/\/puertointerior.guanajuato.gob.mx\/blog\/wp-content\/uploads\/2024\/06\/18c6e29b-cf23-48ed-8d0b-606a34f625cd.png","type":"image\/png"}],"author":"GPI NEWS","twitter_card":"summary_large_image","twitter_misc":{"Escrito por":"GPI NEWS","Tiempo de lectura":"6 minutos"},"schema":{"@context":"https:\/\/schema.org","@graph":[{"@type":"WebPage","@id":"https:\/\/puertointerior.guanajuato.gob.mx\/blog\/2024\/06\/07\/mexico-y-china-la-relacion-a-seguir\/","url":"https:\/\/puertointerior.guanajuato.gob.mx\/blog\/2024\/06\/07\/mexico-y-china-la-relacion-a-seguir\/","name":"M\u00e9xico y China, la relaci\u00f3n a seguir - Blog | GPI NEWS","isPartOf":{"@id":"https:\/\/puertointerior.guanajuato.gob.mx\/blog\/#website"},"primaryImageOfPage":{"@id":"https:\/\/puertointerior.guanajuato.gob.mx\/blog\/2024\/06\/07\/mexico-y-china-la-relacion-a-seguir\/#primaryimage"},"image":{"@id":"https:\/\/puertointerior.guanajuato.gob.mx\/blog\/2024\/06\/07\/mexico-y-china-la-relacion-a-seguir\/#primaryimage"},"thumbnailUrl":"https:\/\/puertointerior.guanajuato.gob.mx\/blog\/wp-content\/uploads\/2024\/06\/18c6e29b-cf23-48ed-8d0b-606a34f625cd.png","datePublished":"2024-06-07T18:24:02+00:00","author":{"@id":"https:\/\/puertointerior.guanajuato.gob.mx\/blog\/#\/schema\/person\/f4851bb8a48c32d7fba5285caf4ef1c4"},"breadcrumb":{"@id":"https:\/\/puertointerior.guanajuato.gob.mx\/blog\/2024\/06\/07\/mexico-y-china-la-relacion-a-seguir\/#breadcrumb"},"inLanguage":"es","potentialAction":[{"@type":"ReadAction","target":["https:\/\/puertointerior.guanajuato.gob.mx\/blog\/2024\/06\/07\/mexico-y-china-la-relacion-a-seguir\/"]}]},{"@type":"ImageObject","inLanguage":"es","@id":"https:\/\/puertointerior.guanajuato.gob.mx\/blog\/2024\/06\/07\/mexico-y-china-la-relacion-a-seguir\/#primaryimage","url":"https:\/\/puertointerior.guanajuato.gob.mx\/blog\/wp-content\/uploads\/2024\/06\/18c6e29b-cf23-48ed-8d0b-606a34f625cd.png","contentUrl":"https:\/\/puertointerior.guanajuato.gob.mx\/blog\/wp-content\/uploads\/2024\/06\/18c6e29b-cf23-48ed-8d0b-606a34f625cd.png","width":400,"height":400},{"@type":"BreadcrumbList","@id":"https:\/\/puertointerior.guanajuato.gob.mx\/blog\/2024\/06\/07\/mexico-y-china-la-relacion-a-seguir\/#breadcrumb","itemListElement":[{"@type":"ListItem","position":1,"name":"Inicio","item":"https:\/\/puertointerior.guanajuato.gob.mx\/blog\/"},{"@type":"ListItem","position":2,"name":"M\u00e9xico y China, la relaci\u00f3n a seguir"}]},{"@type":"WebSite","@id":"https:\/\/puertointerior.guanajuato.gob.mx\/blog\/#website","url":"https:\/\/puertointerior.guanajuato.gob.mx\/blog\/","name":"Blog | GPI NEWS","description":"Guanajuato Puerto Interior","potentialAction":[{"@type":"SearchAction","target":{"@type":"EntryPoint","urlTemplate":"https:\/\/puertointerior.guanajuato.gob.mx\/blog\/?s={search_term_string}"},"query-input":{"@type":"PropertyValueSpecification","valueRequired":true,"valueName":"search_term_string"}}],"inLanguage":"es"},{"@type":"Person","@id":"https:\/\/puertointerior.guanajuato.gob.mx\/blog\/#\/schema\/person\/f4851bb8a48c32d7fba5285caf4ef1c4","name":"GPI NEWS","image":{"@type":"ImageObject","inLanguage":"es","@id":"https:\/\/puertointerior.guanajuato.gob.mx\/blog\/#\/schema\/person\/image\/","url":"https:\/\/secure.gravatar.com\/avatar\/612aca53a708cefc5ebe15ab0bc63c51a8ba58563e45c17848fa400e627e2717?s=96&d=mm&r=g","contentUrl":"https:\/\/secure.gravatar.com\/avatar\/612aca53a708cefc5ebe15ab0bc63c51a8ba58563e45c17848fa400e627e2717?s=96&d=mm&r=g","caption":"GPI NEWS"},"url":"https:\/\/puertointerior.guanajuato.gob.mx\/blog\/author\/rafa-jacinto\/"}]}},"jetpack_featured_media_url":"https:\/\/puertointerior.guanajuato.gob.mx\/blog\/wp-content\/uploads\/2024\/06\/18c6e29b-cf23-48ed-8d0b-606a34f625cd.png","jetpack_sharing_enabled":true,"jetpack_shortlink":"https:\/\/wp.me\/pcnMPA-2Uf","_links":{"self":[{"href":"https:\/\/puertointerior.guanajuato.gob.mx\/blog\/wp-json\/wp\/v2\/posts\/11175","targetHints":{"allow":["GET"]}}],"collection":[{"href":"https:\/\/puertointerior.guanajuato.gob.mx\/blog\/wp-json\/wp\/v2\/posts"}],"about":[{"href":"https:\/\/puertointerior.guanajuato.gob.mx\/blog\/wp-json\/wp\/v2\/types\/post"}],"author":[{"embeddable":true,"href":"https:\/\/puertointerior.guanajuato.gob.mx\/blog\/wp-json\/wp\/v2\/users\/2"}],"replies":[{"embeddable":true,"href":"https:\/\/puertointerior.guanajuato.gob.mx\/blog\/wp-json\/wp\/v2\/comments?post=11175"}],"version-history":[{"count":1,"href":"https:\/\/puertointerior.guanajuato.gob.mx\/blog\/wp-json\/wp\/v2\/posts\/11175\/revisions"}],"predecessor-version":[{"id":11177,"href":"https:\/\/puertointerior.guanajuato.gob.mx\/blog\/wp-json\/wp\/v2\/posts\/11175\/revisions\/11177"}],"wp:featuredmedia":[{"embeddable":true,"href":"https:\/\/puertointerior.guanajuato.gob.mx\/blog\/wp-json\/wp\/v2\/media\/11176"}],"wp:attachment":[{"href":"https:\/\/puertointerior.guanajuato.gob.mx\/blog\/wp-json\/wp\/v2\/media?parent=11175"}],"wp:term":[{"taxonomy":"category","embeddable":true,"href":"https:\/\/puertointerior.guanajuato.gob.mx\/blog\/wp-json\/wp\/v2\/categories?post=11175"},{"taxonomy":"post_tag","embeddable":true,"href":"https:\/\/puertointerior.guanajuato.gob.mx\/blog\/wp-json\/wp\/v2\/tags?post=11175"}],"curies":[{"name":"wp","href":"https:\/\/api.w.org\/{rel}","templated":true}]}}