{"id":11198,"date":"2024-06-09T14:42:20","date_gmt":"2024-06-09T19:42:20","guid":{"rendered":"https:\/\/puertointerior.guanajuato.gob.mx\/blog\/?p=11198"},"modified":"2024-06-09T14:47:36","modified_gmt":"2024-06-09T19:47:36","slug":"mexico-y-la-industria-automotriz-mercados-estrategicos-para-navarra","status":"publish","type":"post","link":"https:\/\/puertointerior.guanajuato.gob.mx\/blog\/2024\/06\/09\/mexico-y-la-industria-automotriz-mercados-estrategicos-para-navarra\/","title":{"rendered":"M\u00e9xico y la industria automotriz, mercados estrat\u00e9gicos para Navarra"},"content":{"rendered":"<p>Durante una visita por Espa\u00f1a, Daniel Hern\u00e1ndez director del Cl\u00faster Automotriz de Quer\u00e9taro y presidente de la Red Nacional de Clusters de la Industria Automotriz (REDCAM), se reuni\u00f3 con representantes del Ejecutivo foral y empresas navarras del sector automotriz.<\/p>\n<p>Dicha jornada fue organizada por el Plan Internacional de Navarra, el directivo tambi\u00e9n sostuvo una reuni\u00f3n con representantes del gobierno de Navarra en la Direcci\u00f3n General de Fomento Empresarial.<\/p>\n<p>A dicho encuentro asistieron I\u00f1igo Arruti, director general de Fomento Empresarial; Miren Aus\u00edn, directora del Servicio de Proyecci\u00f3n Internacional; Javier Belarra, responsable del Cl\u00faster Automoci\u00f3n Navarra (ACAN); y Delia Sola, directora de proyectos estrat\u00e9gicos y S4. En este encuentro abordaron el hist\u00f3rico de relaciones y colaboraciones entre ambas entidades y la situaci\u00f3n actual, retos y oportunidades del sector automotriz en Quer\u00e9taro y Navarra.<\/p>\n<p>Seg\u00fan inform\u00f3 el gobierno de Navarra, M\u00e9xico es uno de los 7 pa\u00edses seleccionados como prioritarios para dicha entidad. Adem\u00e1s, es el segundo pa\u00eds del mundo donde m\u00e1s empresas navarras hay instaladas. Actualmente 29 empresas navarras tienen presencia en M\u00e9xico, con un total de 37 plantas. En 2023 Navarra realiz\u00f3 exportaciones a M\u00e9xico por valor de 52 millones de euros, de los cuales 10 millones correspondieron al sector automotriz.<\/p>\n<h3><strong>Relaci\u00f3n con el Estado de Quer\u00e9taro<\/strong><\/h3>\n<p>Los lazos de relaci\u00f3n con el Gobierno de Quer\u00e9taro y entidades estrat\u00e9gicas se iniciaron hace tres a\u00f1os a trav\u00e9s de diferentes acciones entre las que destacan dos misiones comerciales e institucionales del Gobierno de Navarra a M\u00e9xico y una misi\u00f3n inversa institucional y comercial de Quer\u00e9taro a Navarra.<\/p>\n<p>Publicado originalmente por:\u00a0<a href=\"https:\/\/mexicoindustry.com\/noticia\/mexico-y-la-industria-automotriz-mercados-estrategicos-para-navarra\">https:\/\/mexicoindustry.com\/noticia\/mexico-y-la-industria-automotriz-mercados-estrategicos-para-navarra<\/a><\/p>\n","protected":false},"excerpt":{"rendered":"<p>Durante una visita por Espa\u00f1a, Daniel Hern\u00e1ndez director del Cl\u00faster Automotriz de Quer\u00e9taro y presidente de la Red Nacional de Clusters de la Industria Automotriz (REDCAM), se reuni\u00f3 con representantes del Ejecutivo foral y empresas navarras del sector automotriz. Dicha jornada fue organizada por el Plan Internacional de Navarra, el directivo tambi\u00e9n sostuvo una reuni\u00f3n [&hellip;]<\/p>\n","protected":false},"author":2,"featured_media":11199,"comment_status":"closed","ping_status":"open","sticky":false,"template":"","format":"standard","meta":{"jetpack_post_was_ever_published":false,"_jetpack_newsletter_access":"","_jetpack_dont_email_post_to_subs":false,"_jetpack_newsletter_tier_id":0,"_jetpack_memberships_contains_paywalled_content":false,"_jetpack_memberships_contains_paid_content":false,"footnotes":""},"categories":[4,3],"tags":[],"class_list":["post-11198","post","type-post","status-publish","format-standard","has-post-thumbnail","hentry","category-logistics","category-manufacturing"],"yoast_head":"<!-- This site is optimized with the Yoast SEO plugin v25.7 - https:\/\/yoast.com\/wordpress\/plugins\/seo\/ -->\n<title>M\u00e9xico y la industria automotriz, mercados estrat\u00e9gicos para Navarra - Blog | GPI NEWS<\/title>\n<meta name=\"robots\" content=\"index, follow, max-snippet:-1, max-image-preview:large, max-video-preview:-1\" \/>\n<link rel=\"canonical\" href=\"https:\/\/puertointerior.guanajuato.gob.mx\/blog\/2024\/06\/09\/mexico-y-la-industria-automotriz-mercados-estrategicos-para-navarra\/\" \/>\n<meta property=\"og:locale\" content=\"es_MX\" \/>\n<meta property=\"og:type\" content=\"article\" \/>\n<meta property=\"og:title\" content=\"M\u00e9xico y la industria automotriz, mercados estrat\u00e9gicos para Navarra - Blog | GPI NEWS\" \/>\n<meta property=\"og:description\" content=\"Durante una visita por Espa\u00f1a, Daniel Hern\u00e1ndez director del Cl\u00faster Automotriz de Quer\u00e9taro y presidente de la Red Nacional de Clusters de la Industria Automotriz (REDCAM), se reuni\u00f3 con representantes del Ejecutivo foral y empresas navarras del sector automotriz. Dicha jornada fue organizada por el Plan Internacional de Navarra, el directivo tambi\u00e9n sostuvo una reuni\u00f3n [&hellip;]\" \/>\n<meta property=\"og:url\" content=\"https:\/\/puertointerior.guanajuato.gob.mx\/blog\/2024\/06\/09\/mexico-y-la-industria-automotriz-mercados-estrategicos-para-navarra\/\" \/>\n<meta property=\"og:site_name\" content=\"Blog | GPI NEWS\" \/>\n<meta property=\"article:published_time\" content=\"2024-06-09T19:42:20+00:00\" \/>\n<meta property=\"article:modified_time\" content=\"2024-06-09T19:47:36+00:00\" \/>\n<meta property=\"og:image\" content=\"https:\/\/puertointerior.guanajuato.gob.mx\/blog\/wp-content\/uploads\/2024\/06\/mexico-y-la-industria-automotriz-mercados-estrategicos-para-navarra-23412.jpg\" \/>\n\t<meta property=\"og:image:width\" content=\"1200\" \/>\n\t<meta property=\"og:image:height\" content=\"675\" \/>\n\t<meta property=\"og:image:type\" content=\"image\/jpeg\" \/>\n<meta name=\"author\" content=\"GPI NEWS\" \/>\n<meta name=\"twitter:card\" content=\"summary_large_image\" \/>\n<meta name=\"twitter:label1\" content=\"Escrito por\" \/>\n\t<meta name=\"twitter:data1\" content=\"GPI NEWS\" \/>\n\t<meta name=\"twitter:label2\" content=\"Tiempo de lectura\" \/>\n\t<meta name=\"twitter:data2\" content=\"1 minuto\" \/>\n<script type=\"application\/ld+json\" class=\"yoast-schema-graph\">{\"@context\":\"https:\/\/schema.org\",\"@graph\":[{\"@type\":\"WebPage\",\"@id\":\"https:\/\/puertointerior.guanajuato.gob.mx\/blog\/2024\/06\/09\/mexico-y-la-industria-automotriz-mercados-estrategicos-para-navarra\/\",\"url\":\"https:\/\/puertointerior.guanajuato.gob.mx\/blog\/2024\/06\/09\/mexico-y-la-industria-automotriz-mercados-estrategicos-para-navarra\/\",\"name\":\"M\u00e9xico y la industria automotriz, mercados estrat\u00e9gicos para Navarra - Blog | GPI NEWS\",\"isPartOf\":{\"@id\":\"https:\/\/puertointerior.guanajuato.gob.mx\/blog\/#website\"},\"primaryImageOfPage\":{\"@id\":\"https:\/\/puertointerior.guanajuato.gob.mx\/blog\/2024\/06\/09\/mexico-y-la-industria-automotriz-mercados-estrategicos-para-navarra\/#primaryimage\"},\"image\":{\"@id\":\"https:\/\/puertointerior.guanajuato.gob.mx\/blog\/2024\/06\/09\/mexico-y-la-industria-automotriz-mercados-estrategicos-para-navarra\/#primaryimage\"},\"thumbnailUrl\":\"https:\/\/puertointerior.guanajuato.gob.mx\/blog\/wp-content\/uploads\/2024\/06\/mexico-y-la-industria-automotriz-mercados-estrategicos-para-navarra-23412.jpg\",\"datePublished\":\"2024-06-09T19:42:20+00:00\",\"dateModified\":\"2024-06-09T19:47:36+00:00\",\"author\":{\"@id\":\"https:\/\/puertointerior.guanajuato.gob.mx\/blog\/#\/schema\/person\/f4851bb8a48c32d7fba5285caf4ef1c4\"},\"breadcrumb\":{\"@id\":\"https:\/\/puertointerior.guanajuato.gob.mx\/blog\/2024\/06\/09\/mexico-y-la-industria-automotriz-mercados-estrategicos-para-navarra\/#breadcrumb\"},\"inLanguage\":\"es\",\"potentialAction\":[{\"@type\":\"ReadAction\",\"target\":[\"https:\/\/puertointerior.guanajuato.gob.mx\/blog\/2024\/06\/09\/mexico-y-la-industria-automotriz-mercados-estrategicos-para-navarra\/\"]}]},{\"@type\":\"ImageObject\",\"inLanguage\":\"es\",\"@id\":\"https:\/\/puertointerior.guanajuato.gob.mx\/blog\/2024\/06\/09\/mexico-y-la-industria-automotriz-mercados-estrategicos-para-navarra\/#primaryimage\",\"url\":\"https:\/\/puertointerior.guanajuato.gob.mx\/blog\/wp-content\/uploads\/2024\/06\/mexico-y-la-industria-automotriz-mercados-estrategicos-para-navarra-23412.jpg\",\"contentUrl\":\"https:\/\/puertointerior.guanajuato.gob.mx\/blog\/wp-content\/uploads\/2024\/06\/mexico-y-la-industria-automotriz-mercados-estrategicos-para-navarra-23412.jpg\",\"width\":1200,\"height\":675},{\"@type\":\"BreadcrumbList\",\"@id\":\"https:\/\/puertointerior.guanajuato.gob.mx\/blog\/2024\/06\/09\/mexico-y-la-industria-automotriz-mercados-estrategicos-para-navarra\/#breadcrumb\",\"itemListElement\":[{\"@type\":\"ListItem\",\"position\":1,\"name\":\"Inicio\",\"item\":\"https:\/\/puertointerior.guanajuato.gob.mx\/blog\/\"},{\"@type\":\"ListItem\",\"position\":2,\"name\":\"M\u00e9xico y la industria automotriz, mercados estrat\u00e9gicos para Navarra\"}]},{\"@type\":\"WebSite\",\"@id\":\"https:\/\/puertointerior.guanajuato.gob.mx\/blog\/#website\",\"url\":\"https:\/\/puertointerior.guanajuato.gob.mx\/blog\/\",\"name\":\"Blog | GPI NEWS\",\"description\":\"Guanajuato Puerto Interior\",\"potentialAction\":[{\"@type\":\"SearchAction\",\"target\":{\"@type\":\"EntryPoint\",\"urlTemplate\":\"https:\/\/puertointerior.guanajuato.gob.mx\/blog\/?s={search_term_string}\"},\"query-input\":{\"@type\":\"PropertyValueSpecification\",\"valueRequired\":true,\"valueName\":\"search_term_string\"}}],\"inLanguage\":\"es\"},{\"@type\":\"Person\",\"@id\":\"https:\/\/puertointerior.guanajuato.gob.mx\/blog\/#\/schema\/person\/f4851bb8a48c32d7fba5285caf4ef1c4\",\"name\":\"GPI NEWS\",\"image\":{\"@type\":\"ImageObject\",\"inLanguage\":\"es\",\"@id\":\"https:\/\/puertointerior.guanajuato.gob.mx\/blog\/#\/schema\/person\/image\/\",\"url\":\"https:\/\/secure.gravatar.com\/avatar\/612aca53a708cefc5ebe15ab0bc63c51a8ba58563e45c17848fa400e627e2717?s=96&d=mm&r=g\",\"contentUrl\":\"https:\/\/secure.gravatar.com\/avatar\/612aca53a708cefc5ebe15ab0bc63c51a8ba58563e45c17848fa400e627e2717?s=96&d=mm&r=g\",\"caption\":\"GPI NEWS\"},\"url\":\"https:\/\/puertointerior.guanajuato.gob.mx\/blog\/author\/rafa-jacinto\/\"}]}<\/script>\n<!-- \/ Yoast SEO plugin. -->","yoast_head_json":{"title":"M\u00e9xico y la industria automotriz, mercados estrat\u00e9gicos para Navarra - Blog | GPI NEWS","robots":{"index":"index","follow":"follow","max-snippet":"max-snippet:-1","max-image-preview":"max-image-preview:large","max-video-preview":"max-video-preview:-1"},"canonical":"https:\/\/puertointerior.guanajuato.gob.mx\/blog\/2024\/06\/09\/mexico-y-la-industria-automotriz-mercados-estrategicos-para-navarra\/","og_locale":"es_MX","og_type":"article","og_title":"M\u00e9xico y la industria automotriz, mercados estrat\u00e9gicos para Navarra - Blog | GPI NEWS","og_description":"Durante una visita por Espa\u00f1a, Daniel Hern\u00e1ndez director del Cl\u00faster Automotriz de Quer\u00e9taro y presidente de la Red Nacional de Clusters de la Industria Automotriz (REDCAM), se reuni\u00f3 con representantes del Ejecutivo foral y empresas navarras del sector automotriz. Dicha jornada fue organizada por el Plan Internacional de Navarra, el directivo tambi\u00e9n sostuvo una reuni\u00f3n [&hellip;]","og_url":"https:\/\/puertointerior.guanajuato.gob.mx\/blog\/2024\/06\/09\/mexico-y-la-industria-automotriz-mercados-estrategicos-para-navarra\/","og_site_name":"Blog | GPI NEWS","article_published_time":"2024-06-09T19:42:20+00:00","article_modified_time":"2024-06-09T19:47:36+00:00","og_image":[{"width":1200,"height":675,"url":"https:\/\/puertointerior.guanajuato.gob.mx\/blog\/wp-content\/uploads\/2024\/06\/mexico-y-la-industria-automotriz-mercados-estrategicos-para-navarra-23412.jpg","type":"image\/jpeg"}],"author":"GPI NEWS","twitter_card":"summary_large_image","twitter_misc":{"Escrito por":"GPI NEWS","Tiempo de lectura":"1 minuto"},"schema":{"@context":"https:\/\/schema.org","@graph":[{"@type":"WebPage","@id":"https:\/\/puertointerior.guanajuato.gob.mx\/blog\/2024\/06\/09\/mexico-y-la-industria-automotriz-mercados-estrategicos-para-navarra\/","url":"https:\/\/puertointerior.guanajuato.gob.mx\/blog\/2024\/06\/09\/mexico-y-la-industria-automotriz-mercados-estrategicos-para-navarra\/","name":"M\u00e9xico y la industria automotriz, mercados estrat\u00e9gicos para Navarra - Blog | GPI NEWS","isPartOf":{"@id":"https:\/\/puertointerior.guanajuato.gob.mx\/blog\/#website"},"primaryImageOfPage":{"@id":"https:\/\/puertointerior.guanajuato.gob.mx\/blog\/2024\/06\/09\/mexico-y-la-industria-automotriz-mercados-estrategicos-para-navarra\/#primaryimage"},"image":{"@id":"https:\/\/puertointerior.guanajuato.gob.mx\/blog\/2024\/06\/09\/mexico-y-la-industria-automotriz-mercados-estrategicos-para-navarra\/#primaryimage"},"thumbnailUrl":"https:\/\/puertointerior.guanajuato.gob.mx\/blog\/wp-content\/uploads\/2024\/06\/mexico-y-la-industria-automotriz-mercados-estrategicos-para-navarra-23412.jpg","datePublished":"2024-06-09T19:42:20+00:00","dateModified":"2024-06-09T19:47:36+00:00","author":{"@id":"https:\/\/puertointerior.guanajuato.gob.mx\/blog\/#\/schema\/person\/f4851bb8a48c32d7fba5285caf4ef1c4"},"breadcrumb":{"@id":"https:\/\/puertointerior.guanajuato.gob.mx\/blog\/2024\/06\/09\/mexico-y-la-industria-automotriz-mercados-estrategicos-para-navarra\/#breadcrumb"},"inLanguage":"es","potentialAction":[{"@type":"ReadAction","target":["https:\/\/puertointerior.guanajuato.gob.mx\/blog\/2024\/06\/09\/mexico-y-la-industria-automotriz-mercados-estrategicos-para-navarra\/"]}]},{"@type":"ImageObject","inLanguage":"es","@id":"https:\/\/puertointerior.guanajuato.gob.mx\/blog\/2024\/06\/09\/mexico-y-la-industria-automotriz-mercados-estrategicos-para-navarra\/#primaryimage","url":"https:\/\/puertointerior.guanajuato.gob.mx\/blog\/wp-content\/uploads\/2024\/06\/mexico-y-la-industria-automotriz-mercados-estrategicos-para-navarra-23412.jpg","contentUrl":"https:\/\/puertointerior.guanajuato.gob.mx\/blog\/wp-content\/uploads\/2024\/06\/mexico-y-la-industria-automotriz-mercados-estrategicos-para-navarra-23412.jpg","width":1200,"height":675},{"@type":"BreadcrumbList","@id":"https:\/\/puertointerior.guanajuato.gob.mx\/blog\/2024\/06\/09\/mexico-y-la-industria-automotriz-mercados-estrategicos-para-navarra\/#breadcrumb","itemListElement":[{"@type":"ListItem","position":1,"name":"Inicio","item":"https:\/\/puertointerior.guanajuato.gob.mx\/blog\/"},{"@type":"ListItem","position":2,"name":"M\u00e9xico y la industria automotriz, mercados estrat\u00e9gicos para Navarra"}]},{"@type":"WebSite","@id":"https:\/\/puertointerior.guanajuato.gob.mx\/blog\/#website","url":"https:\/\/puertointerior.guanajuato.gob.mx\/blog\/","name":"Blog | GPI NEWS","description":"Guanajuato Puerto Interior","potentialAction":[{"@type":"SearchAction","target":{"@type":"EntryPoint","urlTemplate":"https:\/\/puertointerior.guanajuato.gob.mx\/blog\/?s={search_term_string}"},"query-input":{"@type":"PropertyValueSpecification","valueRequired":true,"valueName":"search_term_string"}}],"inLanguage":"es"},{"@type":"Person","@id":"https:\/\/puertointerior.guanajuato.gob.mx\/blog\/#\/schema\/person\/f4851bb8a48c32d7fba5285caf4ef1c4","name":"GPI NEWS","image":{"@type":"ImageObject","inLanguage":"es","@id":"https:\/\/puertointerior.guanajuato.gob.mx\/blog\/#\/schema\/person\/image\/","url":"https:\/\/secure.gravatar.com\/avatar\/612aca53a708cefc5ebe15ab0bc63c51a8ba58563e45c17848fa400e627e2717?s=96&d=mm&r=g","contentUrl":"https:\/\/secure.gravatar.com\/avatar\/612aca53a708cefc5ebe15ab0bc63c51a8ba58563e45c17848fa400e627e2717?s=96&d=mm&r=g","caption":"GPI NEWS"},"url":"https:\/\/puertointerior.guanajuato.gob.mx\/blog\/author\/rafa-jacinto\/"}]}},"jetpack_featured_media_url":"https:\/\/puertointerior.guanajuato.gob.mx\/blog\/wp-content\/uploads\/2024\/06\/mexico-y-la-industria-automotriz-mercados-estrategicos-para-navarra-23412.jpg","jetpack_sharing_enabled":true,"jetpack_shortlink":"https:\/\/wp.me\/pcnMPA-2UC","_links":{"self":[{"href":"https:\/\/puertointerior.guanajuato.gob.mx\/blog\/wp-json\/wp\/v2\/posts\/11198","targetHints":{"allow":["GET"]}}],"collection":[{"href":"https:\/\/puertointerior.guanajuato.gob.mx\/blog\/wp-json\/wp\/v2\/posts"}],"about":[{"href":"https:\/\/puertointerior.guanajuato.gob.mx\/blog\/wp-json\/wp\/v2\/types\/post"}],"author":[{"embeddable":true,"href":"https:\/\/puertointerior.guanajuato.gob.mx\/blog\/wp-json\/wp\/v2\/users\/2"}],"replies":[{"embeddable":true,"href":"https:\/\/puertointerior.guanajuato.gob.mx\/blog\/wp-json\/wp\/v2\/comments?post=11198"}],"version-history":[{"count":2,"href":"https:\/\/puertointerior.guanajuato.gob.mx\/blog\/wp-json\/wp\/v2\/posts\/11198\/revisions"}],"predecessor-version":[{"id":11201,"href":"https:\/\/puertointerior.guanajuato.gob.mx\/blog\/wp-json\/wp\/v2\/posts\/11198\/revisions\/11201"}],"wp:featuredmedia":[{"embeddable":true,"href":"https:\/\/puertointerior.guanajuato.gob.mx\/blog\/wp-json\/wp\/v2\/media\/11199"}],"wp:attachment":[{"href":"https:\/\/puertointerior.guanajuato.gob.mx\/blog\/wp-json\/wp\/v2\/media?parent=11198"}],"wp:term":[{"taxonomy":"category","embeddable":true,"href":"https:\/\/puertointerior.guanajuato.gob.mx\/blog\/wp-json\/wp\/v2\/categories?post=11198"},{"taxonomy":"post_tag","embeddable":true,"href":"https:\/\/puertointerior.guanajuato.gob.mx\/blog\/wp-json\/wp\/v2\/tags?post=11198"}],"curies":[{"name":"wp","href":"https:\/\/api.w.org\/{rel}","templated":true}]}}