{"id":11947,"date":"2024-07-16T11:43:41","date_gmt":"2024-07-16T16:43:41","guid":{"rendered":"https:\/\/puertointerior.guanajuato.gob.mx\/blog\/?p=11947"},"modified":"2024-07-16T11:43:41","modified_gmt":"2024-07-16T16:43:41","slug":"ferrocarril-de-pasajeros-no-dana-al-de-carga-amf","status":"publish","type":"post","link":"https:\/\/puertointerior.guanajuato.gob.mx\/blog\/2024\/07\/16\/ferrocarril-de-pasajeros-no-dana-al-de-carga-amf\/","title":{"rendered":"Ferrocarril de pasajeros no da\u00f1a al de carga: AMF"},"content":{"rendered":"<div class=\"article-info\">\n<div class=\"author-date-content\">\n<div class=\"author-date-time\">\n<div class=\"date-time\"><time class=\"created\" datetime=\"2024-07-11T23:05:00-06:00\">11\/07\/2024 23:05<\/time><\/div>\n<\/div>\n<\/div>\n<div class=\"social-buttons social-share\"><\/div>\n<\/div>\n<div class=\"article-modules\">\n<p class=\"paragraph\">PLAYA DEL CARMEN. &#8211; Oscar del Cueto, presidente de la Asociaci\u00f3n Mexicana de Ferrocarriles y tambi\u00e9n de Kansas City se\u00f1al\u00f3 que el anuncio de tres l\u00edneas de ferrocarril anunciada por la virtual Presidenta Claudia Sheinbaum Pardo es muy positiva para el desarrollo del pa\u00eds y que entiende que no afectar\u00e1 a la concesi\u00f3n de trenes de carga. \u201cLa utilizaci\u00f3n de derechos de v\u00eda existentes para construir nuevas v\u00edas de pasajeros tiene varias ventajas significativas. Una de las principales es que evita la necesidad de adquirir nuevos terrenos, lo cual puede ser un proceso largo y complicado. Al aprovechar los derechos de v\u00eda existentes, se reduce la burocracia y se acelera el proceso de construcci\u00f3n de nuevas v\u00edas\u201d, se\u00f1al\u00f3 el dirigente de las empresas privadas durante el 24 Foro Nacional de Mercanc\u00edas, que organiza la Asociaci\u00f3n Nacional de Transporte Privado.<\/p>\n<p class=\"paragraph\">Sin conocer al fondo el proyecto Oscar del Cueto asegura que \u201cpermitir\u00e1 la creaci\u00f3n de v\u00edas exclusivas para pasajeros. Al contar con v\u00edas separadas de las utilizadas para el transporte de carga, se mejora la eficiencia y la velocidad del servicio de transporte de pasajeros; adem\u00e1s, se evita la interferencia con el transporte de carga. Esto es especialmente relevante en zonas con alto tr\u00e1fico de mercanc\u00edas, ya que se garantiza que las v\u00edas de carga no se vean afectadas por el transporte de pasajeros\u201d.<\/p>\n<p class=\"paragraph\">Desde una perspectiva del medio ambiente dijo el presidente de la ANF, aprovechar los derechos de v\u00eda existentes permite minimizar el impacto ambiental de la construcci\u00f3n de nuevas v\u00edas. En lugar de abrir nuevos caminos o destruir \u00e1reas naturales.<\/p>\n<div class=\"article-content-ad \" data-ad-position=\"content\" data-article-id=\"827118\" data-article-category=\"opinion\">\n<div class=\"article-content-ad\" data-article-id=\"827118\" data-ad-position=\"cronica_ad01\">Desde el punto de vista econ\u00f3mico utilizar los derechos de v\u00eda existentes puede resultar en ahorros significativos en t\u00e9rminos de costos de adquisici\u00f3n de terrenos. \u201cLa compra de nuevos terrenos puede ser costosa y demorada, especialmente en \u00e1reas urbanas densamente pobladas. Al evitar este proceso, se reducen los gastos\u201d, dijo Del Cuento.<\/div>\n<\/div>\n<p class=\"paragraph\"><strong>RECONOCIMIENTO. &#8211;<\/strong>\u00a0Banco Azteca fue incluido en el ranking anual &#8220;The Banker Top 1000&#8221; de la revista financiera The Banker. Este a\u00f1o, Banco Azteca vuelve a destacar al estar entre los 25 bancos m\u00e1s importantes de Latinoam\u00e9rica y el Caribe, subiendo cuatro posiciones y ubic\u00e1ndose tambi\u00e9n en el Top 5 a nivel nacional. Este lugar en el ranking de \u201cThe Banker Top 1000\u201d destaca la solide, la gesti\u00f3n prudente y las estrategias financieras efectivas le han permitido mantener una posici\u00f3n de liderazgo en el mercado mostrando una entidad enfocada en proporcionar servicios robustos.<\/p>\n<div class=\"article-content-ad \" data-ad-position=\"content\" data-article-id=\"827118\" data-article-category=\"opinion\">\n<div class=\"article-content-ad\" data-article-id=\"827118\" data-ad-position=\"cronica_ad02\"><strong>INVERSIONES. &#8211;<\/strong>\u00a0SSA Marine M\u00e9xico, que dirige Manuel Fern\u00e1ndez recibi\u00f3 en el puerto de Manzanillo, siete gr\u00faas E-RTG el\u00e9ctricas de \u00faltima generaci\u00f3n, que representan inversiones por 14 millones de d\u00f3lares. El pr\u00f3ximo mes arribar\u00e1n otras cuatro gr\u00faas E-RTG, totalizando 11 unidades de patio con un valor total de 22 millones de d\u00f3lares. De este total de equipos, cuatro se destinar\u00e1n a la terminal multiprop\u00f3sitos y siete a la TEC 1. Este nuevo equipamiento incrementar\u00e1 la eficiencia energ\u00e9tica de la TEC en un 7%, al reducir anualmente casi 4 mil toneladas de emisiones de di\u00f3xido de carbono (CO2).<\/div>\n<\/div>\n<p>Publicado originalmente por:\u00a0<a href=\"https:\/\/www.cronica.com.mx\/opinion\/ferrocarril-pasajeros-dana-carga-amf.html\">https:\/\/www.cronica.com.mx\/opinion\/ferrocarril-pasajeros-dana-carga-amf.html<\/a><\/p>\n<\/div>\n","protected":false},"excerpt":{"rendered":"<p>11\/07\/2024 23:05 PLAYA DEL CARMEN. &#8211; Oscar del Cueto, presidente de la Asociaci\u00f3n Mexicana de Ferrocarriles y tambi\u00e9n de Kansas City se\u00f1al\u00f3 que el anuncio de tres l\u00edneas de ferrocarril anunciada por la virtual Presidenta Claudia Sheinbaum Pardo es muy positiva para el desarrollo del pa\u00eds y que entiende que no afectar\u00e1 a la concesi\u00f3n [&hellip;]<\/p>\n","protected":false},"author":2,"featured_media":10054,"comment_status":"closed","ping_status":"open","sticky":false,"template":"","format":"standard","meta":{"jetpack_post_was_ever_published":false,"_jetpack_newsletter_access":"","_jetpack_dont_email_post_to_subs":false,"_jetpack_newsletter_tier_id":0,"_jetpack_memberships_contains_paywalled_content":false,"_jetpack_memberships_contains_paid_content":false,"footnotes":""},"categories":[4],"tags":[],"class_list":["post-11947","post","type-post","status-publish","format-standard","has-post-thumbnail","hentry","category-logistics"],"yoast_head":"<!-- This site is optimized with the Yoast SEO plugin v25.7 - https:\/\/yoast.com\/wordpress\/plugins\/seo\/ -->\n<title>Ferrocarril de pasajeros no da\u00f1a al de carga: AMF - Blog | GPI NEWS<\/title>\n<meta name=\"robots\" content=\"index, follow, max-snippet:-1, max-image-preview:large, max-video-preview:-1\" \/>\n<link rel=\"canonical\" href=\"https:\/\/puertointerior.guanajuato.gob.mx\/blog\/2024\/07\/16\/ferrocarril-de-pasajeros-no-dana-al-de-carga-amf\/\" \/>\n<meta property=\"og:locale\" content=\"es_MX\" \/>\n<meta property=\"og:type\" content=\"article\" \/>\n<meta property=\"og:title\" content=\"Ferrocarril de pasajeros no da\u00f1a al de carga: AMF - Blog | GPI NEWS\" \/>\n<meta property=\"og:description\" content=\"11\/07\/2024 23:05 PLAYA DEL CARMEN. &#8211; Oscar del Cueto, presidente de la Asociaci\u00f3n Mexicana de Ferrocarriles y tambi\u00e9n de Kansas City se\u00f1al\u00f3 que el anuncio de tres l\u00edneas de ferrocarril anunciada por la virtual Presidenta Claudia Sheinbaum Pardo es muy positiva para el desarrollo del pa\u00eds y que entiende que no afectar\u00e1 a la concesi\u00f3n [&hellip;]\" \/>\n<meta property=\"og:url\" content=\"https:\/\/puertointerior.guanajuato.gob.mx\/blog\/2024\/07\/16\/ferrocarril-de-pasajeros-no-dana-al-de-carga-amf\/\" \/>\n<meta property=\"og:site_name\" content=\"Blog | GPI NEWS\" \/>\n<meta property=\"article:published_time\" content=\"2024-07-16T16:43:41+00:00\" \/>\n<meta property=\"og:image\" content=\"https:\/\/puertointerior.guanajuato.gob.mx\/blog\/wp-content\/uploads\/2024\/04\/crean-la-primera-linea-de-ferrocarril-que-conecta-estados-unidos-mexico-y-canada-22503.png\" \/>\n\t<meta property=\"og:image:width\" content=\"1120\" \/>\n\t<meta property=\"og:image:height\" content=\"630\" \/>\n\t<meta property=\"og:image:type\" content=\"image\/png\" \/>\n<meta name=\"author\" content=\"GPI NEWS\" \/>\n<meta name=\"twitter:card\" content=\"summary_large_image\" \/>\n<meta name=\"twitter:label1\" content=\"Escrito por\" \/>\n\t<meta name=\"twitter:data1\" content=\"GPI NEWS\" \/>\n\t<meta name=\"twitter:label2\" content=\"Tiempo de lectura\" \/>\n\t<meta name=\"twitter:data2\" content=\"3 minutos\" \/>\n<script type=\"application\/ld+json\" class=\"yoast-schema-graph\">{\"@context\":\"https:\/\/schema.org\",\"@graph\":[{\"@type\":\"WebPage\",\"@id\":\"https:\/\/puertointerior.guanajuato.gob.mx\/blog\/2024\/07\/16\/ferrocarril-de-pasajeros-no-dana-al-de-carga-amf\/\",\"url\":\"https:\/\/puertointerior.guanajuato.gob.mx\/blog\/2024\/07\/16\/ferrocarril-de-pasajeros-no-dana-al-de-carga-amf\/\",\"name\":\"Ferrocarril de pasajeros no da\u00f1a al de carga: AMF - Blog | GPI NEWS\",\"isPartOf\":{\"@id\":\"https:\/\/puertointerior.guanajuato.gob.mx\/blog\/#website\"},\"primaryImageOfPage\":{\"@id\":\"https:\/\/puertointerior.guanajuato.gob.mx\/blog\/2024\/07\/16\/ferrocarril-de-pasajeros-no-dana-al-de-carga-amf\/#primaryimage\"},\"image\":{\"@id\":\"https:\/\/puertointerior.guanajuato.gob.mx\/blog\/2024\/07\/16\/ferrocarril-de-pasajeros-no-dana-al-de-carga-amf\/#primaryimage\"},\"thumbnailUrl\":\"https:\/\/puertointerior.guanajuato.gob.mx\/blog\/wp-content\/uploads\/2024\/04\/crean-la-primera-linea-de-ferrocarril-que-conecta-estados-unidos-mexico-y-canada-22503.png\",\"datePublished\":\"2024-07-16T16:43:41+00:00\",\"author\":{\"@id\":\"https:\/\/puertointerior.guanajuato.gob.mx\/blog\/#\/schema\/person\/f4851bb8a48c32d7fba5285caf4ef1c4\"},\"breadcrumb\":{\"@id\":\"https:\/\/puertointerior.guanajuato.gob.mx\/blog\/2024\/07\/16\/ferrocarril-de-pasajeros-no-dana-al-de-carga-amf\/#breadcrumb\"},\"inLanguage\":\"es\",\"potentialAction\":[{\"@type\":\"ReadAction\",\"target\":[\"https:\/\/puertointerior.guanajuato.gob.mx\/blog\/2024\/07\/16\/ferrocarril-de-pasajeros-no-dana-al-de-carga-amf\/\"]}]},{\"@type\":\"ImageObject\",\"inLanguage\":\"es\",\"@id\":\"https:\/\/puertointerior.guanajuato.gob.mx\/blog\/2024\/07\/16\/ferrocarril-de-pasajeros-no-dana-al-de-carga-amf\/#primaryimage\",\"url\":\"https:\/\/puertointerior.guanajuato.gob.mx\/blog\/wp-content\/uploads\/2024\/04\/crean-la-primera-linea-de-ferrocarril-que-conecta-estados-unidos-mexico-y-canada-22503.png\",\"contentUrl\":\"https:\/\/puertointerior.guanajuato.gob.mx\/blog\/wp-content\/uploads\/2024\/04\/crean-la-primera-linea-de-ferrocarril-que-conecta-estados-unidos-mexico-y-canada-22503.png\",\"width\":1120,\"height\":630},{\"@type\":\"BreadcrumbList\",\"@id\":\"https:\/\/puertointerior.guanajuato.gob.mx\/blog\/2024\/07\/16\/ferrocarril-de-pasajeros-no-dana-al-de-carga-amf\/#breadcrumb\",\"itemListElement\":[{\"@type\":\"ListItem\",\"position\":1,\"name\":\"Inicio\",\"item\":\"https:\/\/puertointerior.guanajuato.gob.mx\/blog\/\"},{\"@type\":\"ListItem\",\"position\":2,\"name\":\"Ferrocarril de pasajeros no da\u00f1a al de carga: AMF\"}]},{\"@type\":\"WebSite\",\"@id\":\"https:\/\/puertointerior.guanajuato.gob.mx\/blog\/#website\",\"url\":\"https:\/\/puertointerior.guanajuato.gob.mx\/blog\/\",\"name\":\"Blog | GPI NEWS\",\"description\":\"Guanajuato Puerto Interior\",\"potentialAction\":[{\"@type\":\"SearchAction\",\"target\":{\"@type\":\"EntryPoint\",\"urlTemplate\":\"https:\/\/puertointerior.guanajuato.gob.mx\/blog\/?s={search_term_string}\"},\"query-input\":{\"@type\":\"PropertyValueSpecification\",\"valueRequired\":true,\"valueName\":\"search_term_string\"}}],\"inLanguage\":\"es\"},{\"@type\":\"Person\",\"@id\":\"https:\/\/puertointerior.guanajuato.gob.mx\/blog\/#\/schema\/person\/f4851bb8a48c32d7fba5285caf4ef1c4\",\"name\":\"GPI NEWS\",\"image\":{\"@type\":\"ImageObject\",\"inLanguage\":\"es\",\"@id\":\"https:\/\/puertointerior.guanajuato.gob.mx\/blog\/#\/schema\/person\/image\/\",\"url\":\"https:\/\/secure.gravatar.com\/avatar\/612aca53a708cefc5ebe15ab0bc63c51a8ba58563e45c17848fa400e627e2717?s=96&d=mm&r=g\",\"contentUrl\":\"https:\/\/secure.gravatar.com\/avatar\/612aca53a708cefc5ebe15ab0bc63c51a8ba58563e45c17848fa400e627e2717?s=96&d=mm&r=g\",\"caption\":\"GPI NEWS\"},\"url\":\"https:\/\/puertointerior.guanajuato.gob.mx\/blog\/author\/rafa-jacinto\/\"}]}<\/script>\n<!-- \/ Yoast SEO plugin. -->","yoast_head_json":{"title":"Ferrocarril de pasajeros no da\u00f1a al de carga: AMF - Blog | GPI NEWS","robots":{"index":"index","follow":"follow","max-snippet":"max-snippet:-1","max-image-preview":"max-image-preview:large","max-video-preview":"max-video-preview:-1"},"canonical":"https:\/\/puertointerior.guanajuato.gob.mx\/blog\/2024\/07\/16\/ferrocarril-de-pasajeros-no-dana-al-de-carga-amf\/","og_locale":"es_MX","og_type":"article","og_title":"Ferrocarril de pasajeros no da\u00f1a al de carga: AMF - Blog | GPI NEWS","og_description":"11\/07\/2024 23:05 PLAYA DEL CARMEN. &#8211; Oscar del Cueto, presidente de la Asociaci\u00f3n Mexicana de Ferrocarriles y tambi\u00e9n de Kansas City se\u00f1al\u00f3 que el anuncio de tres l\u00edneas de ferrocarril anunciada por la virtual Presidenta Claudia Sheinbaum Pardo es muy positiva para el desarrollo del pa\u00eds y que entiende que no afectar\u00e1 a la concesi\u00f3n [&hellip;]","og_url":"https:\/\/puertointerior.guanajuato.gob.mx\/blog\/2024\/07\/16\/ferrocarril-de-pasajeros-no-dana-al-de-carga-amf\/","og_site_name":"Blog | GPI NEWS","article_published_time":"2024-07-16T16:43:41+00:00","og_image":[{"width":1120,"height":630,"url":"https:\/\/puertointerior.guanajuato.gob.mx\/blog\/wp-content\/uploads\/2024\/04\/crean-la-primera-linea-de-ferrocarril-que-conecta-estados-unidos-mexico-y-canada-22503.png","type":"image\/png"}],"author":"GPI NEWS","twitter_card":"summary_large_image","twitter_misc":{"Escrito por":"GPI NEWS","Tiempo de lectura":"3 minutos"},"schema":{"@context":"https:\/\/schema.org","@graph":[{"@type":"WebPage","@id":"https:\/\/puertointerior.guanajuato.gob.mx\/blog\/2024\/07\/16\/ferrocarril-de-pasajeros-no-dana-al-de-carga-amf\/","url":"https:\/\/puertointerior.guanajuato.gob.mx\/blog\/2024\/07\/16\/ferrocarril-de-pasajeros-no-dana-al-de-carga-amf\/","name":"Ferrocarril de pasajeros no da\u00f1a al de carga: AMF - Blog | GPI NEWS","isPartOf":{"@id":"https:\/\/puertointerior.guanajuato.gob.mx\/blog\/#website"},"primaryImageOfPage":{"@id":"https:\/\/puertointerior.guanajuato.gob.mx\/blog\/2024\/07\/16\/ferrocarril-de-pasajeros-no-dana-al-de-carga-amf\/#primaryimage"},"image":{"@id":"https:\/\/puertointerior.guanajuato.gob.mx\/blog\/2024\/07\/16\/ferrocarril-de-pasajeros-no-dana-al-de-carga-amf\/#primaryimage"},"thumbnailUrl":"https:\/\/puertointerior.guanajuato.gob.mx\/blog\/wp-content\/uploads\/2024\/04\/crean-la-primera-linea-de-ferrocarril-que-conecta-estados-unidos-mexico-y-canada-22503.png","datePublished":"2024-07-16T16:43:41+00:00","author":{"@id":"https:\/\/puertointerior.guanajuato.gob.mx\/blog\/#\/schema\/person\/f4851bb8a48c32d7fba5285caf4ef1c4"},"breadcrumb":{"@id":"https:\/\/puertointerior.guanajuato.gob.mx\/blog\/2024\/07\/16\/ferrocarril-de-pasajeros-no-dana-al-de-carga-amf\/#breadcrumb"},"inLanguage":"es","potentialAction":[{"@type":"ReadAction","target":["https:\/\/puertointerior.guanajuato.gob.mx\/blog\/2024\/07\/16\/ferrocarril-de-pasajeros-no-dana-al-de-carga-amf\/"]}]},{"@type":"ImageObject","inLanguage":"es","@id":"https:\/\/puertointerior.guanajuato.gob.mx\/blog\/2024\/07\/16\/ferrocarril-de-pasajeros-no-dana-al-de-carga-amf\/#primaryimage","url":"https:\/\/puertointerior.guanajuato.gob.mx\/blog\/wp-content\/uploads\/2024\/04\/crean-la-primera-linea-de-ferrocarril-que-conecta-estados-unidos-mexico-y-canada-22503.png","contentUrl":"https:\/\/puertointerior.guanajuato.gob.mx\/blog\/wp-content\/uploads\/2024\/04\/crean-la-primera-linea-de-ferrocarril-que-conecta-estados-unidos-mexico-y-canada-22503.png","width":1120,"height":630},{"@type":"BreadcrumbList","@id":"https:\/\/puertointerior.guanajuato.gob.mx\/blog\/2024\/07\/16\/ferrocarril-de-pasajeros-no-dana-al-de-carga-amf\/#breadcrumb","itemListElement":[{"@type":"ListItem","position":1,"name":"Inicio","item":"https:\/\/puertointerior.guanajuato.gob.mx\/blog\/"},{"@type":"ListItem","position":2,"name":"Ferrocarril de pasajeros no da\u00f1a al de carga: AMF"}]},{"@type":"WebSite","@id":"https:\/\/puertointerior.guanajuato.gob.mx\/blog\/#website","url":"https:\/\/puertointerior.guanajuato.gob.mx\/blog\/","name":"Blog | GPI NEWS","description":"Guanajuato Puerto Interior","potentialAction":[{"@type":"SearchAction","target":{"@type":"EntryPoint","urlTemplate":"https:\/\/puertointerior.guanajuato.gob.mx\/blog\/?s={search_term_string}"},"query-input":{"@type":"PropertyValueSpecification","valueRequired":true,"valueName":"search_term_string"}}],"inLanguage":"es"},{"@type":"Person","@id":"https:\/\/puertointerior.guanajuato.gob.mx\/blog\/#\/schema\/person\/f4851bb8a48c32d7fba5285caf4ef1c4","name":"GPI NEWS","image":{"@type":"ImageObject","inLanguage":"es","@id":"https:\/\/puertointerior.guanajuato.gob.mx\/blog\/#\/schema\/person\/image\/","url":"https:\/\/secure.gravatar.com\/avatar\/612aca53a708cefc5ebe15ab0bc63c51a8ba58563e45c17848fa400e627e2717?s=96&d=mm&r=g","contentUrl":"https:\/\/secure.gravatar.com\/avatar\/612aca53a708cefc5ebe15ab0bc63c51a8ba58563e45c17848fa400e627e2717?s=96&d=mm&r=g","caption":"GPI NEWS"},"url":"https:\/\/puertointerior.guanajuato.gob.mx\/blog\/author\/rafa-jacinto\/"}]}},"jetpack_featured_media_url":"https:\/\/puertointerior.guanajuato.gob.mx\/blog\/wp-content\/uploads\/2024\/04\/crean-la-primera-linea-de-ferrocarril-que-conecta-estados-unidos-mexico-y-canada-22503.png","jetpack_sharing_enabled":true,"jetpack_shortlink":"https:\/\/wp.me\/pcnMPA-36H","_links":{"self":[{"href":"https:\/\/puertointerior.guanajuato.gob.mx\/blog\/wp-json\/wp\/v2\/posts\/11947","targetHints":{"allow":["GET"]}}],"collection":[{"href":"https:\/\/puertointerior.guanajuato.gob.mx\/blog\/wp-json\/wp\/v2\/posts"}],"about":[{"href":"https:\/\/puertointerior.guanajuato.gob.mx\/blog\/wp-json\/wp\/v2\/types\/post"}],"author":[{"embeddable":true,"href":"https:\/\/puertointerior.guanajuato.gob.mx\/blog\/wp-json\/wp\/v2\/users\/2"}],"replies":[{"embeddable":true,"href":"https:\/\/puertointerior.guanajuato.gob.mx\/blog\/wp-json\/wp\/v2\/comments?post=11947"}],"version-history":[{"count":2,"href":"https:\/\/puertointerior.guanajuato.gob.mx\/blog\/wp-json\/wp\/v2\/posts\/11947\/revisions"}],"predecessor-version":[{"id":11949,"href":"https:\/\/puertointerior.guanajuato.gob.mx\/blog\/wp-json\/wp\/v2\/posts\/11947\/revisions\/11949"}],"wp:featuredmedia":[{"embeddable":true,"href":"https:\/\/puertointerior.guanajuato.gob.mx\/blog\/wp-json\/wp\/v2\/media\/10054"}],"wp:attachment":[{"href":"https:\/\/puertointerior.guanajuato.gob.mx\/blog\/wp-json\/wp\/v2\/media?parent=11947"}],"wp:term":[{"taxonomy":"category","embeddable":true,"href":"https:\/\/puertointerior.guanajuato.gob.mx\/blog\/wp-json\/wp\/v2\/categories?post=11947"},{"taxonomy":"post_tag","embeddable":true,"href":"https:\/\/puertointerior.guanajuato.gob.mx\/blog\/wp-json\/wp\/v2\/tags?post=11947"}],"curies":[{"name":"wp","href":"https:\/\/api.w.org\/{rel}","templated":true}]}}