{"id":12030,"date":"2024-07-20T19:54:53","date_gmt":"2024-07-21T00:54:53","guid":{"rendered":"https:\/\/puertointerior.guanajuato.gob.mx\/blog\/?p=12030"},"modified":"2024-07-20T19:54:53","modified_gmt":"2024-07-21T00:54:53","slug":"la-movilidad-es-sentirse-libre-luis-lozano-ceo-de-toyota","status":"publish","type":"post","link":"https:\/\/puertointerior.guanajuato.gob.mx\/blog\/2024\/07\/20\/la-movilidad-es-sentirse-libre-luis-lozano-ceo-de-toyota\/","title":{"rendered":"La movilidad es sentirse libre: Luis Lozano, CEO de Toyota"},"content":{"rendered":"<h2 class=\"teaser\">El l\u00edder de la automotriz japonesa en M\u00e9xico explica que moverse va m\u00e1s all\u00e1 de subirse a un veh\u00edculo con llantas, y en eso trabajan.<\/h2>\n<p>El\u00a0<strong>concepto de movilidad<\/strong>\u00a0dice que\u00a0<strong>es una actividad que involucra el desplazamiento de personas<\/strong>\u00a0de un sitio a otro, ya sea\u00a0<strong>a trav\u00e9s de sus propios medios<\/strong>\u00a0de locomoci\u00f3n\u00a0<strong>o utilizando alg\u00fan tipo de transporte<\/strong>. Sin embargo, con el tiempo eso ha ido cambiando, y para\u00a0<strong>Luis Lozano, CEO de Toyota en M\u00e9xico<\/strong>,\u00a0<strong>hay que agregar que sea sustentable<\/strong>, que te haga sentir libre y que ayude a toda la gente.<\/p>\n<p><strong>Toyota sigue evolucionando sus tecnolog\u00edas<\/strong>, y trajo a\u00a0<strong>M\u00e9xico<\/strong>\u00a0recientemente su nueva\u00a0<strong>Tacoma h\u00edbrida<\/strong>, un veh\u00edculo que realmente se disfruta al manejarse. Sin embargo,\u00a0<strong>el futuro acelera r\u00e1pidamente en la empresa<\/strong>, y no frenan la\u00a0<strong>fabricaci\u00f3n de veh\u00edculos voladores como SkyDrive<\/strong>, sus\u00a0<strong>exoesqueletos<\/strong>\u00a0y\u00a0<strong>robots<\/strong>\u00a0para\u00a0<strong>mejorar la movilidad<\/strong>\u00a0y experiencia del consumidor.<\/p>\n<blockquote><p>Toyota sigue buscando todas las maneras de convertirse en una empresa de movilidad hacia el futuro. \u00bfY qu\u00e9 quiere decir para nosotros movilidad? Es un concepto un poco amplio y lo que quiere decir es que entendemos que la gente cuando se mueve es libre. Cuando eso sucede puede ser feliz y entonces nosotros vamos a tratar de incrementar de la mejor manera todas nuestras divisiones para lograr la movilidad de mucha gente y no solamente ya ubicarnos en el tema de los veh\u00edculos, aunque el tema de autos evidentemente ser\u00e1 siempre central en la vida de la compa\u00f1\u00eda.<\/p><\/blockquote>\n<blockquote><p>Pero donde tambi\u00e9n podamos hacer movilidad es en Exoesqueletos para ayudar a gente con alg\u00fan tipo de discapacidad f\u00edsica o trabajo; robots que puedan ayudar a gente mayor o gente que tiene capacidades distintas. O sea, tener que buscar estas soluciones de movilidad que van a seguir en todos los sentidos\u201d, explica Lozano en entrevista.<\/p><\/blockquote>\n<p>Adem\u00e1s, se\u00f1ala que tambi\u00e9n\u00a0<strong>ven en los autos voladores otra opci\u00f3n<\/strong>, y que hay grandes oportunidades de que esta\u00a0<strong>movilidad\u00a0<\/strong>se convierta en parte de la vida diaria de la gente en el corto plazo. Sobre todo, se le comenta a Lozano, porque en\u00a0<strong>Expo Osaka 2025 Toyota\u00a0<\/strong>har\u00e1 realidad el que los\u00a0<strong>autos voladores de la compa\u00f1\u00eda comiencen a surcar los cielos<\/strong>\u00a0de la naci\u00f3n asi\u00e1tica.<\/p>\n<blockquote><p>Bueno, no tengo mucho que decir por ahora sobre el veh\u00edculo volador. Seguramente ser\u00e1 en el contexto de la Expo. A m\u00ed me toc\u00f3 ver algunos veh\u00edculos que pretenden presentarse como prototipos. Pero lo que s\u00ed te puedo decir y te puedo garantizar y confirmar es que Toyota sigue buscando todas las maneras de convertirse en una empresa de movilidad hacia el futuro. Vamos a tener que buscar estas soluciones de movilidad que van a seguir en todos los sentidos. Tampoco me sorprender\u00eda ver coches Voladores pronto, como ya los he visto en prototipos\u201d.<\/p><\/blockquote>\n<h2><strong>BUENAS VENTAS<\/strong><\/h2>\n<p>Sobre los\u00a0<strong>buenos resultados de\u00a0Toyota en M\u00e9xico<\/strong>, Lozano comenta que van bastante bien. \u201cVamos sobre el objetivo y pensamos que lograremos vender alrededor de 105 mil unidades para este 2024. Seguimos teniendo mucha fortaleza en la parte de h\u00edbridos el\u00e9ctricos, estamos dando a porcentajes muy relevantes en ese aspecto y estamos muy contentos con lo que estamos viendo en la parte de manufactura. Realmente tenemos muchas noticias por lo de la nueva generaci\u00f3n de Tacoma, nuestro veh\u00edculo h\u00edbrido, el\u00e9ctrico, y pues con el hecho de que estamos exportando pr\u00e1cticamente el 90% de lo que se produce en nuestras dos\u00a0 plantas de M\u00e9xico\u201d.<\/p>\n<p><strong>Toyota cuenta con una planta en Baja California<\/strong>\u00a0que est\u00e1 operando desde 2004, pero 2015 anunciaron una nueva planta en Guanajuato, originalmente con un veh\u00edculo. \u201cPero luego cambiamos a Tacoma, que siempre fue la mejor apuesta que pudo haber hecho Toyota hacia un producto espec\u00edfico. Es un segmento que va creciendo mucho en Norteam\u00e9rica y entonces ambas plantas han sido seleccionadas por la compa\u00f1\u00eda por la calidad de la manufactura mexicana para hacer Tacoma, y vamos muy bien\u201d.<\/p>\n<h2><strong>TACOMA LA ROMPE<\/strong><\/h2>\n<p>Hace unas semanas\u00a0<strong>se pudo probar por primera vez<\/strong>\u00a0en terreno \u201crudo\u201d la\u00a0<strong>Tacoma h\u00edbrida<\/strong>\u00a0de la compa\u00f1\u00eda, y\u00a0<strong>no decepcion\u00f3<\/strong>. \u201cDe hecho yo ped\u00ed en ese evento conducir este veh\u00edculo, en condiciones muy dif\u00edciles, lodo, subidas, bajadas a off road, off road de a de veras. Y la verdad es que pedimos ver y sentir que esta unidad h\u00edbrida el\u00e9ctrica tiene el mismo performance de un auto de combusti\u00f3n interna. Es un gran veh\u00edculo con mucha tecnolog\u00eda abordo\u201d.<\/p>\n<p>Bajo esta estrategia de estar trabajando con este tipo de veh\u00edculos, Lozano comenta que siempre se est\u00e1n buscando oportunidades para invertir y crecer. \u201cHoy tenemos un esquema bastante robusto en toda Norteam\u00e9rica. Tenemos 10 plantas en Estados Unidos, tenemos una en Canad\u00e1 y dos en M\u00e9xico. Producimos alrededor de 2.2 millones de veh\u00edculos al a\u00f1o. Nuestra capacidad est\u00e1 en lo que debe de ser, y estamos consolidando, estas capacidades para vender dentro de los mercados de Norteam\u00e9rica y tambi\u00e9n para exportar a otros mercados. Nunca descartamos la nueva movilidad\u201d.<\/p>\n<p>Publicado originalmente por:\u00a0<a href=\"https:\/\/www.excelsior.com.mx\/nacional\/movilidad-es-sentirse-libre-luis-lozano-toyota\/1663419\">https:\/\/www.excelsior.com.mx\/nacional\/movilidad-es-sentirse-libre-luis-lozano-toyota\/1663419<\/a><\/p>\n","protected":false},"excerpt":{"rendered":"<p>El l\u00edder de la automotriz japonesa en M\u00e9xico explica que moverse va m\u00e1s all\u00e1 de subirse a un veh\u00edculo con llantas, y en eso trabajan. El\u00a0concepto de movilidad\u00a0dice que\u00a0es una actividad que involucra el desplazamiento de personas\u00a0de un sitio a otro, ya sea\u00a0a trav\u00e9s de sus propios medios\u00a0de locomoci\u00f3n\u00a0o utilizando alg\u00fan tipo de transporte. Sin [&hellip;]<\/p>\n","protected":false},"author":2,"featured_media":12031,"comment_status":"closed","ping_status":"open","sticky":false,"template":"","format":"standard","meta":{"jetpack_post_was_ever_published":false,"_jetpack_newsletter_access":"","_jetpack_dont_email_post_to_subs":false,"_jetpack_newsletter_tier_id":0,"_jetpack_memberships_contains_paywalled_content":false,"_jetpack_memberships_contains_paid_content":false,"footnotes":""},"categories":[4],"tags":[],"class_list":["post-12030","post","type-post","status-publish","format-standard","has-post-thumbnail","hentry","category-logistics"],"yoast_head":"<!-- This site is optimized with the Yoast SEO plugin v25.7 - https:\/\/yoast.com\/wordpress\/plugins\/seo\/ -->\n<title>La movilidad es sentirse libre: Luis Lozano, CEO de Toyota - Blog | GPI NEWS<\/title>\n<meta name=\"robots\" content=\"index, follow, max-snippet:-1, max-image-preview:large, max-video-preview:-1\" \/>\n<link rel=\"canonical\" href=\"https:\/\/puertointerior.guanajuato.gob.mx\/blog\/2024\/07\/20\/la-movilidad-es-sentirse-libre-luis-lozano-ceo-de-toyota\/\" \/>\n<meta property=\"og:locale\" content=\"es_MX\" \/>\n<meta property=\"og:type\" content=\"article\" \/>\n<meta property=\"og:title\" content=\"La movilidad es sentirse libre: Luis Lozano, CEO de Toyota - Blog | GPI NEWS\" \/>\n<meta property=\"og:description\" content=\"El l\u00edder de la automotriz japonesa en M\u00e9xico explica que moverse va m\u00e1s all\u00e1 de subirse a un veh\u00edculo con llantas, y en eso trabajan. El\u00a0concepto de movilidad\u00a0dice que\u00a0es una actividad que involucra el desplazamiento de personas\u00a0de un sitio a otro, ya sea\u00a0a trav\u00e9s de sus propios medios\u00a0de locomoci\u00f3n\u00a0o utilizando alg\u00fan tipo de transporte. Sin [&hellip;]\" \/>\n<meta property=\"og:url\" content=\"https:\/\/puertointerior.guanajuato.gob.mx\/blog\/2024\/07\/20\/la-movilidad-es-sentirse-libre-luis-lozano-ceo-de-toyota\/\" \/>\n<meta property=\"og:site_name\" content=\"Blog | GPI NEWS\" \/>\n<meta property=\"article:published_time\" content=\"2024-07-21T00:54:53+00:00\" \/>\n<meta property=\"og:image\" content=\"https:\/\/puertointerior.guanajuato.gob.mx\/blog\/wp-content\/uploads\/2024\/07\/3147986.jpg\" \/>\n\t<meta property=\"og:image:width\" content=\"800\" \/>\n\t<meta property=\"og:image:height\" content=\"600\" \/>\n\t<meta property=\"og:image:type\" content=\"image\/jpeg\" \/>\n<meta name=\"author\" content=\"GPI NEWS\" \/>\n<meta name=\"twitter:card\" content=\"summary_large_image\" \/>\n<meta name=\"twitter:label1\" content=\"Escrito por\" \/>\n\t<meta name=\"twitter:data1\" content=\"GPI NEWS\" \/>\n\t<meta name=\"twitter:label2\" content=\"Tiempo de lectura\" \/>\n\t<meta name=\"twitter:data2\" content=\"4 minutos\" \/>\n<script type=\"application\/ld+json\" class=\"yoast-schema-graph\">{\"@context\":\"https:\/\/schema.org\",\"@graph\":[{\"@type\":\"WebPage\",\"@id\":\"https:\/\/puertointerior.guanajuato.gob.mx\/blog\/2024\/07\/20\/la-movilidad-es-sentirse-libre-luis-lozano-ceo-de-toyota\/\",\"url\":\"https:\/\/puertointerior.guanajuato.gob.mx\/blog\/2024\/07\/20\/la-movilidad-es-sentirse-libre-luis-lozano-ceo-de-toyota\/\",\"name\":\"La movilidad es sentirse libre: Luis Lozano, CEO de Toyota - Blog | GPI NEWS\",\"isPartOf\":{\"@id\":\"https:\/\/puertointerior.guanajuato.gob.mx\/blog\/#website\"},\"primaryImageOfPage\":{\"@id\":\"https:\/\/puertointerior.guanajuato.gob.mx\/blog\/2024\/07\/20\/la-movilidad-es-sentirse-libre-luis-lozano-ceo-de-toyota\/#primaryimage\"},\"image\":{\"@id\":\"https:\/\/puertointerior.guanajuato.gob.mx\/blog\/2024\/07\/20\/la-movilidad-es-sentirse-libre-luis-lozano-ceo-de-toyota\/#primaryimage\"},\"thumbnailUrl\":\"https:\/\/puertointerior.guanajuato.gob.mx\/blog\/wp-content\/uploads\/2024\/07\/3147986.jpg\",\"datePublished\":\"2024-07-21T00:54:53+00:00\",\"author\":{\"@id\":\"https:\/\/puertointerior.guanajuato.gob.mx\/blog\/#\/schema\/person\/f4851bb8a48c32d7fba5285caf4ef1c4\"},\"breadcrumb\":{\"@id\":\"https:\/\/puertointerior.guanajuato.gob.mx\/blog\/2024\/07\/20\/la-movilidad-es-sentirse-libre-luis-lozano-ceo-de-toyota\/#breadcrumb\"},\"inLanguage\":\"es\",\"potentialAction\":[{\"@type\":\"ReadAction\",\"target\":[\"https:\/\/puertointerior.guanajuato.gob.mx\/blog\/2024\/07\/20\/la-movilidad-es-sentirse-libre-luis-lozano-ceo-de-toyota\/\"]}]},{\"@type\":\"ImageObject\",\"inLanguage\":\"es\",\"@id\":\"https:\/\/puertointerior.guanajuato.gob.mx\/blog\/2024\/07\/20\/la-movilidad-es-sentirse-libre-luis-lozano-ceo-de-toyota\/#primaryimage\",\"url\":\"https:\/\/puertointerior.guanajuato.gob.mx\/blog\/wp-content\/uploads\/2024\/07\/3147986.jpg\",\"contentUrl\":\"https:\/\/puertointerior.guanajuato.gob.mx\/blog\/wp-content\/uploads\/2024\/07\/3147986.jpg\",\"width\":800,\"height\":600},{\"@type\":\"BreadcrumbList\",\"@id\":\"https:\/\/puertointerior.guanajuato.gob.mx\/blog\/2024\/07\/20\/la-movilidad-es-sentirse-libre-luis-lozano-ceo-de-toyota\/#breadcrumb\",\"itemListElement\":[{\"@type\":\"ListItem\",\"position\":1,\"name\":\"Inicio\",\"item\":\"https:\/\/puertointerior.guanajuato.gob.mx\/blog\/\"},{\"@type\":\"ListItem\",\"position\":2,\"name\":\"La movilidad es sentirse libre: Luis Lozano, CEO de Toyota\"}]},{\"@type\":\"WebSite\",\"@id\":\"https:\/\/puertointerior.guanajuato.gob.mx\/blog\/#website\",\"url\":\"https:\/\/puertointerior.guanajuato.gob.mx\/blog\/\",\"name\":\"Blog | GPI NEWS\",\"description\":\"Guanajuato Puerto Interior\",\"potentialAction\":[{\"@type\":\"SearchAction\",\"target\":{\"@type\":\"EntryPoint\",\"urlTemplate\":\"https:\/\/puertointerior.guanajuato.gob.mx\/blog\/?s={search_term_string}\"},\"query-input\":{\"@type\":\"PropertyValueSpecification\",\"valueRequired\":true,\"valueName\":\"search_term_string\"}}],\"inLanguage\":\"es\"},{\"@type\":\"Person\",\"@id\":\"https:\/\/puertointerior.guanajuato.gob.mx\/blog\/#\/schema\/person\/f4851bb8a48c32d7fba5285caf4ef1c4\",\"name\":\"GPI NEWS\",\"image\":{\"@type\":\"ImageObject\",\"inLanguage\":\"es\",\"@id\":\"https:\/\/puertointerior.guanajuato.gob.mx\/blog\/#\/schema\/person\/image\/\",\"url\":\"https:\/\/secure.gravatar.com\/avatar\/612aca53a708cefc5ebe15ab0bc63c51a8ba58563e45c17848fa400e627e2717?s=96&d=mm&r=g\",\"contentUrl\":\"https:\/\/secure.gravatar.com\/avatar\/612aca53a708cefc5ebe15ab0bc63c51a8ba58563e45c17848fa400e627e2717?s=96&d=mm&r=g\",\"caption\":\"GPI NEWS\"},\"url\":\"https:\/\/puertointerior.guanajuato.gob.mx\/blog\/author\/rafa-jacinto\/\"}]}<\/script>\n<!-- \/ Yoast SEO plugin. -->","yoast_head_json":{"title":"La movilidad es sentirse libre: Luis Lozano, CEO de Toyota - Blog | GPI NEWS","robots":{"index":"index","follow":"follow","max-snippet":"max-snippet:-1","max-image-preview":"max-image-preview:large","max-video-preview":"max-video-preview:-1"},"canonical":"https:\/\/puertointerior.guanajuato.gob.mx\/blog\/2024\/07\/20\/la-movilidad-es-sentirse-libre-luis-lozano-ceo-de-toyota\/","og_locale":"es_MX","og_type":"article","og_title":"La movilidad es sentirse libre: Luis Lozano, CEO de Toyota - Blog | GPI NEWS","og_description":"El l\u00edder de la automotriz japonesa en M\u00e9xico explica que moverse va m\u00e1s all\u00e1 de subirse a un veh\u00edculo con llantas, y en eso trabajan. El\u00a0concepto de movilidad\u00a0dice que\u00a0es una actividad que involucra el desplazamiento de personas\u00a0de un sitio a otro, ya sea\u00a0a trav\u00e9s de sus propios medios\u00a0de locomoci\u00f3n\u00a0o utilizando alg\u00fan tipo de transporte. Sin [&hellip;]","og_url":"https:\/\/puertointerior.guanajuato.gob.mx\/blog\/2024\/07\/20\/la-movilidad-es-sentirse-libre-luis-lozano-ceo-de-toyota\/","og_site_name":"Blog | GPI NEWS","article_published_time":"2024-07-21T00:54:53+00:00","og_image":[{"width":800,"height":600,"url":"https:\/\/puertointerior.guanajuato.gob.mx\/blog\/wp-content\/uploads\/2024\/07\/3147986.jpg","type":"image\/jpeg"}],"author":"GPI NEWS","twitter_card":"summary_large_image","twitter_misc":{"Escrito por":"GPI NEWS","Tiempo de lectura":"4 minutos"},"schema":{"@context":"https:\/\/schema.org","@graph":[{"@type":"WebPage","@id":"https:\/\/puertointerior.guanajuato.gob.mx\/blog\/2024\/07\/20\/la-movilidad-es-sentirse-libre-luis-lozano-ceo-de-toyota\/","url":"https:\/\/puertointerior.guanajuato.gob.mx\/blog\/2024\/07\/20\/la-movilidad-es-sentirse-libre-luis-lozano-ceo-de-toyota\/","name":"La movilidad es sentirse libre: Luis Lozano, CEO de Toyota - Blog | GPI NEWS","isPartOf":{"@id":"https:\/\/puertointerior.guanajuato.gob.mx\/blog\/#website"},"primaryImageOfPage":{"@id":"https:\/\/puertointerior.guanajuato.gob.mx\/blog\/2024\/07\/20\/la-movilidad-es-sentirse-libre-luis-lozano-ceo-de-toyota\/#primaryimage"},"image":{"@id":"https:\/\/puertointerior.guanajuato.gob.mx\/blog\/2024\/07\/20\/la-movilidad-es-sentirse-libre-luis-lozano-ceo-de-toyota\/#primaryimage"},"thumbnailUrl":"https:\/\/puertointerior.guanajuato.gob.mx\/blog\/wp-content\/uploads\/2024\/07\/3147986.jpg","datePublished":"2024-07-21T00:54:53+00:00","author":{"@id":"https:\/\/puertointerior.guanajuato.gob.mx\/blog\/#\/schema\/person\/f4851bb8a48c32d7fba5285caf4ef1c4"},"breadcrumb":{"@id":"https:\/\/puertointerior.guanajuato.gob.mx\/blog\/2024\/07\/20\/la-movilidad-es-sentirse-libre-luis-lozano-ceo-de-toyota\/#breadcrumb"},"inLanguage":"es","potentialAction":[{"@type":"ReadAction","target":["https:\/\/puertointerior.guanajuato.gob.mx\/blog\/2024\/07\/20\/la-movilidad-es-sentirse-libre-luis-lozano-ceo-de-toyota\/"]}]},{"@type":"ImageObject","inLanguage":"es","@id":"https:\/\/puertointerior.guanajuato.gob.mx\/blog\/2024\/07\/20\/la-movilidad-es-sentirse-libre-luis-lozano-ceo-de-toyota\/#primaryimage","url":"https:\/\/puertointerior.guanajuato.gob.mx\/blog\/wp-content\/uploads\/2024\/07\/3147986.jpg","contentUrl":"https:\/\/puertointerior.guanajuato.gob.mx\/blog\/wp-content\/uploads\/2024\/07\/3147986.jpg","width":800,"height":600},{"@type":"BreadcrumbList","@id":"https:\/\/puertointerior.guanajuato.gob.mx\/blog\/2024\/07\/20\/la-movilidad-es-sentirse-libre-luis-lozano-ceo-de-toyota\/#breadcrumb","itemListElement":[{"@type":"ListItem","position":1,"name":"Inicio","item":"https:\/\/puertointerior.guanajuato.gob.mx\/blog\/"},{"@type":"ListItem","position":2,"name":"La movilidad es sentirse libre: Luis Lozano, CEO de Toyota"}]},{"@type":"WebSite","@id":"https:\/\/puertointerior.guanajuato.gob.mx\/blog\/#website","url":"https:\/\/puertointerior.guanajuato.gob.mx\/blog\/","name":"Blog | GPI NEWS","description":"Guanajuato Puerto Interior","potentialAction":[{"@type":"SearchAction","target":{"@type":"EntryPoint","urlTemplate":"https:\/\/puertointerior.guanajuato.gob.mx\/blog\/?s={search_term_string}"},"query-input":{"@type":"PropertyValueSpecification","valueRequired":true,"valueName":"search_term_string"}}],"inLanguage":"es"},{"@type":"Person","@id":"https:\/\/puertointerior.guanajuato.gob.mx\/blog\/#\/schema\/person\/f4851bb8a48c32d7fba5285caf4ef1c4","name":"GPI NEWS","image":{"@type":"ImageObject","inLanguage":"es","@id":"https:\/\/puertointerior.guanajuato.gob.mx\/blog\/#\/schema\/person\/image\/","url":"https:\/\/secure.gravatar.com\/avatar\/612aca53a708cefc5ebe15ab0bc63c51a8ba58563e45c17848fa400e627e2717?s=96&d=mm&r=g","contentUrl":"https:\/\/secure.gravatar.com\/avatar\/612aca53a708cefc5ebe15ab0bc63c51a8ba58563e45c17848fa400e627e2717?s=96&d=mm&r=g","caption":"GPI NEWS"},"url":"https:\/\/puertointerior.guanajuato.gob.mx\/blog\/author\/rafa-jacinto\/"}]}},"jetpack_featured_media_url":"https:\/\/puertointerior.guanajuato.gob.mx\/blog\/wp-content\/uploads\/2024\/07\/3147986.jpg","jetpack_sharing_enabled":true,"jetpack_shortlink":"https:\/\/wp.me\/pcnMPA-382","_links":{"self":[{"href":"https:\/\/puertointerior.guanajuato.gob.mx\/blog\/wp-json\/wp\/v2\/posts\/12030","targetHints":{"allow":["GET"]}}],"collection":[{"href":"https:\/\/puertointerior.guanajuato.gob.mx\/blog\/wp-json\/wp\/v2\/posts"}],"about":[{"href":"https:\/\/puertointerior.guanajuato.gob.mx\/blog\/wp-json\/wp\/v2\/types\/post"}],"author":[{"embeddable":true,"href":"https:\/\/puertointerior.guanajuato.gob.mx\/blog\/wp-json\/wp\/v2\/users\/2"}],"replies":[{"embeddable":true,"href":"https:\/\/puertointerior.guanajuato.gob.mx\/blog\/wp-json\/wp\/v2\/comments?post=12030"}],"version-history":[{"count":1,"href":"https:\/\/puertointerior.guanajuato.gob.mx\/blog\/wp-json\/wp\/v2\/posts\/12030\/revisions"}],"predecessor-version":[{"id":12032,"href":"https:\/\/puertointerior.guanajuato.gob.mx\/blog\/wp-json\/wp\/v2\/posts\/12030\/revisions\/12032"}],"wp:featuredmedia":[{"embeddable":true,"href":"https:\/\/puertointerior.guanajuato.gob.mx\/blog\/wp-json\/wp\/v2\/media\/12031"}],"wp:attachment":[{"href":"https:\/\/puertointerior.guanajuato.gob.mx\/blog\/wp-json\/wp\/v2\/media?parent=12030"}],"wp:term":[{"taxonomy":"category","embeddable":true,"href":"https:\/\/puertointerior.guanajuato.gob.mx\/blog\/wp-json\/wp\/v2\/categories?post=12030"},{"taxonomy":"post_tag","embeddable":true,"href":"https:\/\/puertointerior.guanajuato.gob.mx\/blog\/wp-json\/wp\/v2\/tags?post=12030"}],"curies":[{"name":"wp","href":"https:\/\/api.w.org\/{rel}","templated":true}]}}