{"id":12442,"date":"2024-08-14T19:37:18","date_gmt":"2024-08-15T00:37:18","guid":{"rendered":"https:\/\/puertointerior.guanajuato.gob.mx\/blog\/?p=12442"},"modified":"2024-08-14T19:37:18","modified_gmt":"2024-08-15T00:37:18","slug":"alianza-de-empresas-eleva-en-114-puntos-la-infraestructura-de-recarga-de-autos-electricos","status":"publish","type":"post","link":"https:\/\/puertointerior.guanajuato.gob.mx\/blog\/2024\/08\/14\/alianza-de-empresas-eleva-en-114-puntos-la-infraestructura-de-recarga-de-autos-electricos\/","title":{"rendered":"Alianza de empresas eleva en 114 puntos la infraestructura de recarga de autos el\u00e9ctricos"},"content":{"rendered":"<p>La automotriz BMW y la cleantech VEMO coincidieron en su objetivo de acelerar la adopci\u00f3n de la electromovilidad en M\u00e9xico.<\/p>\n<p>En m\u00e1s de 20 sitios del pa\u00eds habr\u00e1 114 nuevos puntos p\u00fablicos para recarga de autos el\u00e9ctricos tras un acuerdo entre la fabricante de autos BMW Group, y la cleantech VEMO.<\/p>\n<p>Ambas compa\u00f1\u00edas anunciaron este lunes su alianza en este proyecto para acelerar el desarrollo de la infraestructura de recarga en M\u00e9xico para autos el\u00e9ctricos.<\/p>\n<p>Desde hace 10 a\u00f1os, el grupo BMW M\u00e9xico comercializa en el territorio mexicano, adem\u00e1s de sus unidades de combusti\u00f3n, autos puramente el\u00e9ctricos.<\/p>\n<p>As\u00ed, la compa\u00f1\u00eda busca impulsar la expansi\u00f3n de la red de carga para las unidades enchufables.<\/p>\n<blockquote><p>\u201cAdem\u00e1s de m\u00e1s de 33 mil cargadores personales o corporativos instalados en casas o compa\u00f1\u00edas de nuestros clientes, no vamos a dejar de apoyar la infraestructura en redes p\u00fablicas de nuestro pa\u00eds por medio de alianzas locales\u201d,\u00a0dijo Diego Camargo, CEO de BMW Group M\u00e9xico.<\/p><\/blockquote>\n<p>Por su lado, Roberto Rocha cofundador y CEO de VEMO coment\u00f3 que la alianza con la automotriz es un ejemplo de que uniendo fuerzas se puede allanar significativamente el camino para acelerar la adopci\u00f3n de electromovilidad.<\/p>\n<p class=\"fi-aic_90\">A la fecha, VEMO cuenta con m\u00e1s de 500 puntos de recarga instalados en 11 estados del pa\u00eds. Y de acuerdo con sus registros, el a\u00f1o pasado\u00a0logr\u00f3 desplazar 10,813 toneladas de CO2.<\/p>\n<p>Seg\u00fan datos recientes del Bar\u00f3metro de Electromovilidad de M\u00e9xico realizado por Electro Movilidad Asociaci\u00f3n (EMA), la infraestructura de recarga para veh\u00edculos el\u00e9ctricos aument\u00f3 23% en el segundo trimestre de este a\u00f1o, a 39,257 posiciones.<\/p>\n<p>Publicado originalmente por:\u00a0<a href=\"https:\/\/www.forbes.com.mx\/alianza-de-empresas-eleva-en-114-puntos-la-infraestructura-de-recarga-de-autos-electricos\/\">https:\/\/www.forbes.com.mx\/alianza-de-empresas-eleva-en-114-puntos-la-infraestructura-de-recarga-de-autos-electricos\/<\/a><\/p>\n","protected":false},"excerpt":{"rendered":"<p>La automotriz BMW y la cleantech VEMO coincidieron en su objetivo de acelerar la adopci\u00f3n de la electromovilidad en M\u00e9xico. En m\u00e1s de 20 sitios del pa\u00eds habr\u00e1 114 nuevos puntos p\u00fablicos para recarga de autos el\u00e9ctricos tras un acuerdo entre la fabricante de autos BMW Group, y la cleantech VEMO. Ambas compa\u00f1\u00edas anunciaron este [&hellip;]<\/p>\n","protected":false},"author":2,"featured_media":12443,"comment_status":"closed","ping_status":"open","sticky":false,"template":"","format":"standard","meta":{"jetpack_post_was_ever_published":false,"_jetpack_newsletter_access":"","_jetpack_dont_email_post_to_subs":false,"_jetpack_newsletter_tier_id":0,"_jetpack_memberships_contains_paywalled_content":false,"_jetpack_memberships_contains_paid_content":false,"footnotes":""},"categories":[4],"tags":[],"class_list":["post-12442","post","type-post","status-publish","format-standard","has-post-thumbnail","hentry","category-logistics"],"yoast_head":"<!-- This site is optimized with the Yoast SEO plugin v25.7 - https:\/\/yoast.com\/wordpress\/plugins\/seo\/ -->\n<title>Alianza de empresas eleva en 114 puntos la infraestructura de recarga de autos el\u00e9ctricos - Blog | GPI NEWS<\/title>\n<meta name=\"robots\" content=\"index, follow, max-snippet:-1, max-image-preview:large, max-video-preview:-1\" \/>\n<link rel=\"canonical\" href=\"https:\/\/puertointerior.guanajuato.gob.mx\/blog\/2024\/08\/14\/alianza-de-empresas-eleva-en-114-puntos-la-infraestructura-de-recarga-de-autos-electricos\/\" \/>\n<meta property=\"og:locale\" content=\"es_MX\" \/>\n<meta property=\"og:type\" content=\"article\" \/>\n<meta property=\"og:title\" content=\"Alianza de empresas eleva en 114 puntos la infraestructura de recarga de autos el\u00e9ctricos - Blog | GPI NEWS\" \/>\n<meta property=\"og:description\" content=\"La automotriz BMW y la cleantech VEMO coincidieron en su objetivo de acelerar la adopci\u00f3n de la electromovilidad en M\u00e9xico. En m\u00e1s de 20 sitios del pa\u00eds habr\u00e1 114 nuevos puntos p\u00fablicos para recarga de autos el\u00e9ctricos tras un acuerdo entre la fabricante de autos BMW Group, y la cleantech VEMO. Ambas compa\u00f1\u00edas anunciaron este [&hellip;]\" \/>\n<meta property=\"og:url\" content=\"https:\/\/puertointerior.guanajuato.gob.mx\/blog\/2024\/08\/14\/alianza-de-empresas-eleva-en-114-puntos-la-infraestructura-de-recarga-de-autos-electricos\/\" \/>\n<meta property=\"og:site_name\" content=\"Blog | GPI NEWS\" \/>\n<meta property=\"article:published_time\" content=\"2024-08-15T00:37:18+00:00\" \/>\n<meta property=\"og:image\" content=\"https:\/\/puertointerior.guanajuato.gob.mx\/blog\/wp-content\/uploads\/2024\/08\/recarga-VEMO-autos-electricos-BMW-640x360-1.jpg\" \/>\n\t<meta property=\"og:image:width\" content=\"640\" \/>\n\t<meta property=\"og:image:height\" content=\"360\" \/>\n\t<meta property=\"og:image:type\" content=\"image\/jpeg\" \/>\n<meta name=\"author\" content=\"GPI NEWS\" \/>\n<meta name=\"twitter:card\" content=\"summary_large_image\" \/>\n<meta name=\"twitter:label1\" content=\"Escrito por\" \/>\n\t<meta name=\"twitter:data1\" content=\"GPI NEWS\" \/>\n\t<meta name=\"twitter:label2\" content=\"Tiempo de lectura\" \/>\n\t<meta name=\"twitter:data2\" content=\"1 minuto\" \/>\n<script type=\"application\/ld+json\" class=\"yoast-schema-graph\">{\"@context\":\"https:\/\/schema.org\",\"@graph\":[{\"@type\":\"WebPage\",\"@id\":\"https:\/\/puertointerior.guanajuato.gob.mx\/blog\/2024\/08\/14\/alianza-de-empresas-eleva-en-114-puntos-la-infraestructura-de-recarga-de-autos-electricos\/\",\"url\":\"https:\/\/puertointerior.guanajuato.gob.mx\/blog\/2024\/08\/14\/alianza-de-empresas-eleva-en-114-puntos-la-infraestructura-de-recarga-de-autos-electricos\/\",\"name\":\"Alianza de empresas eleva en 114 puntos la infraestructura de recarga de autos el\u00e9ctricos - Blog | GPI NEWS\",\"isPartOf\":{\"@id\":\"https:\/\/puertointerior.guanajuato.gob.mx\/blog\/#website\"},\"primaryImageOfPage\":{\"@id\":\"https:\/\/puertointerior.guanajuato.gob.mx\/blog\/2024\/08\/14\/alianza-de-empresas-eleva-en-114-puntos-la-infraestructura-de-recarga-de-autos-electricos\/#primaryimage\"},\"image\":{\"@id\":\"https:\/\/puertointerior.guanajuato.gob.mx\/blog\/2024\/08\/14\/alianza-de-empresas-eleva-en-114-puntos-la-infraestructura-de-recarga-de-autos-electricos\/#primaryimage\"},\"thumbnailUrl\":\"https:\/\/puertointerior.guanajuato.gob.mx\/blog\/wp-content\/uploads\/2024\/08\/recarga-VEMO-autos-electricos-BMW-640x360-1.jpg\",\"datePublished\":\"2024-08-15T00:37:18+00:00\",\"author\":{\"@id\":\"https:\/\/puertointerior.guanajuato.gob.mx\/blog\/#\/schema\/person\/f4851bb8a48c32d7fba5285caf4ef1c4\"},\"breadcrumb\":{\"@id\":\"https:\/\/puertointerior.guanajuato.gob.mx\/blog\/2024\/08\/14\/alianza-de-empresas-eleva-en-114-puntos-la-infraestructura-de-recarga-de-autos-electricos\/#breadcrumb\"},\"inLanguage\":\"es\",\"potentialAction\":[{\"@type\":\"ReadAction\",\"target\":[\"https:\/\/puertointerior.guanajuato.gob.mx\/blog\/2024\/08\/14\/alianza-de-empresas-eleva-en-114-puntos-la-infraestructura-de-recarga-de-autos-electricos\/\"]}]},{\"@type\":\"ImageObject\",\"inLanguage\":\"es\",\"@id\":\"https:\/\/puertointerior.guanajuato.gob.mx\/blog\/2024\/08\/14\/alianza-de-empresas-eleva-en-114-puntos-la-infraestructura-de-recarga-de-autos-electricos\/#primaryimage\",\"url\":\"https:\/\/puertointerior.guanajuato.gob.mx\/blog\/wp-content\/uploads\/2024\/08\/recarga-VEMO-autos-electricos-BMW-640x360-1.jpg\",\"contentUrl\":\"https:\/\/puertointerior.guanajuato.gob.mx\/blog\/wp-content\/uploads\/2024\/08\/recarga-VEMO-autos-electricos-BMW-640x360-1.jpg\",\"width\":640,\"height\":360},{\"@type\":\"BreadcrumbList\",\"@id\":\"https:\/\/puertointerior.guanajuato.gob.mx\/blog\/2024\/08\/14\/alianza-de-empresas-eleva-en-114-puntos-la-infraestructura-de-recarga-de-autos-electricos\/#breadcrumb\",\"itemListElement\":[{\"@type\":\"ListItem\",\"position\":1,\"name\":\"Inicio\",\"item\":\"https:\/\/puertointerior.guanajuato.gob.mx\/blog\/\"},{\"@type\":\"ListItem\",\"position\":2,\"name\":\"Alianza de empresas eleva en 114 puntos la infraestructura de recarga de autos el\u00e9ctricos\"}]},{\"@type\":\"WebSite\",\"@id\":\"https:\/\/puertointerior.guanajuato.gob.mx\/blog\/#website\",\"url\":\"https:\/\/puertointerior.guanajuato.gob.mx\/blog\/\",\"name\":\"Blog | GPI NEWS\",\"description\":\"Guanajuato Puerto Interior\",\"potentialAction\":[{\"@type\":\"SearchAction\",\"target\":{\"@type\":\"EntryPoint\",\"urlTemplate\":\"https:\/\/puertointerior.guanajuato.gob.mx\/blog\/?s={search_term_string}\"},\"query-input\":{\"@type\":\"PropertyValueSpecification\",\"valueRequired\":true,\"valueName\":\"search_term_string\"}}],\"inLanguage\":\"es\"},{\"@type\":\"Person\",\"@id\":\"https:\/\/puertointerior.guanajuato.gob.mx\/blog\/#\/schema\/person\/f4851bb8a48c32d7fba5285caf4ef1c4\",\"name\":\"GPI NEWS\",\"image\":{\"@type\":\"ImageObject\",\"inLanguage\":\"es\",\"@id\":\"https:\/\/puertointerior.guanajuato.gob.mx\/blog\/#\/schema\/person\/image\/\",\"url\":\"https:\/\/secure.gravatar.com\/avatar\/612aca53a708cefc5ebe15ab0bc63c51a8ba58563e45c17848fa400e627e2717?s=96&d=mm&r=g\",\"contentUrl\":\"https:\/\/secure.gravatar.com\/avatar\/612aca53a708cefc5ebe15ab0bc63c51a8ba58563e45c17848fa400e627e2717?s=96&d=mm&r=g\",\"caption\":\"GPI NEWS\"},\"url\":\"https:\/\/puertointerior.guanajuato.gob.mx\/blog\/author\/rafa-jacinto\/\"}]}<\/script>\n<!-- \/ Yoast SEO plugin. -->","yoast_head_json":{"title":"Alianza de empresas eleva en 114 puntos la infraestructura de recarga de autos el\u00e9ctricos - Blog | GPI NEWS","robots":{"index":"index","follow":"follow","max-snippet":"max-snippet:-1","max-image-preview":"max-image-preview:large","max-video-preview":"max-video-preview:-1"},"canonical":"https:\/\/puertointerior.guanajuato.gob.mx\/blog\/2024\/08\/14\/alianza-de-empresas-eleva-en-114-puntos-la-infraestructura-de-recarga-de-autos-electricos\/","og_locale":"es_MX","og_type":"article","og_title":"Alianza de empresas eleva en 114 puntos la infraestructura de recarga de autos el\u00e9ctricos - Blog | GPI NEWS","og_description":"La automotriz BMW y la cleantech VEMO coincidieron en su objetivo de acelerar la adopci\u00f3n de la electromovilidad en M\u00e9xico. En m\u00e1s de 20 sitios del pa\u00eds habr\u00e1 114 nuevos puntos p\u00fablicos para recarga de autos el\u00e9ctricos tras un acuerdo entre la fabricante de autos BMW Group, y la cleantech VEMO. Ambas compa\u00f1\u00edas anunciaron este [&hellip;]","og_url":"https:\/\/puertointerior.guanajuato.gob.mx\/blog\/2024\/08\/14\/alianza-de-empresas-eleva-en-114-puntos-la-infraestructura-de-recarga-de-autos-electricos\/","og_site_name":"Blog | GPI NEWS","article_published_time":"2024-08-15T00:37:18+00:00","og_image":[{"width":640,"height":360,"url":"https:\/\/puertointerior.guanajuato.gob.mx\/blog\/wp-content\/uploads\/2024\/08\/recarga-VEMO-autos-electricos-BMW-640x360-1.jpg","type":"image\/jpeg"}],"author":"GPI NEWS","twitter_card":"summary_large_image","twitter_misc":{"Escrito por":"GPI NEWS","Tiempo de lectura":"1 minuto"},"schema":{"@context":"https:\/\/schema.org","@graph":[{"@type":"WebPage","@id":"https:\/\/puertointerior.guanajuato.gob.mx\/blog\/2024\/08\/14\/alianza-de-empresas-eleva-en-114-puntos-la-infraestructura-de-recarga-de-autos-electricos\/","url":"https:\/\/puertointerior.guanajuato.gob.mx\/blog\/2024\/08\/14\/alianza-de-empresas-eleva-en-114-puntos-la-infraestructura-de-recarga-de-autos-electricos\/","name":"Alianza de empresas eleva en 114 puntos la infraestructura de recarga de autos el\u00e9ctricos - Blog | GPI NEWS","isPartOf":{"@id":"https:\/\/puertointerior.guanajuato.gob.mx\/blog\/#website"},"primaryImageOfPage":{"@id":"https:\/\/puertointerior.guanajuato.gob.mx\/blog\/2024\/08\/14\/alianza-de-empresas-eleva-en-114-puntos-la-infraestructura-de-recarga-de-autos-electricos\/#primaryimage"},"image":{"@id":"https:\/\/puertointerior.guanajuato.gob.mx\/blog\/2024\/08\/14\/alianza-de-empresas-eleva-en-114-puntos-la-infraestructura-de-recarga-de-autos-electricos\/#primaryimage"},"thumbnailUrl":"https:\/\/puertointerior.guanajuato.gob.mx\/blog\/wp-content\/uploads\/2024\/08\/recarga-VEMO-autos-electricos-BMW-640x360-1.jpg","datePublished":"2024-08-15T00:37:18+00:00","author":{"@id":"https:\/\/puertointerior.guanajuato.gob.mx\/blog\/#\/schema\/person\/f4851bb8a48c32d7fba5285caf4ef1c4"},"breadcrumb":{"@id":"https:\/\/puertointerior.guanajuato.gob.mx\/blog\/2024\/08\/14\/alianza-de-empresas-eleva-en-114-puntos-la-infraestructura-de-recarga-de-autos-electricos\/#breadcrumb"},"inLanguage":"es","potentialAction":[{"@type":"ReadAction","target":["https:\/\/puertointerior.guanajuato.gob.mx\/blog\/2024\/08\/14\/alianza-de-empresas-eleva-en-114-puntos-la-infraestructura-de-recarga-de-autos-electricos\/"]}]},{"@type":"ImageObject","inLanguage":"es","@id":"https:\/\/puertointerior.guanajuato.gob.mx\/blog\/2024\/08\/14\/alianza-de-empresas-eleva-en-114-puntos-la-infraestructura-de-recarga-de-autos-electricos\/#primaryimage","url":"https:\/\/puertointerior.guanajuato.gob.mx\/blog\/wp-content\/uploads\/2024\/08\/recarga-VEMO-autos-electricos-BMW-640x360-1.jpg","contentUrl":"https:\/\/puertointerior.guanajuato.gob.mx\/blog\/wp-content\/uploads\/2024\/08\/recarga-VEMO-autos-electricos-BMW-640x360-1.jpg","width":640,"height":360},{"@type":"BreadcrumbList","@id":"https:\/\/puertointerior.guanajuato.gob.mx\/blog\/2024\/08\/14\/alianza-de-empresas-eleva-en-114-puntos-la-infraestructura-de-recarga-de-autos-electricos\/#breadcrumb","itemListElement":[{"@type":"ListItem","position":1,"name":"Inicio","item":"https:\/\/puertointerior.guanajuato.gob.mx\/blog\/"},{"@type":"ListItem","position":2,"name":"Alianza de empresas eleva en 114 puntos la infraestructura de recarga de autos el\u00e9ctricos"}]},{"@type":"WebSite","@id":"https:\/\/puertointerior.guanajuato.gob.mx\/blog\/#website","url":"https:\/\/puertointerior.guanajuato.gob.mx\/blog\/","name":"Blog | GPI NEWS","description":"Guanajuato Puerto Interior","potentialAction":[{"@type":"SearchAction","target":{"@type":"EntryPoint","urlTemplate":"https:\/\/puertointerior.guanajuato.gob.mx\/blog\/?s={search_term_string}"},"query-input":{"@type":"PropertyValueSpecification","valueRequired":true,"valueName":"search_term_string"}}],"inLanguage":"es"},{"@type":"Person","@id":"https:\/\/puertointerior.guanajuato.gob.mx\/blog\/#\/schema\/person\/f4851bb8a48c32d7fba5285caf4ef1c4","name":"GPI NEWS","image":{"@type":"ImageObject","inLanguage":"es","@id":"https:\/\/puertointerior.guanajuato.gob.mx\/blog\/#\/schema\/person\/image\/","url":"https:\/\/secure.gravatar.com\/avatar\/612aca53a708cefc5ebe15ab0bc63c51a8ba58563e45c17848fa400e627e2717?s=96&d=mm&r=g","contentUrl":"https:\/\/secure.gravatar.com\/avatar\/612aca53a708cefc5ebe15ab0bc63c51a8ba58563e45c17848fa400e627e2717?s=96&d=mm&r=g","caption":"GPI NEWS"},"url":"https:\/\/puertointerior.guanajuato.gob.mx\/blog\/author\/rafa-jacinto\/"}]}},"jetpack_featured_media_url":"https:\/\/puertointerior.guanajuato.gob.mx\/blog\/wp-content\/uploads\/2024\/08\/recarga-VEMO-autos-electricos-BMW-640x360-1.jpg","jetpack_sharing_enabled":true,"jetpack_shortlink":"https:\/\/wp.me\/pcnMPA-3eG","_links":{"self":[{"href":"https:\/\/puertointerior.guanajuato.gob.mx\/blog\/wp-json\/wp\/v2\/posts\/12442","targetHints":{"allow":["GET"]}}],"collection":[{"href":"https:\/\/puertointerior.guanajuato.gob.mx\/blog\/wp-json\/wp\/v2\/posts"}],"about":[{"href":"https:\/\/puertointerior.guanajuato.gob.mx\/blog\/wp-json\/wp\/v2\/types\/post"}],"author":[{"embeddable":true,"href":"https:\/\/puertointerior.guanajuato.gob.mx\/blog\/wp-json\/wp\/v2\/users\/2"}],"replies":[{"embeddable":true,"href":"https:\/\/puertointerior.guanajuato.gob.mx\/blog\/wp-json\/wp\/v2\/comments?post=12442"}],"version-history":[{"count":2,"href":"https:\/\/puertointerior.guanajuato.gob.mx\/blog\/wp-json\/wp\/v2\/posts\/12442\/revisions"}],"predecessor-version":[{"id":12445,"href":"https:\/\/puertointerior.guanajuato.gob.mx\/blog\/wp-json\/wp\/v2\/posts\/12442\/revisions\/12445"}],"wp:featuredmedia":[{"embeddable":true,"href":"https:\/\/puertointerior.guanajuato.gob.mx\/blog\/wp-json\/wp\/v2\/media\/12443"}],"wp:attachment":[{"href":"https:\/\/puertointerior.guanajuato.gob.mx\/blog\/wp-json\/wp\/v2\/media?parent=12442"}],"wp:term":[{"taxonomy":"category","embeddable":true,"href":"https:\/\/puertointerior.guanajuato.gob.mx\/blog\/wp-json\/wp\/v2\/categories?post=12442"},{"taxonomy":"post_tag","embeddable":true,"href":"https:\/\/puertointerior.guanajuato.gob.mx\/blog\/wp-json\/wp\/v2\/tags?post=12442"}],"curies":[{"name":"wp","href":"https:\/\/api.w.org\/{rel}","templated":true}]}}