{"id":12637,"date":"2024-08-23T20:20:56","date_gmt":"2024-08-24T01:20:56","guid":{"rendered":"https:\/\/puertointerior.guanajuato.gob.mx\/blog\/?p=12637"},"modified":"2024-08-23T20:20:56","modified_gmt":"2024-08-24T01:20:56","slug":"canada-pide-a-mexico-dialogo-conjunto-ante-eu-para-proxima-revision-del-t-mec","status":"publish","type":"post","link":"https:\/\/puertointerior.guanajuato.gob.mx\/blog\/2024\/08\/23\/canada-pide-a-mexico-dialogo-conjunto-ante-eu-para-proxima-revision-del-t-mec\/","title":{"rendered":"Canad\u00e1 pide a M\u00e9xico di\u00e1logo conjunto ante EU para pr\u00f3xima revisi\u00f3n del T-MEC"},"content":{"rendered":"<h2 class=\"subTitle text-2xl mb-5\">El embajador lanz\u00f3 un desaf\u00edo a la comunidad de negocios y a &#8220;todos aquellos a quienes les interesa trabajar&#8221; en la relaci\u00f3n entre los pa\u00edses norteamericanos.<\/h2>\n<p class=\"sc__font-paragraph\">El embajador de\u00a0<b>Canad\u00e1<\/b>\u00a0en M\u00e9xico,\u00a0<b>Graeme C. Clark,<\/b>\u00a0hizo este jueves un llamado a empresarios y autoridades mexicanas para unificar esfuerzos y entablar un di\u00e1logo conjunto con EU, de cara a la revisi\u00f3n del Tratado M\u00e9xico, Estados Unidos y Canad\u00e1 (<b>T-MEC<\/b>) en 2026.<\/p>\n<blockquote>\n<p class=\"sc__font-paragraph\">&#8220;El T-MEC no pueden ser dos negociaciones bilaterales con\u00a0<b>Estados Unidos<\/b>. Tiene que ser una relaci\u00f3n, una negociaci\u00f3n, una discusi\u00f3n o un di\u00e1logo entre los tres pa\u00edses&#8221;, indic\u00f3 Clark, en la inauguraci\u00f3n del foro de negocios\u00a0<b>M\u00e9xico<\/b>-Canad\u00e1<i>\u00a0&#8216;CanCham Day 2024&#8217;,\u00a0<\/i>en la capital mexicana.<\/p>\n<\/blockquote>\n<p>Asimismo, el embajador lanz\u00f3 un desaf\u00edo a la comunidad de negocios y a &#8220;todos aquellos a quienes les interesa trabajar&#8221; en la relaci\u00f3n entre los pa\u00edses norteamericanos.<\/p>\n<blockquote>\n<p class=\"sc__font-paragraph\">&#8220;Tenemos que tomarnos mutuamente en serio. Tenemos la gran fortuna de vivir en\u00a0<b>Am\u00e9rica del Norte<\/b>, con Estados Unidos en el centro, pero a veces nos cuesta, como canadienses, ir m\u00e1s all\u00e1 de Estados Unidos, de la misma forma que a ustedes mexicanos les cuesta ir m\u00e1s all\u00e1 de Estados Unidos&#8221;, se\u00f1al\u00f3 Clark.<\/p>\n<\/blockquote>\n<p class=\"sc__font-paragraph\">Adem\u00e1s, invit\u00f3 a &#8220;desarrollar ese instinto de pensar que s\u00ed hay otro socio con el cual podemos trabajar, con el cual podemos dialogar, y yo creo que vamos a ver eso en la\u00a0<b>revisi\u00f3n del T-MEC&#8221;.<\/b><\/p>\n<p>Por su parte, el presidente de la\u00a0<b>C\u00e1mara de Comercio de Canad\u00e1\u00a0<\/b>en M\u00e9xico, Luis Noriega, destac\u00f3 que este a\u00f1o se cumplen ocho d\u00e9cadas de relaciones comerciales entre los pa\u00edses, las cuales atraviesan momentos cruciales.<\/p>\n<blockquote><p>&#8220;Por mencionar algunos otros factores relevantes, trabajaremos con una nueva administraci\u00f3n liderada por la doctora\u00a0<b>Claudia Sheinbaum<\/b>. En noviembre, tendremos elecciones presidenciales en Estados Unidos y, a partir de 2026, la revisi\u00f3n del T-MEC&#8221;, apunt\u00f3.<\/p><\/blockquote>\n<p class=\"sc__font-paragraph\">Noriega resalt\u00f3 que la comunidad empresarial de l<b>a C\u00e1mara de Comercio de Canad\u00e1 en M\u00e9xico<\/b>\u00a0representa una inversi\u00f3n directa de m\u00e1s de 40 mil millones de d\u00f3lares canadienses (unos 573 mil millones de pesos mexicanos).<\/p>\n<blockquote>\n<p class=\"sc__font-paragraph\">&#8220;Canad\u00e1 se ha consolidado como el tercer pa\u00eds con mayor<b>\u00a0inversi\u00f3n extranjera directa en M\u00e9xico<\/b>, lo que ha generado empleos formales y ha contribuido significativamente al desarrollo econ\u00f3mico y social de nuestras naciones&#8221;, se\u00f1al\u00f3.<\/p>\n<\/blockquote>\n<p class=\"sc__font-paragraph\">El foro de negocios &#8216;<b>CanCham Day<\/b>&#8216; busca fortalecer la relaci\u00f3n bilateral entre las naciones norteamericanas, destacando que Canad\u00e1 es el segundo mayor socio comercial de M\u00e9xico, despu\u00e9s de Estados Unidos.<\/p>\n<p class=\"sc__font-paragraph\">El T-MEC, negociado en 2018 y ratificado en marzo de 2020, reemplaz\u00f3 al Tratado de Libre Comercio de Am\u00e9rica del Norte (<b>TLCAN<\/b>), que hab\u00eda estado en vigor desde 1994.<\/p>\n<p>Publicado originalmente por:\u00a0<a href=\"https:\/\/www.eluniversal.com.mx\/cartera\/canada-pide-a-mexico-dialogo-conjunto-ante-eu-para-proxima-revision-del-t-mec\/\">https:\/\/www.eluniversal.com.mx\/cartera\/canada-pide-a-mexico-dialogo-conjunto-ante-eu-para-proxima-revision-del-t-mec\/<\/a><\/p>\n<p>&nbsp;<\/p>\n","protected":false},"excerpt":{"rendered":"<p>El embajador lanz\u00f3 un desaf\u00edo a la comunidad de negocios y a &#8220;todos aquellos a quienes les interesa trabajar&#8221; en la relaci\u00f3n entre los pa\u00edses norteamericanos. El embajador de\u00a0Canad\u00e1\u00a0en M\u00e9xico,\u00a0Graeme C. Clark,\u00a0hizo este jueves un llamado a empresarios y autoridades mexicanas para unificar esfuerzos y entablar un di\u00e1logo conjunto con EU, de cara a la [&hellip;]<\/p>\n","protected":false},"author":2,"featured_media":12638,"comment_status":"closed","ping_status":"open","sticky":false,"template":"","format":"standard","meta":{"jetpack_post_was_ever_published":false,"_jetpack_newsletter_access":"","_jetpack_dont_email_post_to_subs":false,"_jetpack_newsletter_tier_id":0,"_jetpack_memberships_contains_paywalled_content":false,"_jetpack_memberships_contains_paid_content":false,"footnotes":""},"categories":[4],"tags":[],"class_list":["post-12637","post","type-post","status-publish","format-standard","has-post-thumbnail","hentry","category-logistics"],"yoast_head":"<!-- This site is optimized with the Yoast SEO plugin v25.7 - https:\/\/yoast.com\/wordpress\/plugins\/seo\/ -->\n<title>Canad\u00e1 pide a M\u00e9xico di\u00e1logo conjunto ante EU para pr\u00f3xima revisi\u00f3n del T-MEC - Blog | GPI NEWS<\/title>\n<meta name=\"robots\" content=\"index, follow, max-snippet:-1, max-image-preview:large, max-video-preview:-1\" \/>\n<link rel=\"canonical\" href=\"https:\/\/puertointerior.guanajuato.gob.mx\/blog\/2024\/08\/23\/canada-pide-a-mexico-dialogo-conjunto-ante-eu-para-proxima-revision-del-t-mec\/\" \/>\n<meta property=\"og:locale\" content=\"es_MX\" \/>\n<meta property=\"og:type\" content=\"article\" \/>\n<meta property=\"og:title\" content=\"Canad\u00e1 pide a M\u00e9xico di\u00e1logo conjunto ante EU para pr\u00f3xima revisi\u00f3n del T-MEC - Blog | GPI NEWS\" \/>\n<meta property=\"og:description\" content=\"El embajador lanz\u00f3 un desaf\u00edo a la comunidad de negocios y a &#8220;todos aquellos a quienes les interesa trabajar&#8221; en la relaci\u00f3n entre los pa\u00edses norteamericanos. El embajador de\u00a0Canad\u00e1\u00a0en M\u00e9xico,\u00a0Graeme C. Clark,\u00a0hizo este jueves un llamado a empresarios y autoridades mexicanas para unificar esfuerzos y entablar un di\u00e1logo conjunto con EU, de cara a la [&hellip;]\" \/>\n<meta property=\"og:url\" content=\"https:\/\/puertointerior.guanajuato.gob.mx\/blog\/2024\/08\/23\/canada-pide-a-mexico-dialogo-conjunto-ante-eu-para-proxima-revision-del-t-mec\/\" \/>\n<meta property=\"og:site_name\" content=\"Blog | GPI NEWS\" \/>\n<meta property=\"article:published_time\" content=\"2024-08-24T01:20:56+00:00\" \/>\n<meta property=\"og:image\" content=\"https:\/\/puertointerior.guanajuato.gob.mx\/blog\/wp-content\/uploads\/2024\/08\/7PMVK4BI3VBULB3SC27H3UN7HY.avif_.jpg\" \/>\n\t<meta property=\"og:image:width\" content=\"989\" \/>\n\t<meta property=\"og:image:height\" content=\"599\" \/>\n\t<meta property=\"og:image:type\" content=\"image\/jpeg\" \/>\n<meta name=\"author\" content=\"GPI NEWS\" \/>\n<meta name=\"twitter:card\" content=\"summary_large_image\" \/>\n<meta name=\"twitter:label1\" content=\"Escrito por\" \/>\n\t<meta name=\"twitter:data1\" content=\"GPI NEWS\" \/>\n\t<meta name=\"twitter:label2\" content=\"Tiempo de lectura\" \/>\n\t<meta name=\"twitter:data2\" content=\"2 minutos\" \/>\n<script type=\"application\/ld+json\" class=\"yoast-schema-graph\">{\"@context\":\"https:\/\/schema.org\",\"@graph\":[{\"@type\":\"WebPage\",\"@id\":\"https:\/\/puertointerior.guanajuato.gob.mx\/blog\/2024\/08\/23\/canada-pide-a-mexico-dialogo-conjunto-ante-eu-para-proxima-revision-del-t-mec\/\",\"url\":\"https:\/\/puertointerior.guanajuato.gob.mx\/blog\/2024\/08\/23\/canada-pide-a-mexico-dialogo-conjunto-ante-eu-para-proxima-revision-del-t-mec\/\",\"name\":\"Canad\u00e1 pide a M\u00e9xico di\u00e1logo conjunto ante EU para pr\u00f3xima revisi\u00f3n del T-MEC - Blog | GPI NEWS\",\"isPartOf\":{\"@id\":\"https:\/\/puertointerior.guanajuato.gob.mx\/blog\/#website\"},\"primaryImageOfPage\":{\"@id\":\"https:\/\/puertointerior.guanajuato.gob.mx\/blog\/2024\/08\/23\/canada-pide-a-mexico-dialogo-conjunto-ante-eu-para-proxima-revision-del-t-mec\/#primaryimage\"},\"image\":{\"@id\":\"https:\/\/puertointerior.guanajuato.gob.mx\/blog\/2024\/08\/23\/canada-pide-a-mexico-dialogo-conjunto-ante-eu-para-proxima-revision-del-t-mec\/#primaryimage\"},\"thumbnailUrl\":\"https:\/\/puertointerior.guanajuato.gob.mx\/blog\/wp-content\/uploads\/2024\/08\/7PMVK4BI3VBULB3SC27H3UN7HY.avif_.jpg\",\"datePublished\":\"2024-08-24T01:20:56+00:00\",\"author\":{\"@id\":\"https:\/\/puertointerior.guanajuato.gob.mx\/blog\/#\/schema\/person\/f4851bb8a48c32d7fba5285caf4ef1c4\"},\"breadcrumb\":{\"@id\":\"https:\/\/puertointerior.guanajuato.gob.mx\/blog\/2024\/08\/23\/canada-pide-a-mexico-dialogo-conjunto-ante-eu-para-proxima-revision-del-t-mec\/#breadcrumb\"},\"inLanguage\":\"es\",\"potentialAction\":[{\"@type\":\"ReadAction\",\"target\":[\"https:\/\/puertointerior.guanajuato.gob.mx\/blog\/2024\/08\/23\/canada-pide-a-mexico-dialogo-conjunto-ante-eu-para-proxima-revision-del-t-mec\/\"]}]},{\"@type\":\"ImageObject\",\"inLanguage\":\"es\",\"@id\":\"https:\/\/puertointerior.guanajuato.gob.mx\/blog\/2024\/08\/23\/canada-pide-a-mexico-dialogo-conjunto-ante-eu-para-proxima-revision-del-t-mec\/#primaryimage\",\"url\":\"https:\/\/puertointerior.guanajuato.gob.mx\/blog\/wp-content\/uploads\/2024\/08\/7PMVK4BI3VBULB3SC27H3UN7HY.avif_.jpg\",\"contentUrl\":\"https:\/\/puertointerior.guanajuato.gob.mx\/blog\/wp-content\/uploads\/2024\/08\/7PMVK4BI3VBULB3SC27H3UN7HY.avif_.jpg\",\"width\":989,\"height\":599},{\"@type\":\"BreadcrumbList\",\"@id\":\"https:\/\/puertointerior.guanajuato.gob.mx\/blog\/2024\/08\/23\/canada-pide-a-mexico-dialogo-conjunto-ante-eu-para-proxima-revision-del-t-mec\/#breadcrumb\",\"itemListElement\":[{\"@type\":\"ListItem\",\"position\":1,\"name\":\"Inicio\",\"item\":\"https:\/\/puertointerior.guanajuato.gob.mx\/blog\/\"},{\"@type\":\"ListItem\",\"position\":2,\"name\":\"Canad\u00e1 pide a M\u00e9xico di\u00e1logo conjunto ante EU para pr\u00f3xima revisi\u00f3n del T-MEC\"}]},{\"@type\":\"WebSite\",\"@id\":\"https:\/\/puertointerior.guanajuato.gob.mx\/blog\/#website\",\"url\":\"https:\/\/puertointerior.guanajuato.gob.mx\/blog\/\",\"name\":\"Blog | GPI NEWS\",\"description\":\"Guanajuato Puerto Interior\",\"potentialAction\":[{\"@type\":\"SearchAction\",\"target\":{\"@type\":\"EntryPoint\",\"urlTemplate\":\"https:\/\/puertointerior.guanajuato.gob.mx\/blog\/?s={search_term_string}\"},\"query-input\":{\"@type\":\"PropertyValueSpecification\",\"valueRequired\":true,\"valueName\":\"search_term_string\"}}],\"inLanguage\":\"es\"},{\"@type\":\"Person\",\"@id\":\"https:\/\/puertointerior.guanajuato.gob.mx\/blog\/#\/schema\/person\/f4851bb8a48c32d7fba5285caf4ef1c4\",\"name\":\"GPI NEWS\",\"image\":{\"@type\":\"ImageObject\",\"inLanguage\":\"es\",\"@id\":\"https:\/\/puertointerior.guanajuato.gob.mx\/blog\/#\/schema\/person\/image\/\",\"url\":\"https:\/\/secure.gravatar.com\/avatar\/612aca53a708cefc5ebe15ab0bc63c51a8ba58563e45c17848fa400e627e2717?s=96&d=mm&r=g\",\"contentUrl\":\"https:\/\/secure.gravatar.com\/avatar\/612aca53a708cefc5ebe15ab0bc63c51a8ba58563e45c17848fa400e627e2717?s=96&d=mm&r=g\",\"caption\":\"GPI NEWS\"},\"url\":\"https:\/\/puertointerior.guanajuato.gob.mx\/blog\/author\/rafa-jacinto\/\"}]}<\/script>\n<!-- \/ Yoast SEO plugin. -->","yoast_head_json":{"title":"Canad\u00e1 pide a M\u00e9xico di\u00e1logo conjunto ante EU para pr\u00f3xima revisi\u00f3n del T-MEC - Blog | GPI NEWS","robots":{"index":"index","follow":"follow","max-snippet":"max-snippet:-1","max-image-preview":"max-image-preview:large","max-video-preview":"max-video-preview:-1"},"canonical":"https:\/\/puertointerior.guanajuato.gob.mx\/blog\/2024\/08\/23\/canada-pide-a-mexico-dialogo-conjunto-ante-eu-para-proxima-revision-del-t-mec\/","og_locale":"es_MX","og_type":"article","og_title":"Canad\u00e1 pide a M\u00e9xico di\u00e1logo conjunto ante EU para pr\u00f3xima revisi\u00f3n del T-MEC - Blog | GPI NEWS","og_description":"El embajador lanz\u00f3 un desaf\u00edo a la comunidad de negocios y a &#8220;todos aquellos a quienes les interesa trabajar&#8221; en la relaci\u00f3n entre los pa\u00edses norteamericanos. El embajador de\u00a0Canad\u00e1\u00a0en M\u00e9xico,\u00a0Graeme C. Clark,\u00a0hizo este jueves un llamado a empresarios y autoridades mexicanas para unificar esfuerzos y entablar un di\u00e1logo conjunto con EU, de cara a la [&hellip;]","og_url":"https:\/\/puertointerior.guanajuato.gob.mx\/blog\/2024\/08\/23\/canada-pide-a-mexico-dialogo-conjunto-ante-eu-para-proxima-revision-del-t-mec\/","og_site_name":"Blog | GPI NEWS","article_published_time":"2024-08-24T01:20:56+00:00","og_image":[{"width":989,"height":599,"url":"https:\/\/puertointerior.guanajuato.gob.mx\/blog\/wp-content\/uploads\/2024\/08\/7PMVK4BI3VBULB3SC27H3UN7HY.avif_.jpg","type":"image\/jpeg"}],"author":"GPI NEWS","twitter_card":"summary_large_image","twitter_misc":{"Escrito por":"GPI NEWS","Tiempo de lectura":"2 minutos"},"schema":{"@context":"https:\/\/schema.org","@graph":[{"@type":"WebPage","@id":"https:\/\/puertointerior.guanajuato.gob.mx\/blog\/2024\/08\/23\/canada-pide-a-mexico-dialogo-conjunto-ante-eu-para-proxima-revision-del-t-mec\/","url":"https:\/\/puertointerior.guanajuato.gob.mx\/blog\/2024\/08\/23\/canada-pide-a-mexico-dialogo-conjunto-ante-eu-para-proxima-revision-del-t-mec\/","name":"Canad\u00e1 pide a M\u00e9xico di\u00e1logo conjunto ante EU para pr\u00f3xima revisi\u00f3n del T-MEC - Blog | GPI NEWS","isPartOf":{"@id":"https:\/\/puertointerior.guanajuato.gob.mx\/blog\/#website"},"primaryImageOfPage":{"@id":"https:\/\/puertointerior.guanajuato.gob.mx\/blog\/2024\/08\/23\/canada-pide-a-mexico-dialogo-conjunto-ante-eu-para-proxima-revision-del-t-mec\/#primaryimage"},"image":{"@id":"https:\/\/puertointerior.guanajuato.gob.mx\/blog\/2024\/08\/23\/canada-pide-a-mexico-dialogo-conjunto-ante-eu-para-proxima-revision-del-t-mec\/#primaryimage"},"thumbnailUrl":"https:\/\/puertointerior.guanajuato.gob.mx\/blog\/wp-content\/uploads\/2024\/08\/7PMVK4BI3VBULB3SC27H3UN7HY.avif_.jpg","datePublished":"2024-08-24T01:20:56+00:00","author":{"@id":"https:\/\/puertointerior.guanajuato.gob.mx\/blog\/#\/schema\/person\/f4851bb8a48c32d7fba5285caf4ef1c4"},"breadcrumb":{"@id":"https:\/\/puertointerior.guanajuato.gob.mx\/blog\/2024\/08\/23\/canada-pide-a-mexico-dialogo-conjunto-ante-eu-para-proxima-revision-del-t-mec\/#breadcrumb"},"inLanguage":"es","potentialAction":[{"@type":"ReadAction","target":["https:\/\/puertointerior.guanajuato.gob.mx\/blog\/2024\/08\/23\/canada-pide-a-mexico-dialogo-conjunto-ante-eu-para-proxima-revision-del-t-mec\/"]}]},{"@type":"ImageObject","inLanguage":"es","@id":"https:\/\/puertointerior.guanajuato.gob.mx\/blog\/2024\/08\/23\/canada-pide-a-mexico-dialogo-conjunto-ante-eu-para-proxima-revision-del-t-mec\/#primaryimage","url":"https:\/\/puertointerior.guanajuato.gob.mx\/blog\/wp-content\/uploads\/2024\/08\/7PMVK4BI3VBULB3SC27H3UN7HY.avif_.jpg","contentUrl":"https:\/\/puertointerior.guanajuato.gob.mx\/blog\/wp-content\/uploads\/2024\/08\/7PMVK4BI3VBULB3SC27H3UN7HY.avif_.jpg","width":989,"height":599},{"@type":"BreadcrumbList","@id":"https:\/\/puertointerior.guanajuato.gob.mx\/blog\/2024\/08\/23\/canada-pide-a-mexico-dialogo-conjunto-ante-eu-para-proxima-revision-del-t-mec\/#breadcrumb","itemListElement":[{"@type":"ListItem","position":1,"name":"Inicio","item":"https:\/\/puertointerior.guanajuato.gob.mx\/blog\/"},{"@type":"ListItem","position":2,"name":"Canad\u00e1 pide a M\u00e9xico di\u00e1logo conjunto ante EU para pr\u00f3xima revisi\u00f3n del T-MEC"}]},{"@type":"WebSite","@id":"https:\/\/puertointerior.guanajuato.gob.mx\/blog\/#website","url":"https:\/\/puertointerior.guanajuato.gob.mx\/blog\/","name":"Blog | GPI NEWS","description":"Guanajuato Puerto Interior","potentialAction":[{"@type":"SearchAction","target":{"@type":"EntryPoint","urlTemplate":"https:\/\/puertointerior.guanajuato.gob.mx\/blog\/?s={search_term_string}"},"query-input":{"@type":"PropertyValueSpecification","valueRequired":true,"valueName":"search_term_string"}}],"inLanguage":"es"},{"@type":"Person","@id":"https:\/\/puertointerior.guanajuato.gob.mx\/blog\/#\/schema\/person\/f4851bb8a48c32d7fba5285caf4ef1c4","name":"GPI NEWS","image":{"@type":"ImageObject","inLanguage":"es","@id":"https:\/\/puertointerior.guanajuato.gob.mx\/blog\/#\/schema\/person\/image\/","url":"https:\/\/secure.gravatar.com\/avatar\/612aca53a708cefc5ebe15ab0bc63c51a8ba58563e45c17848fa400e627e2717?s=96&d=mm&r=g","contentUrl":"https:\/\/secure.gravatar.com\/avatar\/612aca53a708cefc5ebe15ab0bc63c51a8ba58563e45c17848fa400e627e2717?s=96&d=mm&r=g","caption":"GPI NEWS"},"url":"https:\/\/puertointerior.guanajuato.gob.mx\/blog\/author\/rafa-jacinto\/"}]}},"jetpack_featured_media_url":"https:\/\/puertointerior.guanajuato.gob.mx\/blog\/wp-content\/uploads\/2024\/08\/7PMVK4BI3VBULB3SC27H3UN7HY.avif_.jpg","jetpack_sharing_enabled":true,"jetpack_shortlink":"https:\/\/wp.me\/pcnMPA-3hP","_links":{"self":[{"href":"https:\/\/puertointerior.guanajuato.gob.mx\/blog\/wp-json\/wp\/v2\/posts\/12637","targetHints":{"allow":["GET"]}}],"collection":[{"href":"https:\/\/puertointerior.guanajuato.gob.mx\/blog\/wp-json\/wp\/v2\/posts"}],"about":[{"href":"https:\/\/puertointerior.guanajuato.gob.mx\/blog\/wp-json\/wp\/v2\/types\/post"}],"author":[{"embeddable":true,"href":"https:\/\/puertointerior.guanajuato.gob.mx\/blog\/wp-json\/wp\/v2\/users\/2"}],"replies":[{"embeddable":true,"href":"https:\/\/puertointerior.guanajuato.gob.mx\/blog\/wp-json\/wp\/v2\/comments?post=12637"}],"version-history":[{"count":1,"href":"https:\/\/puertointerior.guanajuato.gob.mx\/blog\/wp-json\/wp\/v2\/posts\/12637\/revisions"}],"predecessor-version":[{"id":12639,"href":"https:\/\/puertointerior.guanajuato.gob.mx\/blog\/wp-json\/wp\/v2\/posts\/12637\/revisions\/12639"}],"wp:featuredmedia":[{"embeddable":true,"href":"https:\/\/puertointerior.guanajuato.gob.mx\/blog\/wp-json\/wp\/v2\/media\/12638"}],"wp:attachment":[{"href":"https:\/\/puertointerior.guanajuato.gob.mx\/blog\/wp-json\/wp\/v2\/media?parent=12637"}],"wp:term":[{"taxonomy":"category","embeddable":true,"href":"https:\/\/puertointerior.guanajuato.gob.mx\/blog\/wp-json\/wp\/v2\/categories?post=12637"},{"taxonomy":"post_tag","embeddable":true,"href":"https:\/\/puertointerior.guanajuato.gob.mx\/blog\/wp-json\/wp\/v2\/tags?post=12637"}],"curies":[{"name":"wp","href":"https:\/\/api.w.org\/{rel}","templated":true}]}}