{"id":12725,"date":"2024-08-28T10:36:18","date_gmt":"2024-08-28T15:36:18","guid":{"rendered":"https:\/\/puertointerior.guanajuato.gob.mx\/blog\/?p=12725"},"modified":"2024-08-28T10:36:18","modified_gmt":"2024-08-28T15:36:18","slug":"dti-has-mexico-recibe-a-delegacion-de-socios-de-la-cci-france-mexico-bajio","status":"publish","type":"post","link":"https:\/\/puertointerior.guanajuato.gob.mx\/blog\/2024\/08\/28\/dti-has-mexico-recibe-a-delegacion-de-socios-de-la-cci-france-mexico-bajio\/","title":{"rendered":"DTI- HAS M\u00e9xico recibe a delegaci\u00f3n de socios de la CCI France M\u00e9xico Baj\u00edo"},"content":{"rendered":"<p>Directivos de la empresa DTI (Difusi\u00f3n Textil Integral) y HAS M\u00e9xico recibieron en su planta instalada en el Parque Industrial Castro Del R\u00edo, en Irapuato, Guanajuato, a una delegaci\u00f3n de socios de la C\u00e1mara de Comercio e Industria Francia M\u00e9xico, Cap\u00edtulo Baj\u00edo.<\/p>\n<p>La compa\u00f1\u00eda especializada en el dise\u00f1o, fabricaci\u00f3n y mantenimiento de sistemas de dispersi\u00f3n de aire a trav\u00e9s de ductos textiles, brind\u00f3 un tour por su planta, en donde mostr\u00f3 los procesos de fabricaci\u00f3n de ductos as\u00ed como la integraci\u00f3n de las tecnolog\u00edas de punta implementadas. Actualmente el 30% de la producci\u00f3n se env\u00eda a Francia.<\/p>\n<p>La empresa fundada en 2004 tiene presencia en m\u00e1s de 20 pa\u00edses; tambi\u00e9n brinda el servicio de mantenimiento, el cual incluye lavado y limpieza de los ductos para segurar su durabilidad y rendimiento \u00f3ptimo, una parte esencial para mantener la calidad a largo plazo.<\/p>\n<p>Hugo Rodr\u00edguez Pastrana, director de la planta DTI explic\u00f3 que los ductos textiles son conductores y dispersores de aire, elaborados a base de fibra sint\u00e9tica, adaptables a cualquier espacio, aplicaci\u00f3n y requerimiento de aire logrando as\u00ed una dispersi\u00f3n homog\u00e9nea. Adem\u00e1s de que son est\u00e9ticamente m\u00e1s atractivos y f\u00e1cil de instalar, siendo una alternativa al ducto met\u00e1lico convencional.<\/p>\n<figure class=\"image image_resized\"><img decoding=\"async\" src=\"https:\/\/mexicoindustry.com\/admin\/images\/notas\/2024\/08\/oOSDILRZARs2x4m9McYbczLB4uwX3taWgV4YuwTc.jpg\" \/><\/figure>\n<h3><\/h3>\n<h3><strong>Proceso de fabricaci\u00f3n<\/strong><\/h3>\n<blockquote><p>\u201cEl proceso de fabricaci\u00f3n de los ductos inicia en el \u00e1rea de corte, en donde se realiza de forma automatizada a trav\u00e9s de una m\u00e1quina l\u00e1ser. As\u00ed garantizamos que las fibras de la tela no van a tener desgarre, sino que se corta y se cauteriza al mismo tiempo\u201d, explic\u00f3 Andrea Hern\u00e1ndez, representante del \u00e1rea comercial de DTI-HAS M\u00e9xico.<\/p><\/blockquote>\n<p>Hern\u00e1ndez explic\u00f3 que entre otras ventajas competitivas con las que cuenta, destaca brindar el servicio de an\u00e1lisis microbiol\u00f3gicos a sus clientes, principalmente a los ductos que est\u00e1n instalados en plantas dedicadas al sector alimentos.<\/p>\n<figure class=\"image image_resized image-style-side\"><img decoding=\"async\" src=\"https:\/\/mexicoindustry.com\/admin\/images\/notas\/2024\/08\/Bwima4mcHwWVChQrl0BmsZmsEIl2J7dWnqDAvPeW.jpg\" \/><\/figure>\n<blockquote><p>\u201cCuando nos llegan los ductos nosotros hacemos un registro de cada uno, en donde incluimos qui\u00e9n es el cliente, las condiciones en las que lleg\u00f3, si se requieren reparaciones, etc\u00e9tera. Adem\u00e1s tomamos evidencia fotogr\u00e1fica tanto digitales como microsc\u00f3picas para despu\u00e9s brindarle al cliente una comparativa con la entrega final\u201d, explic\u00f3.<\/p><\/blockquote>\n<p>En el tour participaron directivos y representantes de empresas como Rack-T, Wafios, TH Clima, Aire Equipos del Centro (AICEN), as\u00ed como representantes de la CCI Francia en M\u00e9xico.<\/p>\n<h3>\n<strong>Detalles de un ducto DTI<\/strong><\/h3>\n<p>-100% lavable<br \/>\n-98% m\u00e1s ligero<br \/>\n-30% eficiencia energ\u00e9tica<br \/>\n-20%\u00a0m\u00e1s\u00a0silencioso<\/p>\n<p>Publicado originalmente por:\u00a0<a href=\"https:\/\/mexicoindustry.com\/noticia\/dti-has-mexico-recibe-a-delegacion-de-socios-de-la-cci-france-mexico-bajio\">https:\/\/mexicoindustry.com\/noticia\/dti-has-mexico-recibe-a-delegacion-de-socios-de-la-cci-france-mexico-bajio<\/a><\/p>\n","protected":false},"excerpt":{"rendered":"<p>Directivos de la empresa DTI (Difusi\u00f3n Textil Integral) y HAS M\u00e9xico recibieron en su planta instalada en el Parque Industrial Castro Del R\u00edo, en Irapuato, Guanajuato, a una delegaci\u00f3n de socios de la C\u00e1mara de Comercio e Industria Francia M\u00e9xico, Cap\u00edtulo Baj\u00edo. La compa\u00f1\u00eda especializada en el dise\u00f1o, fabricaci\u00f3n y mantenimiento de sistemas de dispersi\u00f3n [&hellip;]<\/p>\n","protected":false},"author":2,"featured_media":12726,"comment_status":"closed","ping_status":"open","sticky":false,"template":"","format":"standard","meta":{"jetpack_post_was_ever_published":false,"_jetpack_newsletter_access":"","_jetpack_dont_email_post_to_subs":false,"_jetpack_newsletter_tier_id":0,"_jetpack_memberships_contains_paywalled_content":false,"_jetpack_memberships_contains_paid_content":false,"footnotes":""},"categories":[4],"tags":[],"class_list":["post-12725","post","type-post","status-publish","format-standard","has-post-thumbnail","hentry","category-logistics"],"yoast_head":"<!-- This site is optimized with the Yoast SEO plugin v25.7 - https:\/\/yoast.com\/wordpress\/plugins\/seo\/ -->\n<title>DTI- HAS M\u00e9xico recibe a delegaci\u00f3n de socios de la CCI France M\u00e9xico Baj\u00edo - Blog | GPI NEWS<\/title>\n<meta name=\"robots\" content=\"index, follow, max-snippet:-1, max-image-preview:large, max-video-preview:-1\" \/>\n<link rel=\"canonical\" href=\"https:\/\/puertointerior.guanajuato.gob.mx\/blog\/2024\/08\/28\/dti-has-mexico-recibe-a-delegacion-de-socios-de-la-cci-france-mexico-bajio\/\" \/>\n<meta property=\"og:locale\" content=\"es_MX\" \/>\n<meta property=\"og:type\" content=\"article\" \/>\n<meta property=\"og:title\" content=\"DTI- HAS M\u00e9xico recibe a delegaci\u00f3n de socios de la CCI France M\u00e9xico Baj\u00edo - Blog | GPI NEWS\" \/>\n<meta property=\"og:description\" content=\"Directivos de la empresa DTI (Difusi\u00f3n Textil Integral) y HAS M\u00e9xico recibieron en su planta instalada en el Parque Industrial Castro Del R\u00edo, en Irapuato, Guanajuato, a una delegaci\u00f3n de socios de la C\u00e1mara de Comercio e Industria Francia M\u00e9xico, Cap\u00edtulo Baj\u00edo. La compa\u00f1\u00eda especializada en el dise\u00f1o, fabricaci\u00f3n y mantenimiento de sistemas de dispersi\u00f3n [&hellip;]\" \/>\n<meta property=\"og:url\" content=\"https:\/\/puertointerior.guanajuato.gob.mx\/blog\/2024\/08\/28\/dti-has-mexico-recibe-a-delegacion-de-socios-de-la-cci-france-mexico-bajio\/\" \/>\n<meta property=\"og:site_name\" content=\"Blog | GPI NEWS\" \/>\n<meta property=\"article:published_time\" content=\"2024-08-28T15:36:18+00:00\" \/>\n<meta property=\"og:image\" content=\"https:\/\/puertointerior.guanajuato.gob.mx\/blog\/wp-content\/uploads\/2024\/08\/dti-has-mexico-recibe-a-delegacion-de-socios-de-la-cci-france-mexico-bajio-24518.jpg\" \/>\n\t<meta property=\"og:image:width\" content=\"1200\" \/>\n\t<meta property=\"og:image:height\" content=\"675\" \/>\n\t<meta property=\"og:image:type\" content=\"image\/jpeg\" \/>\n<meta name=\"author\" content=\"GPI NEWS\" \/>\n<meta name=\"twitter:card\" content=\"summary_large_image\" \/>\n<meta name=\"twitter:label1\" content=\"Escrito por\" \/>\n\t<meta name=\"twitter:data1\" content=\"GPI NEWS\" \/>\n\t<meta name=\"twitter:label2\" content=\"Tiempo de lectura\" \/>\n\t<meta name=\"twitter:data2\" content=\"2 minutos\" \/>\n<script type=\"application\/ld+json\" class=\"yoast-schema-graph\">{\"@context\":\"https:\/\/schema.org\",\"@graph\":[{\"@type\":\"WebPage\",\"@id\":\"https:\/\/puertointerior.guanajuato.gob.mx\/blog\/2024\/08\/28\/dti-has-mexico-recibe-a-delegacion-de-socios-de-la-cci-france-mexico-bajio\/\",\"url\":\"https:\/\/puertointerior.guanajuato.gob.mx\/blog\/2024\/08\/28\/dti-has-mexico-recibe-a-delegacion-de-socios-de-la-cci-france-mexico-bajio\/\",\"name\":\"DTI- HAS M\u00e9xico recibe a delegaci\u00f3n de socios de la CCI France M\u00e9xico Baj\u00edo - Blog | GPI NEWS\",\"isPartOf\":{\"@id\":\"https:\/\/puertointerior.guanajuato.gob.mx\/blog\/#website\"},\"primaryImageOfPage\":{\"@id\":\"https:\/\/puertointerior.guanajuato.gob.mx\/blog\/2024\/08\/28\/dti-has-mexico-recibe-a-delegacion-de-socios-de-la-cci-france-mexico-bajio\/#primaryimage\"},\"image\":{\"@id\":\"https:\/\/puertointerior.guanajuato.gob.mx\/blog\/2024\/08\/28\/dti-has-mexico-recibe-a-delegacion-de-socios-de-la-cci-france-mexico-bajio\/#primaryimage\"},\"thumbnailUrl\":\"https:\/\/puertointerior.guanajuato.gob.mx\/blog\/wp-content\/uploads\/2024\/08\/dti-has-mexico-recibe-a-delegacion-de-socios-de-la-cci-france-mexico-bajio-24518.jpg\",\"datePublished\":\"2024-08-28T15:36:18+00:00\",\"author\":{\"@id\":\"https:\/\/puertointerior.guanajuato.gob.mx\/blog\/#\/schema\/person\/f4851bb8a48c32d7fba5285caf4ef1c4\"},\"breadcrumb\":{\"@id\":\"https:\/\/puertointerior.guanajuato.gob.mx\/blog\/2024\/08\/28\/dti-has-mexico-recibe-a-delegacion-de-socios-de-la-cci-france-mexico-bajio\/#breadcrumb\"},\"inLanguage\":\"es\",\"potentialAction\":[{\"@type\":\"ReadAction\",\"target\":[\"https:\/\/puertointerior.guanajuato.gob.mx\/blog\/2024\/08\/28\/dti-has-mexico-recibe-a-delegacion-de-socios-de-la-cci-france-mexico-bajio\/\"]}]},{\"@type\":\"ImageObject\",\"inLanguage\":\"es\",\"@id\":\"https:\/\/puertointerior.guanajuato.gob.mx\/blog\/2024\/08\/28\/dti-has-mexico-recibe-a-delegacion-de-socios-de-la-cci-france-mexico-bajio\/#primaryimage\",\"url\":\"https:\/\/puertointerior.guanajuato.gob.mx\/blog\/wp-content\/uploads\/2024\/08\/dti-has-mexico-recibe-a-delegacion-de-socios-de-la-cci-france-mexico-bajio-24518.jpg\",\"contentUrl\":\"https:\/\/puertointerior.guanajuato.gob.mx\/blog\/wp-content\/uploads\/2024\/08\/dti-has-mexico-recibe-a-delegacion-de-socios-de-la-cci-france-mexico-bajio-24518.jpg\",\"width\":1200,\"height\":675},{\"@type\":\"BreadcrumbList\",\"@id\":\"https:\/\/puertointerior.guanajuato.gob.mx\/blog\/2024\/08\/28\/dti-has-mexico-recibe-a-delegacion-de-socios-de-la-cci-france-mexico-bajio\/#breadcrumb\",\"itemListElement\":[{\"@type\":\"ListItem\",\"position\":1,\"name\":\"Inicio\",\"item\":\"https:\/\/puertointerior.guanajuato.gob.mx\/blog\/\"},{\"@type\":\"ListItem\",\"position\":2,\"name\":\"DTI- HAS M\u00e9xico recibe a delegaci\u00f3n de socios de la CCI France M\u00e9xico Baj\u00edo\"}]},{\"@type\":\"WebSite\",\"@id\":\"https:\/\/puertointerior.guanajuato.gob.mx\/blog\/#website\",\"url\":\"https:\/\/puertointerior.guanajuato.gob.mx\/blog\/\",\"name\":\"Blog | GPI NEWS\",\"description\":\"Guanajuato Puerto Interior\",\"potentialAction\":[{\"@type\":\"SearchAction\",\"target\":{\"@type\":\"EntryPoint\",\"urlTemplate\":\"https:\/\/puertointerior.guanajuato.gob.mx\/blog\/?s={search_term_string}\"},\"query-input\":{\"@type\":\"PropertyValueSpecification\",\"valueRequired\":true,\"valueName\":\"search_term_string\"}}],\"inLanguage\":\"es\"},{\"@type\":\"Person\",\"@id\":\"https:\/\/puertointerior.guanajuato.gob.mx\/blog\/#\/schema\/person\/f4851bb8a48c32d7fba5285caf4ef1c4\",\"name\":\"GPI NEWS\",\"image\":{\"@type\":\"ImageObject\",\"inLanguage\":\"es\",\"@id\":\"https:\/\/puertointerior.guanajuato.gob.mx\/blog\/#\/schema\/person\/image\/\",\"url\":\"https:\/\/secure.gravatar.com\/avatar\/612aca53a708cefc5ebe15ab0bc63c51a8ba58563e45c17848fa400e627e2717?s=96&d=mm&r=g\",\"contentUrl\":\"https:\/\/secure.gravatar.com\/avatar\/612aca53a708cefc5ebe15ab0bc63c51a8ba58563e45c17848fa400e627e2717?s=96&d=mm&r=g\",\"caption\":\"GPI NEWS\"},\"url\":\"https:\/\/puertointerior.guanajuato.gob.mx\/blog\/author\/rafa-jacinto\/\"}]}<\/script>\n<!-- \/ Yoast SEO plugin. -->","yoast_head_json":{"title":"DTI- HAS M\u00e9xico recibe a delegaci\u00f3n de socios de la CCI France M\u00e9xico Baj\u00edo - Blog | GPI NEWS","robots":{"index":"index","follow":"follow","max-snippet":"max-snippet:-1","max-image-preview":"max-image-preview:large","max-video-preview":"max-video-preview:-1"},"canonical":"https:\/\/puertointerior.guanajuato.gob.mx\/blog\/2024\/08\/28\/dti-has-mexico-recibe-a-delegacion-de-socios-de-la-cci-france-mexico-bajio\/","og_locale":"es_MX","og_type":"article","og_title":"DTI- HAS M\u00e9xico recibe a delegaci\u00f3n de socios de la CCI France M\u00e9xico Baj\u00edo - Blog | GPI NEWS","og_description":"Directivos de la empresa DTI (Difusi\u00f3n Textil Integral) y HAS M\u00e9xico recibieron en su planta instalada en el Parque Industrial Castro Del R\u00edo, en Irapuato, Guanajuato, a una delegaci\u00f3n de socios de la C\u00e1mara de Comercio e Industria Francia M\u00e9xico, Cap\u00edtulo Baj\u00edo. La compa\u00f1\u00eda especializada en el dise\u00f1o, fabricaci\u00f3n y mantenimiento de sistemas de dispersi\u00f3n [&hellip;]","og_url":"https:\/\/puertointerior.guanajuato.gob.mx\/blog\/2024\/08\/28\/dti-has-mexico-recibe-a-delegacion-de-socios-de-la-cci-france-mexico-bajio\/","og_site_name":"Blog | GPI NEWS","article_published_time":"2024-08-28T15:36:18+00:00","og_image":[{"width":1200,"height":675,"url":"https:\/\/puertointerior.guanajuato.gob.mx\/blog\/wp-content\/uploads\/2024\/08\/dti-has-mexico-recibe-a-delegacion-de-socios-de-la-cci-france-mexico-bajio-24518.jpg","type":"image\/jpeg"}],"author":"GPI NEWS","twitter_card":"summary_large_image","twitter_misc":{"Escrito por":"GPI NEWS","Tiempo de lectura":"2 minutos"},"schema":{"@context":"https:\/\/schema.org","@graph":[{"@type":"WebPage","@id":"https:\/\/puertointerior.guanajuato.gob.mx\/blog\/2024\/08\/28\/dti-has-mexico-recibe-a-delegacion-de-socios-de-la-cci-france-mexico-bajio\/","url":"https:\/\/puertointerior.guanajuato.gob.mx\/blog\/2024\/08\/28\/dti-has-mexico-recibe-a-delegacion-de-socios-de-la-cci-france-mexico-bajio\/","name":"DTI- HAS M\u00e9xico recibe a delegaci\u00f3n de socios de la CCI France M\u00e9xico Baj\u00edo - Blog | GPI NEWS","isPartOf":{"@id":"https:\/\/puertointerior.guanajuato.gob.mx\/blog\/#website"},"primaryImageOfPage":{"@id":"https:\/\/puertointerior.guanajuato.gob.mx\/blog\/2024\/08\/28\/dti-has-mexico-recibe-a-delegacion-de-socios-de-la-cci-france-mexico-bajio\/#primaryimage"},"image":{"@id":"https:\/\/puertointerior.guanajuato.gob.mx\/blog\/2024\/08\/28\/dti-has-mexico-recibe-a-delegacion-de-socios-de-la-cci-france-mexico-bajio\/#primaryimage"},"thumbnailUrl":"https:\/\/puertointerior.guanajuato.gob.mx\/blog\/wp-content\/uploads\/2024\/08\/dti-has-mexico-recibe-a-delegacion-de-socios-de-la-cci-france-mexico-bajio-24518.jpg","datePublished":"2024-08-28T15:36:18+00:00","author":{"@id":"https:\/\/puertointerior.guanajuato.gob.mx\/blog\/#\/schema\/person\/f4851bb8a48c32d7fba5285caf4ef1c4"},"breadcrumb":{"@id":"https:\/\/puertointerior.guanajuato.gob.mx\/blog\/2024\/08\/28\/dti-has-mexico-recibe-a-delegacion-de-socios-de-la-cci-france-mexico-bajio\/#breadcrumb"},"inLanguage":"es","potentialAction":[{"@type":"ReadAction","target":["https:\/\/puertointerior.guanajuato.gob.mx\/blog\/2024\/08\/28\/dti-has-mexico-recibe-a-delegacion-de-socios-de-la-cci-france-mexico-bajio\/"]}]},{"@type":"ImageObject","inLanguage":"es","@id":"https:\/\/puertointerior.guanajuato.gob.mx\/blog\/2024\/08\/28\/dti-has-mexico-recibe-a-delegacion-de-socios-de-la-cci-france-mexico-bajio\/#primaryimage","url":"https:\/\/puertointerior.guanajuato.gob.mx\/blog\/wp-content\/uploads\/2024\/08\/dti-has-mexico-recibe-a-delegacion-de-socios-de-la-cci-france-mexico-bajio-24518.jpg","contentUrl":"https:\/\/puertointerior.guanajuato.gob.mx\/blog\/wp-content\/uploads\/2024\/08\/dti-has-mexico-recibe-a-delegacion-de-socios-de-la-cci-france-mexico-bajio-24518.jpg","width":1200,"height":675},{"@type":"BreadcrumbList","@id":"https:\/\/puertointerior.guanajuato.gob.mx\/blog\/2024\/08\/28\/dti-has-mexico-recibe-a-delegacion-de-socios-de-la-cci-france-mexico-bajio\/#breadcrumb","itemListElement":[{"@type":"ListItem","position":1,"name":"Inicio","item":"https:\/\/puertointerior.guanajuato.gob.mx\/blog\/"},{"@type":"ListItem","position":2,"name":"DTI- HAS M\u00e9xico recibe a delegaci\u00f3n de socios de la CCI France M\u00e9xico Baj\u00edo"}]},{"@type":"WebSite","@id":"https:\/\/puertointerior.guanajuato.gob.mx\/blog\/#website","url":"https:\/\/puertointerior.guanajuato.gob.mx\/blog\/","name":"Blog | GPI NEWS","description":"Guanajuato Puerto Interior","potentialAction":[{"@type":"SearchAction","target":{"@type":"EntryPoint","urlTemplate":"https:\/\/puertointerior.guanajuato.gob.mx\/blog\/?s={search_term_string}"},"query-input":{"@type":"PropertyValueSpecification","valueRequired":true,"valueName":"search_term_string"}}],"inLanguage":"es"},{"@type":"Person","@id":"https:\/\/puertointerior.guanajuato.gob.mx\/blog\/#\/schema\/person\/f4851bb8a48c32d7fba5285caf4ef1c4","name":"GPI NEWS","image":{"@type":"ImageObject","inLanguage":"es","@id":"https:\/\/puertointerior.guanajuato.gob.mx\/blog\/#\/schema\/person\/image\/","url":"https:\/\/secure.gravatar.com\/avatar\/612aca53a708cefc5ebe15ab0bc63c51a8ba58563e45c17848fa400e627e2717?s=96&d=mm&r=g","contentUrl":"https:\/\/secure.gravatar.com\/avatar\/612aca53a708cefc5ebe15ab0bc63c51a8ba58563e45c17848fa400e627e2717?s=96&d=mm&r=g","caption":"GPI NEWS"},"url":"https:\/\/puertointerior.guanajuato.gob.mx\/blog\/author\/rafa-jacinto\/"}]}},"jetpack_featured_media_url":"https:\/\/puertointerior.guanajuato.gob.mx\/blog\/wp-content\/uploads\/2024\/08\/dti-has-mexico-recibe-a-delegacion-de-socios-de-la-cci-france-mexico-bajio-24518.jpg","jetpack_sharing_enabled":true,"jetpack_shortlink":"https:\/\/wp.me\/pcnMPA-3jf","_links":{"self":[{"href":"https:\/\/puertointerior.guanajuato.gob.mx\/blog\/wp-json\/wp\/v2\/posts\/12725","targetHints":{"allow":["GET"]}}],"collection":[{"href":"https:\/\/puertointerior.guanajuato.gob.mx\/blog\/wp-json\/wp\/v2\/posts"}],"about":[{"href":"https:\/\/puertointerior.guanajuato.gob.mx\/blog\/wp-json\/wp\/v2\/types\/post"}],"author":[{"embeddable":true,"href":"https:\/\/puertointerior.guanajuato.gob.mx\/blog\/wp-json\/wp\/v2\/users\/2"}],"replies":[{"embeddable":true,"href":"https:\/\/puertointerior.guanajuato.gob.mx\/blog\/wp-json\/wp\/v2\/comments?post=12725"}],"version-history":[{"count":1,"href":"https:\/\/puertointerior.guanajuato.gob.mx\/blog\/wp-json\/wp\/v2\/posts\/12725\/revisions"}],"predecessor-version":[{"id":12727,"href":"https:\/\/puertointerior.guanajuato.gob.mx\/blog\/wp-json\/wp\/v2\/posts\/12725\/revisions\/12727"}],"wp:featuredmedia":[{"embeddable":true,"href":"https:\/\/puertointerior.guanajuato.gob.mx\/blog\/wp-json\/wp\/v2\/media\/12726"}],"wp:attachment":[{"href":"https:\/\/puertointerior.guanajuato.gob.mx\/blog\/wp-json\/wp\/v2\/media?parent=12725"}],"wp:term":[{"taxonomy":"category","embeddable":true,"href":"https:\/\/puertointerior.guanajuato.gob.mx\/blog\/wp-json\/wp\/v2\/categories?post=12725"},{"taxonomy":"post_tag","embeddable":true,"href":"https:\/\/puertointerior.guanajuato.gob.mx\/blog\/wp-json\/wp\/v2\/tags?post=12725"}],"curies":[{"name":"wp","href":"https:\/\/api.w.org\/{rel}","templated":true}]}}