{"id":12931,"date":"2024-09-09T20:36:59","date_gmt":"2024-09-10T01:36:59","guid":{"rendered":"https:\/\/puertointerior.guanajuato.gob.mx\/blog\/?p=12931"},"modified":"2024-09-09T20:36:59","modified_gmt":"2024-09-10T01:36:59","slug":"mg-quiere-quiere-convertir-mexico-en-su-hub-en-latinoamerica","status":"publish","type":"post","link":"https:\/\/puertointerior.guanajuato.gob.mx\/blog\/2024\/09\/09\/mg-quiere-quiere-convertir-mexico-en-su-hub-en-latinoamerica\/","title":{"rendered":"MG quiere quiere convertir M\u00e9xico en su hub en Latinoam\u00e9rica"},"content":{"rendered":"<h3 class=\"subtitle\">La compa\u00f1\u00eda planea instalar una planta en el pa\u00eds para producir 100 mil autos y convertirse en un centro estrat\u00e9gico en la regi\u00f3n, dice el CEO.<\/h3>\n<p>El<b>\u00a0CEO de la\u00a0automotriz\u00a0MG en M\u00e9xico, Zhang Wei asegura que la compa\u00f1\u00eda est\u00e1 comprometida con hacer del pa\u00eds su hub para Latinoam\u00e9rica<\/b>, esto pese al contexto pol\u00edtico que enfrenta la naci\u00f3n.<\/p>\n<blockquote><p>\u201cCreemos que\u00a0<b>nuestras operaciones en territorio mexicano est\u00e1n bien posicionadas<\/b>\u00a0para enfrentar cualquier desaf\u00edo\u201d, dijo a\u00a0<b>El Sol de M\u00e9xico.<\/b><\/p><\/blockquote>\n<p>Con solo cuatro a\u00f1os de operaciones en territorio nacional,\u00a0<b>MG ya logr\u00f3 ubicarse en el top 10 de las marcas m\u00e1s vendidas<\/b>. Recientemente anunci\u00f3 la construcci\u00f3n de una planta y un centro de innovaci\u00f3n y desarrollo en el pa\u00eds para surtir al mercado local y al de\u00a0<b>Am\u00e9rica Latina.<\/b><\/p>\n<blockquote><p>\u201cEsta planta tendr\u00e1 una capacidad inicial de producci\u00f3n de<b>\u00a0100 mil unidades\u00a0<\/b>y ser\u00e1 fundamental para convertir a M\u00e9xico en un centro estrat\u00e9gico de crecimiento y expansi\u00f3n para MG en Am\u00e9rica Latina y el Caribe\u201d, dijo el directivo.<\/p><\/blockquote>\n<p>Wei record\u00f3 que a poco m\u00e1s de un a\u00f1o del debut de la marca en el pa\u00eds, en octubre de 2020,\u00a0<b>la firma alcanz\u00f3 el octavo lugar en ventas acumuladas y hoy se ha consolidado en el top 10 de ventas con m\u00e1s de 150 mil unidades vendidas en el territorio mexicano.<\/b><\/p>\n<blockquote><p>\u201cEsto no es casualidad, es el resultado de una s\u00f3lida adopci\u00f3n de nuestros modelos, respaldados por un legado de cien a\u00f1os m\u00e1s la visi\u00f3n y tecnolog\u00eda de<b>\u00a0SAIC Motor<\/b>, el gigante manufacturero n\u00famero uno en la industria automotriz china y que conoce al mercado mexicano, incluso antes de nuestra llegada\u201d.<\/p><\/blockquote>\n<p><b>MG es una marca de origen brit\u00e1nico y subsidiaria de la automotriz estatal china SAIC Motor<\/b>. De concretarse la planta en el pa\u00eds, las inversiones del gigante asi\u00e1tico seguir\u00e1n creciendo.<\/p>\n<p>Hace unas semanas,\u00a0<b>el secretario de Hacienda, Rogelio Ram\u00edrez de la O, dijo que el pa\u00eds revisar\u00e1 el comercio con China<\/b>\u00a0ya que importa m\u00e1s de lo que le vende al pa\u00eds oriental. Al respecto, Wei sostuvo que MG est\u00e1 dispuesta a colaborar con las autoridades para asegurar un entorno de negocios favorable.<\/p>\n<blockquote><p>\u201cComo marca,\u00a0<b>nuestra relaci\u00f3n con M\u00e9xico se fundamenta en una colaboraci\u00f3n mutua<\/b>\u00a0que ha generado\u00a0<b>empleo<\/b>,\u00a0<b>inversi\u00f3n<\/b>\u00a0y\u00a0<b>desarrollo<\/b>\u00a0<b>tecnol\u00f3gico<\/b>. Estamos comprometidos con M\u00e9xico y creemos firmemente que, a trav\u00e9s del di\u00e1logo, se pueden encontrar soluciones que beneficien a ambas partes. En MG, apoyamos y fomentamos relaciones entre pa\u00edses que resulten en beneficios compartidos para todos\u201d, coment\u00f3.<\/p><\/blockquote>\n<p>No obstante, dijo que<b>\u00a0la compa\u00f1\u00eda continuar\u00e1 con el monitoreo de los desarrollos pol\u00edticos y econ\u00f3micos para ajustar sus estrategias<\/b>\u00a0seg\u00fan sea necesario para seguir creciendo en la regi\u00f3n.<\/p>\n<p>Subray\u00f3 que<b>\u00a0los planes en M\u00e9xico, tanto de expansi\u00f3n como la construcci\u00f3n de la planta, est\u00e1n enfocados al mercado local y al de la regi\u00f3n<\/b>, por lo que descart\u00f3 que las declaraciones del gobierno de Estados Unidos o los sindicatos en ese pa\u00eds afecten sus estrategias.<\/p>\n<p>El sindicato\u00a0<b>United Auto Workers<\/b>\u00a0(<b>UAW<\/b>), uno de los principales en\u00a0<b>Estados Unidos<\/b>, y el\u00a0<b>Comit\u00e9 Asesor Laboral sobre Negociaciones Comerciales y Pol\u00edtica Comercial<\/b>\u00a0(<b>LAC<\/b>) mandron en junio una carta a la representante comercial estadounidense en la que le expresaron su preocupaci\u00f3n por las inversiones de automotrices chinas en M\u00e9xico para aprovechar el\u00a0<b>T-MEC.<\/b><\/p>\n<blockquote><p>\u201cEl enfoque de MG est\u00e1 en la creaci\u00f3n de una planta de manufactura y un centro de investigaci\u00f3n y desarrollo que estar\u00e1n dedicados a Am\u00e9rica Latina, para atender espec\u00edficamente las necesidades de esta regi\u00f3n. Esta estrategia nos permite mantener nuestros\u00a0<b>planes de expansi\u00f3n en M\u00e9xico y la regi\u00f3n<\/b>, sin que factores externos afecten de manera significativa nuestras operaciones\u201d, indic\u00f3 el\u00a0<b>CEO de MG.<\/b><\/p><\/blockquote>\n<p>Agreg\u00f3 que el compromiso de la compa\u00f1\u00eda es contribuir al desarrollo econ\u00f3mico y tecnol\u00f3gico del pa\u00eds y de\u00a0<b>Am\u00e9rica Latina\u00a0<\/b>en cumplimiento de las normativas vigentes.<\/p>\n<p>De igual modo,\u00a0<b>el CEO asegur\u00f3 que M\u00e9xico tiene un gran potencial para convertirse en un l\u00edder regional<\/b>\u00a0en electromovilidad a medida que el mercado evolucione.<\/p>\n<blockquote><p>\u201cEn\u00a0<b>MG, estamos introduciendo nuevas opciones de carga y veh\u00edculos con tecnolog\u00edas el\u00e9ctricas e h\u00edbridas<\/b>, aline\u00e1ndonos con las tendencias globales hacia una movilidad m\u00e1s sostenible\u201d, apunt\u00f3.<\/p><\/blockquote>\n<p>Publicado originalmente por:\u00a0<a href=\"https:\/\/www.elsoldemexico.com.mx\/finanzas\/mg-quiere-quiere-convertir-mexico-en-su-hub-en-latinoamerica-12527914.html\">https:\/\/www.elsoldemexico.com.mx\/finanzas\/mg-quiere-quiere-convertir-mexico-en-su-hub-en-latinoamerica-12527914.html<\/a><\/p>\n","protected":false},"excerpt":{"rendered":"<p>La compa\u00f1\u00eda planea instalar una planta en el pa\u00eds para producir 100 mil autos y convertirse en un centro estrat\u00e9gico en la regi\u00f3n, dice el CEO. El\u00a0CEO de la\u00a0automotriz\u00a0MG en M\u00e9xico, Zhang Wei asegura que la compa\u00f1\u00eda est\u00e1 comprometida con hacer del pa\u00eds su hub para Latinoam\u00e9rica, esto pese al contexto pol\u00edtico que enfrenta la [&hellip;]<\/p>\n","protected":false},"author":2,"featured_media":12932,"comment_status":"closed","ping_status":"open","sticky":false,"template":"","format":"standard","meta":{"jetpack_post_was_ever_published":false,"_jetpack_newsletter_access":"","_jetpack_dont_email_post_to_subs":false,"_jetpack_newsletter_tier_id":0,"_jetpack_memberships_contains_paywalled_content":false,"_jetpack_memberships_contains_paid_content":false,"footnotes":""},"categories":[20,4],"tags":[],"class_list":["post-12931","post","type-post","status-publish","format-standard","has-post-thumbnail","hentry","category-economic-development","category-logistics"],"yoast_head":"<!-- This site is optimized with the Yoast SEO plugin v25.7 - https:\/\/yoast.com\/wordpress\/plugins\/seo\/ -->\n<title>MG quiere quiere convertir M\u00e9xico en su hub en Latinoam\u00e9rica - Blog | GPI NEWS<\/title>\n<meta name=\"robots\" content=\"index, follow, max-snippet:-1, max-image-preview:large, max-video-preview:-1\" \/>\n<link rel=\"canonical\" href=\"https:\/\/puertointerior.guanajuato.gob.mx\/blog\/2024\/09\/09\/mg-quiere-quiere-convertir-mexico-en-su-hub-en-latinoamerica\/\" \/>\n<meta property=\"og:locale\" content=\"es_MX\" \/>\n<meta property=\"og:type\" content=\"article\" \/>\n<meta property=\"og:title\" content=\"MG quiere quiere convertir M\u00e9xico en su hub en Latinoam\u00e9rica - Blog | GPI NEWS\" \/>\n<meta property=\"og:description\" content=\"La compa\u00f1\u00eda planea instalar una planta en el pa\u00eds para producir 100 mil autos y convertirse en un centro estrat\u00e9gico en la regi\u00f3n, dice el CEO. El\u00a0CEO de la\u00a0automotriz\u00a0MG en M\u00e9xico, Zhang Wei asegura que la compa\u00f1\u00eda est\u00e1 comprometida con hacer del pa\u00eds su hub para Latinoam\u00e9rica, esto pese al contexto pol\u00edtico que enfrenta la [&hellip;]\" \/>\n<meta property=\"og:url\" content=\"https:\/\/puertointerior.guanajuato.gob.mx\/blog\/2024\/09\/09\/mg-quiere-quiere-convertir-mexico-en-su-hub-en-latinoamerica\/\" \/>\n<meta property=\"og:site_name\" content=\"Blog | GPI NEWS\" \/>\n<meta property=\"article:published_time\" content=\"2024-09-10T01:36:59+00:00\" \/>\n<meta property=\"og:image\" content=\"https:\/\/puertointerior.guanajuato.gob.mx\/blog\/wp-content\/uploads\/2024\/09\/wei-zhang_cortesi\u0301a.png\" \/>\n\t<meta property=\"og:image:width\" content=\"768\" \/>\n\t<meta property=\"og:image:height\" content=\"479\" \/>\n\t<meta property=\"og:image:type\" content=\"image\/png\" \/>\n<meta name=\"author\" content=\"GPI NEWS\" \/>\n<meta name=\"twitter:card\" content=\"summary_large_image\" \/>\n<meta name=\"twitter:label1\" content=\"Escrito por\" \/>\n\t<meta name=\"twitter:data1\" content=\"GPI NEWS\" \/>\n\t<meta name=\"twitter:label2\" content=\"Tiempo de lectura\" \/>\n\t<meta name=\"twitter:data2\" content=\"4 minutos\" \/>\n<script type=\"application\/ld+json\" class=\"yoast-schema-graph\">{\"@context\":\"https:\/\/schema.org\",\"@graph\":[{\"@type\":\"WebPage\",\"@id\":\"https:\/\/puertointerior.guanajuato.gob.mx\/blog\/2024\/09\/09\/mg-quiere-quiere-convertir-mexico-en-su-hub-en-latinoamerica\/\",\"url\":\"https:\/\/puertointerior.guanajuato.gob.mx\/blog\/2024\/09\/09\/mg-quiere-quiere-convertir-mexico-en-su-hub-en-latinoamerica\/\",\"name\":\"MG quiere quiere convertir M\u00e9xico en su hub en Latinoam\u00e9rica - Blog | GPI NEWS\",\"isPartOf\":{\"@id\":\"https:\/\/puertointerior.guanajuato.gob.mx\/blog\/#website\"},\"primaryImageOfPage\":{\"@id\":\"https:\/\/puertointerior.guanajuato.gob.mx\/blog\/2024\/09\/09\/mg-quiere-quiere-convertir-mexico-en-su-hub-en-latinoamerica\/#primaryimage\"},\"image\":{\"@id\":\"https:\/\/puertointerior.guanajuato.gob.mx\/blog\/2024\/09\/09\/mg-quiere-quiere-convertir-mexico-en-su-hub-en-latinoamerica\/#primaryimage\"},\"thumbnailUrl\":\"https:\/\/puertointerior.guanajuato.gob.mx\/blog\/wp-content\/uploads\/2024\/09\/wei-zhang_cortesi\u0301a.png\",\"datePublished\":\"2024-09-10T01:36:59+00:00\",\"author\":{\"@id\":\"https:\/\/puertointerior.guanajuato.gob.mx\/blog\/#\/schema\/person\/f4851bb8a48c32d7fba5285caf4ef1c4\"},\"breadcrumb\":{\"@id\":\"https:\/\/puertointerior.guanajuato.gob.mx\/blog\/2024\/09\/09\/mg-quiere-quiere-convertir-mexico-en-su-hub-en-latinoamerica\/#breadcrumb\"},\"inLanguage\":\"es\",\"potentialAction\":[{\"@type\":\"ReadAction\",\"target\":[\"https:\/\/puertointerior.guanajuato.gob.mx\/blog\/2024\/09\/09\/mg-quiere-quiere-convertir-mexico-en-su-hub-en-latinoamerica\/\"]}]},{\"@type\":\"ImageObject\",\"inLanguage\":\"es\",\"@id\":\"https:\/\/puertointerior.guanajuato.gob.mx\/blog\/2024\/09\/09\/mg-quiere-quiere-convertir-mexico-en-su-hub-en-latinoamerica\/#primaryimage\",\"url\":\"https:\/\/puertointerior.guanajuato.gob.mx\/blog\/wp-content\/uploads\/2024\/09\/wei-zhang_cortesi\u0301a.png\",\"contentUrl\":\"https:\/\/puertointerior.guanajuato.gob.mx\/blog\/wp-content\/uploads\/2024\/09\/wei-zhang_cortesi\u0301a.png\",\"width\":768,\"height\":479},{\"@type\":\"BreadcrumbList\",\"@id\":\"https:\/\/puertointerior.guanajuato.gob.mx\/blog\/2024\/09\/09\/mg-quiere-quiere-convertir-mexico-en-su-hub-en-latinoamerica\/#breadcrumb\",\"itemListElement\":[{\"@type\":\"ListItem\",\"position\":1,\"name\":\"Inicio\",\"item\":\"https:\/\/puertointerior.guanajuato.gob.mx\/blog\/\"},{\"@type\":\"ListItem\",\"position\":2,\"name\":\"MG quiere quiere convertir M\u00e9xico en su hub en Latinoam\u00e9rica\"}]},{\"@type\":\"WebSite\",\"@id\":\"https:\/\/puertointerior.guanajuato.gob.mx\/blog\/#website\",\"url\":\"https:\/\/puertointerior.guanajuato.gob.mx\/blog\/\",\"name\":\"Blog | GPI NEWS\",\"description\":\"Guanajuato Puerto Interior\",\"potentialAction\":[{\"@type\":\"SearchAction\",\"target\":{\"@type\":\"EntryPoint\",\"urlTemplate\":\"https:\/\/puertointerior.guanajuato.gob.mx\/blog\/?s={search_term_string}\"},\"query-input\":{\"@type\":\"PropertyValueSpecification\",\"valueRequired\":true,\"valueName\":\"search_term_string\"}}],\"inLanguage\":\"es\"},{\"@type\":\"Person\",\"@id\":\"https:\/\/puertointerior.guanajuato.gob.mx\/blog\/#\/schema\/person\/f4851bb8a48c32d7fba5285caf4ef1c4\",\"name\":\"GPI NEWS\",\"image\":{\"@type\":\"ImageObject\",\"inLanguage\":\"es\",\"@id\":\"https:\/\/puertointerior.guanajuato.gob.mx\/blog\/#\/schema\/person\/image\/\",\"url\":\"https:\/\/secure.gravatar.com\/avatar\/612aca53a708cefc5ebe15ab0bc63c51a8ba58563e45c17848fa400e627e2717?s=96&d=mm&r=g\",\"contentUrl\":\"https:\/\/secure.gravatar.com\/avatar\/612aca53a708cefc5ebe15ab0bc63c51a8ba58563e45c17848fa400e627e2717?s=96&d=mm&r=g\",\"caption\":\"GPI NEWS\"},\"url\":\"https:\/\/puertointerior.guanajuato.gob.mx\/blog\/author\/rafa-jacinto\/\"}]}<\/script>\n<!-- \/ Yoast SEO plugin. -->","yoast_head_json":{"title":"MG quiere quiere convertir M\u00e9xico en su hub en Latinoam\u00e9rica - Blog | GPI NEWS","robots":{"index":"index","follow":"follow","max-snippet":"max-snippet:-1","max-image-preview":"max-image-preview:large","max-video-preview":"max-video-preview:-1"},"canonical":"https:\/\/puertointerior.guanajuato.gob.mx\/blog\/2024\/09\/09\/mg-quiere-quiere-convertir-mexico-en-su-hub-en-latinoamerica\/","og_locale":"es_MX","og_type":"article","og_title":"MG quiere quiere convertir M\u00e9xico en su hub en Latinoam\u00e9rica - Blog | GPI NEWS","og_description":"La compa\u00f1\u00eda planea instalar una planta en el pa\u00eds para producir 100 mil autos y convertirse en un centro estrat\u00e9gico en la regi\u00f3n, dice el CEO. El\u00a0CEO de la\u00a0automotriz\u00a0MG en M\u00e9xico, Zhang Wei asegura que la compa\u00f1\u00eda est\u00e1 comprometida con hacer del pa\u00eds su hub para Latinoam\u00e9rica, esto pese al contexto pol\u00edtico que enfrenta la [&hellip;]","og_url":"https:\/\/puertointerior.guanajuato.gob.mx\/blog\/2024\/09\/09\/mg-quiere-quiere-convertir-mexico-en-su-hub-en-latinoamerica\/","og_site_name":"Blog | GPI NEWS","article_published_time":"2024-09-10T01:36:59+00:00","og_image":[{"width":768,"height":479,"url":"https:\/\/puertointerior.guanajuato.gob.mx\/blog\/wp-content\/uploads\/2024\/09\/wei-zhang_cortesi\u0301a.png","type":"image\/png"}],"author":"GPI NEWS","twitter_card":"summary_large_image","twitter_misc":{"Escrito por":"GPI NEWS","Tiempo de lectura":"4 minutos"},"schema":{"@context":"https:\/\/schema.org","@graph":[{"@type":"WebPage","@id":"https:\/\/puertointerior.guanajuato.gob.mx\/blog\/2024\/09\/09\/mg-quiere-quiere-convertir-mexico-en-su-hub-en-latinoamerica\/","url":"https:\/\/puertointerior.guanajuato.gob.mx\/blog\/2024\/09\/09\/mg-quiere-quiere-convertir-mexico-en-su-hub-en-latinoamerica\/","name":"MG quiere quiere convertir M\u00e9xico en su hub en Latinoam\u00e9rica - Blog | GPI NEWS","isPartOf":{"@id":"https:\/\/puertointerior.guanajuato.gob.mx\/blog\/#website"},"primaryImageOfPage":{"@id":"https:\/\/puertointerior.guanajuato.gob.mx\/blog\/2024\/09\/09\/mg-quiere-quiere-convertir-mexico-en-su-hub-en-latinoamerica\/#primaryimage"},"image":{"@id":"https:\/\/puertointerior.guanajuato.gob.mx\/blog\/2024\/09\/09\/mg-quiere-quiere-convertir-mexico-en-su-hub-en-latinoamerica\/#primaryimage"},"thumbnailUrl":"https:\/\/puertointerior.guanajuato.gob.mx\/blog\/wp-content\/uploads\/2024\/09\/wei-zhang_cortesi\u0301a.png","datePublished":"2024-09-10T01:36:59+00:00","author":{"@id":"https:\/\/puertointerior.guanajuato.gob.mx\/blog\/#\/schema\/person\/f4851bb8a48c32d7fba5285caf4ef1c4"},"breadcrumb":{"@id":"https:\/\/puertointerior.guanajuato.gob.mx\/blog\/2024\/09\/09\/mg-quiere-quiere-convertir-mexico-en-su-hub-en-latinoamerica\/#breadcrumb"},"inLanguage":"es","potentialAction":[{"@type":"ReadAction","target":["https:\/\/puertointerior.guanajuato.gob.mx\/blog\/2024\/09\/09\/mg-quiere-quiere-convertir-mexico-en-su-hub-en-latinoamerica\/"]}]},{"@type":"ImageObject","inLanguage":"es","@id":"https:\/\/puertointerior.guanajuato.gob.mx\/blog\/2024\/09\/09\/mg-quiere-quiere-convertir-mexico-en-su-hub-en-latinoamerica\/#primaryimage","url":"https:\/\/puertointerior.guanajuato.gob.mx\/blog\/wp-content\/uploads\/2024\/09\/wei-zhang_cortesi\u0301a.png","contentUrl":"https:\/\/puertointerior.guanajuato.gob.mx\/blog\/wp-content\/uploads\/2024\/09\/wei-zhang_cortesi\u0301a.png","width":768,"height":479},{"@type":"BreadcrumbList","@id":"https:\/\/puertointerior.guanajuato.gob.mx\/blog\/2024\/09\/09\/mg-quiere-quiere-convertir-mexico-en-su-hub-en-latinoamerica\/#breadcrumb","itemListElement":[{"@type":"ListItem","position":1,"name":"Inicio","item":"https:\/\/puertointerior.guanajuato.gob.mx\/blog\/"},{"@type":"ListItem","position":2,"name":"MG quiere quiere convertir M\u00e9xico en su hub en Latinoam\u00e9rica"}]},{"@type":"WebSite","@id":"https:\/\/puertointerior.guanajuato.gob.mx\/blog\/#website","url":"https:\/\/puertointerior.guanajuato.gob.mx\/blog\/","name":"Blog | GPI NEWS","description":"Guanajuato Puerto Interior","potentialAction":[{"@type":"SearchAction","target":{"@type":"EntryPoint","urlTemplate":"https:\/\/puertointerior.guanajuato.gob.mx\/blog\/?s={search_term_string}"},"query-input":{"@type":"PropertyValueSpecification","valueRequired":true,"valueName":"search_term_string"}}],"inLanguage":"es"},{"@type":"Person","@id":"https:\/\/puertointerior.guanajuato.gob.mx\/blog\/#\/schema\/person\/f4851bb8a48c32d7fba5285caf4ef1c4","name":"GPI NEWS","image":{"@type":"ImageObject","inLanguage":"es","@id":"https:\/\/puertointerior.guanajuato.gob.mx\/blog\/#\/schema\/person\/image\/","url":"https:\/\/secure.gravatar.com\/avatar\/612aca53a708cefc5ebe15ab0bc63c51a8ba58563e45c17848fa400e627e2717?s=96&d=mm&r=g","contentUrl":"https:\/\/secure.gravatar.com\/avatar\/612aca53a708cefc5ebe15ab0bc63c51a8ba58563e45c17848fa400e627e2717?s=96&d=mm&r=g","caption":"GPI NEWS"},"url":"https:\/\/puertointerior.guanajuato.gob.mx\/blog\/author\/rafa-jacinto\/"}]}},"jetpack_featured_media_url":"https:\/\/puertointerior.guanajuato.gob.mx\/blog\/wp-content\/uploads\/2024\/09\/wei-zhang_cortesi\u0301a.png","jetpack_sharing_enabled":true,"jetpack_shortlink":"https:\/\/wp.me\/pcnMPA-3mz","_links":{"self":[{"href":"https:\/\/puertointerior.guanajuato.gob.mx\/blog\/wp-json\/wp\/v2\/posts\/12931","targetHints":{"allow":["GET"]}}],"collection":[{"href":"https:\/\/puertointerior.guanajuato.gob.mx\/blog\/wp-json\/wp\/v2\/posts"}],"about":[{"href":"https:\/\/puertointerior.guanajuato.gob.mx\/blog\/wp-json\/wp\/v2\/types\/post"}],"author":[{"embeddable":true,"href":"https:\/\/puertointerior.guanajuato.gob.mx\/blog\/wp-json\/wp\/v2\/users\/2"}],"replies":[{"embeddable":true,"href":"https:\/\/puertointerior.guanajuato.gob.mx\/blog\/wp-json\/wp\/v2\/comments?post=12931"}],"version-history":[{"count":1,"href":"https:\/\/puertointerior.guanajuato.gob.mx\/blog\/wp-json\/wp\/v2\/posts\/12931\/revisions"}],"predecessor-version":[{"id":12933,"href":"https:\/\/puertointerior.guanajuato.gob.mx\/blog\/wp-json\/wp\/v2\/posts\/12931\/revisions\/12933"}],"wp:featuredmedia":[{"embeddable":true,"href":"https:\/\/puertointerior.guanajuato.gob.mx\/blog\/wp-json\/wp\/v2\/media\/12932"}],"wp:attachment":[{"href":"https:\/\/puertointerior.guanajuato.gob.mx\/blog\/wp-json\/wp\/v2\/media?parent=12931"}],"wp:term":[{"taxonomy":"category","embeddable":true,"href":"https:\/\/puertointerior.guanajuato.gob.mx\/blog\/wp-json\/wp\/v2\/categories?post=12931"},{"taxonomy":"post_tag","embeddable":true,"href":"https:\/\/puertointerior.guanajuato.gob.mx\/blog\/wp-json\/wp\/v2\/tags?post=12931"}],"curies":[{"name":"wp","href":"https:\/\/api.w.org\/{rel}","templated":true}]}}