{"id":13550,"date":"2024-10-07T13:12:01","date_gmt":"2024-10-07T18:12:01","guid":{"rendered":"https:\/\/puertointerior.guanajuato.gob.mx\/blog\/?p=13550"},"modified":"2024-10-07T13:12:01","modified_gmt":"2024-10-07T18:12:01","slug":"corea-del-sur-desea-un-tlc-con-mexico","status":"publish","type":"post","link":"https:\/\/puertointerior.guanajuato.gob.mx\/blog\/2024\/10\/07\/corea-del-sur-desea-un-tlc-con-mexico\/","title":{"rendered":"Corea del Sur desea un TLC con M\u00e9xico"},"content":{"rendered":"<p>El ministro del Interior y Seguridad Sang Min Lee asisti\u00f3 a la toma de posesi\u00f3n de la presidenta Claudia Sheinbaum; el tema de la digitalizaci\u00f3n, clave en M\u00e9xico.<\/p>\n<p>El ministro del Interior y Seguridad de<b>\u00a0Corea del Sur,<\/b>\u00a0Sang Min Lee, fue enviado del presidente Yoon Suk Yeol a la toma de posesi\u00f3n de la presidenta Claudia Sheinbaum. El ministro concedi\u00f3 una entrevista en exclusiva a\u00a0El Economista.<\/p>\n<p><b>\u00bfQu\u00e9 mensaje le trajo a la presidente Claudia Sheinbaum de parte del presidente de Corea, Yoon Suk Yeol?<\/b><\/p>\n<p>El presidente surcoreano espera fortalecer a\u00fan m\u00e1s la cooperaci\u00f3n bilateral en diversos campos, incluyendo econom\u00eda, comercio, infraestructura, recursos energ\u00e9ticos y gobierno digital.<\/p>\n<p>Recientemente, la cooperaci\u00f3n entre los dos pa\u00edses se ha ampliado a la tecnolog\u00eda espacial, la energ\u00eda renovable y la infraestructura, y los intercambios culturales y humanos tambi\u00e9n son activos debido a la ola coreana en M\u00e9xico y el creciente inter\u00e9s por\u00a0<b>M\u00e9xico en Corea<\/b>.<\/p>\n<p><b>\u00bfC\u00f3mo eval\u00faa la relaci\u00f3n estrat\u00e9gica?<\/b><\/p>\n<p>M\u00e9xico es un aliado clave de Corea del Sur y el mayor socio comercial en Am\u00e9rica Latina. Corea estableci\u00f3 una asociaci\u00f3n estrat\u00e9gica con M\u00e9xico por primera vez entre los pa\u00edses latinoamericanos en 2005. Actualmente, unas\u00a0<b>430 empresas coreanas crean unos 150,000 puestos de trabajo en M\u00e9xico<\/b>\u00a0y unos 16,000 coreanos contribuyen activamente a la sociedad mexicana. M\u00e9xico fue el primer pa\u00eds de Am\u00e9rica Latina al que emigraron los coreanos y se celebrar\u00e1 el 120\u00ba aniversario de la inmigraci\u00f3n surcoreana a M\u00e9xico en 2025.<\/p>\n<p><b>\u00bfCu\u00e1les ser\u00edan las \u00e1reas de oportunidad de cooperaci\u00f3n entre los dos pa\u00edses con el nuevo Gobierno mexicano?<\/b><\/p>\n<p>El Gobierno coreano espera mejorar a\u00fan m\u00e1s las relaciones comerciales y la cooperaci\u00f3n econ\u00f3mica entre ambos pa\u00edses y desea reanudar las negociaciones del TLC bajo el nuevo Gobierno mexicano. La firma del TLC Corea-M\u00e9xico es una tarea clave para el desarrollo de las relaciones comerciales bilaterales, que permitir\u00e1 a Corea y M\u00e9xico diversificar los mercados de exportaci\u00f3n y cooperar estrat\u00e9gicamente en asuntos actuales como la reorganizaci\u00f3n de la cadena de suministro.<\/p>\n<p>En particular, se espera que la cooperaci\u00f3n entre ambos pa\u00edses se fortalezca a\u00fan m\u00e1s en relaci\u00f3n con la digitalizaci\u00f3n administrativa que impulsar\u00e1 la\u00a0<b>Agencia de Transformaci\u00f3n Digital establecida por el nuevo gobierno de Sheinbaum.<\/b><\/p>\n<p>Como miembros de Naciones Digitales (Digital Nations), los dos pa\u00edses contribuyen activamente a las discusiones sobre el desarrollo del gobierno digital en la comunidad internacional, y Corea apoyar\u00e1 activamente las actividades de M\u00e9xico que asumir\u00e1 la presidencia de Naciones Digitales en 2025 y continuar\u00e1 compartiendo experiencias y conocimientos en materia de gobierno digital.<\/p>\n<p>Adem\u00e1s, tengo entendido que el gobierno mexicano est\u00e1 considerando establecer un nuevo sistema de registro civil.<\/p>\n<p>Corea se ha convertido en una potencia de gobierno digital a trav\u00e9s del sistema de informaci\u00f3n de registro c\u00edvil y emitir\u00e1 los\u00a0<b>carn\u00e9s de identidad m\u00f3viles\u00a0<\/b>a partir de 2025, por lo tanto la cooperaci\u00f3n en el campo ser\u00e1 posible.<\/p>\n<p><b>\u00bfQu\u00e9 expectativas tiene respecto a una negociaci\u00f3n del TLC entre Corea y M\u00e9xico?<\/b><\/p>\n<p>Es lamentable que los dos pa\u00edses a\u00fan no hayan firmado el\u00a0<b>TLC<\/b>, a pesar de los fuertes lazos comerciales y de inversi\u00f3n entre ambos pa\u00edses, con un volumen de comercio de 19,800 millones de d\u00f3lares en 2023 y una inversi\u00f3n coreana acumulada en M\u00e9xico de 9,300 millones de d\u00f3lares. Los dos pa\u00edses declararon la reanudaci\u00f3n de las negociaciones del TLC en 2022, pero las<b>\u00a0negociaciones a\u00fan no han avanzado a plena escala.<\/b><\/p>\n<p>Si se consolida un TLC entre Corea y M\u00e9xico habr\u00eda una externalidad positiva a trav\u00e9s del nearshoring.<\/p>\n<p>Corea es un pa\u00eds con experiencia en la actualizaci\u00f3n de su estructura industrial a trav\u00e9s de la apertura econ\u00f3mica, y M\u00e9xico es el mejor socio cooperativo para maximizar el potencial del nearshoring e incrementar la productividad econ\u00f3mica, por lo que espero que las discusiones relacionadas avancen lo m\u00e1s pronto posible bajo el nuevo gobierno.<\/p>\n<p>El Gobierno de Claudia Sheinbaum desea un avance en la digitalizaci\u00f3n. Corea ha dado pasos importantes en el tema.<\/p>\n<p>La \u201c<b>Secretar\u00eda Virtual para el pueblo<\/b>\u201d ofrece informaci\u00f3n sobre diversos servicios p\u00fablicos como educaci\u00f3n, sanidad, pago de impuestos y transporte a trav\u00e9s de apps de uso frecuente en la vida cotidiana, como mensajer\u00eda por Internet y apps bancarias y alrededor de un tercio (m\u00e1s de 16 millones de personas) de coreanos utiliza dicho servicio.<\/p>\n<p>El gobierno coreano abri\u00f3 la era de los servicios p\u00fablicos en l\u00ednea gracias al sistema p\u00fablico a gran escala establecido a principios de la d\u00e9cada de 2000. El uso de varios servicios p\u00fablicos, desde el pago de impuestos hasta la emisi\u00f3n de diversos documentos acreditativos, se ha hecho posible en l\u00ednea y esto ha permitido mejorar la comodidad para el pueblo.<\/p>\n<p><b>\u00bfDe qu\u00e9 manera su ministerio ha implementado este tipo de tecnolog\u00eda?<\/b><\/p>\n<p>En primer lugar, el\u00a0<b>Ministerio del Interior y Seguridad de Corea<\/b>\u00a0ha establecido y distribuido un \u201csistema com\u00fan de administraci\u00f3n regional\u201d utilizado por todos los funcionarios locales de todo el pa\u00eds.<\/p>\n<p>Adem\u00e1s de los asuntos administrativos generales de las organizaciones regionales aut\u00f3nomas, se ha estandarizado el sistema general de trabajo, como la autorizaci\u00f3n de licencias en diversos campos como la cultura, el bienestar, la agricultura y el medio ambiente, y la vida del pueblo y sus actividades econ\u00f3micas han sido m\u00e1s c\u00f3modas, al tiempo que la cooperaci\u00f3n entre el gobierno central y los gobiernos locales ha sido m\u00e1s eficiente.<\/p>\n<p>Tambi\u00e9n, Corea estandariza los datos p\u00fablicos de los organismos administrativos y los integra y abre de forma que est\u00e9n disponible por cualquiera.<\/p>\n<p>Tras la promulgaci\u00f3n de la\u00a0<b>Ley de Datos P\u00fablicos\u00a0<\/b>en 2013, los datos conservados por el gobierno est\u00e1n abiertos al sector privado durante m\u00e1s de 10 a\u00f1os, y se han creado m\u00e1s de 2,000 nuevos servicios privados basados en datos p\u00fablicos abiertos, y estos ofrecen nuevas oportunidades de negocio a las empresas. Como resultado, Corea ocup\u00f3 el primer puesto en la evaluaci\u00f3n de datos p\u00fablicos realizada por la OCDE durante cuatro veces consecutivas.<\/p>\n<p>En particular, el gobierno coreano est\u00e1 haciendo realidad la visi\u00f3n de un \u201cGobierno de plataforma digital\u201d en el que el pueblo, las empresas y el sector privado resuelven problemas sociales y crean nuevos valores basados en una\u00a0<b>plataforma digital.<\/b><\/p>\n<p>El gobierno de plataforma digital es una pol\u00edtica que utiliza activamente las capacidades del sector privado y apoya el fortalecimiento del ecosistema de la industria GovTech, destacando el papel del \u201cGobierno como plataforma\u201d.<\/p>\n<p><b>Entre otros temas de la agenda bilateral se encuentra el espacial<\/b><\/p>\n<p>El gobierno mexicano se propuso el objetivo de lanzar su propio sat\u00e9lite para 2027, y el gobierno coreano tambi\u00e9n cre\u00f3 la Administraci\u00f3n Aeroespacial de Corea (KASA, por sus siglas en ingl\u00e9s) en mayo de este a\u00f1o con la audaz meta del alunizaje para 2032.<\/p>\n<p>Dado que los dos gobiernos est\u00e1n fomentando ambiciosamente el desarrollo de la industria aeroespacial, creo que el potencial de cooperaci\u00f3n con el nuevo gobierno mexicano en el campo de la cooperaci\u00f3n aeroespacial ser\u00e1 grande.<\/p>\n<p>En junio pasado,<b>\u00a0Instituto de Investigaci\u00f3n Aeroespacial de Corea<\/b>\u00a0(KARI, por sus siglas en ingl\u00e9s) y la Agencia Espacial Mexicana (AEM) firmaron un memorando de entendimiento cooperativo sobre el estudio de factibilidad para la construcci\u00f3n de una base de lanzamiento espacial, y espero que el MOU sea el punto de partida para fortalecer la cooperaci\u00f3n en el sector aeroespacial en el futuro.<\/p>\n<p>Publicado originalmente por:\u00a0<a href=\"https:\/\/www.eleconomista.com.mx\/internacionales\/corea-sur-desea-tlc-mexico-20241006-728879.html\">https:\/\/www.eleconomista.com.mx\/internacionales\/corea-sur-desea-tlc-mexico-20241006-728879.html<\/a><\/p>\n","protected":false},"excerpt":{"rendered":"<p>El ministro del Interior y Seguridad Sang Min Lee asisti\u00f3 a la toma de posesi\u00f3n de la presidenta Claudia Sheinbaum; el tema de la digitalizaci\u00f3n, clave en M\u00e9xico. El ministro del Interior y Seguridad de\u00a0Corea del Sur,\u00a0Sang Min Lee, fue enviado del presidente Yoon Suk Yeol a la toma de posesi\u00f3n de la presidenta Claudia [&hellip;]<\/p>\n","protected":false},"author":2,"featured_media":13551,"comment_status":"closed","ping_status":"open","sticky":false,"template":"","format":"standard","meta":{"jetpack_post_was_ever_published":false,"_jetpack_newsletter_access":"","_jetpack_dont_email_post_to_subs":false,"_jetpack_newsletter_tier_id":0,"_jetpack_memberships_contains_paywalled_content":false,"_jetpack_memberships_contains_paid_content":false,"footnotes":""},"categories":[20,4],"tags":[],"class_list":["post-13550","post","type-post","status-publish","format-standard","has-post-thumbnail","hentry","category-economic-development","category-logistics"],"yoast_head":"<!-- This site is optimized with the Yoast SEO plugin v25.7 - https:\/\/yoast.com\/wordpress\/plugins\/seo\/ -->\n<title>Corea del Sur desea un TLC con M\u00e9xico - Blog | GPI NEWS<\/title>\n<meta name=\"robots\" content=\"index, follow, max-snippet:-1, max-image-preview:large, max-video-preview:-1\" \/>\n<link rel=\"canonical\" href=\"https:\/\/puertointerior.guanajuato.gob.mx\/blog\/2024\/10\/07\/corea-del-sur-desea-un-tlc-con-mexico\/\" \/>\n<meta property=\"og:locale\" content=\"es_MX\" \/>\n<meta property=\"og:type\" content=\"article\" \/>\n<meta property=\"og:title\" content=\"Corea del Sur desea un TLC con M\u00e9xico - Blog | GPI NEWS\" \/>\n<meta property=\"og:description\" content=\"El ministro del Interior y Seguridad Sang Min Lee asisti\u00f3 a la toma de posesi\u00f3n de la presidenta Claudia Sheinbaum; el tema de la digitalizaci\u00f3n, clave en M\u00e9xico. El ministro del Interior y Seguridad de\u00a0Corea del Sur,\u00a0Sang Min Lee, fue enviado del presidente Yoon Suk Yeol a la toma de posesi\u00f3n de la presidenta Claudia [&hellip;]\" \/>\n<meta property=\"og:url\" content=\"https:\/\/puertointerior.guanajuato.gob.mx\/blog\/2024\/10\/07\/corea-del-sur-desea-un-tlc-con-mexico\/\" \/>\n<meta property=\"og:site_name\" content=\"Blog | GPI NEWS\" \/>\n<meta property=\"article:published_time\" content=\"2024-10-07T18:12:01+00:00\" \/>\n<meta property=\"og:image\" content=\"https:\/\/puertointerior.guanajuato.gob.mx\/blog\/wp-content\/uploads\/2024\/10\/6703540797aae.jpeg\" \/>\n\t<meta property=\"og:image:width\" content=\"756\" \/>\n\t<meta property=\"og:image:height\" content=\"472\" \/>\n\t<meta property=\"og:image:type\" content=\"image\/jpeg\" \/>\n<meta name=\"author\" content=\"GPI NEWS\" \/>\n<meta name=\"twitter:card\" content=\"summary_large_image\" \/>\n<meta name=\"twitter:label1\" content=\"Escrito por\" \/>\n\t<meta name=\"twitter:data1\" content=\"GPI NEWS\" \/>\n\t<meta name=\"twitter:label2\" content=\"Tiempo de lectura\" \/>\n\t<meta name=\"twitter:data2\" content=\"7 minutos\" \/>\n<script type=\"application\/ld+json\" class=\"yoast-schema-graph\">{\"@context\":\"https:\/\/schema.org\",\"@graph\":[{\"@type\":\"WebPage\",\"@id\":\"https:\/\/puertointerior.guanajuato.gob.mx\/blog\/2024\/10\/07\/corea-del-sur-desea-un-tlc-con-mexico\/\",\"url\":\"https:\/\/puertointerior.guanajuato.gob.mx\/blog\/2024\/10\/07\/corea-del-sur-desea-un-tlc-con-mexico\/\",\"name\":\"Corea del Sur desea un TLC con M\u00e9xico - Blog | GPI NEWS\",\"isPartOf\":{\"@id\":\"https:\/\/puertointerior.guanajuato.gob.mx\/blog\/#website\"},\"primaryImageOfPage\":{\"@id\":\"https:\/\/puertointerior.guanajuato.gob.mx\/blog\/2024\/10\/07\/corea-del-sur-desea-un-tlc-con-mexico\/#primaryimage\"},\"image\":{\"@id\":\"https:\/\/puertointerior.guanajuato.gob.mx\/blog\/2024\/10\/07\/corea-del-sur-desea-un-tlc-con-mexico\/#primaryimage\"},\"thumbnailUrl\":\"https:\/\/puertointerior.guanajuato.gob.mx\/blog\/wp-content\/uploads\/2024\/10\/6703540797aae.jpeg\",\"datePublished\":\"2024-10-07T18:12:01+00:00\",\"author\":{\"@id\":\"https:\/\/puertointerior.guanajuato.gob.mx\/blog\/#\/schema\/person\/f4851bb8a48c32d7fba5285caf4ef1c4\"},\"breadcrumb\":{\"@id\":\"https:\/\/puertointerior.guanajuato.gob.mx\/blog\/2024\/10\/07\/corea-del-sur-desea-un-tlc-con-mexico\/#breadcrumb\"},\"inLanguage\":\"es\",\"potentialAction\":[{\"@type\":\"ReadAction\",\"target\":[\"https:\/\/puertointerior.guanajuato.gob.mx\/blog\/2024\/10\/07\/corea-del-sur-desea-un-tlc-con-mexico\/\"]}]},{\"@type\":\"ImageObject\",\"inLanguage\":\"es\",\"@id\":\"https:\/\/puertointerior.guanajuato.gob.mx\/blog\/2024\/10\/07\/corea-del-sur-desea-un-tlc-con-mexico\/#primaryimage\",\"url\":\"https:\/\/puertointerior.guanajuato.gob.mx\/blog\/wp-content\/uploads\/2024\/10\/6703540797aae.jpeg\",\"contentUrl\":\"https:\/\/puertointerior.guanajuato.gob.mx\/blog\/wp-content\/uploads\/2024\/10\/6703540797aae.jpeg\",\"width\":756,\"height\":472},{\"@type\":\"BreadcrumbList\",\"@id\":\"https:\/\/puertointerior.guanajuato.gob.mx\/blog\/2024\/10\/07\/corea-del-sur-desea-un-tlc-con-mexico\/#breadcrumb\",\"itemListElement\":[{\"@type\":\"ListItem\",\"position\":1,\"name\":\"Inicio\",\"item\":\"https:\/\/puertointerior.guanajuato.gob.mx\/blog\/\"},{\"@type\":\"ListItem\",\"position\":2,\"name\":\"Corea del Sur desea un TLC con M\u00e9xico\"}]},{\"@type\":\"WebSite\",\"@id\":\"https:\/\/puertointerior.guanajuato.gob.mx\/blog\/#website\",\"url\":\"https:\/\/puertointerior.guanajuato.gob.mx\/blog\/\",\"name\":\"Blog | GPI NEWS\",\"description\":\"Guanajuato Puerto Interior\",\"potentialAction\":[{\"@type\":\"SearchAction\",\"target\":{\"@type\":\"EntryPoint\",\"urlTemplate\":\"https:\/\/puertointerior.guanajuato.gob.mx\/blog\/?s={search_term_string}\"},\"query-input\":{\"@type\":\"PropertyValueSpecification\",\"valueRequired\":true,\"valueName\":\"search_term_string\"}}],\"inLanguage\":\"es\"},{\"@type\":\"Person\",\"@id\":\"https:\/\/puertointerior.guanajuato.gob.mx\/blog\/#\/schema\/person\/f4851bb8a48c32d7fba5285caf4ef1c4\",\"name\":\"GPI NEWS\",\"image\":{\"@type\":\"ImageObject\",\"inLanguage\":\"es\",\"@id\":\"https:\/\/puertointerior.guanajuato.gob.mx\/blog\/#\/schema\/person\/image\/\",\"url\":\"https:\/\/secure.gravatar.com\/avatar\/612aca53a708cefc5ebe15ab0bc63c51a8ba58563e45c17848fa400e627e2717?s=96&d=mm&r=g\",\"contentUrl\":\"https:\/\/secure.gravatar.com\/avatar\/612aca53a708cefc5ebe15ab0bc63c51a8ba58563e45c17848fa400e627e2717?s=96&d=mm&r=g\",\"caption\":\"GPI NEWS\"},\"url\":\"https:\/\/puertointerior.guanajuato.gob.mx\/blog\/author\/rafa-jacinto\/\"}]}<\/script>\n<!-- \/ Yoast SEO plugin. -->","yoast_head_json":{"title":"Corea del Sur desea un TLC con M\u00e9xico - Blog | GPI NEWS","robots":{"index":"index","follow":"follow","max-snippet":"max-snippet:-1","max-image-preview":"max-image-preview:large","max-video-preview":"max-video-preview:-1"},"canonical":"https:\/\/puertointerior.guanajuato.gob.mx\/blog\/2024\/10\/07\/corea-del-sur-desea-un-tlc-con-mexico\/","og_locale":"es_MX","og_type":"article","og_title":"Corea del Sur desea un TLC con M\u00e9xico - Blog | GPI NEWS","og_description":"El ministro del Interior y Seguridad Sang Min Lee asisti\u00f3 a la toma de posesi\u00f3n de la presidenta Claudia Sheinbaum; el tema de la digitalizaci\u00f3n, clave en M\u00e9xico. El ministro del Interior y Seguridad de\u00a0Corea del Sur,\u00a0Sang Min Lee, fue enviado del presidente Yoon Suk Yeol a la toma de posesi\u00f3n de la presidenta Claudia [&hellip;]","og_url":"https:\/\/puertointerior.guanajuato.gob.mx\/blog\/2024\/10\/07\/corea-del-sur-desea-un-tlc-con-mexico\/","og_site_name":"Blog | GPI NEWS","article_published_time":"2024-10-07T18:12:01+00:00","og_image":[{"width":756,"height":472,"url":"https:\/\/puertointerior.guanajuato.gob.mx\/blog\/wp-content\/uploads\/2024\/10\/6703540797aae.jpeg","type":"image\/jpeg"}],"author":"GPI NEWS","twitter_card":"summary_large_image","twitter_misc":{"Escrito por":"GPI NEWS","Tiempo de lectura":"7 minutos"},"schema":{"@context":"https:\/\/schema.org","@graph":[{"@type":"WebPage","@id":"https:\/\/puertointerior.guanajuato.gob.mx\/blog\/2024\/10\/07\/corea-del-sur-desea-un-tlc-con-mexico\/","url":"https:\/\/puertointerior.guanajuato.gob.mx\/blog\/2024\/10\/07\/corea-del-sur-desea-un-tlc-con-mexico\/","name":"Corea del Sur desea un TLC con M\u00e9xico - Blog | GPI NEWS","isPartOf":{"@id":"https:\/\/puertointerior.guanajuato.gob.mx\/blog\/#website"},"primaryImageOfPage":{"@id":"https:\/\/puertointerior.guanajuato.gob.mx\/blog\/2024\/10\/07\/corea-del-sur-desea-un-tlc-con-mexico\/#primaryimage"},"image":{"@id":"https:\/\/puertointerior.guanajuato.gob.mx\/blog\/2024\/10\/07\/corea-del-sur-desea-un-tlc-con-mexico\/#primaryimage"},"thumbnailUrl":"https:\/\/puertointerior.guanajuato.gob.mx\/blog\/wp-content\/uploads\/2024\/10\/6703540797aae.jpeg","datePublished":"2024-10-07T18:12:01+00:00","author":{"@id":"https:\/\/puertointerior.guanajuato.gob.mx\/blog\/#\/schema\/person\/f4851bb8a48c32d7fba5285caf4ef1c4"},"breadcrumb":{"@id":"https:\/\/puertointerior.guanajuato.gob.mx\/blog\/2024\/10\/07\/corea-del-sur-desea-un-tlc-con-mexico\/#breadcrumb"},"inLanguage":"es","potentialAction":[{"@type":"ReadAction","target":["https:\/\/puertointerior.guanajuato.gob.mx\/blog\/2024\/10\/07\/corea-del-sur-desea-un-tlc-con-mexico\/"]}]},{"@type":"ImageObject","inLanguage":"es","@id":"https:\/\/puertointerior.guanajuato.gob.mx\/blog\/2024\/10\/07\/corea-del-sur-desea-un-tlc-con-mexico\/#primaryimage","url":"https:\/\/puertointerior.guanajuato.gob.mx\/blog\/wp-content\/uploads\/2024\/10\/6703540797aae.jpeg","contentUrl":"https:\/\/puertointerior.guanajuato.gob.mx\/blog\/wp-content\/uploads\/2024\/10\/6703540797aae.jpeg","width":756,"height":472},{"@type":"BreadcrumbList","@id":"https:\/\/puertointerior.guanajuato.gob.mx\/blog\/2024\/10\/07\/corea-del-sur-desea-un-tlc-con-mexico\/#breadcrumb","itemListElement":[{"@type":"ListItem","position":1,"name":"Inicio","item":"https:\/\/puertointerior.guanajuato.gob.mx\/blog\/"},{"@type":"ListItem","position":2,"name":"Corea del Sur desea un TLC con M\u00e9xico"}]},{"@type":"WebSite","@id":"https:\/\/puertointerior.guanajuato.gob.mx\/blog\/#website","url":"https:\/\/puertointerior.guanajuato.gob.mx\/blog\/","name":"Blog | GPI NEWS","description":"Guanajuato Puerto Interior","potentialAction":[{"@type":"SearchAction","target":{"@type":"EntryPoint","urlTemplate":"https:\/\/puertointerior.guanajuato.gob.mx\/blog\/?s={search_term_string}"},"query-input":{"@type":"PropertyValueSpecification","valueRequired":true,"valueName":"search_term_string"}}],"inLanguage":"es"},{"@type":"Person","@id":"https:\/\/puertointerior.guanajuato.gob.mx\/blog\/#\/schema\/person\/f4851bb8a48c32d7fba5285caf4ef1c4","name":"GPI NEWS","image":{"@type":"ImageObject","inLanguage":"es","@id":"https:\/\/puertointerior.guanajuato.gob.mx\/blog\/#\/schema\/person\/image\/","url":"https:\/\/secure.gravatar.com\/avatar\/612aca53a708cefc5ebe15ab0bc63c51a8ba58563e45c17848fa400e627e2717?s=96&d=mm&r=g","contentUrl":"https:\/\/secure.gravatar.com\/avatar\/612aca53a708cefc5ebe15ab0bc63c51a8ba58563e45c17848fa400e627e2717?s=96&d=mm&r=g","caption":"GPI NEWS"},"url":"https:\/\/puertointerior.guanajuato.gob.mx\/blog\/author\/rafa-jacinto\/"}]}},"jetpack_featured_media_url":"https:\/\/puertointerior.guanajuato.gob.mx\/blog\/wp-content\/uploads\/2024\/10\/6703540797aae.jpeg","jetpack_sharing_enabled":true,"jetpack_shortlink":"https:\/\/wp.me\/pcnMPA-3wy","_links":{"self":[{"href":"https:\/\/puertointerior.guanajuato.gob.mx\/blog\/wp-json\/wp\/v2\/posts\/13550","targetHints":{"allow":["GET"]}}],"collection":[{"href":"https:\/\/puertointerior.guanajuato.gob.mx\/blog\/wp-json\/wp\/v2\/posts"}],"about":[{"href":"https:\/\/puertointerior.guanajuato.gob.mx\/blog\/wp-json\/wp\/v2\/types\/post"}],"author":[{"embeddable":true,"href":"https:\/\/puertointerior.guanajuato.gob.mx\/blog\/wp-json\/wp\/v2\/users\/2"}],"replies":[{"embeddable":true,"href":"https:\/\/puertointerior.guanajuato.gob.mx\/blog\/wp-json\/wp\/v2\/comments?post=13550"}],"version-history":[{"count":1,"href":"https:\/\/puertointerior.guanajuato.gob.mx\/blog\/wp-json\/wp\/v2\/posts\/13550\/revisions"}],"predecessor-version":[{"id":13552,"href":"https:\/\/puertointerior.guanajuato.gob.mx\/blog\/wp-json\/wp\/v2\/posts\/13550\/revisions\/13552"}],"wp:featuredmedia":[{"embeddable":true,"href":"https:\/\/puertointerior.guanajuato.gob.mx\/blog\/wp-json\/wp\/v2\/media\/13551"}],"wp:attachment":[{"href":"https:\/\/puertointerior.guanajuato.gob.mx\/blog\/wp-json\/wp\/v2\/media?parent=13550"}],"wp:term":[{"taxonomy":"category","embeddable":true,"href":"https:\/\/puertointerior.guanajuato.gob.mx\/blog\/wp-json\/wp\/v2\/categories?post=13550"},{"taxonomy":"post_tag","embeddable":true,"href":"https:\/\/puertointerior.guanajuato.gob.mx\/blog\/wp-json\/wp\/v2\/tags?post=13550"}],"curies":[{"name":"wp","href":"https:\/\/api.w.org\/{rel}","templated":true}]}}