{"id":13713,"date":"2024-10-11T18:34:41","date_gmt":"2024-10-11T23:34:41","guid":{"rendered":"https:\/\/puertointerior.guanajuato.gob.mx\/blog\/?p=13713"},"modified":"2024-10-11T18:34:41","modified_gmt":"2024-10-11T23:34:41","slug":"amenaza-trump-con-reabrir-el-t-mec-va-por-mas-aranceles","status":"publish","type":"post","link":"https:\/\/puertointerior.guanajuato.gob.mx\/blog\/2024\/10\/11\/amenaza-trump-con-reabrir-el-t-mec-va-por-mas-aranceles\/","title":{"rendered":"Amenaza Trump con reabrir el T-MEC; va por m\u00e1s aranceles"},"content":{"rendered":"<h2 class=\"c-heading b-subheadline\">El candidato republicano promete detener la entrada de autos chinos, v\u00eda M\u00e9xico, al mercado estadounidense, a trav\u00e9s de aranceles m\u00e1s agresivos y medidas proteccionistas..<\/h2>\n<p class=\"default__StyledText-sc-kkhi2r-0 cZzhZb body-paragraph\"><b>Donald Trump<\/b><b>\u00a0<\/b>amenaz\u00f3 con<b>\u00a0<\/b><b>reabrir las negociaciones del T-MEC<\/b>\u00a0si resulta electo en los\u00a0<b>comicios de noviembre<\/b>, as\u00ed como la\u00a0<b>imposici\u00f3n de mayores aranceles\u00a0<\/b>a los\u00a0<b>veh\u00edculos producidos<\/b>\u00a0en M\u00e9xico, esto con el objetivo de revitalizar<b>\u00a0la industria automotriz estadounidense<\/b>.<\/p>\n<p class=\"default__StyledText-sc-kkhi2r-0 cZzhZb body-paragraph\">Durante un discurso ante el Detroit Economic Club, el expresidente y actual\u00a0<b>candidato republicano<\/b>\u00a0a la\u00a0<b>Presidencia de Estados Unidos<\/b>, deline\u00f3 una serie de medidas dr\u00e1sticas dirigidas a lo que \u00e9l describe como una<b>\u00a0industria automotriz estadounidense<\/b>\u00a0\u201cen colapso\u201d.<\/p>\n<div id=\"arcad-feature-5575\" class=\"default__StyledAdUnit-sc-ijbiyl-0 gfhWHb arcad-feature margin-md-bottom \">\n<div id=\"\" class=\"arcad-container\">\n<div id=\"lazy_3\">\n<blockquote>\n<div id=\"inread_oop\" class=\"arcad ad-1x1\">\u201cNotificar\u00e9 formalmente a M\u00e9xico y Canad\u00e1 mi intenci\u00f3n de invocar la<b>\u00a0cl\u00e1usula de renegociaci\u00f3n<\/b>\u00a0a los seis a\u00f1os del acuerdo\u201d, declar\u00f3\u00a0<b>Trump<\/b>, argumentando que esta medida es necesaria para abordar la amenaza creciente de la\u00a0<b>presencia de China\u00a0<\/b>en e<b>l mercado automotriz norteamericano<\/b>.<\/div>\n<\/blockquote>\n<div>Seg\u00fan<b>\u00a0Trump<\/b>,<b>\u00a0fabricantes chinos<\/b>\u00a0est\u00e1n utilizando\u00a0<b>plantas en M\u00e9xico<\/b>\u00a0como puerta de entrada para introducir\u00a0<b>veh\u00edculo<\/b>s al codiciado\u00a0<b>mercado estadounidense<\/b>, una pr\u00e1ctica que promete frenar con\u00a0<b>aranceles m\u00e1s agresivos<\/b>\u00a0y\u00a0<b>medidas proteccionista<\/b>s.<\/div>\n<div>\n<p class=\"default__StyledText-sc-kkhi2r-0 cZzhZb body-paragraph\">La propuesta de Trump no se limita a la\u00a0<b>renegociaci\u00f3n del T-MEC<\/b>,\u00a0tambi\u00e9n impondr\u00eda<b>\u00a0aranceles m\u00e1s elevados a las importaciones<\/b>, grandes exenciones fiscales para los<b>\u00a0fabricantes de autom\u00f3viles<\/b>\u00a0que construyan f\u00e1bricas y realicen investigaci\u00f3n y desarrollo en\u00a0<b>suelo estadounidense<\/b>, y la\u00a0<b>deducci\u00f3n total de impuestos\u00a0<\/b>para los intereses de\u00a0<b>pr\u00e9stamos automotrices<\/b>.<\/p>\n<blockquote>\n<p class=\"default__StyledText-sc-kkhi2r-0 cZzhZb body-paragraph\">\u201cVan a venir aqu\u00ed y van a construir aqu\u00ed porque no querr\u00e1n pagar esos<b>\u00a0fuertes aranceles\u201d<\/b>, asegur\u00f3 Trump a su audiencia.<\/p>\n<\/blockquote>\n<h2 class=\"heading__StyledHeading-sc-1yxtfv0-0 dQdSuo\">SIin sorpresas<\/h2>\n<p class=\"default__StyledText-sc-kkhi2r-0 cZzhZb body-paragraph\"><b>Jorge Molina, consultor en pol\u00edticas p\u00fablicas y comercio internacional,\u00a0<\/b>advirti\u00f3 que estas propuestas deben ser analizadas en el contexto de la\u00a0<b>carrera electoral<\/b>, pues las \u00faltimas cuatro semanas de la\u00a0<b>campa\u00f1a<\/b>\u00a0se consideran como el periodo m\u00e1s importante de cualquier contienda.<\/p>\n<blockquote>\n<p class=\"default__StyledText-sc-kkhi2r-0 cZzhZb body-paragraph\">\u201cLas encuestas le dan una ligera ventaja a\u00a0<b>Kamala Harris<\/b>\u00a0en Michigan, por lo que los comentarios de Trump buscan claramente posicionarlo en este terreno clave\u201d, explic\u00f3 el experto.<\/p>\n<\/blockquote>\n<\/div>\n<p class=\"default__StyledText-sc-kkhi2r-0 cZzhZb body-paragraph\">Odracir Barquera, director general de la\u00a0<b>Asociaci\u00f3n Mexicana de la Industria Automotriz (AMIA)<\/b>, dijo que los dichos d<b>e Donald Trump<\/b>\u00a0forman parte de la\u00a0<b>campa\u00f1a electoral<\/b>, sin embargo, se debe prestar atenci\u00f3n rumbo a la\u00a0<b>revisi\u00f3n del T-MEC<\/b>\u00a0para fortalecer a la regi\u00f3n.<\/p>\n<blockquote>\n<p class=\"default__StyledText-sc-kkhi2r-0 cZzhZb body-paragraph\">\u201cLo importante es prepararnos para la revision y buscar que la prioridad de la revision sea c\u00f3mo fortalecemos juntos a\u00a0<b>America del Norte\u00a0<\/b>para ser m\u00e1s competitivos con las otras<b>\u00a0regiones mundiales<\/b>\u201d, dijo.<\/p>\n<\/blockquote>\n<p class=\"default__StyledText-sc-kkhi2r-0 cZzhZb body-paragraph\">Por su parte, Pedro Canabal, socio de legal y comercio exterior en Baker Tilly y catedr\u00e1tico de la UP, record\u00f3 que Trump fue el impulsor de la\u00a0<b>cl\u00e1usula\u00a0<\/b><i><b>sunrise<\/b><\/i>, que implica que cada periodo se revisen diferentes cap\u00edtulos del<b>\u00a0<\/b><b>T-MEC<\/b>, cosa que no exist\u00eda en el TLC anterior.<\/p>\n<blockquote>\n<p class=\"default__StyledText-sc-kkhi2r-0 cZzhZb body-paragraph\">\u201cLos tres pa\u00edses aceptaron esta condici\u00f3n, y M\u00e9xico ya est\u00e1 prepar\u00e1ndose para esta eventual\u00a0<b>renegociaci\u00f3n<\/b>. Ya se constituy\u00f3 una comisi\u00f3n especial en el Senado para evaluar cu\u00e1les ser\u00edan las posturas de M\u00e9xico respecto a esta\u00a0<b>renegociaci\u00f3n<\/b>\u201d, dijo el especialista.<\/p>\n<\/blockquote>\n<p class=\"default__StyledText-sc-kkhi2r-0 cZzhZb body-paragraph\">Asimismo, indic\u00f3 que la reciente designaci\u00f3n de\u00a0<b>Marcelo Ebrard\u00a0<\/b>como\u00a0<b>secretario de Econom\u00eda<\/b>\u00a0se interpreta en algunos c\u00edrculos como una movida estrat\u00e9gica, dada su experiencia y sus conexiones en Estados Unidos.<\/p>\n<h2 class=\"heading__StyledHeading-sc-1yxtfv0-0 dQdSuo\">Se abren oportunidades<\/h2>\n<p class=\"default__StyledText-sc-kkhi2r-0 cZzhZb body-paragraph\"><b>Emilio Cadena, CEO de Prodensa,\u00a0<\/b>dijo que a nadie le debe sorprender que para los estadounidenses el tema de China en la industria automotriz es cr\u00edtico, ya que \u201cse va a hacer \u00e9nfasis en la producci\u00f3n de autos con\u00a0<a href=\"https:\/\/www.elfinanciero.com.mx\/opinion\/victor-piz\/2024\/09\/06\/las-reformas-y-el-conflicto-con-el-t-mec\/\" target=\"_blank\" rel=\"noopener noreferrer\"><b>cumplimiento del T-MEC<\/b><\/a>, y yo creo que M\u00e9xico est\u00e1 comprometido con eso. Me parece que esa es buena noticia para las\u00a0<b>armadoras de M\u00e9xico\u00a0<\/b>el d\u00eda de hoy\u201d, indic\u00f3.<\/p>\n<p class=\"default__StyledText-sc-kkhi2r-0 cZzhZb body-paragraph\">Incluso, Cadena interpreta en estas propuestas una oportunidad para consolidar la tendencia hacia la\u00a0<b>regionalizaci\u00f3n de las cadenas de valor en Norteam\u00e9rica<\/b>.<\/p>\n<p class=\"default__StyledText-sc-kkhi2r-0 cZzhZb body-paragraph\">Sin embargo,\u00a0<b>Ana Lilia Moreno, coordinadora del programa de asuntos de competencia y regulaci\u00f3n en M\u00e9xico Eval\u00faa,\u00a0<\/b>se\u00f1al\u00f3 que las\u00a0<b>amenazas de Trump<\/b>\u00a0deben ser tomadas como verdaderas y viables, ya que es su forma de negociar.<\/p>\n<blockquote>\n<p class=\"default__StyledText-sc-kkhi2r-0 cZzhZb body-paragraph\">\u201cYa lo vivimos, ya lo vimos poner a M\u00e9xico contra las cuerdas y se sale con la suya, lo que quiere es que las<b>\u00a0inversiones\u00a0<\/b>que lleguen a M\u00e9xico por el\u00a0<i>nearshoring\u00a0<\/i>se ubiquen en Estados Unidos y en el fondo me parece que los\u00a0<b>dem\u00f3cratas<\/b><b>\u00a0<\/b>tambi\u00e9n lo quieren\u201d, dijo.<\/p>\n<\/blockquote>\n<p>Publicado originalmente:\u00a0<a href=\"https:\/\/www.elfinanciero.com.mx\/economia\/2024\/10\/11\/amenaza-trump-con-reabrir-el-t-mec-va-por-mas-aranceles\/\">https:\/\/www.elfinanciero.com.mx\/economia\/2024\/10\/11\/amenaza-trump-con-reabrir-el-t-mec-va-por-mas-aranceles\/<\/a><\/p>\n<p>&nbsp;<\/p>\n<div><\/div>\n<\/div>\n<\/div>\n<\/div>\n","protected":false},"excerpt":{"rendered":"<p>El candidato republicano promete detener la entrada de autos chinos, v\u00eda M\u00e9xico, al mercado estadounidense, a trav\u00e9s de aranceles m\u00e1s agresivos y medidas proteccionistas.. Donald Trump\u00a0amenaz\u00f3 con\u00a0reabrir las negociaciones del T-MEC\u00a0si resulta electo en los\u00a0comicios de noviembre, as\u00ed como la\u00a0imposici\u00f3n de mayores aranceles\u00a0a los\u00a0veh\u00edculos producidos\u00a0en M\u00e9xico, esto con el objetivo de revitalizar\u00a0la industria automotriz estadounidense. [&hellip;]<\/p>\n","protected":false},"author":2,"featured_media":13714,"comment_status":"closed","ping_status":"open","sticky":false,"template":"","format":"standard","meta":{"jetpack_post_was_ever_published":false,"_jetpack_newsletter_access":"","_jetpack_dont_email_post_to_subs":false,"_jetpack_newsletter_tier_id":0,"_jetpack_memberships_contains_paywalled_content":false,"_jetpack_memberships_contains_paid_content":false,"footnotes":""},"categories":[4],"tags":[],"class_list":["post-13713","post","type-post","status-publish","format-standard","has-post-thumbnail","hentry","category-logistics"],"yoast_head":"<!-- This site is optimized with the Yoast SEO plugin v25.7 - https:\/\/yoast.com\/wordpress\/plugins\/seo\/ -->\n<title>Amenaza Trump con reabrir el T-MEC; va por m\u00e1s aranceles - Blog | GPI NEWS<\/title>\n<meta name=\"robots\" content=\"index, follow, max-snippet:-1, max-image-preview:large, max-video-preview:-1\" \/>\n<link rel=\"canonical\" href=\"https:\/\/puertointerior.guanajuato.gob.mx\/blog\/2024\/10\/11\/amenaza-trump-con-reabrir-el-t-mec-va-por-mas-aranceles\/\" \/>\n<meta property=\"og:locale\" content=\"es_MX\" \/>\n<meta property=\"og:type\" content=\"article\" \/>\n<meta property=\"og:title\" content=\"Amenaza Trump con reabrir el T-MEC; va por m\u00e1s aranceles - Blog | GPI NEWS\" \/>\n<meta property=\"og:description\" content=\"El candidato republicano promete detener la entrada de autos chinos, v\u00eda M\u00e9xico, al mercado estadounidense, a trav\u00e9s de aranceles m\u00e1s agresivos y medidas proteccionistas.. Donald Trump\u00a0amenaz\u00f3 con\u00a0reabrir las negociaciones del T-MEC\u00a0si resulta electo en los\u00a0comicios de noviembre, as\u00ed como la\u00a0imposici\u00f3n de mayores aranceles\u00a0a los\u00a0veh\u00edculos producidos\u00a0en M\u00e9xico, esto con el objetivo de revitalizar\u00a0la industria automotriz estadounidense. [&hellip;]\" \/>\n<meta property=\"og:url\" content=\"https:\/\/puertointerior.guanajuato.gob.mx\/blog\/2024\/10\/11\/amenaza-trump-con-reabrir-el-t-mec-va-por-mas-aranceles\/\" \/>\n<meta property=\"og:site_name\" content=\"Blog | GPI NEWS\" \/>\n<meta property=\"article:published_time\" content=\"2024-10-11T23:34:41+00:00\" \/>\n<meta property=\"og:image\" content=\"https:\/\/puertointerior.guanajuato.gob.mx\/blog\/wp-content\/uploads\/2024\/10\/Z3HTECPP5RHHNNZHK2HUL4OSHY.avif_.jpg\" \/>\n\t<meta property=\"og:image:width\" content=\"1063\" \/>\n\t<meta property=\"og:image:height\" content=\"598\" \/>\n\t<meta property=\"og:image:type\" content=\"image\/jpeg\" \/>\n<meta name=\"author\" content=\"GPI NEWS\" \/>\n<meta name=\"twitter:card\" content=\"summary_large_image\" \/>\n<meta name=\"twitter:label1\" content=\"Escrito por\" \/>\n\t<meta name=\"twitter:data1\" content=\"GPI NEWS\" \/>\n\t<meta name=\"twitter:label2\" content=\"Tiempo de lectura\" \/>\n\t<meta name=\"twitter:data2\" content=\"4 minutos\" \/>\n<script type=\"application\/ld+json\" class=\"yoast-schema-graph\">{\"@context\":\"https:\/\/schema.org\",\"@graph\":[{\"@type\":\"WebPage\",\"@id\":\"https:\/\/puertointerior.guanajuato.gob.mx\/blog\/2024\/10\/11\/amenaza-trump-con-reabrir-el-t-mec-va-por-mas-aranceles\/\",\"url\":\"https:\/\/puertointerior.guanajuato.gob.mx\/blog\/2024\/10\/11\/amenaza-trump-con-reabrir-el-t-mec-va-por-mas-aranceles\/\",\"name\":\"Amenaza Trump con reabrir el T-MEC; va por m\u00e1s aranceles - Blog | GPI NEWS\",\"isPartOf\":{\"@id\":\"https:\/\/puertointerior.guanajuato.gob.mx\/blog\/#website\"},\"primaryImageOfPage\":{\"@id\":\"https:\/\/puertointerior.guanajuato.gob.mx\/blog\/2024\/10\/11\/amenaza-trump-con-reabrir-el-t-mec-va-por-mas-aranceles\/#primaryimage\"},\"image\":{\"@id\":\"https:\/\/puertointerior.guanajuato.gob.mx\/blog\/2024\/10\/11\/amenaza-trump-con-reabrir-el-t-mec-va-por-mas-aranceles\/#primaryimage\"},\"thumbnailUrl\":\"https:\/\/puertointerior.guanajuato.gob.mx\/blog\/wp-content\/uploads\/2024\/10\/Z3HTECPP5RHHNNZHK2HUL4OSHY.avif_.jpg\",\"datePublished\":\"2024-10-11T23:34:41+00:00\",\"author\":{\"@id\":\"https:\/\/puertointerior.guanajuato.gob.mx\/blog\/#\/schema\/person\/f4851bb8a48c32d7fba5285caf4ef1c4\"},\"breadcrumb\":{\"@id\":\"https:\/\/puertointerior.guanajuato.gob.mx\/blog\/2024\/10\/11\/amenaza-trump-con-reabrir-el-t-mec-va-por-mas-aranceles\/#breadcrumb\"},\"inLanguage\":\"es\",\"potentialAction\":[{\"@type\":\"ReadAction\",\"target\":[\"https:\/\/puertointerior.guanajuato.gob.mx\/blog\/2024\/10\/11\/amenaza-trump-con-reabrir-el-t-mec-va-por-mas-aranceles\/\"]}]},{\"@type\":\"ImageObject\",\"inLanguage\":\"es\",\"@id\":\"https:\/\/puertointerior.guanajuato.gob.mx\/blog\/2024\/10\/11\/amenaza-trump-con-reabrir-el-t-mec-va-por-mas-aranceles\/#primaryimage\",\"url\":\"https:\/\/puertointerior.guanajuato.gob.mx\/blog\/wp-content\/uploads\/2024\/10\/Z3HTECPP5RHHNNZHK2HUL4OSHY.avif_.jpg\",\"contentUrl\":\"https:\/\/puertointerior.guanajuato.gob.mx\/blog\/wp-content\/uploads\/2024\/10\/Z3HTECPP5RHHNNZHK2HUL4OSHY.avif_.jpg\",\"width\":1063,\"height\":598},{\"@type\":\"BreadcrumbList\",\"@id\":\"https:\/\/puertointerior.guanajuato.gob.mx\/blog\/2024\/10\/11\/amenaza-trump-con-reabrir-el-t-mec-va-por-mas-aranceles\/#breadcrumb\",\"itemListElement\":[{\"@type\":\"ListItem\",\"position\":1,\"name\":\"Inicio\",\"item\":\"https:\/\/puertointerior.guanajuato.gob.mx\/blog\/\"},{\"@type\":\"ListItem\",\"position\":2,\"name\":\"Amenaza Trump con reabrir el T-MEC; va por m\u00e1s aranceles\"}]},{\"@type\":\"WebSite\",\"@id\":\"https:\/\/puertointerior.guanajuato.gob.mx\/blog\/#website\",\"url\":\"https:\/\/puertointerior.guanajuato.gob.mx\/blog\/\",\"name\":\"Blog | GPI NEWS\",\"description\":\"Guanajuato Puerto Interior\",\"potentialAction\":[{\"@type\":\"SearchAction\",\"target\":{\"@type\":\"EntryPoint\",\"urlTemplate\":\"https:\/\/puertointerior.guanajuato.gob.mx\/blog\/?s={search_term_string}\"},\"query-input\":{\"@type\":\"PropertyValueSpecification\",\"valueRequired\":true,\"valueName\":\"search_term_string\"}}],\"inLanguage\":\"es\"},{\"@type\":\"Person\",\"@id\":\"https:\/\/puertointerior.guanajuato.gob.mx\/blog\/#\/schema\/person\/f4851bb8a48c32d7fba5285caf4ef1c4\",\"name\":\"GPI NEWS\",\"image\":{\"@type\":\"ImageObject\",\"inLanguage\":\"es\",\"@id\":\"https:\/\/puertointerior.guanajuato.gob.mx\/blog\/#\/schema\/person\/image\/\",\"url\":\"https:\/\/secure.gravatar.com\/avatar\/612aca53a708cefc5ebe15ab0bc63c51a8ba58563e45c17848fa400e627e2717?s=96&d=mm&r=g\",\"contentUrl\":\"https:\/\/secure.gravatar.com\/avatar\/612aca53a708cefc5ebe15ab0bc63c51a8ba58563e45c17848fa400e627e2717?s=96&d=mm&r=g\",\"caption\":\"GPI NEWS\"},\"url\":\"https:\/\/puertointerior.guanajuato.gob.mx\/blog\/author\/rafa-jacinto\/\"}]}<\/script>\n<!-- \/ Yoast SEO plugin. -->","yoast_head_json":{"title":"Amenaza Trump con reabrir el T-MEC; va por m\u00e1s aranceles - Blog | GPI NEWS","robots":{"index":"index","follow":"follow","max-snippet":"max-snippet:-1","max-image-preview":"max-image-preview:large","max-video-preview":"max-video-preview:-1"},"canonical":"https:\/\/puertointerior.guanajuato.gob.mx\/blog\/2024\/10\/11\/amenaza-trump-con-reabrir-el-t-mec-va-por-mas-aranceles\/","og_locale":"es_MX","og_type":"article","og_title":"Amenaza Trump con reabrir el T-MEC; va por m\u00e1s aranceles - Blog | GPI NEWS","og_description":"El candidato republicano promete detener la entrada de autos chinos, v\u00eda M\u00e9xico, al mercado estadounidense, a trav\u00e9s de aranceles m\u00e1s agresivos y medidas proteccionistas.. Donald Trump\u00a0amenaz\u00f3 con\u00a0reabrir las negociaciones del T-MEC\u00a0si resulta electo en los\u00a0comicios de noviembre, as\u00ed como la\u00a0imposici\u00f3n de mayores aranceles\u00a0a los\u00a0veh\u00edculos producidos\u00a0en M\u00e9xico, esto con el objetivo de revitalizar\u00a0la industria automotriz estadounidense. [&hellip;]","og_url":"https:\/\/puertointerior.guanajuato.gob.mx\/blog\/2024\/10\/11\/amenaza-trump-con-reabrir-el-t-mec-va-por-mas-aranceles\/","og_site_name":"Blog | GPI NEWS","article_published_time":"2024-10-11T23:34:41+00:00","og_image":[{"width":1063,"height":598,"url":"https:\/\/puertointerior.guanajuato.gob.mx\/blog\/wp-content\/uploads\/2024\/10\/Z3HTECPP5RHHNNZHK2HUL4OSHY.avif_.jpg","type":"image\/jpeg"}],"author":"GPI NEWS","twitter_card":"summary_large_image","twitter_misc":{"Escrito por":"GPI NEWS","Tiempo de lectura":"4 minutos"},"schema":{"@context":"https:\/\/schema.org","@graph":[{"@type":"WebPage","@id":"https:\/\/puertointerior.guanajuato.gob.mx\/blog\/2024\/10\/11\/amenaza-trump-con-reabrir-el-t-mec-va-por-mas-aranceles\/","url":"https:\/\/puertointerior.guanajuato.gob.mx\/blog\/2024\/10\/11\/amenaza-trump-con-reabrir-el-t-mec-va-por-mas-aranceles\/","name":"Amenaza Trump con reabrir el T-MEC; va por m\u00e1s aranceles - Blog | GPI NEWS","isPartOf":{"@id":"https:\/\/puertointerior.guanajuato.gob.mx\/blog\/#website"},"primaryImageOfPage":{"@id":"https:\/\/puertointerior.guanajuato.gob.mx\/blog\/2024\/10\/11\/amenaza-trump-con-reabrir-el-t-mec-va-por-mas-aranceles\/#primaryimage"},"image":{"@id":"https:\/\/puertointerior.guanajuato.gob.mx\/blog\/2024\/10\/11\/amenaza-trump-con-reabrir-el-t-mec-va-por-mas-aranceles\/#primaryimage"},"thumbnailUrl":"https:\/\/puertointerior.guanajuato.gob.mx\/blog\/wp-content\/uploads\/2024\/10\/Z3HTECPP5RHHNNZHK2HUL4OSHY.avif_.jpg","datePublished":"2024-10-11T23:34:41+00:00","author":{"@id":"https:\/\/puertointerior.guanajuato.gob.mx\/blog\/#\/schema\/person\/f4851bb8a48c32d7fba5285caf4ef1c4"},"breadcrumb":{"@id":"https:\/\/puertointerior.guanajuato.gob.mx\/blog\/2024\/10\/11\/amenaza-trump-con-reabrir-el-t-mec-va-por-mas-aranceles\/#breadcrumb"},"inLanguage":"es","potentialAction":[{"@type":"ReadAction","target":["https:\/\/puertointerior.guanajuato.gob.mx\/blog\/2024\/10\/11\/amenaza-trump-con-reabrir-el-t-mec-va-por-mas-aranceles\/"]}]},{"@type":"ImageObject","inLanguage":"es","@id":"https:\/\/puertointerior.guanajuato.gob.mx\/blog\/2024\/10\/11\/amenaza-trump-con-reabrir-el-t-mec-va-por-mas-aranceles\/#primaryimage","url":"https:\/\/puertointerior.guanajuato.gob.mx\/blog\/wp-content\/uploads\/2024\/10\/Z3HTECPP5RHHNNZHK2HUL4OSHY.avif_.jpg","contentUrl":"https:\/\/puertointerior.guanajuato.gob.mx\/blog\/wp-content\/uploads\/2024\/10\/Z3HTECPP5RHHNNZHK2HUL4OSHY.avif_.jpg","width":1063,"height":598},{"@type":"BreadcrumbList","@id":"https:\/\/puertointerior.guanajuato.gob.mx\/blog\/2024\/10\/11\/amenaza-trump-con-reabrir-el-t-mec-va-por-mas-aranceles\/#breadcrumb","itemListElement":[{"@type":"ListItem","position":1,"name":"Inicio","item":"https:\/\/puertointerior.guanajuato.gob.mx\/blog\/"},{"@type":"ListItem","position":2,"name":"Amenaza Trump con reabrir el T-MEC; va por m\u00e1s aranceles"}]},{"@type":"WebSite","@id":"https:\/\/puertointerior.guanajuato.gob.mx\/blog\/#website","url":"https:\/\/puertointerior.guanajuato.gob.mx\/blog\/","name":"Blog | GPI NEWS","description":"Guanajuato Puerto Interior","potentialAction":[{"@type":"SearchAction","target":{"@type":"EntryPoint","urlTemplate":"https:\/\/puertointerior.guanajuato.gob.mx\/blog\/?s={search_term_string}"},"query-input":{"@type":"PropertyValueSpecification","valueRequired":true,"valueName":"search_term_string"}}],"inLanguage":"es"},{"@type":"Person","@id":"https:\/\/puertointerior.guanajuato.gob.mx\/blog\/#\/schema\/person\/f4851bb8a48c32d7fba5285caf4ef1c4","name":"GPI NEWS","image":{"@type":"ImageObject","inLanguage":"es","@id":"https:\/\/puertointerior.guanajuato.gob.mx\/blog\/#\/schema\/person\/image\/","url":"https:\/\/secure.gravatar.com\/avatar\/612aca53a708cefc5ebe15ab0bc63c51a8ba58563e45c17848fa400e627e2717?s=96&d=mm&r=g","contentUrl":"https:\/\/secure.gravatar.com\/avatar\/612aca53a708cefc5ebe15ab0bc63c51a8ba58563e45c17848fa400e627e2717?s=96&d=mm&r=g","caption":"GPI NEWS"},"url":"https:\/\/puertointerior.guanajuato.gob.mx\/blog\/author\/rafa-jacinto\/"}]}},"jetpack_featured_media_url":"https:\/\/puertointerior.guanajuato.gob.mx\/blog\/wp-content\/uploads\/2024\/10\/Z3HTECPP5RHHNNZHK2HUL4OSHY.avif_.jpg","jetpack_sharing_enabled":true,"jetpack_shortlink":"https:\/\/wp.me\/pcnMPA-3zb","_links":{"self":[{"href":"https:\/\/puertointerior.guanajuato.gob.mx\/blog\/wp-json\/wp\/v2\/posts\/13713","targetHints":{"allow":["GET"]}}],"collection":[{"href":"https:\/\/puertointerior.guanajuato.gob.mx\/blog\/wp-json\/wp\/v2\/posts"}],"about":[{"href":"https:\/\/puertointerior.guanajuato.gob.mx\/blog\/wp-json\/wp\/v2\/types\/post"}],"author":[{"embeddable":true,"href":"https:\/\/puertointerior.guanajuato.gob.mx\/blog\/wp-json\/wp\/v2\/users\/2"}],"replies":[{"embeddable":true,"href":"https:\/\/puertointerior.guanajuato.gob.mx\/blog\/wp-json\/wp\/v2\/comments?post=13713"}],"version-history":[{"count":1,"href":"https:\/\/puertointerior.guanajuato.gob.mx\/blog\/wp-json\/wp\/v2\/posts\/13713\/revisions"}],"predecessor-version":[{"id":13715,"href":"https:\/\/puertointerior.guanajuato.gob.mx\/blog\/wp-json\/wp\/v2\/posts\/13713\/revisions\/13715"}],"wp:featuredmedia":[{"embeddable":true,"href":"https:\/\/puertointerior.guanajuato.gob.mx\/blog\/wp-json\/wp\/v2\/media\/13714"}],"wp:attachment":[{"href":"https:\/\/puertointerior.guanajuato.gob.mx\/blog\/wp-json\/wp\/v2\/media?parent=13713"}],"wp:term":[{"taxonomy":"category","embeddable":true,"href":"https:\/\/puertointerior.guanajuato.gob.mx\/blog\/wp-json\/wp\/v2\/categories?post=13713"},{"taxonomy":"post_tag","embeddable":true,"href":"https:\/\/puertointerior.guanajuato.gob.mx\/blog\/wp-json\/wp\/v2\/tags?post=13713"}],"curies":[{"name":"wp","href":"https:\/\/api.w.org\/{rel}","templated":true}]}}