{"id":13985,"date":"2024-10-23T17:36:03","date_gmt":"2024-10-23T22:36:03","guid":{"rendered":"https:\/\/puertointerior.guanajuato.gob.mx\/blog\/?p=13985"},"modified":"2024-10-23T17:36:03","modified_gmt":"2024-10-23T22:36:03","slug":"firman-clientes-para-la-puerta-logistica","status":"publish","type":"post","link":"https:\/\/puertointerior.guanajuato.gob.mx\/blog\/2024\/10\/23\/firman-clientes-para-la-puerta-logistica\/","title":{"rendered":"Firman clientes para la Puerta Log\u00edstica"},"content":{"rendered":"<p>Se han firmados siete clientes de los sectores granos, acero, electrodom\u00e9sticos, autos y papel, inform\u00f3 H\u00e9ctor L\u00f3pez Santillana.<\/p>\n<p>El proyecto de la Puerta Log\u00edstica del Baj\u00edo inicia su construcci\u00f3n dentro del primer cuatrimestre del pr\u00f3ximo a\u00f1o, donde en la primera etapa tendr\u00e1 una inversi\u00f3n de dos mil 500 millones de pesos, as\u00ed lo inform\u00f3 el Director del Puerto Interior, H\u00e9ctor L\u00f3pez Santillana.<\/p>\n<p>Dicho proyecto fue presentado desde agosto por el entonces gobernador del estado, Diego Sinhue Rodr\u00edguez Vallejo, y el ex presidente municipal de Celaya, Javier Mendoza M\u00e1rquez, quienes encabezaron la firma de Consolidaci\u00f3n de la Puerta Log\u00edstica del Baj\u00edo, antes llamado Puerto Interior ll, que se construir\u00e1 en una superficie de 51 hect\u00e1reas.<\/p>\n<p>En esa ocasi\u00f3n, en su mensaje, el ex gobernador recalc\u00f3 que con este tipo de modelo de inversi\u00f3n p\u00fablico-privada Guanajuato ser\u00e1 referente a nivel nacional y el epicentro de la log\u00edstica ferroviaria del pa\u00eds, por lo que otros estados lo replicar\u00e1n para tener ingresos propios.<\/p>\n<p>L\u00f3pez Santillana se reuni\u00f3 con el presidente municipal Juan Miguel Ram\u00edrez S\u00e1nchez, y el funcionario estatal dijo: \u201cson buenas noticias para Celaya, yo le pedir\u00eda a la autoridad municipal, les pudiera compartir las \u00faltimas noticias, fue una reuni\u00f3n ahorita para asentar las bases para el desarrollo de la Puerta Log\u00edstica del Baj\u00edo, que tendr\u00e1 un impacto muy importante en el desarrollo integral de Celaya&#8221;. \u00bfC\u00f3mo va el proyecto? \u201cVa muy bien, venimos aqu\u00ed a presentarnos los que integramos esta sociedad, que es una sociedad an\u00f3nima promotora de inversiones, en donde el gobierno de Guanajuato, a trav\u00e9s del Puerto Interior, se est\u00e1 asociando con el grupo AZVI, espa\u00f1ol, una empresa que tiene 130 a\u00f1os de experiencia en construcci\u00f3n, operaci\u00f3n y las bases para el desarrollo de la Puerta Log\u00edstica del Baj\u00edo con el alcalde Juan Miguel Ram\u00edrez\u00a0 S\u00e1nchez log\u00edstica ferroviaria, que es el tema central de este proyecto&#8221;.<\/p>\n<p>El director del Puerto Interior recalc\u00f3 que la correcta denominaci\u00f3n del proyecto es Puerta Log\u00edstica del Baj\u00edo, no es Puerto Interior de Celaya, ya que el municipio se merece su propia identidad, su propio proyecto, y el proyecto es un proyecto de log\u00edstica especializada ferroviaria para atender los sectores econ\u00f3micos que ya est\u00e1n en la regi\u00f3n, de los rubros de granos,<br \/>\nacero, electrodom\u00e9sticos y automotriz.<\/p>\n<blockquote><p>\u201cNo es una empresa inmobiliaria industrial, es un proyecto log\u00edstico ferroviario, entonces nosotros no venimos a traer m\u00e1s empresas, de entrada nosotros vamos a constituir una empresa que prestar\u00e1 servicios log\u00edsticos ferroviarios para la competitividad de la regi\u00f3n\u201d, resalt\u00f3 L\u00f3pez Santillana.<\/p><\/blockquote>\n<p>Desde la forma de la asociaci\u00f3n se ha avanzado mucho, las reuniones con los clientes, el trabajo de la constituci\u00f3n de la sociedad, registro de marcas, registros de dominios, aportaci\u00f3n de capital, la empresa tiene domicilio fiscal en Celaya, el notario es un notario de Celaya, y los comisarios de la sociedad son dos celayenses, as\u00ed que venimos con una clara intenci\u00f3n de ponernos y establecernos en Celaya, resalt\u00f3.<\/p>\n<blockquote><p>En cuanto a si el cambio de administraci\u00f3n y de partido pol\u00edtico, podr\u00eda representar peligro de que se pierda este proyecto, mencion\u00f3 que eso se le pregunte al presidente municipal, \u201cnosotros venimos saliendo de la reuni\u00f3n y salimos muy contentos de la reuni\u00f3n&#8221;.<\/p><\/blockquote>\n<p><strong>\u00bfDe acuerdo al proyecto, cu\u00e1ndo podr\u00eda arrancar?<\/strong><\/p>\n<blockquote><p>&#8220;Estar\u00eda arrancando ya, de hecho arranc\u00f3, ya la sociedad est\u00e1 constituida, estamos trabajando ahorita en la etapa de dise\u00f1o, en las entrevistas con los clientes, llevamos firmados siete clientes en convenios de colaboraci\u00f3n para poderles hacer dise\u00f1os a la medida y esperamos iniciar la construcci\u00f3n dentro del primer cuatrimestre del pr\u00f3ximo a\u00f1o&#8221;.<\/p><\/blockquote>\n<blockquote><p>\u00bfEstos clientes son locales o de d\u00f3nde? &#8220;Los clientes que ya est\u00e1n son clientes locales, hemos identificado cinco oportunidades de negocio, granos, acero, electrodom\u00e9sticos, autos y papel&#8221;.<\/p><\/blockquote>\n<p><strong>\u00bfSon los primeros siete? \u00bfHasta cu\u00e1ntos clientes se podr\u00e1n alcanzar?<\/strong><\/p>\n<blockquote><p>&#8220;La empresa es una empresa que va a prestar servicios, vuelvo a insistir, log\u00edsticos ferroviarios, entonces est\u00e1 contemplada para darles servicios a todas las empresas de la regi\u00f3n LajaBaj\u00edo y podr\u00eda ser un punto estrat\u00e9gico de la log\u00edstica nacional e internacional de la Rep\u00fablica Mexicana. Somos un punto de conexi\u00f3n entre (los puertos) Manzanillo y L\u00e1zaro C\u00e1rdenas<br \/>\npara poder llegar a los mercados de M\u00e9xico y a los mercados internacionales&#8221;.<\/p>\n<p>\u00bfNo ha habido dudas por la cuesti\u00f3n de inseguridad aqu\u00ed en la regi\u00f3n?<\/p><\/blockquote>\n<blockquote><p>&#8220;Nosotros venimos habituados a estos temas. Obviamente son temas que tendremos que<br \/>\natender, pero te dir\u00eda que ah\u00ed est\u00e1 la experiencia y la aportaci\u00f3n de Puerto Interior, que trae la<br \/>\nexperiencia de c\u00f3mo operar un complejo de mil 300 hect\u00e1reas con perfecta seguridad&#8221;.<\/p><\/blockquote>\n<p>Publicado originalmente por:\u00a0<a href=\"https:\/\/www.pressreader.com\/mexico\/el-sol-de-bajio\/20241023\/281573771175269?srsltid=AfmBOorYwww03L5t42sQ3xCohFL5CXoU-3EWEGlUUSS6lraWgYAmXEw9\">https:\/\/www.pressreader.com\/mexico\/el-sol-de-bajio\/20241023\/281573771175269?srsltid=AfmBOorYwww03L5t42sQ3xCohFL5CXoU-3EWEGlUUSS6lraWgYAmXEw9<\/a><\/p>\n","protected":false},"excerpt":{"rendered":"<p>Se han firmados siete clientes de los sectores granos, acero, electrodom\u00e9sticos, autos y papel, inform\u00f3 H\u00e9ctor L\u00f3pez Santillana. El proyecto de la Puerta Log\u00edstica del Baj\u00edo inicia su construcci\u00f3n dentro del primer cuatrimestre del pr\u00f3ximo a\u00f1o, donde en la primera etapa tendr\u00e1 una inversi\u00f3n de dos mil 500 millones de pesos, as\u00ed lo inform\u00f3 el [&hellip;]<\/p>\n","protected":false},"author":2,"featured_media":12329,"comment_status":"closed","ping_status":"open","sticky":false,"template":"","format":"standard","meta":{"jetpack_post_was_ever_published":false,"_jetpack_newsletter_access":"","_jetpack_dont_email_post_to_subs":false,"_jetpack_newsletter_tier_id":0,"_jetpack_memberships_contains_paywalled_content":false,"_jetpack_memberships_contains_paid_content":false,"footnotes":""},"categories":[4],"tags":[],"class_list":["post-13985","post","type-post","status-publish","format-standard","has-post-thumbnail","hentry","category-logistics"],"yoast_head":"<!-- This site is optimized with the Yoast SEO plugin v25.7 - https:\/\/yoast.com\/wordpress\/plugins\/seo\/ -->\n<title>Firman clientes para la Puerta Log\u00edstica - Blog | GPI NEWS<\/title>\n<meta name=\"robots\" content=\"index, follow, max-snippet:-1, max-image-preview:large, max-video-preview:-1\" \/>\n<link rel=\"canonical\" href=\"https:\/\/puertointerior.guanajuato.gob.mx\/blog\/2024\/10\/23\/firman-clientes-para-la-puerta-logistica\/\" \/>\n<meta property=\"og:locale\" content=\"es_MX\" \/>\n<meta property=\"og:type\" content=\"article\" \/>\n<meta property=\"og:title\" content=\"Firman clientes para la Puerta Log\u00edstica - Blog | GPI NEWS\" \/>\n<meta property=\"og:description\" content=\"Se han firmados siete clientes de los sectores granos, acero, electrodom\u00e9sticos, autos y papel, inform\u00f3 H\u00e9ctor L\u00f3pez Santillana. El proyecto de la Puerta Log\u00edstica del Baj\u00edo inicia su construcci\u00f3n dentro del primer cuatrimestre del pr\u00f3ximo a\u00f1o, donde en la primera etapa tendr\u00e1 una inversi\u00f3n de dos mil 500 millones de pesos, as\u00ed lo inform\u00f3 el [&hellip;]\" \/>\n<meta property=\"og:url\" content=\"https:\/\/puertointerior.guanajuato.gob.mx\/blog\/2024\/10\/23\/firman-clientes-para-la-puerta-logistica\/\" \/>\n<meta property=\"og:site_name\" content=\"Blog | GPI NEWS\" \/>\n<meta property=\"article:published_time\" content=\"2024-10-23T22:36:03+00:00\" \/>\n<meta property=\"og:image\" content=\"https:\/\/puertointerior.guanajuato.gob.mx\/blog\/wp-content\/uploads\/2024\/08\/tren-de-carga-se-pierde-en-el-horizonte-828x548-1.jpg\" \/>\n\t<meta property=\"og:image:width\" content=\"828\" \/>\n\t<meta property=\"og:image:height\" content=\"548\" \/>\n\t<meta property=\"og:image:type\" content=\"image\/jpeg\" \/>\n<meta name=\"author\" content=\"GPI NEWS\" \/>\n<meta name=\"twitter:card\" content=\"summary_large_image\" \/>\n<meta name=\"twitter:label1\" content=\"Escrito por\" \/>\n\t<meta name=\"twitter:data1\" content=\"GPI NEWS\" \/>\n\t<meta name=\"twitter:label2\" content=\"Tiempo de lectura\" \/>\n\t<meta name=\"twitter:data2\" content=\"4 minutos\" \/>\n<script type=\"application\/ld+json\" class=\"yoast-schema-graph\">{\"@context\":\"https:\/\/schema.org\",\"@graph\":[{\"@type\":\"WebPage\",\"@id\":\"https:\/\/puertointerior.guanajuato.gob.mx\/blog\/2024\/10\/23\/firman-clientes-para-la-puerta-logistica\/\",\"url\":\"https:\/\/puertointerior.guanajuato.gob.mx\/blog\/2024\/10\/23\/firman-clientes-para-la-puerta-logistica\/\",\"name\":\"Firman clientes para la Puerta Log\u00edstica - Blog | GPI NEWS\",\"isPartOf\":{\"@id\":\"https:\/\/puertointerior.guanajuato.gob.mx\/blog\/#website\"},\"primaryImageOfPage\":{\"@id\":\"https:\/\/puertointerior.guanajuato.gob.mx\/blog\/2024\/10\/23\/firman-clientes-para-la-puerta-logistica\/#primaryimage\"},\"image\":{\"@id\":\"https:\/\/puertointerior.guanajuato.gob.mx\/blog\/2024\/10\/23\/firman-clientes-para-la-puerta-logistica\/#primaryimage\"},\"thumbnailUrl\":\"https:\/\/puertointerior.guanajuato.gob.mx\/blog\/wp-content\/uploads\/2024\/08\/tren-de-carga-se-pierde-en-el-horizonte-828x548-1.jpg\",\"datePublished\":\"2024-10-23T22:36:03+00:00\",\"author\":{\"@id\":\"https:\/\/puertointerior.guanajuato.gob.mx\/blog\/#\/schema\/person\/f4851bb8a48c32d7fba5285caf4ef1c4\"},\"breadcrumb\":{\"@id\":\"https:\/\/puertointerior.guanajuato.gob.mx\/blog\/2024\/10\/23\/firman-clientes-para-la-puerta-logistica\/#breadcrumb\"},\"inLanguage\":\"es\",\"potentialAction\":[{\"@type\":\"ReadAction\",\"target\":[\"https:\/\/puertointerior.guanajuato.gob.mx\/blog\/2024\/10\/23\/firman-clientes-para-la-puerta-logistica\/\"]}]},{\"@type\":\"ImageObject\",\"inLanguage\":\"es\",\"@id\":\"https:\/\/puertointerior.guanajuato.gob.mx\/blog\/2024\/10\/23\/firman-clientes-para-la-puerta-logistica\/#primaryimage\",\"url\":\"https:\/\/puertointerior.guanajuato.gob.mx\/blog\/wp-content\/uploads\/2024\/08\/tren-de-carga-se-pierde-en-el-horizonte-828x548-1.jpg\",\"contentUrl\":\"https:\/\/puertointerior.guanajuato.gob.mx\/blog\/wp-content\/uploads\/2024\/08\/tren-de-carga-se-pierde-en-el-horizonte-828x548-1.jpg\",\"width\":828,\"height\":548},{\"@type\":\"BreadcrumbList\",\"@id\":\"https:\/\/puertointerior.guanajuato.gob.mx\/blog\/2024\/10\/23\/firman-clientes-para-la-puerta-logistica\/#breadcrumb\",\"itemListElement\":[{\"@type\":\"ListItem\",\"position\":1,\"name\":\"Inicio\",\"item\":\"https:\/\/puertointerior.guanajuato.gob.mx\/blog\/\"},{\"@type\":\"ListItem\",\"position\":2,\"name\":\"Firman clientes para la Puerta Log\u00edstica\"}]},{\"@type\":\"WebSite\",\"@id\":\"https:\/\/puertointerior.guanajuato.gob.mx\/blog\/#website\",\"url\":\"https:\/\/puertointerior.guanajuato.gob.mx\/blog\/\",\"name\":\"Blog | GPI NEWS\",\"description\":\"Guanajuato Puerto Interior\",\"potentialAction\":[{\"@type\":\"SearchAction\",\"target\":{\"@type\":\"EntryPoint\",\"urlTemplate\":\"https:\/\/puertointerior.guanajuato.gob.mx\/blog\/?s={search_term_string}\"},\"query-input\":{\"@type\":\"PropertyValueSpecification\",\"valueRequired\":true,\"valueName\":\"search_term_string\"}}],\"inLanguage\":\"es\"},{\"@type\":\"Person\",\"@id\":\"https:\/\/puertointerior.guanajuato.gob.mx\/blog\/#\/schema\/person\/f4851bb8a48c32d7fba5285caf4ef1c4\",\"name\":\"GPI NEWS\",\"image\":{\"@type\":\"ImageObject\",\"inLanguage\":\"es\",\"@id\":\"https:\/\/puertointerior.guanajuato.gob.mx\/blog\/#\/schema\/person\/image\/\",\"url\":\"https:\/\/secure.gravatar.com\/avatar\/612aca53a708cefc5ebe15ab0bc63c51a8ba58563e45c17848fa400e627e2717?s=96&d=mm&r=g\",\"contentUrl\":\"https:\/\/secure.gravatar.com\/avatar\/612aca53a708cefc5ebe15ab0bc63c51a8ba58563e45c17848fa400e627e2717?s=96&d=mm&r=g\",\"caption\":\"GPI NEWS\"},\"url\":\"https:\/\/puertointerior.guanajuato.gob.mx\/blog\/author\/rafa-jacinto\/\"}]}<\/script>\n<!-- \/ Yoast SEO plugin. -->","yoast_head_json":{"title":"Firman clientes para la Puerta Log\u00edstica - Blog | GPI NEWS","robots":{"index":"index","follow":"follow","max-snippet":"max-snippet:-1","max-image-preview":"max-image-preview:large","max-video-preview":"max-video-preview:-1"},"canonical":"https:\/\/puertointerior.guanajuato.gob.mx\/blog\/2024\/10\/23\/firman-clientes-para-la-puerta-logistica\/","og_locale":"es_MX","og_type":"article","og_title":"Firman clientes para la Puerta Log\u00edstica - Blog | GPI NEWS","og_description":"Se han firmados siete clientes de los sectores granos, acero, electrodom\u00e9sticos, autos y papel, inform\u00f3 H\u00e9ctor L\u00f3pez Santillana. El proyecto de la Puerta Log\u00edstica del Baj\u00edo inicia su construcci\u00f3n dentro del primer cuatrimestre del pr\u00f3ximo a\u00f1o, donde en la primera etapa tendr\u00e1 una inversi\u00f3n de dos mil 500 millones de pesos, as\u00ed lo inform\u00f3 el [&hellip;]","og_url":"https:\/\/puertointerior.guanajuato.gob.mx\/blog\/2024\/10\/23\/firman-clientes-para-la-puerta-logistica\/","og_site_name":"Blog | GPI NEWS","article_published_time":"2024-10-23T22:36:03+00:00","og_image":[{"width":828,"height":548,"url":"https:\/\/puertointerior.guanajuato.gob.mx\/blog\/wp-content\/uploads\/2024\/08\/tren-de-carga-se-pierde-en-el-horizonte-828x548-1.jpg","type":"image\/jpeg"}],"author":"GPI NEWS","twitter_card":"summary_large_image","twitter_misc":{"Escrito por":"GPI NEWS","Tiempo de lectura":"4 minutos"},"schema":{"@context":"https:\/\/schema.org","@graph":[{"@type":"WebPage","@id":"https:\/\/puertointerior.guanajuato.gob.mx\/blog\/2024\/10\/23\/firman-clientes-para-la-puerta-logistica\/","url":"https:\/\/puertointerior.guanajuato.gob.mx\/blog\/2024\/10\/23\/firman-clientes-para-la-puerta-logistica\/","name":"Firman clientes para la Puerta Log\u00edstica - Blog | GPI NEWS","isPartOf":{"@id":"https:\/\/puertointerior.guanajuato.gob.mx\/blog\/#website"},"primaryImageOfPage":{"@id":"https:\/\/puertointerior.guanajuato.gob.mx\/blog\/2024\/10\/23\/firman-clientes-para-la-puerta-logistica\/#primaryimage"},"image":{"@id":"https:\/\/puertointerior.guanajuato.gob.mx\/blog\/2024\/10\/23\/firman-clientes-para-la-puerta-logistica\/#primaryimage"},"thumbnailUrl":"https:\/\/puertointerior.guanajuato.gob.mx\/blog\/wp-content\/uploads\/2024\/08\/tren-de-carga-se-pierde-en-el-horizonte-828x548-1.jpg","datePublished":"2024-10-23T22:36:03+00:00","author":{"@id":"https:\/\/puertointerior.guanajuato.gob.mx\/blog\/#\/schema\/person\/f4851bb8a48c32d7fba5285caf4ef1c4"},"breadcrumb":{"@id":"https:\/\/puertointerior.guanajuato.gob.mx\/blog\/2024\/10\/23\/firman-clientes-para-la-puerta-logistica\/#breadcrumb"},"inLanguage":"es","potentialAction":[{"@type":"ReadAction","target":["https:\/\/puertointerior.guanajuato.gob.mx\/blog\/2024\/10\/23\/firman-clientes-para-la-puerta-logistica\/"]}]},{"@type":"ImageObject","inLanguage":"es","@id":"https:\/\/puertointerior.guanajuato.gob.mx\/blog\/2024\/10\/23\/firman-clientes-para-la-puerta-logistica\/#primaryimage","url":"https:\/\/puertointerior.guanajuato.gob.mx\/blog\/wp-content\/uploads\/2024\/08\/tren-de-carga-se-pierde-en-el-horizonte-828x548-1.jpg","contentUrl":"https:\/\/puertointerior.guanajuato.gob.mx\/blog\/wp-content\/uploads\/2024\/08\/tren-de-carga-se-pierde-en-el-horizonte-828x548-1.jpg","width":828,"height":548},{"@type":"BreadcrumbList","@id":"https:\/\/puertointerior.guanajuato.gob.mx\/blog\/2024\/10\/23\/firman-clientes-para-la-puerta-logistica\/#breadcrumb","itemListElement":[{"@type":"ListItem","position":1,"name":"Inicio","item":"https:\/\/puertointerior.guanajuato.gob.mx\/blog\/"},{"@type":"ListItem","position":2,"name":"Firman clientes para la Puerta Log\u00edstica"}]},{"@type":"WebSite","@id":"https:\/\/puertointerior.guanajuato.gob.mx\/blog\/#website","url":"https:\/\/puertointerior.guanajuato.gob.mx\/blog\/","name":"Blog | GPI NEWS","description":"Guanajuato Puerto Interior","potentialAction":[{"@type":"SearchAction","target":{"@type":"EntryPoint","urlTemplate":"https:\/\/puertointerior.guanajuato.gob.mx\/blog\/?s={search_term_string}"},"query-input":{"@type":"PropertyValueSpecification","valueRequired":true,"valueName":"search_term_string"}}],"inLanguage":"es"},{"@type":"Person","@id":"https:\/\/puertointerior.guanajuato.gob.mx\/blog\/#\/schema\/person\/f4851bb8a48c32d7fba5285caf4ef1c4","name":"GPI NEWS","image":{"@type":"ImageObject","inLanguage":"es","@id":"https:\/\/puertointerior.guanajuato.gob.mx\/blog\/#\/schema\/person\/image\/","url":"https:\/\/secure.gravatar.com\/avatar\/612aca53a708cefc5ebe15ab0bc63c51a8ba58563e45c17848fa400e627e2717?s=96&d=mm&r=g","contentUrl":"https:\/\/secure.gravatar.com\/avatar\/612aca53a708cefc5ebe15ab0bc63c51a8ba58563e45c17848fa400e627e2717?s=96&d=mm&r=g","caption":"GPI NEWS"},"url":"https:\/\/puertointerior.guanajuato.gob.mx\/blog\/author\/rafa-jacinto\/"}]}},"jetpack_featured_media_url":"https:\/\/puertointerior.guanajuato.gob.mx\/blog\/wp-content\/uploads\/2024\/08\/tren-de-carga-se-pierde-en-el-horizonte-828x548-1.jpg","jetpack_sharing_enabled":true,"jetpack_shortlink":"https:\/\/wp.me\/pcnMPA-3Dz","_links":{"self":[{"href":"https:\/\/puertointerior.guanajuato.gob.mx\/blog\/wp-json\/wp\/v2\/posts\/13985","targetHints":{"allow":["GET"]}}],"collection":[{"href":"https:\/\/puertointerior.guanajuato.gob.mx\/blog\/wp-json\/wp\/v2\/posts"}],"about":[{"href":"https:\/\/puertointerior.guanajuato.gob.mx\/blog\/wp-json\/wp\/v2\/types\/post"}],"author":[{"embeddable":true,"href":"https:\/\/puertointerior.guanajuato.gob.mx\/blog\/wp-json\/wp\/v2\/users\/2"}],"replies":[{"embeddable":true,"href":"https:\/\/puertointerior.guanajuato.gob.mx\/blog\/wp-json\/wp\/v2\/comments?post=13985"}],"version-history":[{"count":1,"href":"https:\/\/puertointerior.guanajuato.gob.mx\/blog\/wp-json\/wp\/v2\/posts\/13985\/revisions"}],"predecessor-version":[{"id":13986,"href":"https:\/\/puertointerior.guanajuato.gob.mx\/blog\/wp-json\/wp\/v2\/posts\/13985\/revisions\/13986"}],"wp:featuredmedia":[{"embeddable":true,"href":"https:\/\/puertointerior.guanajuato.gob.mx\/blog\/wp-json\/wp\/v2\/media\/12329"}],"wp:attachment":[{"href":"https:\/\/puertointerior.guanajuato.gob.mx\/blog\/wp-json\/wp\/v2\/media?parent=13985"}],"wp:term":[{"taxonomy":"category","embeddable":true,"href":"https:\/\/puertointerior.guanajuato.gob.mx\/blog\/wp-json\/wp\/v2\/categories?post=13985"},{"taxonomy":"post_tag","embeddable":true,"href":"https:\/\/puertointerior.guanajuato.gob.mx\/blog\/wp-json\/wp\/v2\/tags?post=13985"}],"curies":[{"name":"wp","href":"https:\/\/api.w.org\/{rel}","templated":true}]}}