{"id":14150,"date":"2024-10-31T00:05:22","date_gmt":"2024-10-31T05:05:22","guid":{"rendered":"https:\/\/puertointerior.guanajuato.gob.mx\/blog\/?p=14150"},"modified":"2024-10-31T00:05:37","modified_gmt":"2024-10-31T05:05:37","slug":"la-ue-adopta-aranceles-de-hasta-el-353-a-los-vehiculos-electricos-chinos","status":"publish","type":"post","link":"https:\/\/puertointerior.guanajuato.gob.mx\/blog\/2024\/10\/31\/la-ue-adopta-aranceles-de-hasta-el-353-a-los-vehiculos-electricos-chinos\/","title":{"rendered":"La UE adopta aranceles de hasta el 35,3% a los veh\u00edculos el\u00e9ctricos chinos"},"content":{"rendered":"<p>La Uni\u00f3n Europea (UE) adopt\u00f3 este martes la reglamentaci\u00f3n para aplicar pesados aranceles adicionales, de hasta 35,3%, a veh\u00edculos el\u00e9ctricos importados desde China, vistos como responsables por da\u00f1os a la competencia en el bloque.<\/p>\n<p>Esos veh\u00edculos ya eran objeto de derechos aduaneros del 10% y pasan a tener aranceles que alcanzan hasta un m\u00e1ximo de 35,3% y var\u00edan seg\u00fan las empresas, por un per\u00edodo de cinco a\u00f1os.<\/p>\n<p>La reglamentaci\u00f3n se tornar\u00e1 ley despu\u00e9s de ser publicada el mi\u00e9rcoles en el Diario Oficial de la UE.<\/p>\n<p>En respuesta, el Ministerio de Comercio chino afirm\u00f3 que \u00abno aprueba ni acepta\u00bb las nuevas tarifas y adelant\u00f3 que llevar\u00e1 el caso a la Organizaci\u00f3n Mundial del Comercio (OMC).<\/p>\n<p>En un comunicado, el comisario europeo de Comercio, Valdis Dombrovskis, apunt\u00f3 que el bloque da \u00abla bienvenida a la competencia, incluso en el sector de los veh\u00edculos el\u00e9ctricos, pero debe estar sustentada en la justicia y la igualdad de condiciones\u00bb.<\/p>\n<p>La UE sospecha que las empresas que ser\u00e1n objeto de los aranceles adicionales se benefician de subsidios, y esas ayudas estatales les permiten competir en condiciones ventajosas.<\/p>\n<p>La adopci\u00f3n de la reglamentaci\u00f3n marc\u00f3 el fin de la investigaci\u00f3n realizada por la Comisi\u00f3n Europea (el brazo ejecutivo de la UE) sobre esos subsidios.<\/p>\n<p>De acuerdo con la reglamentaci\u00f3n, los productos del grupo automotor SAIC tendr\u00e1n un arancel adicional del 35,3%, el BYD del 17% y el Geely del 18,8%.<\/p>\n<p>Las empresas que cooperaron con las investigaciones de la UE relativas al impacto sobre la competencia en el bloque tendr\u00e1n un arancel del 20,7%, y el resto de las firmas el 35,3%.<\/p>\n<p>China y la UE mantienen desde hace varios meses contactos para tratar de hallar una salida negociada a la situaci\u00f3n. El bloque europeo adelant\u00f3 que est\u00e1 dispuesto a cancelar estos aranceles adicionales en caso de que se alcance un acuerdo.<\/p>\n<p>La idea de estos derechos de aduana ha enfrentado a Francia y Alemania, las dos mayores econom\u00edas de la UE.<\/p>\n<p>Francia, de un lado, sostiene que la medida es necesaria para nivelar la competencia, pues los fabricantes de autom\u00f3viles de la UE est\u00e1n en clara desventaja frente a sus competidores chinos.<\/p>\n<p>Sin embargo, Alemania, reconocida por su fuerte industria automotriz y cuyos mayores fabricantes han invertido fuertemente en China, advirti\u00f3 que la UE debe evitar perjudicarse a s\u00ed misma y pidi\u00f3 que contin\u00faen las negociaciones con las autoridades chinas.<\/p>\n<p>Estos aranceles plantean el \u00abriesgo de un conflicto comercial de gran envergadura\u00bb, deplor\u00f3 el martes el grupo de presi\u00f3n de la industria automovil\u00edstica alemana VDA, asegurando que son \u00abun paso atr\u00e1s (\u2026) para la prosperidad, el empleo y el crecimiento de Europa\u00bb.<\/p>\n<p>Publicado originalmente por:\u00a0<a href=\"https:\/\/www.swissinfo.ch\/spa\/la-ue-adopta-aranceles-de-hasta-el-35%2C3%25-a-los-veh%C3%ADculos-el%C3%A9ctricos-chinos\/87874628\">https:\/\/www.swissinfo.ch\/spa\/la-ue-adopta-aranceles-de-hasta-el-35%2C3%25-a-los-veh%C3%ADculos-el%C3%A9ctricos-chinos\/87874628<\/a><\/p>\n","protected":false},"excerpt":{"rendered":"<p>La Uni\u00f3n Europea (UE) adopt\u00f3 este martes la reglamentaci\u00f3n para aplicar pesados aranceles adicionales, de hasta 35,3%, a veh\u00edculos el\u00e9ctricos importados desde China, vistos como responsables por da\u00f1os a la competencia en el bloque. Esos veh\u00edculos ya eran objeto de derechos aduaneros del 10% y pasan a tener aranceles que alcanzan hasta un m\u00e1ximo de [&hellip;]<\/p>\n","protected":false},"author":2,"featured_media":14151,"comment_status":"closed","ping_status":"open","sticky":false,"template":"","format":"standard","meta":{"jetpack_post_was_ever_published":false,"_jetpack_newsletter_access":"","_jetpack_dont_email_post_to_subs":false,"_jetpack_newsletter_tier_id":0,"_jetpack_memberships_contains_paywalled_content":false,"_jetpack_memberships_contains_paid_content":false,"footnotes":""},"categories":[4],"tags":[],"class_list":["post-14150","post","type-post","status-publish","format-standard","has-post-thumbnail","hentry","category-logistics"],"yoast_head":"<!-- This site is optimized with the Yoast SEO plugin v25.7 - https:\/\/yoast.com\/wordpress\/plugins\/seo\/ -->\n<title>La UE adopta aranceles de hasta el 35,3% a los veh\u00edculos el\u00e9ctricos chinos - Blog | GPI NEWS<\/title>\n<meta name=\"robots\" content=\"index, follow, max-snippet:-1, max-image-preview:large, max-video-preview:-1\" \/>\n<link rel=\"canonical\" href=\"https:\/\/puertointerior.guanajuato.gob.mx\/blog\/2024\/10\/31\/la-ue-adopta-aranceles-de-hasta-el-353-a-los-vehiculos-electricos-chinos\/\" \/>\n<meta property=\"og:locale\" content=\"es_MX\" \/>\n<meta property=\"og:type\" content=\"article\" \/>\n<meta property=\"og:title\" content=\"La UE adopta aranceles de hasta el 35,3% a los veh\u00edculos el\u00e9ctricos chinos - Blog | GPI NEWS\" \/>\n<meta property=\"og:description\" content=\"La Uni\u00f3n Europea (UE) adopt\u00f3 este martes la reglamentaci\u00f3n para aplicar pesados aranceles adicionales, de hasta 35,3%, a veh\u00edculos el\u00e9ctricos importados desde China, vistos como responsables por da\u00f1os a la competencia en el bloque. Esos veh\u00edculos ya eran objeto de derechos aduaneros del 10% y pasan a tener aranceles que alcanzan hasta un m\u00e1ximo de [&hellip;]\" \/>\n<meta property=\"og:url\" content=\"https:\/\/puertointerior.guanajuato.gob.mx\/blog\/2024\/10\/31\/la-ue-adopta-aranceles-de-hasta-el-353-a-los-vehiculos-electricos-chinos\/\" \/>\n<meta property=\"og:site_name\" content=\"Blog | GPI NEWS\" \/>\n<meta property=\"article:published_time\" content=\"2024-10-31T05:05:22+00:00\" \/>\n<meta property=\"article:modified_time\" content=\"2024-10-31T05:05:37+00:00\" \/>\n<meta property=\"og:image\" content=\"https:\/\/puertointerior.guanajuato.gob.mx\/blog\/wp-content\/uploads\/2024\/10\/e1770dde5be2343d0fcd7b5988f9f2cf-87874589.jpg\" \/>\n\t<meta property=\"og:image:width\" content=\"880\" \/>\n\t<meta property=\"og:image:height\" content=\"587\" \/>\n\t<meta property=\"og:image:type\" content=\"image\/jpeg\" \/>\n<meta name=\"author\" content=\"GPI NEWS\" \/>\n<meta name=\"twitter:card\" content=\"summary_large_image\" \/>\n<meta name=\"twitter:label1\" content=\"Escrito por\" \/>\n\t<meta name=\"twitter:data1\" content=\"GPI NEWS\" \/>\n\t<meta name=\"twitter:label2\" content=\"Tiempo de lectura\" \/>\n\t<meta name=\"twitter:data2\" content=\"2 minutos\" \/>\n<script type=\"application\/ld+json\" class=\"yoast-schema-graph\">{\"@context\":\"https:\/\/schema.org\",\"@graph\":[{\"@type\":\"WebPage\",\"@id\":\"https:\/\/puertointerior.guanajuato.gob.mx\/blog\/2024\/10\/31\/la-ue-adopta-aranceles-de-hasta-el-353-a-los-vehiculos-electricos-chinos\/\",\"url\":\"https:\/\/puertointerior.guanajuato.gob.mx\/blog\/2024\/10\/31\/la-ue-adopta-aranceles-de-hasta-el-353-a-los-vehiculos-electricos-chinos\/\",\"name\":\"La UE adopta aranceles de hasta el 35,3% a los veh\u00edculos el\u00e9ctricos chinos - Blog | GPI NEWS\",\"isPartOf\":{\"@id\":\"https:\/\/puertointerior.guanajuato.gob.mx\/blog\/#website\"},\"primaryImageOfPage\":{\"@id\":\"https:\/\/puertointerior.guanajuato.gob.mx\/blog\/2024\/10\/31\/la-ue-adopta-aranceles-de-hasta-el-353-a-los-vehiculos-electricos-chinos\/#primaryimage\"},\"image\":{\"@id\":\"https:\/\/puertointerior.guanajuato.gob.mx\/blog\/2024\/10\/31\/la-ue-adopta-aranceles-de-hasta-el-353-a-los-vehiculos-electricos-chinos\/#primaryimage\"},\"thumbnailUrl\":\"https:\/\/puertointerior.guanajuato.gob.mx\/blog\/wp-content\/uploads\/2024\/10\/e1770dde5be2343d0fcd7b5988f9f2cf-87874589.jpg\",\"datePublished\":\"2024-10-31T05:05:22+00:00\",\"dateModified\":\"2024-10-31T05:05:37+00:00\",\"author\":{\"@id\":\"https:\/\/puertointerior.guanajuato.gob.mx\/blog\/#\/schema\/person\/f4851bb8a48c32d7fba5285caf4ef1c4\"},\"breadcrumb\":{\"@id\":\"https:\/\/puertointerior.guanajuato.gob.mx\/blog\/2024\/10\/31\/la-ue-adopta-aranceles-de-hasta-el-353-a-los-vehiculos-electricos-chinos\/#breadcrumb\"},\"inLanguage\":\"es\",\"potentialAction\":[{\"@type\":\"ReadAction\",\"target\":[\"https:\/\/puertointerior.guanajuato.gob.mx\/blog\/2024\/10\/31\/la-ue-adopta-aranceles-de-hasta-el-353-a-los-vehiculos-electricos-chinos\/\"]}]},{\"@type\":\"ImageObject\",\"inLanguage\":\"es\",\"@id\":\"https:\/\/puertointerior.guanajuato.gob.mx\/blog\/2024\/10\/31\/la-ue-adopta-aranceles-de-hasta-el-353-a-los-vehiculos-electricos-chinos\/#primaryimage\",\"url\":\"https:\/\/puertointerior.guanajuato.gob.mx\/blog\/wp-content\/uploads\/2024\/10\/e1770dde5be2343d0fcd7b5988f9f2cf-87874589.jpg\",\"contentUrl\":\"https:\/\/puertointerior.guanajuato.gob.mx\/blog\/wp-content\/uploads\/2024\/10\/e1770dde5be2343d0fcd7b5988f9f2cf-87874589.jpg\",\"width\":880,\"height\":587},{\"@type\":\"BreadcrumbList\",\"@id\":\"https:\/\/puertointerior.guanajuato.gob.mx\/blog\/2024\/10\/31\/la-ue-adopta-aranceles-de-hasta-el-353-a-los-vehiculos-electricos-chinos\/#breadcrumb\",\"itemListElement\":[{\"@type\":\"ListItem\",\"position\":1,\"name\":\"Inicio\",\"item\":\"https:\/\/puertointerior.guanajuato.gob.mx\/blog\/\"},{\"@type\":\"ListItem\",\"position\":2,\"name\":\"La UE adopta aranceles de hasta el 35,3% a los veh\u00edculos el\u00e9ctricos chinos\"}]},{\"@type\":\"WebSite\",\"@id\":\"https:\/\/puertointerior.guanajuato.gob.mx\/blog\/#website\",\"url\":\"https:\/\/puertointerior.guanajuato.gob.mx\/blog\/\",\"name\":\"Blog | GPI NEWS\",\"description\":\"Guanajuato Puerto Interior\",\"potentialAction\":[{\"@type\":\"SearchAction\",\"target\":{\"@type\":\"EntryPoint\",\"urlTemplate\":\"https:\/\/puertointerior.guanajuato.gob.mx\/blog\/?s={search_term_string}\"},\"query-input\":{\"@type\":\"PropertyValueSpecification\",\"valueRequired\":true,\"valueName\":\"search_term_string\"}}],\"inLanguage\":\"es\"},{\"@type\":\"Person\",\"@id\":\"https:\/\/puertointerior.guanajuato.gob.mx\/blog\/#\/schema\/person\/f4851bb8a48c32d7fba5285caf4ef1c4\",\"name\":\"GPI NEWS\",\"image\":{\"@type\":\"ImageObject\",\"inLanguage\":\"es\",\"@id\":\"https:\/\/puertointerior.guanajuato.gob.mx\/blog\/#\/schema\/person\/image\/\",\"url\":\"https:\/\/secure.gravatar.com\/avatar\/612aca53a708cefc5ebe15ab0bc63c51a8ba58563e45c17848fa400e627e2717?s=96&d=mm&r=g\",\"contentUrl\":\"https:\/\/secure.gravatar.com\/avatar\/612aca53a708cefc5ebe15ab0bc63c51a8ba58563e45c17848fa400e627e2717?s=96&d=mm&r=g\",\"caption\":\"GPI NEWS\"},\"url\":\"https:\/\/puertointerior.guanajuato.gob.mx\/blog\/author\/rafa-jacinto\/\"}]}<\/script>\n<!-- \/ Yoast SEO plugin. -->","yoast_head_json":{"title":"La UE adopta aranceles de hasta el 35,3% a los veh\u00edculos el\u00e9ctricos chinos - Blog | GPI NEWS","robots":{"index":"index","follow":"follow","max-snippet":"max-snippet:-1","max-image-preview":"max-image-preview:large","max-video-preview":"max-video-preview:-1"},"canonical":"https:\/\/puertointerior.guanajuato.gob.mx\/blog\/2024\/10\/31\/la-ue-adopta-aranceles-de-hasta-el-353-a-los-vehiculos-electricos-chinos\/","og_locale":"es_MX","og_type":"article","og_title":"La UE adopta aranceles de hasta el 35,3% a los veh\u00edculos el\u00e9ctricos chinos - Blog | GPI NEWS","og_description":"La Uni\u00f3n Europea (UE) adopt\u00f3 este martes la reglamentaci\u00f3n para aplicar pesados aranceles adicionales, de hasta 35,3%, a veh\u00edculos el\u00e9ctricos importados desde China, vistos como responsables por da\u00f1os a la competencia en el bloque. Esos veh\u00edculos ya eran objeto de derechos aduaneros del 10% y pasan a tener aranceles que alcanzan hasta un m\u00e1ximo de [&hellip;]","og_url":"https:\/\/puertointerior.guanajuato.gob.mx\/blog\/2024\/10\/31\/la-ue-adopta-aranceles-de-hasta-el-353-a-los-vehiculos-electricos-chinos\/","og_site_name":"Blog | GPI NEWS","article_published_time":"2024-10-31T05:05:22+00:00","article_modified_time":"2024-10-31T05:05:37+00:00","og_image":[{"width":880,"height":587,"url":"https:\/\/puertointerior.guanajuato.gob.mx\/blog\/wp-content\/uploads\/2024\/10\/e1770dde5be2343d0fcd7b5988f9f2cf-87874589.jpg","type":"image\/jpeg"}],"author":"GPI NEWS","twitter_card":"summary_large_image","twitter_misc":{"Escrito por":"GPI NEWS","Tiempo de lectura":"2 minutos"},"schema":{"@context":"https:\/\/schema.org","@graph":[{"@type":"WebPage","@id":"https:\/\/puertointerior.guanajuato.gob.mx\/blog\/2024\/10\/31\/la-ue-adopta-aranceles-de-hasta-el-353-a-los-vehiculos-electricos-chinos\/","url":"https:\/\/puertointerior.guanajuato.gob.mx\/blog\/2024\/10\/31\/la-ue-adopta-aranceles-de-hasta-el-353-a-los-vehiculos-electricos-chinos\/","name":"La UE adopta aranceles de hasta el 35,3% a los veh\u00edculos el\u00e9ctricos chinos - Blog | GPI NEWS","isPartOf":{"@id":"https:\/\/puertointerior.guanajuato.gob.mx\/blog\/#website"},"primaryImageOfPage":{"@id":"https:\/\/puertointerior.guanajuato.gob.mx\/blog\/2024\/10\/31\/la-ue-adopta-aranceles-de-hasta-el-353-a-los-vehiculos-electricos-chinos\/#primaryimage"},"image":{"@id":"https:\/\/puertointerior.guanajuato.gob.mx\/blog\/2024\/10\/31\/la-ue-adopta-aranceles-de-hasta-el-353-a-los-vehiculos-electricos-chinos\/#primaryimage"},"thumbnailUrl":"https:\/\/puertointerior.guanajuato.gob.mx\/blog\/wp-content\/uploads\/2024\/10\/e1770dde5be2343d0fcd7b5988f9f2cf-87874589.jpg","datePublished":"2024-10-31T05:05:22+00:00","dateModified":"2024-10-31T05:05:37+00:00","author":{"@id":"https:\/\/puertointerior.guanajuato.gob.mx\/blog\/#\/schema\/person\/f4851bb8a48c32d7fba5285caf4ef1c4"},"breadcrumb":{"@id":"https:\/\/puertointerior.guanajuato.gob.mx\/blog\/2024\/10\/31\/la-ue-adopta-aranceles-de-hasta-el-353-a-los-vehiculos-electricos-chinos\/#breadcrumb"},"inLanguage":"es","potentialAction":[{"@type":"ReadAction","target":["https:\/\/puertointerior.guanajuato.gob.mx\/blog\/2024\/10\/31\/la-ue-adopta-aranceles-de-hasta-el-353-a-los-vehiculos-electricos-chinos\/"]}]},{"@type":"ImageObject","inLanguage":"es","@id":"https:\/\/puertointerior.guanajuato.gob.mx\/blog\/2024\/10\/31\/la-ue-adopta-aranceles-de-hasta-el-353-a-los-vehiculos-electricos-chinos\/#primaryimage","url":"https:\/\/puertointerior.guanajuato.gob.mx\/blog\/wp-content\/uploads\/2024\/10\/e1770dde5be2343d0fcd7b5988f9f2cf-87874589.jpg","contentUrl":"https:\/\/puertointerior.guanajuato.gob.mx\/blog\/wp-content\/uploads\/2024\/10\/e1770dde5be2343d0fcd7b5988f9f2cf-87874589.jpg","width":880,"height":587},{"@type":"BreadcrumbList","@id":"https:\/\/puertointerior.guanajuato.gob.mx\/blog\/2024\/10\/31\/la-ue-adopta-aranceles-de-hasta-el-353-a-los-vehiculos-electricos-chinos\/#breadcrumb","itemListElement":[{"@type":"ListItem","position":1,"name":"Inicio","item":"https:\/\/puertointerior.guanajuato.gob.mx\/blog\/"},{"@type":"ListItem","position":2,"name":"La UE adopta aranceles de hasta el 35,3% a los veh\u00edculos el\u00e9ctricos chinos"}]},{"@type":"WebSite","@id":"https:\/\/puertointerior.guanajuato.gob.mx\/blog\/#website","url":"https:\/\/puertointerior.guanajuato.gob.mx\/blog\/","name":"Blog | GPI NEWS","description":"Guanajuato Puerto Interior","potentialAction":[{"@type":"SearchAction","target":{"@type":"EntryPoint","urlTemplate":"https:\/\/puertointerior.guanajuato.gob.mx\/blog\/?s={search_term_string}"},"query-input":{"@type":"PropertyValueSpecification","valueRequired":true,"valueName":"search_term_string"}}],"inLanguage":"es"},{"@type":"Person","@id":"https:\/\/puertointerior.guanajuato.gob.mx\/blog\/#\/schema\/person\/f4851bb8a48c32d7fba5285caf4ef1c4","name":"GPI NEWS","image":{"@type":"ImageObject","inLanguage":"es","@id":"https:\/\/puertointerior.guanajuato.gob.mx\/blog\/#\/schema\/person\/image\/","url":"https:\/\/secure.gravatar.com\/avatar\/612aca53a708cefc5ebe15ab0bc63c51a8ba58563e45c17848fa400e627e2717?s=96&d=mm&r=g","contentUrl":"https:\/\/secure.gravatar.com\/avatar\/612aca53a708cefc5ebe15ab0bc63c51a8ba58563e45c17848fa400e627e2717?s=96&d=mm&r=g","caption":"GPI NEWS"},"url":"https:\/\/puertointerior.guanajuato.gob.mx\/blog\/author\/rafa-jacinto\/"}]}},"jetpack_featured_media_url":"https:\/\/puertointerior.guanajuato.gob.mx\/blog\/wp-content\/uploads\/2024\/10\/e1770dde5be2343d0fcd7b5988f9f2cf-87874589.jpg","jetpack_sharing_enabled":true,"jetpack_shortlink":"https:\/\/wp.me\/pcnMPA-3Ge","_links":{"self":[{"href":"https:\/\/puertointerior.guanajuato.gob.mx\/blog\/wp-json\/wp\/v2\/posts\/14150","targetHints":{"allow":["GET"]}}],"collection":[{"href":"https:\/\/puertointerior.guanajuato.gob.mx\/blog\/wp-json\/wp\/v2\/posts"}],"about":[{"href":"https:\/\/puertointerior.guanajuato.gob.mx\/blog\/wp-json\/wp\/v2\/types\/post"}],"author":[{"embeddable":true,"href":"https:\/\/puertointerior.guanajuato.gob.mx\/blog\/wp-json\/wp\/v2\/users\/2"}],"replies":[{"embeddable":true,"href":"https:\/\/puertointerior.guanajuato.gob.mx\/blog\/wp-json\/wp\/v2\/comments?post=14150"}],"version-history":[{"count":1,"href":"https:\/\/puertointerior.guanajuato.gob.mx\/blog\/wp-json\/wp\/v2\/posts\/14150\/revisions"}],"predecessor-version":[{"id":14152,"href":"https:\/\/puertointerior.guanajuato.gob.mx\/blog\/wp-json\/wp\/v2\/posts\/14150\/revisions\/14152"}],"wp:featuredmedia":[{"embeddable":true,"href":"https:\/\/puertointerior.guanajuato.gob.mx\/blog\/wp-json\/wp\/v2\/media\/14151"}],"wp:attachment":[{"href":"https:\/\/puertointerior.guanajuato.gob.mx\/blog\/wp-json\/wp\/v2\/media?parent=14150"}],"wp:term":[{"taxonomy":"category","embeddable":true,"href":"https:\/\/puertointerior.guanajuato.gob.mx\/blog\/wp-json\/wp\/v2\/categories?post=14150"},{"taxonomy":"post_tag","embeddable":true,"href":"https:\/\/puertointerior.guanajuato.gob.mx\/blog\/wp-json\/wp\/v2\/tags?post=14150"}],"curies":[{"name":"wp","href":"https:\/\/api.w.org\/{rel}","templated":true}]}}