{"id":14174,"date":"2024-11-01T13:21:20","date_gmt":"2024-11-01T18:21:20","guid":{"rendered":"https:\/\/puertointerior.guanajuato.gob.mx\/blog\/?p=14174"},"modified":"2024-11-01T13:21:20","modified_gmt":"2024-11-01T18:21:20","slug":"reiteran-importancia-del-proyecto-de-un-hub-de-carga","status":"publish","type":"post","link":"https:\/\/puertointerior.guanajuato.gob.mx\/blog\/2024\/11\/01\/reiteran-importancia-del-proyecto-de-un-hub-de-carga\/","title":{"rendered":"Reiteran importancia del proyecto de un Hub de carga"},"content":{"rendered":"<p>Un Hub es donde se re\u00fanen las mercanc\u00edas para ser redistribuidas, y que suele estar ubicado en zonas estrat\u00e9gicas.<\/p>\n<p>El Presidente del Cl\u00faster Log\u00edstico y de Movilidad de Guanajuato, Enrique Gonz\u00e1lez Mu\u00f1oz, reiter\u00f3 la\u00a0<strong>importancia de contar con un Hub de carga<\/strong>\u00a0entre el Puerto Interior y el Aeropuerto Internacional de Guanajuato.<\/p>\n<p>Un hub log\u00edstico es un\u00a0<strong>centro de<\/strong>\u00a0<strong>distribuci\u00f3n de mercanc\u00edas<\/strong>\u00a0que se encarga de agilizar el env\u00edo y la expedici\u00f3n de cargas; es un lugar donde se re\u00fanen las mercanc\u00edas para ser\u00a0<strong>redistribuidas<\/strong>, y que suele estar ubicado en zonas estrat\u00e9gicas, como puertos, aeropuertos o nodos de transporte terrestre<\/p>\n<p>Durante la inauguraci\u00f3n de la edici\u00f3n n\u00famero 14 del Foro Log\u00edstico de Transporte 2024 en Le\u00f3n, Gonz\u00e1lez Mu\u00f1oz, destac\u00f3 que<strong>\u00a0Guanajuato tiene \u00e1reas de oportunidad<\/strong>\u00a0para ser un referente en la materia a nivel nacional.<\/p>\n<blockquote><p>\u201dLo que queremos es\u00a0<strong>hacer un v\u00ednculo con l\u00edneas a\u00e9reas comerciales<\/strong>\u00a0que vuelven a Houston y Dallas que tienen seis vuelos diarios y que empecemos a mover la carga de alguna manera combinado carga y pasaje, lamentablemente el Grupo Aeroportuario del Pac\u00edfico, no nos tiene en su programa quinquenal para la\u00a0<strong>ampliaci\u00f3n de un Hub de carga\u201d.<\/strong><\/p><\/blockquote>\n<p>Gonz\u00e1lez Mu\u00f1oz, dijo que el Gobierno de Guanajuato, ha sido un facilitador para obtener resultados en base a las\u00a0<strong>necesidades de la comunidad<\/strong>\u00a0y no de la particularidad; el Presidente del Cl\u00faster Log\u00edstico y de Movilidad de Guanajuato, refiri\u00f3 que en Puerto Interior, se puede\u00a0<strong>habilitar<\/strong>\u00a0<strong>un<\/strong>\u00a0<strong>espacio<\/strong>\u00a0donde confluya la carga intermodal.<\/p>\n<blockquote><p>\u201cC\u00f3mo pasar los contenedores del ferrocarril, la desconsolidaci\u00f3n de la carga en su \u00faltima milla, hay que decir que se\u00a0<strong>han hecho proyectos ejecutivos<\/strong>\u00a0para mejorar la log\u00edstica del estado y centro del pa\u00eds\u201d.<\/p><\/blockquote>\n<p>Publicado originalmente por:\u00a0<a href=\"https:\/\/tv4noticias.com\/noticias\/reiteran-importancia-del-proyecto-de-un-hub-de-carga\">https:\/\/tv4noticias.com\/noticias\/reiteran-importancia-del-proyecto-de-un-hub-de-carga<\/a><\/p>\n","protected":false},"excerpt":{"rendered":"<p>Un Hub es donde se re\u00fanen las mercanc\u00edas para ser redistribuidas, y que suele estar ubicado en zonas estrat\u00e9gicas. El Presidente del Cl\u00faster Log\u00edstico y de Movilidad de Guanajuato, Enrique Gonz\u00e1lez Mu\u00f1oz, reiter\u00f3 la\u00a0importancia de contar con un Hub de carga\u00a0entre el Puerto Interior y el Aeropuerto Internacional de Guanajuato. Un hub log\u00edstico es un\u00a0centro [&hellip;]<\/p>\n","protected":false},"author":2,"featured_media":14175,"comment_status":"closed","ping_status":"open","sticky":false,"template":"","format":"standard","meta":{"jetpack_post_was_ever_published":false,"_jetpack_newsletter_access":"","_jetpack_dont_email_post_to_subs":false,"_jetpack_newsletter_tier_id":0,"_jetpack_memberships_contains_paywalled_content":false,"_jetpack_memberships_contains_paid_content":false,"footnotes":""},"categories":[4],"tags":[],"class_list":["post-14174","post","type-post","status-publish","format-standard","has-post-thumbnail","hentry","category-logistics"],"yoast_head":"<!-- This site is optimized with the Yoast SEO plugin v25.7 - https:\/\/yoast.com\/wordpress\/plugins\/seo\/ -->\n<title>Reiteran importancia del proyecto de un Hub de carga - Blog | GPI NEWS<\/title>\n<meta name=\"robots\" content=\"index, follow, max-snippet:-1, max-image-preview:large, max-video-preview:-1\" \/>\n<link rel=\"canonical\" href=\"https:\/\/puertointerior.guanajuato.gob.mx\/blog\/2024\/11\/01\/reiteran-importancia-del-proyecto-de-un-hub-de-carga\/\" \/>\n<meta property=\"og:locale\" content=\"es_MX\" \/>\n<meta property=\"og:type\" content=\"article\" \/>\n<meta property=\"og:title\" content=\"Reiteran importancia del proyecto de un Hub de carga - Blog | GPI NEWS\" \/>\n<meta property=\"og:description\" content=\"Un Hub es donde se re\u00fanen las mercanc\u00edas para ser redistribuidas, y que suele estar ubicado en zonas estrat\u00e9gicas. El Presidente del Cl\u00faster Log\u00edstico y de Movilidad de Guanajuato, Enrique Gonz\u00e1lez Mu\u00f1oz, reiter\u00f3 la\u00a0importancia de contar con un Hub de carga\u00a0entre el Puerto Interior y el Aeropuerto Internacional de Guanajuato. Un hub log\u00edstico es un\u00a0centro [&hellip;]\" \/>\n<meta property=\"og:url\" content=\"https:\/\/puertointerior.guanajuato.gob.mx\/blog\/2024\/11\/01\/reiteran-importancia-del-proyecto-de-un-hub-de-carga\/\" \/>\n<meta property=\"og:site_name\" content=\"Blog | GPI NEWS\" \/>\n<meta property=\"article:published_time\" content=\"2024-11-01T18:21:20+00:00\" \/>\n<meta property=\"og:image\" content=\"https:\/\/puertointerior.guanajuato.gob.mx\/blog\/wp-content\/uploads\/2024\/11\/aeropuerto.jpg\" \/>\n\t<meta property=\"og:image:width\" content=\"843\" \/>\n\t<meta property=\"og:image:height\" content=\"545\" \/>\n\t<meta property=\"og:image:type\" content=\"image\/jpeg\" \/>\n<meta name=\"author\" content=\"GPI NEWS\" \/>\n<meta name=\"twitter:card\" content=\"summary_large_image\" \/>\n<meta name=\"twitter:label1\" content=\"Escrito por\" \/>\n\t<meta name=\"twitter:data1\" content=\"GPI NEWS\" \/>\n\t<meta name=\"twitter:label2\" content=\"Tiempo de lectura\" \/>\n\t<meta name=\"twitter:data2\" content=\"2 minutos\" \/>\n<script type=\"application\/ld+json\" class=\"yoast-schema-graph\">{\"@context\":\"https:\/\/schema.org\",\"@graph\":[{\"@type\":\"WebPage\",\"@id\":\"https:\/\/puertointerior.guanajuato.gob.mx\/blog\/2024\/11\/01\/reiteran-importancia-del-proyecto-de-un-hub-de-carga\/\",\"url\":\"https:\/\/puertointerior.guanajuato.gob.mx\/blog\/2024\/11\/01\/reiteran-importancia-del-proyecto-de-un-hub-de-carga\/\",\"name\":\"Reiteran importancia del proyecto de un Hub de carga - Blog | GPI NEWS\",\"isPartOf\":{\"@id\":\"https:\/\/puertointerior.guanajuato.gob.mx\/blog\/#website\"},\"primaryImageOfPage\":{\"@id\":\"https:\/\/puertointerior.guanajuato.gob.mx\/blog\/2024\/11\/01\/reiteran-importancia-del-proyecto-de-un-hub-de-carga\/#primaryimage\"},\"image\":{\"@id\":\"https:\/\/puertointerior.guanajuato.gob.mx\/blog\/2024\/11\/01\/reiteran-importancia-del-proyecto-de-un-hub-de-carga\/#primaryimage\"},\"thumbnailUrl\":\"https:\/\/puertointerior.guanajuato.gob.mx\/blog\/wp-content\/uploads\/2024\/11\/aeropuerto.jpg\",\"datePublished\":\"2024-11-01T18:21:20+00:00\",\"author\":{\"@id\":\"https:\/\/puertointerior.guanajuato.gob.mx\/blog\/#\/schema\/person\/f4851bb8a48c32d7fba5285caf4ef1c4\"},\"breadcrumb\":{\"@id\":\"https:\/\/puertointerior.guanajuato.gob.mx\/blog\/2024\/11\/01\/reiteran-importancia-del-proyecto-de-un-hub-de-carga\/#breadcrumb\"},\"inLanguage\":\"es\",\"potentialAction\":[{\"@type\":\"ReadAction\",\"target\":[\"https:\/\/puertointerior.guanajuato.gob.mx\/blog\/2024\/11\/01\/reiteran-importancia-del-proyecto-de-un-hub-de-carga\/\"]}]},{\"@type\":\"ImageObject\",\"inLanguage\":\"es\",\"@id\":\"https:\/\/puertointerior.guanajuato.gob.mx\/blog\/2024\/11\/01\/reiteran-importancia-del-proyecto-de-un-hub-de-carga\/#primaryimage\",\"url\":\"https:\/\/puertointerior.guanajuato.gob.mx\/blog\/wp-content\/uploads\/2024\/11\/aeropuerto.jpg\",\"contentUrl\":\"https:\/\/puertointerior.guanajuato.gob.mx\/blog\/wp-content\/uploads\/2024\/11\/aeropuerto.jpg\",\"width\":843,\"height\":545},{\"@type\":\"BreadcrumbList\",\"@id\":\"https:\/\/puertointerior.guanajuato.gob.mx\/blog\/2024\/11\/01\/reiteran-importancia-del-proyecto-de-un-hub-de-carga\/#breadcrumb\",\"itemListElement\":[{\"@type\":\"ListItem\",\"position\":1,\"name\":\"Inicio\",\"item\":\"https:\/\/puertointerior.guanajuato.gob.mx\/blog\/\"},{\"@type\":\"ListItem\",\"position\":2,\"name\":\"Reiteran importancia del proyecto de un Hub de carga\"}]},{\"@type\":\"WebSite\",\"@id\":\"https:\/\/puertointerior.guanajuato.gob.mx\/blog\/#website\",\"url\":\"https:\/\/puertointerior.guanajuato.gob.mx\/blog\/\",\"name\":\"Blog | GPI NEWS\",\"description\":\"Guanajuato Puerto Interior\",\"potentialAction\":[{\"@type\":\"SearchAction\",\"target\":{\"@type\":\"EntryPoint\",\"urlTemplate\":\"https:\/\/puertointerior.guanajuato.gob.mx\/blog\/?s={search_term_string}\"},\"query-input\":{\"@type\":\"PropertyValueSpecification\",\"valueRequired\":true,\"valueName\":\"search_term_string\"}}],\"inLanguage\":\"es\"},{\"@type\":\"Person\",\"@id\":\"https:\/\/puertointerior.guanajuato.gob.mx\/blog\/#\/schema\/person\/f4851bb8a48c32d7fba5285caf4ef1c4\",\"name\":\"GPI NEWS\",\"image\":{\"@type\":\"ImageObject\",\"inLanguage\":\"es\",\"@id\":\"https:\/\/puertointerior.guanajuato.gob.mx\/blog\/#\/schema\/person\/image\/\",\"url\":\"https:\/\/secure.gravatar.com\/avatar\/612aca53a708cefc5ebe15ab0bc63c51a8ba58563e45c17848fa400e627e2717?s=96&d=mm&r=g\",\"contentUrl\":\"https:\/\/secure.gravatar.com\/avatar\/612aca53a708cefc5ebe15ab0bc63c51a8ba58563e45c17848fa400e627e2717?s=96&d=mm&r=g\",\"caption\":\"GPI NEWS\"},\"url\":\"https:\/\/puertointerior.guanajuato.gob.mx\/blog\/author\/rafa-jacinto\/\"}]}<\/script>\n<!-- \/ Yoast SEO plugin. -->","yoast_head_json":{"title":"Reiteran importancia del proyecto de un Hub de carga - Blog | GPI NEWS","robots":{"index":"index","follow":"follow","max-snippet":"max-snippet:-1","max-image-preview":"max-image-preview:large","max-video-preview":"max-video-preview:-1"},"canonical":"https:\/\/puertointerior.guanajuato.gob.mx\/blog\/2024\/11\/01\/reiteran-importancia-del-proyecto-de-un-hub-de-carga\/","og_locale":"es_MX","og_type":"article","og_title":"Reiteran importancia del proyecto de un Hub de carga - Blog | GPI NEWS","og_description":"Un Hub es donde se re\u00fanen las mercanc\u00edas para ser redistribuidas, y que suele estar ubicado en zonas estrat\u00e9gicas. El Presidente del Cl\u00faster Log\u00edstico y de Movilidad de Guanajuato, Enrique Gonz\u00e1lez Mu\u00f1oz, reiter\u00f3 la\u00a0importancia de contar con un Hub de carga\u00a0entre el Puerto Interior y el Aeropuerto Internacional de Guanajuato. Un hub log\u00edstico es un\u00a0centro [&hellip;]","og_url":"https:\/\/puertointerior.guanajuato.gob.mx\/blog\/2024\/11\/01\/reiteran-importancia-del-proyecto-de-un-hub-de-carga\/","og_site_name":"Blog | GPI NEWS","article_published_time":"2024-11-01T18:21:20+00:00","og_image":[{"width":843,"height":545,"url":"https:\/\/puertointerior.guanajuato.gob.mx\/blog\/wp-content\/uploads\/2024\/11\/aeropuerto.jpg","type":"image\/jpeg"}],"author":"GPI NEWS","twitter_card":"summary_large_image","twitter_misc":{"Escrito por":"GPI NEWS","Tiempo de lectura":"2 minutos"},"schema":{"@context":"https:\/\/schema.org","@graph":[{"@type":"WebPage","@id":"https:\/\/puertointerior.guanajuato.gob.mx\/blog\/2024\/11\/01\/reiteran-importancia-del-proyecto-de-un-hub-de-carga\/","url":"https:\/\/puertointerior.guanajuato.gob.mx\/blog\/2024\/11\/01\/reiteran-importancia-del-proyecto-de-un-hub-de-carga\/","name":"Reiteran importancia del proyecto de un Hub de carga - Blog | GPI NEWS","isPartOf":{"@id":"https:\/\/puertointerior.guanajuato.gob.mx\/blog\/#website"},"primaryImageOfPage":{"@id":"https:\/\/puertointerior.guanajuato.gob.mx\/blog\/2024\/11\/01\/reiteran-importancia-del-proyecto-de-un-hub-de-carga\/#primaryimage"},"image":{"@id":"https:\/\/puertointerior.guanajuato.gob.mx\/blog\/2024\/11\/01\/reiteran-importancia-del-proyecto-de-un-hub-de-carga\/#primaryimage"},"thumbnailUrl":"https:\/\/puertointerior.guanajuato.gob.mx\/blog\/wp-content\/uploads\/2024\/11\/aeropuerto.jpg","datePublished":"2024-11-01T18:21:20+00:00","author":{"@id":"https:\/\/puertointerior.guanajuato.gob.mx\/blog\/#\/schema\/person\/f4851bb8a48c32d7fba5285caf4ef1c4"},"breadcrumb":{"@id":"https:\/\/puertointerior.guanajuato.gob.mx\/blog\/2024\/11\/01\/reiteran-importancia-del-proyecto-de-un-hub-de-carga\/#breadcrumb"},"inLanguage":"es","potentialAction":[{"@type":"ReadAction","target":["https:\/\/puertointerior.guanajuato.gob.mx\/blog\/2024\/11\/01\/reiteran-importancia-del-proyecto-de-un-hub-de-carga\/"]}]},{"@type":"ImageObject","inLanguage":"es","@id":"https:\/\/puertointerior.guanajuato.gob.mx\/blog\/2024\/11\/01\/reiteran-importancia-del-proyecto-de-un-hub-de-carga\/#primaryimage","url":"https:\/\/puertointerior.guanajuato.gob.mx\/blog\/wp-content\/uploads\/2024\/11\/aeropuerto.jpg","contentUrl":"https:\/\/puertointerior.guanajuato.gob.mx\/blog\/wp-content\/uploads\/2024\/11\/aeropuerto.jpg","width":843,"height":545},{"@type":"BreadcrumbList","@id":"https:\/\/puertointerior.guanajuato.gob.mx\/blog\/2024\/11\/01\/reiteran-importancia-del-proyecto-de-un-hub-de-carga\/#breadcrumb","itemListElement":[{"@type":"ListItem","position":1,"name":"Inicio","item":"https:\/\/puertointerior.guanajuato.gob.mx\/blog\/"},{"@type":"ListItem","position":2,"name":"Reiteran importancia del proyecto de un Hub de carga"}]},{"@type":"WebSite","@id":"https:\/\/puertointerior.guanajuato.gob.mx\/blog\/#website","url":"https:\/\/puertointerior.guanajuato.gob.mx\/blog\/","name":"Blog | GPI NEWS","description":"Guanajuato Puerto Interior","potentialAction":[{"@type":"SearchAction","target":{"@type":"EntryPoint","urlTemplate":"https:\/\/puertointerior.guanajuato.gob.mx\/blog\/?s={search_term_string}"},"query-input":{"@type":"PropertyValueSpecification","valueRequired":true,"valueName":"search_term_string"}}],"inLanguage":"es"},{"@type":"Person","@id":"https:\/\/puertointerior.guanajuato.gob.mx\/blog\/#\/schema\/person\/f4851bb8a48c32d7fba5285caf4ef1c4","name":"GPI NEWS","image":{"@type":"ImageObject","inLanguage":"es","@id":"https:\/\/puertointerior.guanajuato.gob.mx\/blog\/#\/schema\/person\/image\/","url":"https:\/\/secure.gravatar.com\/avatar\/612aca53a708cefc5ebe15ab0bc63c51a8ba58563e45c17848fa400e627e2717?s=96&d=mm&r=g","contentUrl":"https:\/\/secure.gravatar.com\/avatar\/612aca53a708cefc5ebe15ab0bc63c51a8ba58563e45c17848fa400e627e2717?s=96&d=mm&r=g","caption":"GPI NEWS"},"url":"https:\/\/puertointerior.guanajuato.gob.mx\/blog\/author\/rafa-jacinto\/"}]}},"jetpack_featured_media_url":"https:\/\/puertointerior.guanajuato.gob.mx\/blog\/wp-content\/uploads\/2024\/11\/aeropuerto.jpg","jetpack_sharing_enabled":true,"jetpack_shortlink":"https:\/\/wp.me\/pcnMPA-3GC","_links":{"self":[{"href":"https:\/\/puertointerior.guanajuato.gob.mx\/blog\/wp-json\/wp\/v2\/posts\/14174","targetHints":{"allow":["GET"]}}],"collection":[{"href":"https:\/\/puertointerior.guanajuato.gob.mx\/blog\/wp-json\/wp\/v2\/posts"}],"about":[{"href":"https:\/\/puertointerior.guanajuato.gob.mx\/blog\/wp-json\/wp\/v2\/types\/post"}],"author":[{"embeddable":true,"href":"https:\/\/puertointerior.guanajuato.gob.mx\/blog\/wp-json\/wp\/v2\/users\/2"}],"replies":[{"embeddable":true,"href":"https:\/\/puertointerior.guanajuato.gob.mx\/blog\/wp-json\/wp\/v2\/comments?post=14174"}],"version-history":[{"count":1,"href":"https:\/\/puertointerior.guanajuato.gob.mx\/blog\/wp-json\/wp\/v2\/posts\/14174\/revisions"}],"predecessor-version":[{"id":14176,"href":"https:\/\/puertointerior.guanajuato.gob.mx\/blog\/wp-json\/wp\/v2\/posts\/14174\/revisions\/14176"}],"wp:featuredmedia":[{"embeddable":true,"href":"https:\/\/puertointerior.guanajuato.gob.mx\/blog\/wp-json\/wp\/v2\/media\/14175"}],"wp:attachment":[{"href":"https:\/\/puertointerior.guanajuato.gob.mx\/blog\/wp-json\/wp\/v2\/media?parent=14174"}],"wp:term":[{"taxonomy":"category","embeddable":true,"href":"https:\/\/puertointerior.guanajuato.gob.mx\/blog\/wp-json\/wp\/v2\/categories?post=14174"},{"taxonomy":"post_tag","embeddable":true,"href":"https:\/\/puertointerior.guanajuato.gob.mx\/blog\/wp-json\/wp\/v2\/tags?post=14174"}],"curies":[{"name":"wp","href":"https:\/\/api.w.org\/{rel}","templated":true}]}}