{"id":14400,"date":"2024-11-08T19:25:17","date_gmt":"2024-11-09T00:25:17","guid":{"rendered":"https:\/\/puertointerior.guanajuato.gob.mx\/blog\/?p=14400"},"modified":"2024-11-08T19:25:17","modified_gmt":"2024-11-09T00:25:17","slug":"agenda-de-movilidad-impulsara-cinco-ejes-estrategicos-amam","status":"publish","type":"post","link":"https:\/\/puertointerior.guanajuato.gob.mx\/blog\/2024\/11\/08\/agenda-de-movilidad-impulsara-cinco-ejes-estrategicos-amam\/","title":{"rendered":"Agenda de movilidad impulsar\u00e1 cinco ejes estrat\u00e9gicos: AMAM"},"content":{"rendered":"<h2 class=\"c-heading b-subheadline\">La Asociaci\u00f3n Mexicana de Autoridades de Movilidad (AMAM) hace un llamado al gobierno federal, estados y sector privado para impulsar un trabajo coordinado para un transporte p\u00fablico seguro y eficiente.<\/h2>\n<p class=\"default__StyledText-sc-kkhi2r-0 cZzhZb body-paragraph\">Hace unos d\u00edas la ciudad de Irapuato en Guanajuato fue testigo de la presentaci\u00f3n de la\u00a0<b>Agenda Nacional de Movilidad 2024-2030,<\/b>\u00a0la cual se pretende sea un instrumento t\u00e9cnico para el dise\u00f1o e implementaci\u00f3n de pol\u00edticas p\u00fablicas para la movilidad, y todo lo que gire en torno a ella, para avanzar hacia una movilidad urbana, segura, eficiente, sustentable e incluyente.<\/p>\n<p class=\"default__StyledText-sc-kkhi2r-0 cZzhZb body-paragraph\">Durante su presentaci\u00f3n,\u00a0<b>Ricardo Serrano Rangel, presidente de la Asociaci\u00f3n Mexicana de Autoridades de Movilidad (AMAM)<\/b>\u00a0organismo que re\u00fane a las autoridades en materia de movilidad de los 32 estados del pa\u00eds, reiter\u00f3 que la Agenda es una propuesta que refleja el compromiso para mejorar la calidad de vida de los millones de personas que todos los d\u00edas dependen del transporte p\u00fablico en M\u00e9xico.<\/p>\n<div id=\"arcad-feature-9973\" class=\"default__StyledAdUnit-sc-ijbiyl-0 gfhWHb arcad-feature margin-md-bottom \">\n<div id=\"\" class=\"arcad-container\">\n<div id=\"lazy_3\">\n<blockquote>\n<div id=\"inread_oop\" class=\"arcad ad-1x1\">\u201cLa Agenda ofrece una hoja de ruta para avanzar con mayor rapidez y decisi\u00f3n evitando la dispersi\u00f3n de esfuerzos, adem\u00e1s de alinearse con los compromisos y objetivos comunes de la nueva administraci\u00f3n federal, por lo que extendemos una carta abierta a la Dra. Claudia Sheinbaum Pardo, presidenta de M\u00e9xico y a todas las personas que integran su gabinete\u201d.<\/div>\n<\/blockquote>\n<\/div>\n<\/div>\n<\/div>\n<h2 class=\"heading__StyledHeading-sc-1yxtfv0-0 dQdSuo\">La Agenda impulsar\u00e1 cinco ejes estrat\u00e9gicos:<\/h2>\n<p class=\"default__StyledText-sc-kkhi2r-0 cZzhZb body-paragraph\"><b>1 Fortalecimiento institucional,<\/b>\u00a0para ello proponen la creaci\u00f3n de una\u00a0instancia federal\u00a0responsable de la planificaci\u00f3n, gesti\u00f3n de la movilidad urbana asegurando el apoyo t\u00e9cnico y financiero para las autoridades estatales y municipales.<\/p>\n<p class=\"default__StyledText-sc-kkhi2r-0 cZzhZb body-paragraph\"><b>2. Financiamiento e infraestructura para la renovaci\u00f3n de flota<\/b>, incrementando la inversi\u00f3n federal en sistemas de transporte publico mediante esquemas financieros innovadores y la renovaci\u00f3n masiva de flotas con veh\u00edculos m\u00e1s seguros, accesibles y de bajas emisiones<\/p>\n<p class=\"default__StyledText-sc-kkhi2r-0 cZzhZb body-paragraph\"><b>3.<\/b>\u00a0<b>Reducci\u00f3n de emisiones en el transporte<\/b>, punto que incluye la implementaci\u00f3n de una\u00a0Estrategia Nacional de Transporte P\u00fablico Limpio,\u00a0que promover\u00e1 la adopci\u00f3n de tecnolog\u00edas de bajas emisiones o cero emisiones y\/o veh\u00edculos el\u00e9ctricos, as\u00ed como la disponibilidad de combustibles y energ\u00eda limpia.<\/p>\n<p class=\"default__StyledText-sc-kkhi2r-0 cZzhZb body-paragraph\"><b>4 Formalizaci\u00f3n y profesionalizaci\u00f3n del transporte,\u00a0<\/b>con la creaci\u00f3n de empresas operadoras que permitan ofrecer mejores condiciones laborales y reducir la informalidad, as\u00ed como elevar la calidad del servicio.<\/p>\n<p class=\"default__StyledText-sc-kkhi2r-0 cZzhZb body-paragraph\"><b>5 Cuidado y seguridad vial,<\/b>\u00a0que impulsar\u00e1 la creaci\u00f3n de una\u00a0Agencia Nacional de Seguridad Vial\u00a0que coordinar\u00e1 pol\u00edticas para reducir las muertes y lesiones por accidentes de tr\u00e1nsito, especialmente entre los grupos m\u00e1s vulnerables.<\/p>\n<p class=\"default__StyledText-sc-kkhi2r-0 cZzhZb body-paragraph\">Ricardo Serrano, presidente de la\u00a0AMAM\u00a0reiter\u00f3 que\u00a0<b>el plan establece diversas medidas, entre ella la renovaci\u00f3n de 40,000 unidades del transporte p\u00fablico para reducir su antig\u00fcedad vehicular a 10 a\u00f1os en promedio,\u00a0<\/b>ya que el transporte p\u00fablico es el elemento con mayor potencial para integrar a la sociedad. en la movilidad urbana Adem\u00e1s, debe ser facilitador para que los usuarios puedan combinar los distintos modos de transporte, por lo que es importante impulsar un sistema de transporte multimodal inclusivo, sostenible y con seguridad vial.<\/p>\n<blockquote>\n<p class=\"default__StyledText-sc-kkhi2r-0 cZzhZb body-paragraph\">\u201cInvertir en la modernizaci\u00f3n y expansi\u00f3n del transporte p\u00fablico genera oportunidades directas e indirectas de empleo. Estudios Internacionales reportan que por cada d\u00f3lar invertido en transporte p\u00fablico se generan cuatro d\u00f3lares, se fomenta el desarrollo de cadenas productivas locales y mejora la competitividad de las ciudades al mejorar y reducir los tiempos de traslado\u201d, asegur\u00f3 Ricardo Serrano.<\/p>\n<\/blockquote>\n<p><img decoding=\"async\" src=\"https:\/\/elfinanciero.com.mx\/resizer\/v2\/RFLTS5RJ7RABNKID324JDZGLTA.jpg?smart=true&amp;auth=1b6faf23c2e1db6a513e315aca6e1d7bd37e118da3c48a854e4a2be42f0d031f&amp;width=1201&amp;height=800\" \/><\/p>\n<p><span class=\"title\">La AMAM cuenta con la participaci\u00f3n de\u00a0<\/span>26 estados y 4 municipios del pa\u00eds, un Consejo Promotor encabezado por la ANPACT y por el Instituto de Recursos Mundiales M\u00e9xico A.C. (WRI M\u00e9xico) en calidad de Secretar\u00eda T\u00e9cnica.<\/p>\n<p>Publicado originalmente por:\u00a0<a href=\"https:\/\/www.elfinanciero.com.mx\/transporte-y-movilidad\/2024\/11\/06\/agenda-de-movilidad-impulsara-cinco-ejes-estrategicos-amam\/\">https:\/\/www.elfinanciero.com.mx\/transporte-y-movilidad\/2024\/11\/06\/agenda-de-movilidad-impulsara-cinco-ejes-estrategicos-amam\/<\/a><\/p>\n<p>&nbsp;<\/p>\n","protected":false},"excerpt":{"rendered":"<p>La Asociaci\u00f3n Mexicana de Autoridades de Movilidad (AMAM) hace un llamado al gobierno federal, estados y sector privado para impulsar un trabajo coordinado para un transporte p\u00fablico seguro y eficiente. Hace unos d\u00edas la ciudad de Irapuato en Guanajuato fue testigo de la presentaci\u00f3n de la\u00a0Agenda Nacional de Movilidad 2024-2030,\u00a0la cual se pretende sea un [&hellip;]<\/p>\n","protected":false},"author":2,"featured_media":14401,"comment_status":"closed","ping_status":"open","sticky":false,"template":"","format":"standard","meta":{"jetpack_post_was_ever_published":false,"_jetpack_newsletter_access":"","_jetpack_dont_email_post_to_subs":false,"_jetpack_newsletter_tier_id":0,"_jetpack_memberships_contains_paywalled_content":false,"_jetpack_memberships_contains_paid_content":false,"footnotes":""},"categories":[4],"tags":[],"class_list":["post-14400","post","type-post","status-publish","format-standard","has-post-thumbnail","hentry","category-logistics"],"yoast_head":"<!-- This site is optimized with the Yoast SEO plugin v25.7 - https:\/\/yoast.com\/wordpress\/plugins\/seo\/ -->\n<title>Agenda de movilidad impulsar\u00e1 cinco ejes estrat\u00e9gicos: AMAM - Blog | GPI NEWS<\/title>\n<meta name=\"robots\" content=\"index, follow, max-snippet:-1, max-image-preview:large, max-video-preview:-1\" \/>\n<link rel=\"canonical\" href=\"https:\/\/puertointerior.guanajuato.gob.mx\/blog\/2024\/11\/08\/agenda-de-movilidad-impulsara-cinco-ejes-estrategicos-amam\/\" \/>\n<meta property=\"og:locale\" content=\"es_MX\" \/>\n<meta property=\"og:type\" content=\"article\" \/>\n<meta property=\"og:title\" content=\"Agenda de movilidad impulsar\u00e1 cinco ejes estrat\u00e9gicos: AMAM - Blog | GPI NEWS\" \/>\n<meta property=\"og:description\" content=\"La Asociaci\u00f3n Mexicana de Autoridades de Movilidad (AMAM) hace un llamado al gobierno federal, estados y sector privado para impulsar un trabajo coordinado para un transporte p\u00fablico seguro y eficiente. Hace unos d\u00edas la ciudad de Irapuato en Guanajuato fue testigo de la presentaci\u00f3n de la\u00a0Agenda Nacional de Movilidad 2024-2030,\u00a0la cual se pretende sea un [&hellip;]\" \/>\n<meta property=\"og:url\" content=\"https:\/\/puertointerior.guanajuato.gob.mx\/blog\/2024\/11\/08\/agenda-de-movilidad-impulsara-cinco-ejes-estrategicos-amam\/\" \/>\n<meta property=\"og:site_name\" content=\"Blog | GPI NEWS\" \/>\n<meta property=\"article:published_time\" content=\"2024-11-09T00:25:17+00:00\" \/>\n<meta property=\"og:image\" content=\"https:\/\/puertointerior.guanajuato.gob.mx\/blog\/wp-content\/uploads\/2024\/11\/OZATREWNTREUHADLLWZ62UICX4-1.avif_.jpg\" \/>\n\t<meta property=\"og:image:width\" content=\"1015\" \/>\n\t<meta property=\"og:image:height\" content=\"571\" \/>\n\t<meta property=\"og:image:type\" content=\"image\/jpeg\" \/>\n<meta name=\"author\" content=\"GPI NEWS\" \/>\n<meta name=\"twitter:card\" content=\"summary_large_image\" \/>\n<meta name=\"twitter:label1\" content=\"Escrito por\" \/>\n\t<meta name=\"twitter:data1\" content=\"GPI NEWS\" \/>\n\t<meta name=\"twitter:label2\" content=\"Tiempo de lectura\" \/>\n\t<meta name=\"twitter:data2\" content=\"3 minutos\" \/>\n<script type=\"application\/ld+json\" class=\"yoast-schema-graph\">{\"@context\":\"https:\/\/schema.org\",\"@graph\":[{\"@type\":\"WebPage\",\"@id\":\"https:\/\/puertointerior.guanajuato.gob.mx\/blog\/2024\/11\/08\/agenda-de-movilidad-impulsara-cinco-ejes-estrategicos-amam\/\",\"url\":\"https:\/\/puertointerior.guanajuato.gob.mx\/blog\/2024\/11\/08\/agenda-de-movilidad-impulsara-cinco-ejes-estrategicos-amam\/\",\"name\":\"Agenda de movilidad impulsar\u00e1 cinco ejes estrat\u00e9gicos: AMAM - Blog | GPI NEWS\",\"isPartOf\":{\"@id\":\"https:\/\/puertointerior.guanajuato.gob.mx\/blog\/#website\"},\"primaryImageOfPage\":{\"@id\":\"https:\/\/puertointerior.guanajuato.gob.mx\/blog\/2024\/11\/08\/agenda-de-movilidad-impulsara-cinco-ejes-estrategicos-amam\/#primaryimage\"},\"image\":{\"@id\":\"https:\/\/puertointerior.guanajuato.gob.mx\/blog\/2024\/11\/08\/agenda-de-movilidad-impulsara-cinco-ejes-estrategicos-amam\/#primaryimage\"},\"thumbnailUrl\":\"https:\/\/puertointerior.guanajuato.gob.mx\/blog\/wp-content\/uploads\/2024\/11\/OZATREWNTREUHADLLWZ62UICX4-1.avif_.jpg\",\"datePublished\":\"2024-11-09T00:25:17+00:00\",\"author\":{\"@id\":\"https:\/\/puertointerior.guanajuato.gob.mx\/blog\/#\/schema\/person\/f4851bb8a48c32d7fba5285caf4ef1c4\"},\"breadcrumb\":{\"@id\":\"https:\/\/puertointerior.guanajuato.gob.mx\/blog\/2024\/11\/08\/agenda-de-movilidad-impulsara-cinco-ejes-estrategicos-amam\/#breadcrumb\"},\"inLanguage\":\"es\",\"potentialAction\":[{\"@type\":\"ReadAction\",\"target\":[\"https:\/\/puertointerior.guanajuato.gob.mx\/blog\/2024\/11\/08\/agenda-de-movilidad-impulsara-cinco-ejes-estrategicos-amam\/\"]}]},{\"@type\":\"ImageObject\",\"inLanguage\":\"es\",\"@id\":\"https:\/\/puertointerior.guanajuato.gob.mx\/blog\/2024\/11\/08\/agenda-de-movilidad-impulsara-cinco-ejes-estrategicos-amam\/#primaryimage\",\"url\":\"https:\/\/puertointerior.guanajuato.gob.mx\/blog\/wp-content\/uploads\/2024\/11\/OZATREWNTREUHADLLWZ62UICX4-1.avif_.jpg\",\"contentUrl\":\"https:\/\/puertointerior.guanajuato.gob.mx\/blog\/wp-content\/uploads\/2024\/11\/OZATREWNTREUHADLLWZ62UICX4-1.avif_.jpg\",\"width\":1015,\"height\":571},{\"@type\":\"BreadcrumbList\",\"@id\":\"https:\/\/puertointerior.guanajuato.gob.mx\/blog\/2024\/11\/08\/agenda-de-movilidad-impulsara-cinco-ejes-estrategicos-amam\/#breadcrumb\",\"itemListElement\":[{\"@type\":\"ListItem\",\"position\":1,\"name\":\"Inicio\",\"item\":\"https:\/\/puertointerior.guanajuato.gob.mx\/blog\/\"},{\"@type\":\"ListItem\",\"position\":2,\"name\":\"Agenda de movilidad impulsar\u00e1 cinco ejes estrat\u00e9gicos: AMAM\"}]},{\"@type\":\"WebSite\",\"@id\":\"https:\/\/puertointerior.guanajuato.gob.mx\/blog\/#website\",\"url\":\"https:\/\/puertointerior.guanajuato.gob.mx\/blog\/\",\"name\":\"Blog | GPI NEWS\",\"description\":\"Guanajuato Puerto Interior\",\"potentialAction\":[{\"@type\":\"SearchAction\",\"target\":{\"@type\":\"EntryPoint\",\"urlTemplate\":\"https:\/\/puertointerior.guanajuato.gob.mx\/blog\/?s={search_term_string}\"},\"query-input\":{\"@type\":\"PropertyValueSpecification\",\"valueRequired\":true,\"valueName\":\"search_term_string\"}}],\"inLanguage\":\"es\"},{\"@type\":\"Person\",\"@id\":\"https:\/\/puertointerior.guanajuato.gob.mx\/blog\/#\/schema\/person\/f4851bb8a48c32d7fba5285caf4ef1c4\",\"name\":\"GPI NEWS\",\"image\":{\"@type\":\"ImageObject\",\"inLanguage\":\"es\",\"@id\":\"https:\/\/puertointerior.guanajuato.gob.mx\/blog\/#\/schema\/person\/image\/\",\"url\":\"https:\/\/secure.gravatar.com\/avatar\/612aca53a708cefc5ebe15ab0bc63c51a8ba58563e45c17848fa400e627e2717?s=96&d=mm&r=g\",\"contentUrl\":\"https:\/\/secure.gravatar.com\/avatar\/612aca53a708cefc5ebe15ab0bc63c51a8ba58563e45c17848fa400e627e2717?s=96&d=mm&r=g\",\"caption\":\"GPI NEWS\"},\"url\":\"https:\/\/puertointerior.guanajuato.gob.mx\/blog\/author\/rafa-jacinto\/\"}]}<\/script>\n<!-- \/ Yoast SEO plugin. -->","yoast_head_json":{"title":"Agenda de movilidad impulsar\u00e1 cinco ejes estrat\u00e9gicos: AMAM - Blog | GPI NEWS","robots":{"index":"index","follow":"follow","max-snippet":"max-snippet:-1","max-image-preview":"max-image-preview:large","max-video-preview":"max-video-preview:-1"},"canonical":"https:\/\/puertointerior.guanajuato.gob.mx\/blog\/2024\/11\/08\/agenda-de-movilidad-impulsara-cinco-ejes-estrategicos-amam\/","og_locale":"es_MX","og_type":"article","og_title":"Agenda de movilidad impulsar\u00e1 cinco ejes estrat\u00e9gicos: AMAM - Blog | GPI NEWS","og_description":"La Asociaci\u00f3n Mexicana de Autoridades de Movilidad (AMAM) hace un llamado al gobierno federal, estados y sector privado para impulsar un trabajo coordinado para un transporte p\u00fablico seguro y eficiente. Hace unos d\u00edas la ciudad de Irapuato en Guanajuato fue testigo de la presentaci\u00f3n de la\u00a0Agenda Nacional de Movilidad 2024-2030,\u00a0la cual se pretende sea un [&hellip;]","og_url":"https:\/\/puertointerior.guanajuato.gob.mx\/blog\/2024\/11\/08\/agenda-de-movilidad-impulsara-cinco-ejes-estrategicos-amam\/","og_site_name":"Blog | GPI NEWS","article_published_time":"2024-11-09T00:25:17+00:00","og_image":[{"width":1015,"height":571,"url":"https:\/\/puertointerior.guanajuato.gob.mx\/blog\/wp-content\/uploads\/2024\/11\/OZATREWNTREUHADLLWZ62UICX4-1.avif_.jpg","type":"image\/jpeg"}],"author":"GPI NEWS","twitter_card":"summary_large_image","twitter_misc":{"Escrito por":"GPI NEWS","Tiempo de lectura":"3 minutos"},"schema":{"@context":"https:\/\/schema.org","@graph":[{"@type":"WebPage","@id":"https:\/\/puertointerior.guanajuato.gob.mx\/blog\/2024\/11\/08\/agenda-de-movilidad-impulsara-cinco-ejes-estrategicos-amam\/","url":"https:\/\/puertointerior.guanajuato.gob.mx\/blog\/2024\/11\/08\/agenda-de-movilidad-impulsara-cinco-ejes-estrategicos-amam\/","name":"Agenda de movilidad impulsar\u00e1 cinco ejes estrat\u00e9gicos: AMAM - Blog | GPI NEWS","isPartOf":{"@id":"https:\/\/puertointerior.guanajuato.gob.mx\/blog\/#website"},"primaryImageOfPage":{"@id":"https:\/\/puertointerior.guanajuato.gob.mx\/blog\/2024\/11\/08\/agenda-de-movilidad-impulsara-cinco-ejes-estrategicos-amam\/#primaryimage"},"image":{"@id":"https:\/\/puertointerior.guanajuato.gob.mx\/blog\/2024\/11\/08\/agenda-de-movilidad-impulsara-cinco-ejes-estrategicos-amam\/#primaryimage"},"thumbnailUrl":"https:\/\/puertointerior.guanajuato.gob.mx\/blog\/wp-content\/uploads\/2024\/11\/OZATREWNTREUHADLLWZ62UICX4-1.avif_.jpg","datePublished":"2024-11-09T00:25:17+00:00","author":{"@id":"https:\/\/puertointerior.guanajuato.gob.mx\/blog\/#\/schema\/person\/f4851bb8a48c32d7fba5285caf4ef1c4"},"breadcrumb":{"@id":"https:\/\/puertointerior.guanajuato.gob.mx\/blog\/2024\/11\/08\/agenda-de-movilidad-impulsara-cinco-ejes-estrategicos-amam\/#breadcrumb"},"inLanguage":"es","potentialAction":[{"@type":"ReadAction","target":["https:\/\/puertointerior.guanajuato.gob.mx\/blog\/2024\/11\/08\/agenda-de-movilidad-impulsara-cinco-ejes-estrategicos-amam\/"]}]},{"@type":"ImageObject","inLanguage":"es","@id":"https:\/\/puertointerior.guanajuato.gob.mx\/blog\/2024\/11\/08\/agenda-de-movilidad-impulsara-cinco-ejes-estrategicos-amam\/#primaryimage","url":"https:\/\/puertointerior.guanajuato.gob.mx\/blog\/wp-content\/uploads\/2024\/11\/OZATREWNTREUHADLLWZ62UICX4-1.avif_.jpg","contentUrl":"https:\/\/puertointerior.guanajuato.gob.mx\/blog\/wp-content\/uploads\/2024\/11\/OZATREWNTREUHADLLWZ62UICX4-1.avif_.jpg","width":1015,"height":571},{"@type":"BreadcrumbList","@id":"https:\/\/puertointerior.guanajuato.gob.mx\/blog\/2024\/11\/08\/agenda-de-movilidad-impulsara-cinco-ejes-estrategicos-amam\/#breadcrumb","itemListElement":[{"@type":"ListItem","position":1,"name":"Inicio","item":"https:\/\/puertointerior.guanajuato.gob.mx\/blog\/"},{"@type":"ListItem","position":2,"name":"Agenda de movilidad impulsar\u00e1 cinco ejes estrat\u00e9gicos: AMAM"}]},{"@type":"WebSite","@id":"https:\/\/puertointerior.guanajuato.gob.mx\/blog\/#website","url":"https:\/\/puertointerior.guanajuato.gob.mx\/blog\/","name":"Blog | GPI NEWS","description":"Guanajuato Puerto Interior","potentialAction":[{"@type":"SearchAction","target":{"@type":"EntryPoint","urlTemplate":"https:\/\/puertointerior.guanajuato.gob.mx\/blog\/?s={search_term_string}"},"query-input":{"@type":"PropertyValueSpecification","valueRequired":true,"valueName":"search_term_string"}}],"inLanguage":"es"},{"@type":"Person","@id":"https:\/\/puertointerior.guanajuato.gob.mx\/blog\/#\/schema\/person\/f4851bb8a48c32d7fba5285caf4ef1c4","name":"GPI NEWS","image":{"@type":"ImageObject","inLanguage":"es","@id":"https:\/\/puertointerior.guanajuato.gob.mx\/blog\/#\/schema\/person\/image\/","url":"https:\/\/secure.gravatar.com\/avatar\/612aca53a708cefc5ebe15ab0bc63c51a8ba58563e45c17848fa400e627e2717?s=96&d=mm&r=g","contentUrl":"https:\/\/secure.gravatar.com\/avatar\/612aca53a708cefc5ebe15ab0bc63c51a8ba58563e45c17848fa400e627e2717?s=96&d=mm&r=g","caption":"GPI NEWS"},"url":"https:\/\/puertointerior.guanajuato.gob.mx\/blog\/author\/rafa-jacinto\/"}]}},"jetpack_featured_media_url":"https:\/\/puertointerior.guanajuato.gob.mx\/blog\/wp-content\/uploads\/2024\/11\/OZATREWNTREUHADLLWZ62UICX4-1.avif_.jpg","jetpack_sharing_enabled":true,"jetpack_shortlink":"https:\/\/wp.me\/pcnMPA-3Kg","_links":{"self":[{"href":"https:\/\/puertointerior.guanajuato.gob.mx\/blog\/wp-json\/wp\/v2\/posts\/14400","targetHints":{"allow":["GET"]}}],"collection":[{"href":"https:\/\/puertointerior.guanajuato.gob.mx\/blog\/wp-json\/wp\/v2\/posts"}],"about":[{"href":"https:\/\/puertointerior.guanajuato.gob.mx\/blog\/wp-json\/wp\/v2\/types\/post"}],"author":[{"embeddable":true,"href":"https:\/\/puertointerior.guanajuato.gob.mx\/blog\/wp-json\/wp\/v2\/users\/2"}],"replies":[{"embeddable":true,"href":"https:\/\/puertointerior.guanajuato.gob.mx\/blog\/wp-json\/wp\/v2\/comments?post=14400"}],"version-history":[{"count":1,"href":"https:\/\/puertointerior.guanajuato.gob.mx\/blog\/wp-json\/wp\/v2\/posts\/14400\/revisions"}],"predecessor-version":[{"id":14402,"href":"https:\/\/puertointerior.guanajuato.gob.mx\/blog\/wp-json\/wp\/v2\/posts\/14400\/revisions\/14402"}],"wp:featuredmedia":[{"embeddable":true,"href":"https:\/\/puertointerior.guanajuato.gob.mx\/blog\/wp-json\/wp\/v2\/media\/14401"}],"wp:attachment":[{"href":"https:\/\/puertointerior.guanajuato.gob.mx\/blog\/wp-json\/wp\/v2\/media?parent=14400"}],"wp:term":[{"taxonomy":"category","embeddable":true,"href":"https:\/\/puertointerior.guanajuato.gob.mx\/blog\/wp-json\/wp\/v2\/categories?post=14400"},{"taxonomy":"post_tag","embeddable":true,"href":"https:\/\/puertointerior.guanajuato.gob.mx\/blog\/wp-json\/wp\/v2\/tags?post=14400"}],"curies":[{"name":"wp","href":"https:\/\/api.w.org\/{rel}","templated":true}]}}