{"id":14768,"date":"2024-11-25T11:59:32","date_gmt":"2024-11-25T16:59:32","guid":{"rendered":"https:\/\/puertointerior.guanajuato.gob.mx\/blog\/?p=14768"},"modified":"2024-11-25T12:00:28","modified_gmt":"2024-11-25T17:00:28","slug":"aqui-estan-los-12-cargadores-de-autos-de-vemo-en-guanajuato","status":"publish","type":"post","link":"https:\/\/puertointerior.guanajuato.gob.mx\/blog\/2024\/11\/25\/aqui-estan-los-12-cargadores-de-autos-de-vemo-en-guanajuato\/","title":{"rendered":"Aqu\u00ed est\u00e1n los 12 cargadores de autos de Vemo en Guanajuato"},"content":{"rendered":"<p>Vemo expandi\u00f3 su red de recarga para veh\u00edculos el\u00e9ctricos con\u00a0<strong>12 nuevos cargadores en Guanajuato<\/strong>, ubicados en puntos estrat\u00e9gicos del estado. Esta acci\u00f3n refuerza su compromiso con la movilidad limpia en M\u00e9xico.<\/p>\n<p>Carlos Levy, Head de la Vemo Charging Network, se\u00f1al\u00f3 que la inversi\u00f3n en Guanajuato responde al inter\u00e9s del estado por proyectos de electromovilidad. Destac\u00f3 que el objetivo de la empresa es ampliar su alcance nacional mediante innovaci\u00f3n y alianzas estrat\u00e9gicas.<\/p>\n<p>En el tercer trimestre de 2024, la Electromovilidad Asociaci\u00f3n (EMA) registr\u00f3\u00a0<strong>3,273 cargadores p\u00fablicos operativos en M\u00e9xico<\/strong>, un logro atribuido al trabajo de empresas como Vemo en el fortalecimiento de la infraestructura de recarga. Este crecimiento acompa\u00f1a un aumento del 34% en las ventas de veh\u00edculos el\u00e9ctricos e h\u00edbridos conectables.<\/p>\n<p>Los 12 cargadores instalados en Guanajuato est\u00e1n distribuidos en tres electrolineras p\u00fablicas.<\/p>\n<ul class=\"wp-block-list\">\n<li>Hotel Casa Inn \u2013 Las Villas 621, 1ro de Mayo, 36644 Irapuato, Gto.<\/li>\n<li>Hotel Casa Inn \u2013 Av. Juan Jos\u00e9 Torres Landa 202, Col. del Parque, 38010 Celaya, Gto.<\/li>\n<li>Plaza La Luci\u00e9rnaga \u2013 Lib. Jos\u00e9 Manuel Zavala 165, La Luci\u00e9rnaga, 37745 San Miguel de Allende, Gto.<\/li>\n<\/ul>\n<p>En los hoteles Casa Inn Irapuato y Casa Inn Celaya se pueden encontrar tres cargadores, respectivamente, con capacidad instalada de 57 kW. Mientras tanto, en Plaza La Luci\u00e9rnaga est\u00e1n disponibles seis cargadores con capacidad instalada de 44 kW.<\/p>\n<p>A trav\u00e9s de la aplicaci\u00f3n \u201cWatts by Vemo\u201d, los conductores pueden localizar estaciones de recarga de la red VCN, elegir el cargador adecuado, acceder a m\u00e9todos de pago diversos, recibir soporte en l\u00ednea y monitorear el progreso de sus recargas.<\/p>\n<p>Esta expansi\u00f3n forma parte de la estrategia de Vemo\u00a0para fortalecer la infraestructura necesaria para atender la creciente demanda de veh\u00edculos el\u00e9ctricos en M\u00e9xico. Guanajuato se suma a los estados que buscan consolidarse como puntos clave para la transici\u00f3n hacia la movilidad limpia.<\/p>\n<p>Vemo destac\u00f3 que continuar\u00e1 trabajando en el desarrollo de una red s\u00f3lida y accesible de recarga, aline\u00e1ndose con el objetivo nacional de impulsar la adopci\u00f3n de veh\u00edculos el\u00e9ctricos como parte de una estrategia de sostenibilidad ambiental.<\/p>\n<p>Los cargadores instalados en Guanajuato representan un paso importante en la integraci\u00f3n de infraestructura para la movilidad el\u00e9ctrica en la regi\u00f3n, promoviendo su uso y facilitando la transici\u00f3n energ\u00e9tica.<\/p>\n<p><img decoding=\"async\" src=\"https:\/\/tecnoempresa.mx\/wp-content\/uploads\/2024\/11\/VEMO-GTO-1.jpeg\" \/><\/p>\n<p>Publicado originalmente por:\u00a0<a href=\"https:\/\/tecnoempresa.mx\/aqui-estan-los-12-cargadores-de-autos-de-vemo-en-guanajuato\/\">https:\/\/tecnoempresa.mx\/aqui-estan-los-12-cargadores-de-autos-de-vemo-en-guanajuato\/<\/a><\/p>\n","protected":false},"excerpt":{"rendered":"<p>Vemo expandi\u00f3 su red de recarga para veh\u00edculos el\u00e9ctricos con\u00a012 nuevos cargadores en Guanajuato, ubicados en puntos estrat\u00e9gicos del estado. Esta acci\u00f3n refuerza su compromiso con la movilidad limpia en M\u00e9xico. Carlos Levy, Head de la Vemo Charging Network, se\u00f1al\u00f3 que la inversi\u00f3n en Guanajuato responde al inter\u00e9s del estado por proyectos de electromovilidad. Destac\u00f3 [&hellip;]<\/p>\n","protected":false},"author":2,"featured_media":14769,"comment_status":"closed","ping_status":"open","sticky":false,"template":"","format":"standard","meta":{"jetpack_post_was_ever_published":false,"_jetpack_newsletter_access":"","_jetpack_dont_email_post_to_subs":false,"_jetpack_newsletter_tier_id":0,"_jetpack_memberships_contains_paywalled_content":false,"_jetpack_memberships_contains_paid_content":false,"footnotes":""},"categories":[4],"tags":[],"class_list":["post-14768","post","type-post","status-publish","format-standard","has-post-thumbnail","hentry","category-logistics"],"yoast_head":"<!-- This site is optimized with the Yoast SEO plugin v25.7 - https:\/\/yoast.com\/wordpress\/plugins\/seo\/ -->\n<title>Aqu\u00ed est\u00e1n los 12 cargadores de autos de Vemo en Guanajuato - Blog | GPI NEWS<\/title>\n<meta name=\"robots\" content=\"index, follow, max-snippet:-1, max-image-preview:large, max-video-preview:-1\" \/>\n<link rel=\"canonical\" href=\"https:\/\/puertointerior.guanajuato.gob.mx\/blog\/2024\/11\/25\/aqui-estan-los-12-cargadores-de-autos-de-vemo-en-guanajuato\/\" \/>\n<meta property=\"og:locale\" content=\"es_MX\" \/>\n<meta property=\"og:type\" content=\"article\" \/>\n<meta property=\"og:title\" content=\"Aqu\u00ed est\u00e1n los 12 cargadores de autos de Vemo en Guanajuato - Blog | GPI NEWS\" \/>\n<meta property=\"og:description\" content=\"Vemo expandi\u00f3 su red de recarga para veh\u00edculos el\u00e9ctricos con\u00a012 nuevos cargadores en Guanajuato, ubicados en puntos estrat\u00e9gicos del estado. Esta acci\u00f3n refuerza su compromiso con la movilidad limpia en M\u00e9xico. Carlos Levy, Head de la Vemo Charging Network, se\u00f1al\u00f3 que la inversi\u00f3n en Guanajuato responde al inter\u00e9s del estado por proyectos de electromovilidad. Destac\u00f3 [&hellip;]\" \/>\n<meta property=\"og:url\" content=\"https:\/\/puertointerior.guanajuato.gob.mx\/blog\/2024\/11\/25\/aqui-estan-los-12-cargadores-de-autos-de-vemo-en-guanajuato\/\" \/>\n<meta property=\"og:site_name\" content=\"Blog | GPI NEWS\" \/>\n<meta property=\"article:published_time\" content=\"2024-11-25T16:59:32+00:00\" \/>\n<meta property=\"article:modified_time\" content=\"2024-11-25T17:00:28+00:00\" \/>\n<meta property=\"og:image\" content=\"https:\/\/puertointerior.guanajuato.gob.mx\/blog\/wp-content\/uploads\/2024\/11\/VEMO-GTO-1140x641-1.jpg\" \/>\n\t<meta property=\"og:image:width\" content=\"1064\" \/>\n\t<meta property=\"og:image:height\" content=\"598\" \/>\n\t<meta property=\"og:image:type\" content=\"image\/jpeg\" \/>\n<meta name=\"author\" content=\"GPI NEWS\" \/>\n<meta name=\"twitter:card\" content=\"summary_large_image\" \/>\n<meta name=\"twitter:label1\" content=\"Escrito por\" \/>\n\t<meta name=\"twitter:data1\" content=\"GPI NEWS\" \/>\n\t<meta name=\"twitter:label2\" content=\"Tiempo de lectura\" \/>\n\t<meta name=\"twitter:data2\" content=\"2 minutos\" \/>\n<script type=\"application\/ld+json\" class=\"yoast-schema-graph\">{\"@context\":\"https:\/\/schema.org\",\"@graph\":[{\"@type\":\"WebPage\",\"@id\":\"https:\/\/puertointerior.guanajuato.gob.mx\/blog\/2024\/11\/25\/aqui-estan-los-12-cargadores-de-autos-de-vemo-en-guanajuato\/\",\"url\":\"https:\/\/puertointerior.guanajuato.gob.mx\/blog\/2024\/11\/25\/aqui-estan-los-12-cargadores-de-autos-de-vemo-en-guanajuato\/\",\"name\":\"Aqu\u00ed est\u00e1n los 12 cargadores de autos de Vemo en Guanajuato - Blog | GPI NEWS\",\"isPartOf\":{\"@id\":\"https:\/\/puertointerior.guanajuato.gob.mx\/blog\/#website\"},\"primaryImageOfPage\":{\"@id\":\"https:\/\/puertointerior.guanajuato.gob.mx\/blog\/2024\/11\/25\/aqui-estan-los-12-cargadores-de-autos-de-vemo-en-guanajuato\/#primaryimage\"},\"image\":{\"@id\":\"https:\/\/puertointerior.guanajuato.gob.mx\/blog\/2024\/11\/25\/aqui-estan-los-12-cargadores-de-autos-de-vemo-en-guanajuato\/#primaryimage\"},\"thumbnailUrl\":\"https:\/\/puertointerior.guanajuato.gob.mx\/blog\/wp-content\/uploads\/2024\/11\/VEMO-GTO-1140x641-1.jpg\",\"datePublished\":\"2024-11-25T16:59:32+00:00\",\"dateModified\":\"2024-11-25T17:00:28+00:00\",\"author\":{\"@id\":\"https:\/\/puertointerior.guanajuato.gob.mx\/blog\/#\/schema\/person\/f4851bb8a48c32d7fba5285caf4ef1c4\"},\"breadcrumb\":{\"@id\":\"https:\/\/puertointerior.guanajuato.gob.mx\/blog\/2024\/11\/25\/aqui-estan-los-12-cargadores-de-autos-de-vemo-en-guanajuato\/#breadcrumb\"},\"inLanguage\":\"es\",\"potentialAction\":[{\"@type\":\"ReadAction\",\"target\":[\"https:\/\/puertointerior.guanajuato.gob.mx\/blog\/2024\/11\/25\/aqui-estan-los-12-cargadores-de-autos-de-vemo-en-guanajuato\/\"]}]},{\"@type\":\"ImageObject\",\"inLanguage\":\"es\",\"@id\":\"https:\/\/puertointerior.guanajuato.gob.mx\/blog\/2024\/11\/25\/aqui-estan-los-12-cargadores-de-autos-de-vemo-en-guanajuato\/#primaryimage\",\"url\":\"https:\/\/puertointerior.guanajuato.gob.mx\/blog\/wp-content\/uploads\/2024\/11\/VEMO-GTO-1140x641-1.jpg\",\"contentUrl\":\"https:\/\/puertointerior.guanajuato.gob.mx\/blog\/wp-content\/uploads\/2024\/11\/VEMO-GTO-1140x641-1.jpg\",\"width\":1064,\"height\":598},{\"@type\":\"BreadcrumbList\",\"@id\":\"https:\/\/puertointerior.guanajuato.gob.mx\/blog\/2024\/11\/25\/aqui-estan-los-12-cargadores-de-autos-de-vemo-en-guanajuato\/#breadcrumb\",\"itemListElement\":[{\"@type\":\"ListItem\",\"position\":1,\"name\":\"Inicio\",\"item\":\"https:\/\/puertointerior.guanajuato.gob.mx\/blog\/\"},{\"@type\":\"ListItem\",\"position\":2,\"name\":\"Aqu\u00ed est\u00e1n los 12 cargadores de autos de Vemo en Guanajuato\"}]},{\"@type\":\"WebSite\",\"@id\":\"https:\/\/puertointerior.guanajuato.gob.mx\/blog\/#website\",\"url\":\"https:\/\/puertointerior.guanajuato.gob.mx\/blog\/\",\"name\":\"Blog | GPI NEWS\",\"description\":\"Guanajuato Puerto Interior\",\"potentialAction\":[{\"@type\":\"SearchAction\",\"target\":{\"@type\":\"EntryPoint\",\"urlTemplate\":\"https:\/\/puertointerior.guanajuato.gob.mx\/blog\/?s={search_term_string}\"},\"query-input\":{\"@type\":\"PropertyValueSpecification\",\"valueRequired\":true,\"valueName\":\"search_term_string\"}}],\"inLanguage\":\"es\"},{\"@type\":\"Person\",\"@id\":\"https:\/\/puertointerior.guanajuato.gob.mx\/blog\/#\/schema\/person\/f4851bb8a48c32d7fba5285caf4ef1c4\",\"name\":\"GPI NEWS\",\"image\":{\"@type\":\"ImageObject\",\"inLanguage\":\"es\",\"@id\":\"https:\/\/puertointerior.guanajuato.gob.mx\/blog\/#\/schema\/person\/image\/\",\"url\":\"https:\/\/secure.gravatar.com\/avatar\/612aca53a708cefc5ebe15ab0bc63c51a8ba58563e45c17848fa400e627e2717?s=96&d=mm&r=g\",\"contentUrl\":\"https:\/\/secure.gravatar.com\/avatar\/612aca53a708cefc5ebe15ab0bc63c51a8ba58563e45c17848fa400e627e2717?s=96&d=mm&r=g\",\"caption\":\"GPI NEWS\"},\"url\":\"https:\/\/puertointerior.guanajuato.gob.mx\/blog\/author\/rafa-jacinto\/\"}]}<\/script>\n<!-- \/ Yoast SEO plugin. -->","yoast_head_json":{"title":"Aqu\u00ed est\u00e1n los 12 cargadores de autos de Vemo en Guanajuato - Blog | GPI NEWS","robots":{"index":"index","follow":"follow","max-snippet":"max-snippet:-1","max-image-preview":"max-image-preview:large","max-video-preview":"max-video-preview:-1"},"canonical":"https:\/\/puertointerior.guanajuato.gob.mx\/blog\/2024\/11\/25\/aqui-estan-los-12-cargadores-de-autos-de-vemo-en-guanajuato\/","og_locale":"es_MX","og_type":"article","og_title":"Aqu\u00ed est\u00e1n los 12 cargadores de autos de Vemo en Guanajuato - Blog | GPI NEWS","og_description":"Vemo expandi\u00f3 su red de recarga para veh\u00edculos el\u00e9ctricos con\u00a012 nuevos cargadores en Guanajuato, ubicados en puntos estrat\u00e9gicos del estado. Esta acci\u00f3n refuerza su compromiso con la movilidad limpia en M\u00e9xico. Carlos Levy, Head de la Vemo Charging Network, se\u00f1al\u00f3 que la inversi\u00f3n en Guanajuato responde al inter\u00e9s del estado por proyectos de electromovilidad. Destac\u00f3 [&hellip;]","og_url":"https:\/\/puertointerior.guanajuato.gob.mx\/blog\/2024\/11\/25\/aqui-estan-los-12-cargadores-de-autos-de-vemo-en-guanajuato\/","og_site_name":"Blog | GPI NEWS","article_published_time":"2024-11-25T16:59:32+00:00","article_modified_time":"2024-11-25T17:00:28+00:00","og_image":[{"width":1064,"height":598,"url":"https:\/\/puertointerior.guanajuato.gob.mx\/blog\/wp-content\/uploads\/2024\/11\/VEMO-GTO-1140x641-1.jpg","type":"image\/jpeg"}],"author":"GPI NEWS","twitter_card":"summary_large_image","twitter_misc":{"Escrito por":"GPI NEWS","Tiempo de lectura":"2 minutos"},"schema":{"@context":"https:\/\/schema.org","@graph":[{"@type":"WebPage","@id":"https:\/\/puertointerior.guanajuato.gob.mx\/blog\/2024\/11\/25\/aqui-estan-los-12-cargadores-de-autos-de-vemo-en-guanajuato\/","url":"https:\/\/puertointerior.guanajuato.gob.mx\/blog\/2024\/11\/25\/aqui-estan-los-12-cargadores-de-autos-de-vemo-en-guanajuato\/","name":"Aqu\u00ed est\u00e1n los 12 cargadores de autos de Vemo en Guanajuato - Blog | GPI NEWS","isPartOf":{"@id":"https:\/\/puertointerior.guanajuato.gob.mx\/blog\/#website"},"primaryImageOfPage":{"@id":"https:\/\/puertointerior.guanajuato.gob.mx\/blog\/2024\/11\/25\/aqui-estan-los-12-cargadores-de-autos-de-vemo-en-guanajuato\/#primaryimage"},"image":{"@id":"https:\/\/puertointerior.guanajuato.gob.mx\/blog\/2024\/11\/25\/aqui-estan-los-12-cargadores-de-autos-de-vemo-en-guanajuato\/#primaryimage"},"thumbnailUrl":"https:\/\/puertointerior.guanajuato.gob.mx\/blog\/wp-content\/uploads\/2024\/11\/VEMO-GTO-1140x641-1.jpg","datePublished":"2024-11-25T16:59:32+00:00","dateModified":"2024-11-25T17:00:28+00:00","author":{"@id":"https:\/\/puertointerior.guanajuato.gob.mx\/blog\/#\/schema\/person\/f4851bb8a48c32d7fba5285caf4ef1c4"},"breadcrumb":{"@id":"https:\/\/puertointerior.guanajuato.gob.mx\/blog\/2024\/11\/25\/aqui-estan-los-12-cargadores-de-autos-de-vemo-en-guanajuato\/#breadcrumb"},"inLanguage":"es","potentialAction":[{"@type":"ReadAction","target":["https:\/\/puertointerior.guanajuato.gob.mx\/blog\/2024\/11\/25\/aqui-estan-los-12-cargadores-de-autos-de-vemo-en-guanajuato\/"]}]},{"@type":"ImageObject","inLanguage":"es","@id":"https:\/\/puertointerior.guanajuato.gob.mx\/blog\/2024\/11\/25\/aqui-estan-los-12-cargadores-de-autos-de-vemo-en-guanajuato\/#primaryimage","url":"https:\/\/puertointerior.guanajuato.gob.mx\/blog\/wp-content\/uploads\/2024\/11\/VEMO-GTO-1140x641-1.jpg","contentUrl":"https:\/\/puertointerior.guanajuato.gob.mx\/blog\/wp-content\/uploads\/2024\/11\/VEMO-GTO-1140x641-1.jpg","width":1064,"height":598},{"@type":"BreadcrumbList","@id":"https:\/\/puertointerior.guanajuato.gob.mx\/blog\/2024\/11\/25\/aqui-estan-los-12-cargadores-de-autos-de-vemo-en-guanajuato\/#breadcrumb","itemListElement":[{"@type":"ListItem","position":1,"name":"Inicio","item":"https:\/\/puertointerior.guanajuato.gob.mx\/blog\/"},{"@type":"ListItem","position":2,"name":"Aqu\u00ed est\u00e1n los 12 cargadores de autos de Vemo en Guanajuato"}]},{"@type":"WebSite","@id":"https:\/\/puertointerior.guanajuato.gob.mx\/blog\/#website","url":"https:\/\/puertointerior.guanajuato.gob.mx\/blog\/","name":"Blog | GPI NEWS","description":"Guanajuato Puerto Interior","potentialAction":[{"@type":"SearchAction","target":{"@type":"EntryPoint","urlTemplate":"https:\/\/puertointerior.guanajuato.gob.mx\/blog\/?s={search_term_string}"},"query-input":{"@type":"PropertyValueSpecification","valueRequired":true,"valueName":"search_term_string"}}],"inLanguage":"es"},{"@type":"Person","@id":"https:\/\/puertointerior.guanajuato.gob.mx\/blog\/#\/schema\/person\/f4851bb8a48c32d7fba5285caf4ef1c4","name":"GPI NEWS","image":{"@type":"ImageObject","inLanguage":"es","@id":"https:\/\/puertointerior.guanajuato.gob.mx\/blog\/#\/schema\/person\/image\/","url":"https:\/\/secure.gravatar.com\/avatar\/612aca53a708cefc5ebe15ab0bc63c51a8ba58563e45c17848fa400e627e2717?s=96&d=mm&r=g","contentUrl":"https:\/\/secure.gravatar.com\/avatar\/612aca53a708cefc5ebe15ab0bc63c51a8ba58563e45c17848fa400e627e2717?s=96&d=mm&r=g","caption":"GPI NEWS"},"url":"https:\/\/puertointerior.guanajuato.gob.mx\/blog\/author\/rafa-jacinto\/"}]}},"jetpack_featured_media_url":"https:\/\/puertointerior.guanajuato.gob.mx\/blog\/wp-content\/uploads\/2024\/11\/VEMO-GTO-1140x641-1.jpg","jetpack_sharing_enabled":true,"jetpack_shortlink":"https:\/\/wp.me\/pcnMPA-3Qc","_links":{"self":[{"href":"https:\/\/puertointerior.guanajuato.gob.mx\/blog\/wp-json\/wp\/v2\/posts\/14768","targetHints":{"allow":["GET"]}}],"collection":[{"href":"https:\/\/puertointerior.guanajuato.gob.mx\/blog\/wp-json\/wp\/v2\/posts"}],"about":[{"href":"https:\/\/puertointerior.guanajuato.gob.mx\/blog\/wp-json\/wp\/v2\/types\/post"}],"author":[{"embeddable":true,"href":"https:\/\/puertointerior.guanajuato.gob.mx\/blog\/wp-json\/wp\/v2\/users\/2"}],"replies":[{"embeddable":true,"href":"https:\/\/puertointerior.guanajuato.gob.mx\/blog\/wp-json\/wp\/v2\/comments?post=14768"}],"version-history":[{"count":1,"href":"https:\/\/puertointerior.guanajuato.gob.mx\/blog\/wp-json\/wp\/v2\/posts\/14768\/revisions"}],"predecessor-version":[{"id":14770,"href":"https:\/\/puertointerior.guanajuato.gob.mx\/blog\/wp-json\/wp\/v2\/posts\/14768\/revisions\/14770"}],"wp:featuredmedia":[{"embeddable":true,"href":"https:\/\/puertointerior.guanajuato.gob.mx\/blog\/wp-json\/wp\/v2\/media\/14769"}],"wp:attachment":[{"href":"https:\/\/puertointerior.guanajuato.gob.mx\/blog\/wp-json\/wp\/v2\/media?parent=14768"}],"wp:term":[{"taxonomy":"category","embeddable":true,"href":"https:\/\/puertointerior.guanajuato.gob.mx\/blog\/wp-json\/wp\/v2\/categories?post=14768"},{"taxonomy":"post_tag","embeddable":true,"href":"https:\/\/puertointerior.guanajuato.gob.mx\/blog\/wp-json\/wp\/v2\/tags?post=14768"}],"curies":[{"name":"wp","href":"https:\/\/api.w.org\/{rel}","templated":true}]}}