{"id":14923,"date":"2024-12-02T12:09:35","date_gmt":"2024-12-02T17:09:35","guid":{"rendered":"https:\/\/puertointerior.guanajuato.gob.mx\/blog\/?p=14923"},"modified":"2024-12-02T12:11:39","modified_gmt":"2024-12-02T17:11:39","slug":"tren-de-pasajeros-se-construira-en-el-2025-con-estacion-en-celaya","status":"publish","type":"post","link":"https:\/\/puertointerior.guanajuato.gob.mx\/blog\/2024\/12\/02\/tren-de-pasajeros-se-construira-en-el-2025-con-estacion-en-celaya\/","title":{"rendered":"Tren de pasajeros se construir\u00e1 en el 2025 con estaci\u00f3n en Celaya"},"content":{"rendered":"<h3 class=\"subtitle\">El tren viene de Ciudad de M\u00e9xico.<\/h3>\n<p><b>CELAYA, Gto.-<\/b>\u00a0As\u00ed lo inform\u00f3\u00a0<b>el alcalde Juan Miguel Ram\u00edrez S\u00e1nchez<\/b>, quien celebr\u00f3 que\u00a0<b>la presidenta de M\u00e9xico,\u00a0<\/b>Claudia Sheinbaum Pardo haya anunciado que el tren de pasajeros pasar\u00e1\u00a0<b>por Quer\u00e9taro, Apaseo el Grande<\/b>, Celaya, Villagr\u00e1n, Salamanca e Irapuato, y dijo que\u00a0<b>su gobierno dar\u00e1 todo el apoyo.<\/b><\/p>\n<p>Contextualiz\u00f3 que todav\u00eda en\u00a0<b>reuniones recientes<\/b>,\u00a0<b>Ferromex\u00a0<\/b>asegur\u00f3 que no pasar\u00eda el\u00a0<b>tren por Celaya,<\/b>\u00a0y por otro lado se mand\u00f3 todo tipo de informaci\u00f3n a la presidenta\u00a0<b>Claudia Sheinbaum<\/b>\u00a0de que s\u00ed era viable y se contaban con las condiciones para<b>\u00a0establecer una estaci\u00f3n<\/b>, porque Quer\u00e9taro est\u00e1 cerca.<\/p>\n<blockquote><p>\u201cCuando Claudia Sheinbaum\u00a0<b>anuncia\u00a0<\/b>lo del tren de pasajeros, tambi\u00e9n anuncia que pasar\u00e1 por Celaya, y\u00a0<b>nosotros estamos contentos<\/b>\u00a0con eso\u201d, explic\u00f3.<\/p><\/blockquote>\n<p>Reconoci\u00f3 que\u00a0<b>todav\u00eda se desconoce\u00a0<\/b>por cu\u00e1l de\u00a0<b>las v\u00edas estar\u00eda<\/b>\u00a0pasando el tren\u00a0<b>de pasajeros<\/b>, aunque algunos dicen que se pueden utilizar las v\u00edas existentes, y otros dicen que se\u00a0<b>pueden construir otras v\u00edas<\/b>, pero en<b>\u00a0los dos casos<\/b>\u00a0habr\u00e1 modificaciones en las\u00a0<b>actuales v\u00edas,\u00a0<\/b>que estaba contempladas para el tren interurbano o tren ligero.<\/p>\n<p><img decoding=\"async\" class=\"aligncenter\" src=\"https:\/\/www.elsoldelbajio.com.mx\/local\/gzk9hc-el-alcalde-juan\/alternates\/FREE_720\/El-alcalde-Juan\" \/><\/p>\n<p>El alcalde Juan Miguel Ram\u00edrez S\u00e1nchez, quien celebr\u00f3 que la presidenta de M\u00e9xico, Claudia Sheinbaum Pardo haya anunciado que el tren de pasajeros pasar\u00e1 por Quer\u00e9taro, Apaseo el Grande, Celaya. | Fotos: Alfonso Berber \/ El Sol del Baj\u00edo.<\/p>\n<p>Reconoci\u00f3 que tambi\u00e9n\u00a0<b>los empresarios<\/b>\u00a0se han movido para este proyecto del tren de\u00a0<b>pasajeros pase por Celaya<\/b>, se mueve mucha gente, y el gobierno municipal tambi\u00e9n<b>\u00a0hizo propuestas para que Celaya<\/b>\u00a0est\u00e9 bien.<\/p>\n<p>Durante la presentaci\u00f3n por\u00a0<b>la presidenta de M\u00e9xico,<\/b>\u00a0se dio a conocer que la obra<b>\u00a0iniciar\u00e1 para el 2025,\u00a0<\/b>correr\u00e1 a<b>\u00a0trav\u00e9s de los estados de Quer\u00e9taro<\/b>\u00a0y Guanajuato, cruzando por los municipios de El Marqu\u00e9s, donde habr\u00e1 una estaci\u00f3n, Quer\u00e9taro, Santiago de Quer\u00e9taro, Apaseo el Grande, Celaya y aqu\u00ed tambi\u00e9n habr\u00e1 una estaci\u00f3n.<\/p>\n<p>Tambi\u00e9n pasar\u00e1 por<b>\u00a0Villagr\u00e1n, Salamanca,<\/b>\u00a0Irapuato, donde en esta \u00faltima ciudad de Guanajuato tambi\u00e9n habr\u00e1 otra\u00a0<b>estaci\u00f3n del tren de pasajeros.<\/b><\/p>\n<p>Publicado originalmente por:\u00a0<a href=\"https:\/\/www.elsoldelbajio.com.mx\/local\/tren-de-pasajeros-se-construira-en-el-2025-con-estacion-en-celaya-12944158.html\">https:\/\/www.elsoldelbajio.com.mx\/local\/tren-de-pasajeros-se-construira-en-el-2025-con-estacion-en-celaya-12944158.html<\/a><\/p>\n<p>&nbsp;<\/p>\n","protected":false},"excerpt":{"rendered":"<p>El tren viene de Ciudad de M\u00e9xico. CELAYA, Gto.-\u00a0As\u00ed lo inform\u00f3\u00a0el alcalde Juan Miguel Ram\u00edrez S\u00e1nchez, quien celebr\u00f3 que\u00a0la presidenta de M\u00e9xico,\u00a0Claudia Sheinbaum Pardo haya anunciado que el tren de pasajeros pasar\u00e1\u00a0por Quer\u00e9taro, Apaseo el Grande, Celaya, Villagr\u00e1n, Salamanca e Irapuato, y dijo que\u00a0su gobierno dar\u00e1 todo el apoyo. Contextualiz\u00f3 que todav\u00eda en\u00a0reuniones recientes,\u00a0Ferromex\u00a0asegur\u00f3 que [&hellip;]<\/p>\n","protected":false},"author":2,"featured_media":14924,"comment_status":"closed","ping_status":"open","sticky":false,"template":"","format":"standard","meta":{"jetpack_post_was_ever_published":false,"_jetpack_newsletter_access":"","_jetpack_dont_email_post_to_subs":false,"_jetpack_newsletter_tier_id":0,"_jetpack_memberships_contains_paywalled_content":false,"_jetpack_memberships_contains_paid_content":false,"footnotes":""},"categories":[4],"tags":[],"class_list":["post-14923","post","type-post","status-publish","format-standard","has-post-thumbnail","hentry","category-logistics"],"yoast_head":"<!-- This site is optimized with the Yoast SEO plugin v25.7 - https:\/\/yoast.com\/wordpress\/plugins\/seo\/ -->\n<title>Tren de pasajeros se construir\u00e1 en el 2025 con estaci\u00f3n en Celaya - Blog | GPI NEWS<\/title>\n<meta name=\"robots\" content=\"index, follow, max-snippet:-1, max-image-preview:large, max-video-preview:-1\" \/>\n<link rel=\"canonical\" href=\"https:\/\/puertointerior.guanajuato.gob.mx\/blog\/2024\/12\/02\/tren-de-pasajeros-se-construira-en-el-2025-con-estacion-en-celaya\/\" \/>\n<meta property=\"og:locale\" content=\"es_MX\" \/>\n<meta property=\"og:type\" content=\"article\" \/>\n<meta property=\"og:title\" content=\"Tren de pasajeros se construir\u00e1 en el 2025 con estaci\u00f3n en Celaya - Blog | GPI NEWS\" \/>\n<meta property=\"og:description\" content=\"El tren viene de Ciudad de M\u00e9xico. CELAYA, Gto.-\u00a0As\u00ed lo inform\u00f3\u00a0el alcalde Juan Miguel Ram\u00edrez S\u00e1nchez, quien celebr\u00f3 que\u00a0la presidenta de M\u00e9xico,\u00a0Claudia Sheinbaum Pardo haya anunciado que el tren de pasajeros pasar\u00e1\u00a0por Quer\u00e9taro, Apaseo el Grande, Celaya, Villagr\u00e1n, Salamanca e Irapuato, y dijo que\u00a0su gobierno dar\u00e1 todo el apoyo. Contextualiz\u00f3 que todav\u00eda en\u00a0reuniones recientes,\u00a0Ferromex\u00a0asegur\u00f3 que [&hellip;]\" \/>\n<meta property=\"og:url\" content=\"https:\/\/puertointerior.guanajuato.gob.mx\/blog\/2024\/12\/02\/tren-de-pasajeros-se-construira-en-el-2025-con-estacion-en-celaya\/\" \/>\n<meta property=\"og:site_name\" content=\"Blog | GPI NEWS\" \/>\n<meta property=\"article:published_time\" content=\"2024-12-02T17:09:35+00:00\" \/>\n<meta property=\"article:modified_time\" content=\"2024-12-02T17:11:39+00:00\" \/>\n<meta property=\"og:image\" content=\"https:\/\/puertointerior.guanajuato.gob.mx\/blog\/wp-content\/uploads\/2024\/12\/El-tren-de.jpg\" \/>\n\t<meta property=\"og:image:width\" content=\"768\" \/>\n\t<meta property=\"og:image:height\" content=\"479\" \/>\n\t<meta property=\"og:image:type\" content=\"image\/jpeg\" \/>\n<meta name=\"author\" content=\"GPI NEWS\" \/>\n<meta name=\"twitter:card\" content=\"summary_large_image\" \/>\n<meta name=\"twitter:label1\" content=\"Escrito por\" \/>\n\t<meta name=\"twitter:data1\" content=\"GPI NEWS\" \/>\n\t<meta name=\"twitter:label2\" content=\"Tiempo de lectura\" \/>\n\t<meta name=\"twitter:data2\" content=\"2 minutos\" \/>\n<script type=\"application\/ld+json\" class=\"yoast-schema-graph\">{\"@context\":\"https:\/\/schema.org\",\"@graph\":[{\"@type\":\"WebPage\",\"@id\":\"https:\/\/puertointerior.guanajuato.gob.mx\/blog\/2024\/12\/02\/tren-de-pasajeros-se-construira-en-el-2025-con-estacion-en-celaya\/\",\"url\":\"https:\/\/puertointerior.guanajuato.gob.mx\/blog\/2024\/12\/02\/tren-de-pasajeros-se-construira-en-el-2025-con-estacion-en-celaya\/\",\"name\":\"Tren de pasajeros se construir\u00e1 en el 2025 con estaci\u00f3n en Celaya - Blog | GPI NEWS\",\"isPartOf\":{\"@id\":\"https:\/\/puertointerior.guanajuato.gob.mx\/blog\/#website\"},\"primaryImageOfPage\":{\"@id\":\"https:\/\/puertointerior.guanajuato.gob.mx\/blog\/2024\/12\/02\/tren-de-pasajeros-se-construira-en-el-2025-con-estacion-en-celaya\/#primaryimage\"},\"image\":{\"@id\":\"https:\/\/puertointerior.guanajuato.gob.mx\/blog\/2024\/12\/02\/tren-de-pasajeros-se-construira-en-el-2025-con-estacion-en-celaya\/#primaryimage\"},\"thumbnailUrl\":\"https:\/\/puertointerior.guanajuato.gob.mx\/blog\/wp-content\/uploads\/2024\/12\/El-tren-de.jpg\",\"datePublished\":\"2024-12-02T17:09:35+00:00\",\"dateModified\":\"2024-12-02T17:11:39+00:00\",\"author\":{\"@id\":\"https:\/\/puertointerior.guanajuato.gob.mx\/blog\/#\/schema\/person\/f4851bb8a48c32d7fba5285caf4ef1c4\"},\"breadcrumb\":{\"@id\":\"https:\/\/puertointerior.guanajuato.gob.mx\/blog\/2024\/12\/02\/tren-de-pasajeros-se-construira-en-el-2025-con-estacion-en-celaya\/#breadcrumb\"},\"inLanguage\":\"es\",\"potentialAction\":[{\"@type\":\"ReadAction\",\"target\":[\"https:\/\/puertointerior.guanajuato.gob.mx\/blog\/2024\/12\/02\/tren-de-pasajeros-se-construira-en-el-2025-con-estacion-en-celaya\/\"]}]},{\"@type\":\"ImageObject\",\"inLanguage\":\"es\",\"@id\":\"https:\/\/puertointerior.guanajuato.gob.mx\/blog\/2024\/12\/02\/tren-de-pasajeros-se-construira-en-el-2025-con-estacion-en-celaya\/#primaryimage\",\"url\":\"https:\/\/puertointerior.guanajuato.gob.mx\/blog\/wp-content\/uploads\/2024\/12\/El-tren-de.jpg\",\"contentUrl\":\"https:\/\/puertointerior.guanajuato.gob.mx\/blog\/wp-content\/uploads\/2024\/12\/El-tren-de.jpg\",\"width\":768,\"height\":479},{\"@type\":\"BreadcrumbList\",\"@id\":\"https:\/\/puertointerior.guanajuato.gob.mx\/blog\/2024\/12\/02\/tren-de-pasajeros-se-construira-en-el-2025-con-estacion-en-celaya\/#breadcrumb\",\"itemListElement\":[{\"@type\":\"ListItem\",\"position\":1,\"name\":\"Inicio\",\"item\":\"https:\/\/puertointerior.guanajuato.gob.mx\/blog\/\"},{\"@type\":\"ListItem\",\"position\":2,\"name\":\"Tren de pasajeros se construir\u00e1 en el 2025 con estaci\u00f3n en Celaya\"}]},{\"@type\":\"WebSite\",\"@id\":\"https:\/\/puertointerior.guanajuato.gob.mx\/blog\/#website\",\"url\":\"https:\/\/puertointerior.guanajuato.gob.mx\/blog\/\",\"name\":\"Blog | GPI NEWS\",\"description\":\"Guanajuato Puerto Interior\",\"potentialAction\":[{\"@type\":\"SearchAction\",\"target\":{\"@type\":\"EntryPoint\",\"urlTemplate\":\"https:\/\/puertointerior.guanajuato.gob.mx\/blog\/?s={search_term_string}\"},\"query-input\":{\"@type\":\"PropertyValueSpecification\",\"valueRequired\":true,\"valueName\":\"search_term_string\"}}],\"inLanguage\":\"es\"},{\"@type\":\"Person\",\"@id\":\"https:\/\/puertointerior.guanajuato.gob.mx\/blog\/#\/schema\/person\/f4851bb8a48c32d7fba5285caf4ef1c4\",\"name\":\"GPI NEWS\",\"image\":{\"@type\":\"ImageObject\",\"inLanguage\":\"es\",\"@id\":\"https:\/\/puertointerior.guanajuato.gob.mx\/blog\/#\/schema\/person\/image\/\",\"url\":\"https:\/\/secure.gravatar.com\/avatar\/612aca53a708cefc5ebe15ab0bc63c51a8ba58563e45c17848fa400e627e2717?s=96&d=mm&r=g\",\"contentUrl\":\"https:\/\/secure.gravatar.com\/avatar\/612aca53a708cefc5ebe15ab0bc63c51a8ba58563e45c17848fa400e627e2717?s=96&d=mm&r=g\",\"caption\":\"GPI NEWS\"},\"url\":\"https:\/\/puertointerior.guanajuato.gob.mx\/blog\/author\/rafa-jacinto\/\"}]}<\/script>\n<!-- \/ Yoast SEO plugin. -->","yoast_head_json":{"title":"Tren de pasajeros se construir\u00e1 en el 2025 con estaci\u00f3n en Celaya - Blog | GPI NEWS","robots":{"index":"index","follow":"follow","max-snippet":"max-snippet:-1","max-image-preview":"max-image-preview:large","max-video-preview":"max-video-preview:-1"},"canonical":"https:\/\/puertointerior.guanajuato.gob.mx\/blog\/2024\/12\/02\/tren-de-pasajeros-se-construira-en-el-2025-con-estacion-en-celaya\/","og_locale":"es_MX","og_type":"article","og_title":"Tren de pasajeros se construir\u00e1 en el 2025 con estaci\u00f3n en Celaya - Blog | GPI NEWS","og_description":"El tren viene de Ciudad de M\u00e9xico. CELAYA, Gto.-\u00a0As\u00ed lo inform\u00f3\u00a0el alcalde Juan Miguel Ram\u00edrez S\u00e1nchez, quien celebr\u00f3 que\u00a0la presidenta de M\u00e9xico,\u00a0Claudia Sheinbaum Pardo haya anunciado que el tren de pasajeros pasar\u00e1\u00a0por Quer\u00e9taro, Apaseo el Grande, Celaya, Villagr\u00e1n, Salamanca e Irapuato, y dijo que\u00a0su gobierno dar\u00e1 todo el apoyo. Contextualiz\u00f3 que todav\u00eda en\u00a0reuniones recientes,\u00a0Ferromex\u00a0asegur\u00f3 que [&hellip;]","og_url":"https:\/\/puertointerior.guanajuato.gob.mx\/blog\/2024\/12\/02\/tren-de-pasajeros-se-construira-en-el-2025-con-estacion-en-celaya\/","og_site_name":"Blog | GPI NEWS","article_published_time":"2024-12-02T17:09:35+00:00","article_modified_time":"2024-12-02T17:11:39+00:00","og_image":[{"width":768,"height":479,"url":"https:\/\/puertointerior.guanajuato.gob.mx\/blog\/wp-content\/uploads\/2024\/12\/El-tren-de.jpg","type":"image\/jpeg"}],"author":"GPI NEWS","twitter_card":"summary_large_image","twitter_misc":{"Escrito por":"GPI NEWS","Tiempo de lectura":"2 minutos"},"schema":{"@context":"https:\/\/schema.org","@graph":[{"@type":"WebPage","@id":"https:\/\/puertointerior.guanajuato.gob.mx\/blog\/2024\/12\/02\/tren-de-pasajeros-se-construira-en-el-2025-con-estacion-en-celaya\/","url":"https:\/\/puertointerior.guanajuato.gob.mx\/blog\/2024\/12\/02\/tren-de-pasajeros-se-construira-en-el-2025-con-estacion-en-celaya\/","name":"Tren de pasajeros se construir\u00e1 en el 2025 con estaci\u00f3n en Celaya - Blog | GPI NEWS","isPartOf":{"@id":"https:\/\/puertointerior.guanajuato.gob.mx\/blog\/#website"},"primaryImageOfPage":{"@id":"https:\/\/puertointerior.guanajuato.gob.mx\/blog\/2024\/12\/02\/tren-de-pasajeros-se-construira-en-el-2025-con-estacion-en-celaya\/#primaryimage"},"image":{"@id":"https:\/\/puertointerior.guanajuato.gob.mx\/blog\/2024\/12\/02\/tren-de-pasajeros-se-construira-en-el-2025-con-estacion-en-celaya\/#primaryimage"},"thumbnailUrl":"https:\/\/puertointerior.guanajuato.gob.mx\/blog\/wp-content\/uploads\/2024\/12\/El-tren-de.jpg","datePublished":"2024-12-02T17:09:35+00:00","dateModified":"2024-12-02T17:11:39+00:00","author":{"@id":"https:\/\/puertointerior.guanajuato.gob.mx\/blog\/#\/schema\/person\/f4851bb8a48c32d7fba5285caf4ef1c4"},"breadcrumb":{"@id":"https:\/\/puertointerior.guanajuato.gob.mx\/blog\/2024\/12\/02\/tren-de-pasajeros-se-construira-en-el-2025-con-estacion-en-celaya\/#breadcrumb"},"inLanguage":"es","potentialAction":[{"@type":"ReadAction","target":["https:\/\/puertointerior.guanajuato.gob.mx\/blog\/2024\/12\/02\/tren-de-pasajeros-se-construira-en-el-2025-con-estacion-en-celaya\/"]}]},{"@type":"ImageObject","inLanguage":"es","@id":"https:\/\/puertointerior.guanajuato.gob.mx\/blog\/2024\/12\/02\/tren-de-pasajeros-se-construira-en-el-2025-con-estacion-en-celaya\/#primaryimage","url":"https:\/\/puertointerior.guanajuato.gob.mx\/blog\/wp-content\/uploads\/2024\/12\/El-tren-de.jpg","contentUrl":"https:\/\/puertointerior.guanajuato.gob.mx\/blog\/wp-content\/uploads\/2024\/12\/El-tren-de.jpg","width":768,"height":479},{"@type":"BreadcrumbList","@id":"https:\/\/puertointerior.guanajuato.gob.mx\/blog\/2024\/12\/02\/tren-de-pasajeros-se-construira-en-el-2025-con-estacion-en-celaya\/#breadcrumb","itemListElement":[{"@type":"ListItem","position":1,"name":"Inicio","item":"https:\/\/puertointerior.guanajuato.gob.mx\/blog\/"},{"@type":"ListItem","position":2,"name":"Tren de pasajeros se construir\u00e1 en el 2025 con estaci\u00f3n en Celaya"}]},{"@type":"WebSite","@id":"https:\/\/puertointerior.guanajuato.gob.mx\/blog\/#website","url":"https:\/\/puertointerior.guanajuato.gob.mx\/blog\/","name":"Blog | GPI NEWS","description":"Guanajuato Puerto Interior","potentialAction":[{"@type":"SearchAction","target":{"@type":"EntryPoint","urlTemplate":"https:\/\/puertointerior.guanajuato.gob.mx\/blog\/?s={search_term_string}"},"query-input":{"@type":"PropertyValueSpecification","valueRequired":true,"valueName":"search_term_string"}}],"inLanguage":"es"},{"@type":"Person","@id":"https:\/\/puertointerior.guanajuato.gob.mx\/blog\/#\/schema\/person\/f4851bb8a48c32d7fba5285caf4ef1c4","name":"GPI NEWS","image":{"@type":"ImageObject","inLanguage":"es","@id":"https:\/\/puertointerior.guanajuato.gob.mx\/blog\/#\/schema\/person\/image\/","url":"https:\/\/secure.gravatar.com\/avatar\/612aca53a708cefc5ebe15ab0bc63c51a8ba58563e45c17848fa400e627e2717?s=96&d=mm&r=g","contentUrl":"https:\/\/secure.gravatar.com\/avatar\/612aca53a708cefc5ebe15ab0bc63c51a8ba58563e45c17848fa400e627e2717?s=96&d=mm&r=g","caption":"GPI NEWS"},"url":"https:\/\/puertointerior.guanajuato.gob.mx\/blog\/author\/rafa-jacinto\/"}]}},"jetpack_featured_media_url":"https:\/\/puertointerior.guanajuato.gob.mx\/blog\/wp-content\/uploads\/2024\/12\/El-tren-de.jpg","jetpack_sharing_enabled":true,"jetpack_shortlink":"https:\/\/wp.me\/pcnMPA-3SH","_links":{"self":[{"href":"https:\/\/puertointerior.guanajuato.gob.mx\/blog\/wp-json\/wp\/v2\/posts\/14923","targetHints":{"allow":["GET"]}}],"collection":[{"href":"https:\/\/puertointerior.guanajuato.gob.mx\/blog\/wp-json\/wp\/v2\/posts"}],"about":[{"href":"https:\/\/puertointerior.guanajuato.gob.mx\/blog\/wp-json\/wp\/v2\/types\/post"}],"author":[{"embeddable":true,"href":"https:\/\/puertointerior.guanajuato.gob.mx\/blog\/wp-json\/wp\/v2\/users\/2"}],"replies":[{"embeddable":true,"href":"https:\/\/puertointerior.guanajuato.gob.mx\/blog\/wp-json\/wp\/v2\/comments?post=14923"}],"version-history":[{"count":1,"href":"https:\/\/puertointerior.guanajuato.gob.mx\/blog\/wp-json\/wp\/v2\/posts\/14923\/revisions"}],"predecessor-version":[{"id":14925,"href":"https:\/\/puertointerior.guanajuato.gob.mx\/blog\/wp-json\/wp\/v2\/posts\/14923\/revisions\/14925"}],"wp:featuredmedia":[{"embeddable":true,"href":"https:\/\/puertointerior.guanajuato.gob.mx\/blog\/wp-json\/wp\/v2\/media\/14924"}],"wp:attachment":[{"href":"https:\/\/puertointerior.guanajuato.gob.mx\/blog\/wp-json\/wp\/v2\/media?parent=14923"}],"wp:term":[{"taxonomy":"category","embeddable":true,"href":"https:\/\/puertointerior.guanajuato.gob.mx\/blog\/wp-json\/wp\/v2\/categories?post=14923"},{"taxonomy":"post_tag","embeddable":true,"href":"https:\/\/puertointerior.guanajuato.gob.mx\/blog\/wp-json\/wp\/v2\/tags?post=14923"}],"curies":[{"name":"wp","href":"https:\/\/api.w.org\/{rel}","templated":true}]}}