{"id":15408,"date":"2024-12-30T13:13:27","date_gmt":"2024-12-30T18:13:27","guid":{"rendered":"https:\/\/puertointerior.guanajuato.gob.mx\/blog\/?p=15408"},"modified":"2024-12-30T13:13:27","modified_gmt":"2024-12-30T18:13:27","slug":"vemo-cierra-el-ano-con-mas-de-600-puntos-de-recarga-en-el-pais","status":"publish","type":"post","link":"https:\/\/puertointerior.guanajuato.gob.mx\/blog\/2024\/12\/30\/vemo-cierra-el-ano-con-mas-de-600-puntos-de-recarga-en-el-pais\/","title":{"rendered":"VEMO cierra el a\u00f1o con m\u00e1s de 600 puntos de recarga en el pa\u00eds"},"content":{"rendered":"<p>La transici\u00f3n hacia la movilidad el\u00e9ctrica en M\u00e9xico ha tomado un impulso significativo en 2024, con avances notables en la infraestructura de recarga y el crecimiento en las ventas de veh\u00edculos el\u00e9ctricos (VE).<\/p>\n<p>Al cierre de septiembre pasado, la Electromovilidad Asociaci\u00f3n (EMA) report\u00f3 un total de 42,915 cargadores instalados en el pa\u00eds, de los cuales 3,273 son p\u00fablicos y 39,642 privados. Estas cifras, en parte, reflejan los esfuerzos de empresas como VEMO, que buscan fortalecer el ecosistema de movilidad limpia en el pa\u00eds.<\/p>\n<blockquote><p>&#8220;La expansi\u00f3n de la infraestructura de recarga es clave para acelerar la adopci\u00f3n de veh\u00edculos el\u00e9ctricos. Para facilitar esta transici\u00f3n, durante este a\u00f1o anunciamos la instalaci\u00f3n de cargadores de alta potencia en puntos estrat\u00e9gicos de Puebla, Guanajuato, Nuevo Le\u00f3n y Quer\u00e9taro. En 2025 planeamos nuestra llegada a otros estados del pa\u00eds\u201d, afirm\u00f3 Carlos Levy, Head of Real Estate &amp; Public Charging Network de VEMO.<\/p><\/blockquote>\n<p>A la fecha, VEMO ha instalado m\u00e1s de 600 cargadores en la Rep\u00fablica Mexicana, como parte de su compromiso con la expansi\u00f3n de su red de carga p\u00fablica para veh\u00edculos el\u00e9ctricos, la llamada VEMO Charging Network.<\/p>\n<h2><strong>Crece popularidad de VE<\/strong><\/h2>\n<p>Las ventas en M\u00e9xico de veh\u00edculos el\u00e9ctricos e h\u00edbridos enchufables (PHEV, en ingl\u00e9s) mostraron un crecimiento acelerado durante 2024, lo que evidencia el notable inter\u00e9s de los mexicanos por adoptar opciones de transporte m\u00e1s sostenibles y respetuosas con el medio ambiente.<\/p>\n<p>De acuerdo con la EMA, en el tercer trimestre de 2024 se vendieron 8,334 VE, lo que representa un aumento del 27% respecto al trimestre anterior. En el mismo periodo, las ventas de PHEV alcanzaron 7,921 unidades, con un crecimiento del 46.3%. En total, entre enero a septiembre de 2024, las principales marcas que operan en M\u00e9xico colocaron 39,095 veh\u00edculos el\u00e9ctricos y 25,042 h\u00edbridos enchufables.<\/p>\n<blockquote><p>\u201cEl crecimiento exponencial de la adquisici\u00f3n de VE es una gran noticia, pero tambi\u00e9n un reto que debemos enfrentar, pues a medida que aumenta el n\u00famero de autos, se vuelve m\u00e1s urgente garantizar el acceso a cargadores. Este panorama impulsa la necesidad de establecer alianzas para cubrir la demanda energ\u00e9tica de los VE\u201d, expres\u00f3 Constantino Rodr\u00edguez, Head Commercial de VEMO.<\/p><\/blockquote>\n<p>En 2024, VEMO estableci\u00f3 alianzas estrat\u00e9gicas con empresas automotrices como BMW, BYD, General Motors, GAC y ZEEKR, con el objetivo de proporcionar su infraestructura de recarga a los propietarios de VE de dichas marcas.<\/p>\n<p>El fortalecimiento de la electromovilidad durante 2024 respalda a M\u00e9xico como uno de los principales l\u00edderes en la creaci\u00f3n de un ecosistema de movilidad limpia. De acuerdo con la Agencia Internacional de Energ\u00eda (AIE), en 2023, las ventas de veh\u00edculos el\u00e9ctricos en Am\u00e9rica Latina superaron las 90,000 unidades, con M\u00e9xico, Brasil, Colombia y Costa Rica liderando la regi\u00f3n.<\/p>\n<p>La Agencia estima que cerca del 20% de los autom\u00f3viles vendidos en 2023 fueron el\u00e9ctricos, es decir, aproximadamente uno de cada cinco y pronostica que la participaci\u00f3n de los VE en las ventas globales alcanzar\u00e1 el 35% en 2030.<\/p>\n<p>Publicado originalmente por:\u00a0<a href=\"https:\/\/mexicoindustry.com\/noticia\/vemo-cierra-el-ano-con-mas-de-600-puntos-de-recarga-en-el-pais\">https:\/\/mexicoindustry.com\/noticia\/vemo-cierra-el-ano-con-mas-de-600-puntos-de-recarga-en-el-pais<\/a><\/p>\n","protected":false},"excerpt":{"rendered":"<p>La transici\u00f3n hacia la movilidad el\u00e9ctrica en M\u00e9xico ha tomado un impulso significativo en 2024, con avances notables en la infraestructura de recarga y el crecimiento en las ventas de veh\u00edculos el\u00e9ctricos (VE). Al cierre de septiembre pasado, la Electromovilidad Asociaci\u00f3n (EMA) report\u00f3 un total de 42,915 cargadores instalados en el pa\u00eds, de los cuales [&hellip;]<\/p>\n","protected":false},"author":2,"featured_media":15409,"comment_status":"closed","ping_status":"open","sticky":false,"template":"","format":"standard","meta":{"jetpack_post_was_ever_published":false,"_jetpack_newsletter_access":"","_jetpack_dont_email_post_to_subs":false,"_jetpack_newsletter_tier_id":0,"_jetpack_memberships_contains_paywalled_content":false,"_jetpack_memberships_contains_paid_content":false,"footnotes":""},"categories":[4],"tags":[],"class_list":["post-15408","post","type-post","status-publish","format-standard","has-post-thumbnail","hentry","category-logistics"],"yoast_head":"<!-- This site is optimized with the Yoast SEO plugin v25.7 - https:\/\/yoast.com\/wordpress\/plugins\/seo\/ -->\n<title>VEMO cierra el a\u00f1o con m\u00e1s de 600 puntos de recarga en el pa\u00eds - Blog | GPI NEWS<\/title>\n<meta name=\"robots\" content=\"index, follow, max-snippet:-1, max-image-preview:large, max-video-preview:-1\" \/>\n<link rel=\"canonical\" href=\"https:\/\/puertointerior.guanajuato.gob.mx\/blog\/2024\/12\/30\/vemo-cierra-el-ano-con-mas-de-600-puntos-de-recarga-en-el-pais\/\" \/>\n<meta property=\"og:locale\" content=\"es_MX\" \/>\n<meta property=\"og:type\" content=\"article\" \/>\n<meta property=\"og:title\" content=\"VEMO cierra el a\u00f1o con m\u00e1s de 600 puntos de recarga en el pa\u00eds - Blog | GPI NEWS\" \/>\n<meta property=\"og:description\" content=\"La transici\u00f3n hacia la movilidad el\u00e9ctrica en M\u00e9xico ha tomado un impulso significativo en 2024, con avances notables en la infraestructura de recarga y el crecimiento en las ventas de veh\u00edculos el\u00e9ctricos (VE). Al cierre de septiembre pasado, la Electromovilidad Asociaci\u00f3n (EMA) report\u00f3 un total de 42,915 cargadores instalados en el pa\u00eds, de los cuales [&hellip;]\" \/>\n<meta property=\"og:url\" content=\"https:\/\/puertointerior.guanajuato.gob.mx\/blog\/2024\/12\/30\/vemo-cierra-el-ano-con-mas-de-600-puntos-de-recarga-en-el-pais\/\" \/>\n<meta property=\"og:site_name\" content=\"Blog | GPI NEWS\" \/>\n<meta property=\"article:published_time\" content=\"2024-12-30T18:13:27+00:00\" \/>\n<meta property=\"og:image\" content=\"https:\/\/puertointerior.guanajuato.gob.mx\/blog\/wp-content\/uploads\/2024\/12\/vemo-cierra-el-ano-con-mas-de-600-puntos-de-recarga-en-el-pais-26773.png\" \/>\n\t<meta property=\"og:image:width\" content=\"828\" \/>\n\t<meta property=\"og:image:height\" content=\"456\" \/>\n\t<meta property=\"og:image:type\" content=\"image\/png\" \/>\n<meta name=\"author\" content=\"GPI NEWS\" \/>\n<meta name=\"twitter:card\" content=\"summary_large_image\" \/>\n<meta name=\"twitter:label1\" content=\"Escrito por\" \/>\n\t<meta name=\"twitter:data1\" content=\"GPI NEWS\" \/>\n\t<meta name=\"twitter:label2\" content=\"Tiempo de lectura\" \/>\n\t<meta name=\"twitter:data2\" content=\"3 minutos\" \/>\n<script type=\"application\/ld+json\" class=\"yoast-schema-graph\">{\"@context\":\"https:\/\/schema.org\",\"@graph\":[{\"@type\":\"WebPage\",\"@id\":\"https:\/\/puertointerior.guanajuato.gob.mx\/blog\/2024\/12\/30\/vemo-cierra-el-ano-con-mas-de-600-puntos-de-recarga-en-el-pais\/\",\"url\":\"https:\/\/puertointerior.guanajuato.gob.mx\/blog\/2024\/12\/30\/vemo-cierra-el-ano-con-mas-de-600-puntos-de-recarga-en-el-pais\/\",\"name\":\"VEMO cierra el a\u00f1o con m\u00e1s de 600 puntos de recarga en el pa\u00eds - Blog | GPI NEWS\",\"isPartOf\":{\"@id\":\"https:\/\/puertointerior.guanajuato.gob.mx\/blog\/#website\"},\"primaryImageOfPage\":{\"@id\":\"https:\/\/puertointerior.guanajuato.gob.mx\/blog\/2024\/12\/30\/vemo-cierra-el-ano-con-mas-de-600-puntos-de-recarga-en-el-pais\/#primaryimage\"},\"image\":{\"@id\":\"https:\/\/puertointerior.guanajuato.gob.mx\/blog\/2024\/12\/30\/vemo-cierra-el-ano-con-mas-de-600-puntos-de-recarga-en-el-pais\/#primaryimage\"},\"thumbnailUrl\":\"https:\/\/puertointerior.guanajuato.gob.mx\/blog\/wp-content\/uploads\/2024\/12\/vemo-cierra-el-ano-con-mas-de-600-puntos-de-recarga-en-el-pais-26773.png\",\"datePublished\":\"2024-12-30T18:13:27+00:00\",\"author\":{\"@id\":\"https:\/\/puertointerior.guanajuato.gob.mx\/blog\/#\/schema\/person\/f4851bb8a48c32d7fba5285caf4ef1c4\"},\"breadcrumb\":{\"@id\":\"https:\/\/puertointerior.guanajuato.gob.mx\/blog\/2024\/12\/30\/vemo-cierra-el-ano-con-mas-de-600-puntos-de-recarga-en-el-pais\/#breadcrumb\"},\"inLanguage\":\"es\",\"potentialAction\":[{\"@type\":\"ReadAction\",\"target\":[\"https:\/\/puertointerior.guanajuato.gob.mx\/blog\/2024\/12\/30\/vemo-cierra-el-ano-con-mas-de-600-puntos-de-recarga-en-el-pais\/\"]}]},{\"@type\":\"ImageObject\",\"inLanguage\":\"es\",\"@id\":\"https:\/\/puertointerior.guanajuato.gob.mx\/blog\/2024\/12\/30\/vemo-cierra-el-ano-con-mas-de-600-puntos-de-recarga-en-el-pais\/#primaryimage\",\"url\":\"https:\/\/puertointerior.guanajuato.gob.mx\/blog\/wp-content\/uploads\/2024\/12\/vemo-cierra-el-ano-con-mas-de-600-puntos-de-recarga-en-el-pais-26773.png\",\"contentUrl\":\"https:\/\/puertointerior.guanajuato.gob.mx\/blog\/wp-content\/uploads\/2024\/12\/vemo-cierra-el-ano-con-mas-de-600-puntos-de-recarga-en-el-pais-26773.png\",\"width\":828,\"height\":456},{\"@type\":\"BreadcrumbList\",\"@id\":\"https:\/\/puertointerior.guanajuato.gob.mx\/blog\/2024\/12\/30\/vemo-cierra-el-ano-con-mas-de-600-puntos-de-recarga-en-el-pais\/#breadcrumb\",\"itemListElement\":[{\"@type\":\"ListItem\",\"position\":1,\"name\":\"Inicio\",\"item\":\"https:\/\/puertointerior.guanajuato.gob.mx\/blog\/\"},{\"@type\":\"ListItem\",\"position\":2,\"name\":\"VEMO cierra el a\u00f1o con m\u00e1s de 600 puntos de recarga en el pa\u00eds\"}]},{\"@type\":\"WebSite\",\"@id\":\"https:\/\/puertointerior.guanajuato.gob.mx\/blog\/#website\",\"url\":\"https:\/\/puertointerior.guanajuato.gob.mx\/blog\/\",\"name\":\"Blog | GPI NEWS\",\"description\":\"Guanajuato Puerto Interior\",\"potentialAction\":[{\"@type\":\"SearchAction\",\"target\":{\"@type\":\"EntryPoint\",\"urlTemplate\":\"https:\/\/puertointerior.guanajuato.gob.mx\/blog\/?s={search_term_string}\"},\"query-input\":{\"@type\":\"PropertyValueSpecification\",\"valueRequired\":true,\"valueName\":\"search_term_string\"}}],\"inLanguage\":\"es\"},{\"@type\":\"Person\",\"@id\":\"https:\/\/puertointerior.guanajuato.gob.mx\/blog\/#\/schema\/person\/f4851bb8a48c32d7fba5285caf4ef1c4\",\"name\":\"GPI NEWS\",\"image\":{\"@type\":\"ImageObject\",\"inLanguage\":\"es\",\"@id\":\"https:\/\/puertointerior.guanajuato.gob.mx\/blog\/#\/schema\/person\/image\/\",\"url\":\"https:\/\/secure.gravatar.com\/avatar\/612aca53a708cefc5ebe15ab0bc63c51a8ba58563e45c17848fa400e627e2717?s=96&d=mm&r=g\",\"contentUrl\":\"https:\/\/secure.gravatar.com\/avatar\/612aca53a708cefc5ebe15ab0bc63c51a8ba58563e45c17848fa400e627e2717?s=96&d=mm&r=g\",\"caption\":\"GPI NEWS\"},\"url\":\"https:\/\/puertointerior.guanajuato.gob.mx\/blog\/author\/rafa-jacinto\/\"}]}<\/script>\n<!-- \/ Yoast SEO plugin. -->","yoast_head_json":{"title":"VEMO cierra el a\u00f1o con m\u00e1s de 600 puntos de recarga en el pa\u00eds - Blog | GPI NEWS","robots":{"index":"index","follow":"follow","max-snippet":"max-snippet:-1","max-image-preview":"max-image-preview:large","max-video-preview":"max-video-preview:-1"},"canonical":"https:\/\/puertointerior.guanajuato.gob.mx\/blog\/2024\/12\/30\/vemo-cierra-el-ano-con-mas-de-600-puntos-de-recarga-en-el-pais\/","og_locale":"es_MX","og_type":"article","og_title":"VEMO cierra el a\u00f1o con m\u00e1s de 600 puntos de recarga en el pa\u00eds - Blog | GPI NEWS","og_description":"La transici\u00f3n hacia la movilidad el\u00e9ctrica en M\u00e9xico ha tomado un impulso significativo en 2024, con avances notables en la infraestructura de recarga y el crecimiento en las ventas de veh\u00edculos el\u00e9ctricos (VE). Al cierre de septiembre pasado, la Electromovilidad Asociaci\u00f3n (EMA) report\u00f3 un total de 42,915 cargadores instalados en el pa\u00eds, de los cuales [&hellip;]","og_url":"https:\/\/puertointerior.guanajuato.gob.mx\/blog\/2024\/12\/30\/vemo-cierra-el-ano-con-mas-de-600-puntos-de-recarga-en-el-pais\/","og_site_name":"Blog | GPI NEWS","article_published_time":"2024-12-30T18:13:27+00:00","og_image":[{"width":828,"height":456,"url":"https:\/\/puertointerior.guanajuato.gob.mx\/blog\/wp-content\/uploads\/2024\/12\/vemo-cierra-el-ano-con-mas-de-600-puntos-de-recarga-en-el-pais-26773.png","type":"image\/png"}],"author":"GPI NEWS","twitter_card":"summary_large_image","twitter_misc":{"Escrito por":"GPI NEWS","Tiempo de lectura":"3 minutos"},"schema":{"@context":"https:\/\/schema.org","@graph":[{"@type":"WebPage","@id":"https:\/\/puertointerior.guanajuato.gob.mx\/blog\/2024\/12\/30\/vemo-cierra-el-ano-con-mas-de-600-puntos-de-recarga-en-el-pais\/","url":"https:\/\/puertointerior.guanajuato.gob.mx\/blog\/2024\/12\/30\/vemo-cierra-el-ano-con-mas-de-600-puntos-de-recarga-en-el-pais\/","name":"VEMO cierra el a\u00f1o con m\u00e1s de 600 puntos de recarga en el pa\u00eds - Blog | GPI NEWS","isPartOf":{"@id":"https:\/\/puertointerior.guanajuato.gob.mx\/blog\/#website"},"primaryImageOfPage":{"@id":"https:\/\/puertointerior.guanajuato.gob.mx\/blog\/2024\/12\/30\/vemo-cierra-el-ano-con-mas-de-600-puntos-de-recarga-en-el-pais\/#primaryimage"},"image":{"@id":"https:\/\/puertointerior.guanajuato.gob.mx\/blog\/2024\/12\/30\/vemo-cierra-el-ano-con-mas-de-600-puntos-de-recarga-en-el-pais\/#primaryimage"},"thumbnailUrl":"https:\/\/puertointerior.guanajuato.gob.mx\/blog\/wp-content\/uploads\/2024\/12\/vemo-cierra-el-ano-con-mas-de-600-puntos-de-recarga-en-el-pais-26773.png","datePublished":"2024-12-30T18:13:27+00:00","author":{"@id":"https:\/\/puertointerior.guanajuato.gob.mx\/blog\/#\/schema\/person\/f4851bb8a48c32d7fba5285caf4ef1c4"},"breadcrumb":{"@id":"https:\/\/puertointerior.guanajuato.gob.mx\/blog\/2024\/12\/30\/vemo-cierra-el-ano-con-mas-de-600-puntos-de-recarga-en-el-pais\/#breadcrumb"},"inLanguage":"es","potentialAction":[{"@type":"ReadAction","target":["https:\/\/puertointerior.guanajuato.gob.mx\/blog\/2024\/12\/30\/vemo-cierra-el-ano-con-mas-de-600-puntos-de-recarga-en-el-pais\/"]}]},{"@type":"ImageObject","inLanguage":"es","@id":"https:\/\/puertointerior.guanajuato.gob.mx\/blog\/2024\/12\/30\/vemo-cierra-el-ano-con-mas-de-600-puntos-de-recarga-en-el-pais\/#primaryimage","url":"https:\/\/puertointerior.guanajuato.gob.mx\/blog\/wp-content\/uploads\/2024\/12\/vemo-cierra-el-ano-con-mas-de-600-puntos-de-recarga-en-el-pais-26773.png","contentUrl":"https:\/\/puertointerior.guanajuato.gob.mx\/blog\/wp-content\/uploads\/2024\/12\/vemo-cierra-el-ano-con-mas-de-600-puntos-de-recarga-en-el-pais-26773.png","width":828,"height":456},{"@type":"BreadcrumbList","@id":"https:\/\/puertointerior.guanajuato.gob.mx\/blog\/2024\/12\/30\/vemo-cierra-el-ano-con-mas-de-600-puntos-de-recarga-en-el-pais\/#breadcrumb","itemListElement":[{"@type":"ListItem","position":1,"name":"Inicio","item":"https:\/\/puertointerior.guanajuato.gob.mx\/blog\/"},{"@type":"ListItem","position":2,"name":"VEMO cierra el a\u00f1o con m\u00e1s de 600 puntos de recarga en el pa\u00eds"}]},{"@type":"WebSite","@id":"https:\/\/puertointerior.guanajuato.gob.mx\/blog\/#website","url":"https:\/\/puertointerior.guanajuato.gob.mx\/blog\/","name":"Blog | GPI NEWS","description":"Guanajuato Puerto Interior","potentialAction":[{"@type":"SearchAction","target":{"@type":"EntryPoint","urlTemplate":"https:\/\/puertointerior.guanajuato.gob.mx\/blog\/?s={search_term_string}"},"query-input":{"@type":"PropertyValueSpecification","valueRequired":true,"valueName":"search_term_string"}}],"inLanguage":"es"},{"@type":"Person","@id":"https:\/\/puertointerior.guanajuato.gob.mx\/blog\/#\/schema\/person\/f4851bb8a48c32d7fba5285caf4ef1c4","name":"GPI NEWS","image":{"@type":"ImageObject","inLanguage":"es","@id":"https:\/\/puertointerior.guanajuato.gob.mx\/blog\/#\/schema\/person\/image\/","url":"https:\/\/secure.gravatar.com\/avatar\/612aca53a708cefc5ebe15ab0bc63c51a8ba58563e45c17848fa400e627e2717?s=96&d=mm&r=g","contentUrl":"https:\/\/secure.gravatar.com\/avatar\/612aca53a708cefc5ebe15ab0bc63c51a8ba58563e45c17848fa400e627e2717?s=96&d=mm&r=g","caption":"GPI NEWS"},"url":"https:\/\/puertointerior.guanajuato.gob.mx\/blog\/author\/rafa-jacinto\/"}]}},"jetpack_featured_media_url":"https:\/\/puertointerior.guanajuato.gob.mx\/blog\/wp-content\/uploads\/2024\/12\/vemo-cierra-el-ano-con-mas-de-600-puntos-de-recarga-en-el-pais-26773.png","jetpack_sharing_enabled":true,"jetpack_shortlink":"https:\/\/wp.me\/pcnMPA-40w","_links":{"self":[{"href":"https:\/\/puertointerior.guanajuato.gob.mx\/blog\/wp-json\/wp\/v2\/posts\/15408","targetHints":{"allow":["GET"]}}],"collection":[{"href":"https:\/\/puertointerior.guanajuato.gob.mx\/blog\/wp-json\/wp\/v2\/posts"}],"about":[{"href":"https:\/\/puertointerior.guanajuato.gob.mx\/blog\/wp-json\/wp\/v2\/types\/post"}],"author":[{"embeddable":true,"href":"https:\/\/puertointerior.guanajuato.gob.mx\/blog\/wp-json\/wp\/v2\/users\/2"}],"replies":[{"embeddable":true,"href":"https:\/\/puertointerior.guanajuato.gob.mx\/blog\/wp-json\/wp\/v2\/comments?post=15408"}],"version-history":[{"count":1,"href":"https:\/\/puertointerior.guanajuato.gob.mx\/blog\/wp-json\/wp\/v2\/posts\/15408\/revisions"}],"predecessor-version":[{"id":15410,"href":"https:\/\/puertointerior.guanajuato.gob.mx\/blog\/wp-json\/wp\/v2\/posts\/15408\/revisions\/15410"}],"wp:featuredmedia":[{"embeddable":true,"href":"https:\/\/puertointerior.guanajuato.gob.mx\/blog\/wp-json\/wp\/v2\/media\/15409"}],"wp:attachment":[{"href":"https:\/\/puertointerior.guanajuato.gob.mx\/blog\/wp-json\/wp\/v2\/media?parent=15408"}],"wp:term":[{"taxonomy":"category","embeddable":true,"href":"https:\/\/puertointerior.guanajuato.gob.mx\/blog\/wp-json\/wp\/v2\/categories?post=15408"},{"taxonomy":"post_tag","embeddable":true,"href":"https:\/\/puertointerior.guanajuato.gob.mx\/blog\/wp-json\/wp\/v2\/tags?post=15408"}],"curies":[{"name":"wp","href":"https:\/\/api.w.org\/{rel}","templated":true}]}}