{"id":15488,"date":"2025-01-03T13:08:08","date_gmt":"2025-01-03T18:08:08","guid":{"rendered":"https:\/\/puertointerior.guanajuato.gob.mx\/blog\/?p=15488"},"modified":"2025-01-03T13:08:21","modified_gmt":"2025-01-03T18:08:21","slug":"los-paises-que-mas-creceran-en-2025-mexico-esta-al-final-de-la-tabla","status":"publish","type":"post","link":"https:\/\/puertointerior.guanajuato.gob.mx\/blog\/2025\/01\/03\/los-paises-que-mas-creceran-en-2025-mexico-esta-al-final-de-la-tabla\/","title":{"rendered":"Los pa\u00edses que m\u00e1s crecer\u00e1n en 2025; M\u00e9xico est\u00e1 al final de la tabla"},"content":{"rendered":"<p>La Cepal estima que la econom\u00eda de Am\u00e9rica Latina tendr\u00e1 un crecimiento de 2.4% este a\u00f1o. M\u00e9xico, Cuba y Hait\u00ed son los pa\u00edses para los que se proyecta un menor dinamismo del PIB; Rep\u00fablica Dominicana encabeza la lista de mejores proyecciones.<\/p>\n<p><img decoding=\"async\" class=\"aligncenter\" src=\"https:\/\/imagenes.eleconomista.com.mx\/files\/image_768_768\/files\/fp\/uploads\/2024\/12\/31\/67747465b6d38.r_d.712-234-5120.png\" \/><\/p>\n<p>El\u00a0<b>panorama econ\u00f3mico del 2025<\/b>\u00a0no es el m\u00e1s alentador, al menos no para M\u00e9xico. En el comparativo de la regi\u00f3n, la econom\u00eda nacional ocupa uno de los \u00faltimos lugares en las proyecciones de crecimiento, superada solamente por\u00a0<b>Hait\u00ed y Cuba<\/b>.<\/p>\n<p>La Comisi\u00f3n Econ\u00f3mica para Am\u00e9rica Latina y el Caribe (Cepal) fue el \u00faltimo organismo en presentar en el cierre del 2024 sus perspectivas de crecimiento. Para M\u00e9xico,\u00a0proyecta un avance de 1.2%\u00a0en el Producto Interno Bruto (PIB) este a\u00f1o, una reducci\u00f3n de 0.7 puntos frente a la estimaci\u00f3n de 1.9% que present\u00f3 en agosto pasado.<\/p>\n<blockquote><p>\u201cPara 2025, la Cepal estima que el PIB de M\u00e9xico aumentar\u00e1 un 1.2%, en t\u00e9rminos reales, debido, principalmente, a la\u00a0<b>desaceleraci\u00f3n econ\u00f3mica en los Estados Unidos\u00a0<\/b>y a la incertidumbre de la llegada de inversiones y del entorno internacional, particularmente en la parte comercial\u201d, destaca el organismo en el\u00a0<i>Balance Preliminar de las Econom\u00edas de Am\u00e9rica Latina y el Caribe 2024<\/i>.<\/p><\/blockquote>\n<p>Incluso, al presentar el informe, el secretario ejecutivo de la Cepal, Jos\u00e9 Manuel Salazar-Xirinachs, destac\u00f3 que este panorama podr\u00eda verse todav\u00eda m\u00e1s deteriorado ante las pol\u00edticas comerciales proteccionistas que ha anunciado\u00a0Donald Trump, quien asumir\u00e1 su segundo mandato como presidente de Estados Unidos el 20 de enero.<\/p>\n<blockquote><p>&#8220;Existen estimaciones de que, si Trump implementara un arancel no de 25%, sino de 10%,\u00a0<b>las exportaciones y la inversi\u00f3n mexicana<\/b>\u00a0se ver\u00edan afectadas llevando al crecimiento del PIB entre 0.8 y 1 punto porcentual menor sin esos aranceles&#8221;, puntualiz\u00f3.<\/p><\/blockquote>\n<p>Para el resto de\u00a0<b>las variables econ\u00f3micas<\/b>\u00a0en el pa\u00eds, la Cepal estima que en 2025 la inflaci\u00f3n ser\u00e1 de 4.0%, una tasa de desempleo de 3.5%, un d\u00e9ficit fiscal del sector p\u00fablico no financiero equivalente a 4.0% del PIB y la deuda p\u00fablica total neta en un nivel de 51.0% del PIB.<\/p>\n<h2>Proyecci\u00f3n de crecimiento compartida<\/h2>\n<p>Esta misma\u00a0proyecci\u00f3n de crecimiento (1.2%)\u00a0es la que tiene la Organizaci\u00f3n para la Cooperaci\u00f3n y el Desarrollo Econ\u00f3micos (OCDE) para la econom\u00eda mexicana en 2025. La menor tambi\u00e9n del comparativo de la regi\u00f3n realizado por la agrupaci\u00f3n, que incluye a Argentina (3.6%), Brasil (2.3%), Chile (2.3%), Colombia (2.7%), Costa Rica (3.5%) y Per\u00fa (2.8%).<\/p>\n<p>Para<b>\u00a0Estados Unidos y Canad\u00e1<\/b>, en tanto, el organismo estima que sus econom\u00edas crecer\u00e1n 2.4 y 2.0%, respectivamente.<\/p>\n<p>\u201cSe prev\u00e9 que la econom\u00eda (de M\u00e9xico) crezca de forma moderada, situ\u00e1ndose en el 1.4% en 2024, en el\u00a0<b>1.2% en 2025<\/b>\u00a0y en el 1.6% en 2026. Este crecimiento continuado refleja una disminuci\u00f3n de las presiones inflacionistas, que contribuir\u00e1 a sostener el consumo, y un descenso gradual de las tasas de inter\u00e9s, que estimular\u00e1 la inversi\u00f3n a pesar de los esfuerzos de consolidaci\u00f3n fiscal en 2025. Se espera que el crecimiento de las exportaciones siga siendo s\u00f3lido, impulsado por las condiciones econ\u00f3micas favorables de Estados Unidos\u201d, se destaca en el informe\u00a0<i>Perspectivas econ\u00f3micas de la OCDE: Foco en Am\u00e9rica Latina<\/i>\u00a0publicado en diciembre.<\/p>\n<p>Otros organismos tambi\u00e9n han reducido las expectativas de crecimiento para M\u00e9xico. El\u00a0<b>Fondo Monetario Internacional\u00a0<\/b>(FMI) recort\u00f3 su estimado de avance del PIB de 2.2 a 1.5%.<\/p>\n<p>En tanto, los\u00a0<b>analistas del sector privado\u00a0<\/b>consultados mensualmente por el Banco de M\u00e9xico proyectan que en 2025 la econom\u00eda tendr\u00e1 un crecimiento de 1.17 por ciento.<\/p>\n<p>El pron\u00f3stico m\u00e1s optimista es el del gobierno federal. La\u00a0<b>Secretar\u00eda de Hacienda\u00a0<\/b>considera una proyecci\u00f3n de avance del PIB de 2.3% este a\u00f1o.<\/p>\n<h2>Crecimiento de las econom\u00edas del continente<\/h2>\n<p>La Cepal estima que la<b>\u00a0econom\u00eda de Am\u00e9rica Latina y el Caribe\u00a0<\/b>tendr\u00e1 un avance de 2.4% este a\u00f1o, lo que implica que en la \u00faltima d\u00e9cada (2015-2024) el promedio de crecimiento anual ha sido de 1%, con \u201cun estancamiento del PIB per c\u00e1pita durante ese per\u00edodo\u201d.<\/p>\n<p>\u201cLas econom\u00edas de la regi\u00f3n seguir\u00e1n este a\u00f1o y el pr\u00f3ximo sumidas en una\u00a0<b>trampa de baja capacidad para crecer<\/b>, con tasas de crecimiento que se mantendr\u00e1n bajas y con una din\u00e1mica de crecimiento que depende del consumo privado, y menos de la inversi\u00f3n\u201d, se establece en el reporte.<\/p>\n<p>De acuerdo con los datos de la Cepal y la OCDE, esta ser\u00eda la\u00a0<b>proyecci\u00f3n de crecimiento econ\u00f3mico en 2025 para los pa\u00edses del continente americano<\/b>, ordenada de mayor a menor avance del PIB:<\/p>\n<ol>\n<li>Rep\u00fablica Dominicana, 4.6%<\/li>\n<li>Argentina, 4.3%<\/li>\n<li>Paraguay, 3.9%<\/li>\n<li>Costa Rica, 3.8%<\/li>\n<li>Guatemala, 3.5%<\/li>\n<li>Nicaragua, 3.3%<\/li>\n<li>Honduras, 3.2%<\/li>\n<li>Panam\u00e1, 3.1%<\/li>\n<li>Venezuela, 3.1%<\/li>\n<li>El Salvador, 3.0%<\/li>\n<li>Per\u00fa, 2.7%<\/li>\n<li>Uruguay, 2.7%<\/li>\n<li>Colombia, 2.6%<\/li>\n<li>Estados Unidos, 2.4%<\/li>\n<li>Brasil, 2.3%<\/li>\n<li>Chile, 2.2%<\/li>\n<li>Bolivia, 2.1%<\/li>\n<li>Canad\u00e1, 2.0%<\/li>\n<li>Ecuador, 1.4%<\/li>\n<li><b>M\u00e9xico, 1.2%<\/b><\/li>\n<li>Cuba, -0.1%<\/li>\n<li>Hait\u00ed, -0.5%<\/li>\n<\/ol>\n<p>\u201cPara enfrentar la\u00a0<b>trampa de baja capacidad para crecer<\/b>\u00a0se requiere, por una parte, aumentar la capacidad de las econom\u00edas para movilizar recursos financieros de manera efectiva, a fin de fortalecer la resiliencia frente a las fluctuaciones econ\u00f3micas y, por otra, fortalecer la capacidad productiva a mediano y largo plazo, mediante la adopci\u00f3n de pol\u00edticas de desarrollo productivo orientadas a incrementar la productividad, fomentar la inversi\u00f3n en capital productivo y generar empleo de calidad\u201d, se\u00f1al\u00f3 el secretario ejecutivo de la Cepal, Jos\u00e9 Manuel Salazar-Xirinachs.<\/p>\n<p>Publicado originalmente por:\u00a0<a href=\"https:\/\/www.eleconomista.com.mx\/economia\/paises-creceran-2025-mexico-final-tabla-20250101-740228.html\">https:\/\/www.eleconomista.com.mx\/economia\/paises-creceran-2025-mexico-final-tabla-20250101-740228.html<\/a><\/p>\n<p>&nbsp;<\/p>\n","protected":false},"excerpt":{"rendered":"<p>La Cepal estima que la econom\u00eda de Am\u00e9rica Latina tendr\u00e1 un crecimiento de 2.4% este a\u00f1o. M\u00e9xico, Cuba y Hait\u00ed son los pa\u00edses para los que se proyecta un menor dinamismo del PIB; Rep\u00fablica Dominicana encabeza la lista de mejores proyecciones. El\u00a0panorama econ\u00f3mico del 2025\u00a0no es el m\u00e1s alentador, al menos no para M\u00e9xico. En [&hellip;]<\/p>\n","protected":false},"author":2,"featured_media":9844,"comment_status":"closed","ping_status":"open","sticky":false,"template":"","format":"standard","meta":{"jetpack_post_was_ever_published":false,"_jetpack_newsletter_access":"","_jetpack_dont_email_post_to_subs":false,"_jetpack_newsletter_tier_id":0,"_jetpack_memberships_contains_paywalled_content":false,"_jetpack_memberships_contains_paid_content":false,"footnotes":""},"categories":[20],"tags":[],"class_list":["post-15488","post","type-post","status-publish","format-standard","has-post-thumbnail","hentry","category-economic-development"],"yoast_head":"<!-- This site is optimized with the Yoast SEO plugin v25.7 - https:\/\/yoast.com\/wordpress\/plugins\/seo\/ -->\n<title>Los pa\u00edses que m\u00e1s crecer\u00e1n en 2025; M\u00e9xico est\u00e1 al final de la tabla - Blog | GPI NEWS<\/title>\n<meta name=\"robots\" content=\"index, follow, max-snippet:-1, max-image-preview:large, max-video-preview:-1\" \/>\n<link rel=\"canonical\" href=\"https:\/\/puertointerior.guanajuato.gob.mx\/blog\/2025\/01\/03\/los-paises-que-mas-creceran-en-2025-mexico-esta-al-final-de-la-tabla\/\" \/>\n<meta property=\"og:locale\" content=\"es_MX\" \/>\n<meta property=\"og:type\" content=\"article\" \/>\n<meta property=\"og:title\" content=\"Los pa\u00edses que m\u00e1s crecer\u00e1n en 2025; M\u00e9xico est\u00e1 al final de la tabla - Blog | GPI NEWS\" \/>\n<meta property=\"og:description\" content=\"La Cepal estima que la econom\u00eda de Am\u00e9rica Latina tendr\u00e1 un crecimiento de 2.4% este a\u00f1o. M\u00e9xico, Cuba y Hait\u00ed son los pa\u00edses para los que se proyecta un menor dinamismo del PIB; Rep\u00fablica Dominicana encabeza la lista de mejores proyecciones. El\u00a0panorama econ\u00f3mico del 2025\u00a0no es el m\u00e1s alentador, al menos no para M\u00e9xico. En [&hellip;]\" \/>\n<meta property=\"og:url\" content=\"https:\/\/puertointerior.guanajuato.gob.mx\/blog\/2025\/01\/03\/los-paises-que-mas-creceran-en-2025-mexico-esta-al-final-de-la-tabla\/\" \/>\n<meta property=\"og:site_name\" content=\"Blog | GPI NEWS\" \/>\n<meta property=\"article:published_time\" content=\"2025-01-03T18:08:08+00:00\" \/>\n<meta property=\"article:modified_time\" content=\"2025-01-03T18:08:21+00:00\" \/>\n<meta property=\"og:image\" content=\"https:\/\/puertointerior.guanajuato.gob.mx\/blog\/wp-content\/uploads\/2024\/04\/crece-economia-mexicana-3-2-en-2023-22372.jpg\" \/>\n\t<meta property=\"og:image:width\" content=\"1200\" \/>\n\t<meta property=\"og:image:height\" content=\"675\" \/>\n\t<meta property=\"og:image:type\" content=\"image\/jpeg\" \/>\n<meta name=\"author\" content=\"GPI NEWS\" \/>\n<meta name=\"twitter:card\" content=\"summary_large_image\" \/>\n<meta name=\"twitter:label1\" content=\"Escrito por\" \/>\n\t<meta name=\"twitter:data1\" content=\"GPI NEWS\" \/>\n\t<meta name=\"twitter:label2\" content=\"Tiempo de lectura\" \/>\n\t<meta name=\"twitter:data2\" content=\"5 minutos\" \/>\n<script type=\"application\/ld+json\" class=\"yoast-schema-graph\">{\"@context\":\"https:\/\/schema.org\",\"@graph\":[{\"@type\":\"WebPage\",\"@id\":\"https:\/\/puertointerior.guanajuato.gob.mx\/blog\/2025\/01\/03\/los-paises-que-mas-creceran-en-2025-mexico-esta-al-final-de-la-tabla\/\",\"url\":\"https:\/\/puertointerior.guanajuato.gob.mx\/blog\/2025\/01\/03\/los-paises-que-mas-creceran-en-2025-mexico-esta-al-final-de-la-tabla\/\",\"name\":\"Los pa\u00edses que m\u00e1s crecer\u00e1n en 2025; M\u00e9xico est\u00e1 al final de la tabla - Blog | GPI NEWS\",\"isPartOf\":{\"@id\":\"https:\/\/puertointerior.guanajuato.gob.mx\/blog\/#website\"},\"primaryImageOfPage\":{\"@id\":\"https:\/\/puertointerior.guanajuato.gob.mx\/blog\/2025\/01\/03\/los-paises-que-mas-creceran-en-2025-mexico-esta-al-final-de-la-tabla\/#primaryimage\"},\"image\":{\"@id\":\"https:\/\/puertointerior.guanajuato.gob.mx\/blog\/2025\/01\/03\/los-paises-que-mas-creceran-en-2025-mexico-esta-al-final-de-la-tabla\/#primaryimage\"},\"thumbnailUrl\":\"https:\/\/puertointerior.guanajuato.gob.mx\/blog\/wp-content\/uploads\/2024\/04\/crece-economia-mexicana-3-2-en-2023-22372.jpg\",\"datePublished\":\"2025-01-03T18:08:08+00:00\",\"dateModified\":\"2025-01-03T18:08:21+00:00\",\"author\":{\"@id\":\"https:\/\/puertointerior.guanajuato.gob.mx\/blog\/#\/schema\/person\/f4851bb8a48c32d7fba5285caf4ef1c4\"},\"breadcrumb\":{\"@id\":\"https:\/\/puertointerior.guanajuato.gob.mx\/blog\/2025\/01\/03\/los-paises-que-mas-creceran-en-2025-mexico-esta-al-final-de-la-tabla\/#breadcrumb\"},\"inLanguage\":\"es\",\"potentialAction\":[{\"@type\":\"ReadAction\",\"target\":[\"https:\/\/puertointerior.guanajuato.gob.mx\/blog\/2025\/01\/03\/los-paises-que-mas-creceran-en-2025-mexico-esta-al-final-de-la-tabla\/\"]}]},{\"@type\":\"ImageObject\",\"inLanguage\":\"es\",\"@id\":\"https:\/\/puertointerior.guanajuato.gob.mx\/blog\/2025\/01\/03\/los-paises-que-mas-creceran-en-2025-mexico-esta-al-final-de-la-tabla\/#primaryimage\",\"url\":\"https:\/\/puertointerior.guanajuato.gob.mx\/blog\/wp-content\/uploads\/2024\/04\/crece-economia-mexicana-3-2-en-2023-22372.jpg\",\"contentUrl\":\"https:\/\/puertointerior.guanajuato.gob.mx\/blog\/wp-content\/uploads\/2024\/04\/crece-economia-mexicana-3-2-en-2023-22372.jpg\",\"width\":1200,\"height\":675},{\"@type\":\"BreadcrumbList\",\"@id\":\"https:\/\/puertointerior.guanajuato.gob.mx\/blog\/2025\/01\/03\/los-paises-que-mas-creceran-en-2025-mexico-esta-al-final-de-la-tabla\/#breadcrumb\",\"itemListElement\":[{\"@type\":\"ListItem\",\"position\":1,\"name\":\"Inicio\",\"item\":\"https:\/\/puertointerior.guanajuato.gob.mx\/blog\/\"},{\"@type\":\"ListItem\",\"position\":2,\"name\":\"Los pa\u00edses que m\u00e1s crecer\u00e1n en 2025; M\u00e9xico est\u00e1 al final de la tabla\"}]},{\"@type\":\"WebSite\",\"@id\":\"https:\/\/puertointerior.guanajuato.gob.mx\/blog\/#website\",\"url\":\"https:\/\/puertointerior.guanajuato.gob.mx\/blog\/\",\"name\":\"Blog | GPI NEWS\",\"description\":\"Guanajuato Puerto Interior\",\"potentialAction\":[{\"@type\":\"SearchAction\",\"target\":{\"@type\":\"EntryPoint\",\"urlTemplate\":\"https:\/\/puertointerior.guanajuato.gob.mx\/blog\/?s={search_term_string}\"},\"query-input\":{\"@type\":\"PropertyValueSpecification\",\"valueRequired\":true,\"valueName\":\"search_term_string\"}}],\"inLanguage\":\"es\"},{\"@type\":\"Person\",\"@id\":\"https:\/\/puertointerior.guanajuato.gob.mx\/blog\/#\/schema\/person\/f4851bb8a48c32d7fba5285caf4ef1c4\",\"name\":\"GPI NEWS\",\"image\":{\"@type\":\"ImageObject\",\"inLanguage\":\"es\",\"@id\":\"https:\/\/puertointerior.guanajuato.gob.mx\/blog\/#\/schema\/person\/image\/\",\"url\":\"https:\/\/secure.gravatar.com\/avatar\/612aca53a708cefc5ebe15ab0bc63c51a8ba58563e45c17848fa400e627e2717?s=96&d=mm&r=g\",\"contentUrl\":\"https:\/\/secure.gravatar.com\/avatar\/612aca53a708cefc5ebe15ab0bc63c51a8ba58563e45c17848fa400e627e2717?s=96&d=mm&r=g\",\"caption\":\"GPI NEWS\"},\"url\":\"https:\/\/puertointerior.guanajuato.gob.mx\/blog\/author\/rafa-jacinto\/\"}]}<\/script>\n<!-- \/ Yoast SEO plugin. -->","yoast_head_json":{"title":"Los pa\u00edses que m\u00e1s crecer\u00e1n en 2025; M\u00e9xico est\u00e1 al final de la tabla - Blog | GPI NEWS","robots":{"index":"index","follow":"follow","max-snippet":"max-snippet:-1","max-image-preview":"max-image-preview:large","max-video-preview":"max-video-preview:-1"},"canonical":"https:\/\/puertointerior.guanajuato.gob.mx\/blog\/2025\/01\/03\/los-paises-que-mas-creceran-en-2025-mexico-esta-al-final-de-la-tabla\/","og_locale":"es_MX","og_type":"article","og_title":"Los pa\u00edses que m\u00e1s crecer\u00e1n en 2025; M\u00e9xico est\u00e1 al final de la tabla - Blog | GPI NEWS","og_description":"La Cepal estima que la econom\u00eda de Am\u00e9rica Latina tendr\u00e1 un crecimiento de 2.4% este a\u00f1o. M\u00e9xico, Cuba y Hait\u00ed son los pa\u00edses para los que se proyecta un menor dinamismo del PIB; Rep\u00fablica Dominicana encabeza la lista de mejores proyecciones. El\u00a0panorama econ\u00f3mico del 2025\u00a0no es el m\u00e1s alentador, al menos no para M\u00e9xico. En [&hellip;]","og_url":"https:\/\/puertointerior.guanajuato.gob.mx\/blog\/2025\/01\/03\/los-paises-que-mas-creceran-en-2025-mexico-esta-al-final-de-la-tabla\/","og_site_name":"Blog | GPI NEWS","article_published_time":"2025-01-03T18:08:08+00:00","article_modified_time":"2025-01-03T18:08:21+00:00","og_image":[{"width":1200,"height":675,"url":"https:\/\/puertointerior.guanajuato.gob.mx\/blog\/wp-content\/uploads\/2024\/04\/crece-economia-mexicana-3-2-en-2023-22372.jpg","type":"image\/jpeg"}],"author":"GPI NEWS","twitter_card":"summary_large_image","twitter_misc":{"Escrito por":"GPI NEWS","Tiempo de lectura":"5 minutos"},"schema":{"@context":"https:\/\/schema.org","@graph":[{"@type":"WebPage","@id":"https:\/\/puertointerior.guanajuato.gob.mx\/blog\/2025\/01\/03\/los-paises-que-mas-creceran-en-2025-mexico-esta-al-final-de-la-tabla\/","url":"https:\/\/puertointerior.guanajuato.gob.mx\/blog\/2025\/01\/03\/los-paises-que-mas-creceran-en-2025-mexico-esta-al-final-de-la-tabla\/","name":"Los pa\u00edses que m\u00e1s crecer\u00e1n en 2025; M\u00e9xico est\u00e1 al final de la tabla - Blog | GPI NEWS","isPartOf":{"@id":"https:\/\/puertointerior.guanajuato.gob.mx\/blog\/#website"},"primaryImageOfPage":{"@id":"https:\/\/puertointerior.guanajuato.gob.mx\/blog\/2025\/01\/03\/los-paises-que-mas-creceran-en-2025-mexico-esta-al-final-de-la-tabla\/#primaryimage"},"image":{"@id":"https:\/\/puertointerior.guanajuato.gob.mx\/blog\/2025\/01\/03\/los-paises-que-mas-creceran-en-2025-mexico-esta-al-final-de-la-tabla\/#primaryimage"},"thumbnailUrl":"https:\/\/puertointerior.guanajuato.gob.mx\/blog\/wp-content\/uploads\/2024\/04\/crece-economia-mexicana-3-2-en-2023-22372.jpg","datePublished":"2025-01-03T18:08:08+00:00","dateModified":"2025-01-03T18:08:21+00:00","author":{"@id":"https:\/\/puertointerior.guanajuato.gob.mx\/blog\/#\/schema\/person\/f4851bb8a48c32d7fba5285caf4ef1c4"},"breadcrumb":{"@id":"https:\/\/puertointerior.guanajuato.gob.mx\/blog\/2025\/01\/03\/los-paises-que-mas-creceran-en-2025-mexico-esta-al-final-de-la-tabla\/#breadcrumb"},"inLanguage":"es","potentialAction":[{"@type":"ReadAction","target":["https:\/\/puertointerior.guanajuato.gob.mx\/blog\/2025\/01\/03\/los-paises-que-mas-creceran-en-2025-mexico-esta-al-final-de-la-tabla\/"]}]},{"@type":"ImageObject","inLanguage":"es","@id":"https:\/\/puertointerior.guanajuato.gob.mx\/blog\/2025\/01\/03\/los-paises-que-mas-creceran-en-2025-mexico-esta-al-final-de-la-tabla\/#primaryimage","url":"https:\/\/puertointerior.guanajuato.gob.mx\/blog\/wp-content\/uploads\/2024\/04\/crece-economia-mexicana-3-2-en-2023-22372.jpg","contentUrl":"https:\/\/puertointerior.guanajuato.gob.mx\/blog\/wp-content\/uploads\/2024\/04\/crece-economia-mexicana-3-2-en-2023-22372.jpg","width":1200,"height":675},{"@type":"BreadcrumbList","@id":"https:\/\/puertointerior.guanajuato.gob.mx\/blog\/2025\/01\/03\/los-paises-que-mas-creceran-en-2025-mexico-esta-al-final-de-la-tabla\/#breadcrumb","itemListElement":[{"@type":"ListItem","position":1,"name":"Inicio","item":"https:\/\/puertointerior.guanajuato.gob.mx\/blog\/"},{"@type":"ListItem","position":2,"name":"Los pa\u00edses que m\u00e1s crecer\u00e1n en 2025; M\u00e9xico est\u00e1 al final de la tabla"}]},{"@type":"WebSite","@id":"https:\/\/puertointerior.guanajuato.gob.mx\/blog\/#website","url":"https:\/\/puertointerior.guanajuato.gob.mx\/blog\/","name":"Blog | GPI NEWS","description":"Guanajuato Puerto Interior","potentialAction":[{"@type":"SearchAction","target":{"@type":"EntryPoint","urlTemplate":"https:\/\/puertointerior.guanajuato.gob.mx\/blog\/?s={search_term_string}"},"query-input":{"@type":"PropertyValueSpecification","valueRequired":true,"valueName":"search_term_string"}}],"inLanguage":"es"},{"@type":"Person","@id":"https:\/\/puertointerior.guanajuato.gob.mx\/blog\/#\/schema\/person\/f4851bb8a48c32d7fba5285caf4ef1c4","name":"GPI NEWS","image":{"@type":"ImageObject","inLanguage":"es","@id":"https:\/\/puertointerior.guanajuato.gob.mx\/blog\/#\/schema\/person\/image\/","url":"https:\/\/secure.gravatar.com\/avatar\/612aca53a708cefc5ebe15ab0bc63c51a8ba58563e45c17848fa400e627e2717?s=96&d=mm&r=g","contentUrl":"https:\/\/secure.gravatar.com\/avatar\/612aca53a708cefc5ebe15ab0bc63c51a8ba58563e45c17848fa400e627e2717?s=96&d=mm&r=g","caption":"GPI NEWS"},"url":"https:\/\/puertointerior.guanajuato.gob.mx\/blog\/author\/rafa-jacinto\/"}]}},"jetpack_featured_media_url":"https:\/\/puertointerior.guanajuato.gob.mx\/blog\/wp-content\/uploads\/2024\/04\/crece-economia-mexicana-3-2-en-2023-22372.jpg","jetpack_sharing_enabled":true,"jetpack_shortlink":"https:\/\/wp.me\/pcnMPA-41O","_links":{"self":[{"href":"https:\/\/puertointerior.guanajuato.gob.mx\/blog\/wp-json\/wp\/v2\/posts\/15488","targetHints":{"allow":["GET"]}}],"collection":[{"href":"https:\/\/puertointerior.guanajuato.gob.mx\/blog\/wp-json\/wp\/v2\/posts"}],"about":[{"href":"https:\/\/puertointerior.guanajuato.gob.mx\/blog\/wp-json\/wp\/v2\/types\/post"}],"author":[{"embeddable":true,"href":"https:\/\/puertointerior.guanajuato.gob.mx\/blog\/wp-json\/wp\/v2\/users\/2"}],"replies":[{"embeddable":true,"href":"https:\/\/puertointerior.guanajuato.gob.mx\/blog\/wp-json\/wp\/v2\/comments?post=15488"}],"version-history":[{"count":1,"href":"https:\/\/puertointerior.guanajuato.gob.mx\/blog\/wp-json\/wp\/v2\/posts\/15488\/revisions"}],"predecessor-version":[{"id":15489,"href":"https:\/\/puertointerior.guanajuato.gob.mx\/blog\/wp-json\/wp\/v2\/posts\/15488\/revisions\/15489"}],"wp:featuredmedia":[{"embeddable":true,"href":"https:\/\/puertointerior.guanajuato.gob.mx\/blog\/wp-json\/wp\/v2\/media\/9844"}],"wp:attachment":[{"href":"https:\/\/puertointerior.guanajuato.gob.mx\/blog\/wp-json\/wp\/v2\/media?parent=15488"}],"wp:term":[{"taxonomy":"category","embeddable":true,"href":"https:\/\/puertointerior.guanajuato.gob.mx\/blog\/wp-json\/wp\/v2\/categories?post=15488"},{"taxonomy":"post_tag","embeddable":true,"href":"https:\/\/puertointerior.guanajuato.gob.mx\/blog\/wp-json\/wp\/v2\/tags?post=15488"}],"curies":[{"name":"wp","href":"https:\/\/api.w.org\/{rel}","templated":true}]}}