{"id":15996,"date":"2025-01-30T12:41:27","date_gmt":"2025-01-30T17:41:27","guid":{"rendered":"https:\/\/puertointerior.guanajuato.gob.mx\/blog\/?p=15996"},"modified":"2025-01-30T12:41:27","modified_gmt":"2025-01-30T17:41:27","slug":"puerto-de-lazaro-cardenas-celebra-hito-automotriz-con-3-millones-de-unidades-movilizadas","status":"publish","type":"post","link":"https:\/\/puertointerior.guanajuato.gob.mx\/blog\/2025\/01\/30\/puerto-de-lazaro-cardenas-celebra-hito-automotriz-con-3-millones-de-unidades-movilizadas\/","title":{"rendered":"Puerto de L\u00e1zaro C\u00e1rdenas celebra hito automotriz con 3 millones de unidades movilizadas"},"content":{"rendered":"<p>El Puerto de L\u00e1zaro C\u00e1rdenas celebr\u00f3 el desembarque de la unidad n\u00famero 3 millones en su Terminal Especializada de Autos, operada por SSA Marine M\u00e9xico. La unidad pertenece a General Motors y lleg\u00f3 en el buque ANJI 23.<\/p>\n<p style=\"font-weight: 500 !important\"><span style=\"font-weight: 500 !important\">L\u00e1zaro C\u00e1rdenas, Michoac\u00e1n, 29 de enero de 2025.- El Puerto de L\u00e1zaro C\u00e1rdenas alcanz\u00f3 un importante hito con la llegada de la unidad automotriz n\u00famero tres millones a su Terminal Especializada de Autos (TEA), operada por SSA Marine M\u00e9xico. Esta unidad pertenece a la armadora General Motors y lleg\u00f3 a bordo del buque ANJI 23, que transportaba un total de 2.567 veh\u00edculos de importaci\u00f3n.<\/span><\/p>\n<p style=\"font-weight: 500 !important\"><span style=\"font-weight: 500 !important\">Para conmemorar este evento, se realiz\u00f3 una ceremonia protocolaria que cont\u00f3 con la presencia de Heliodoro \u00c1lvarez Hern\u00e1ndez, director general de la Administraci\u00f3n del Sistema Portuario Nacional L\u00e1zaro C\u00e1rdenas (ASIPONA), Del Carson, gerente general de SSA M\u00e9xico, y Mar\u00eda Agustina \u00c1lvarez Mart\u00ednez, gerente de Comercializaci\u00f3n de ASIPONA L\u00e1zaro C\u00e1rdenas.<\/span><\/p>\n<p style=\"font-weight: 500 !important\"><span style=\"font-weight: 500 !important\">El Puerto de L\u00e1zaro C\u00e1rdenas, que se destaca como uno de los principales puntos de entrada y salida de veh\u00edculos en M\u00e9xico, contin\u00faa fortaleciendo su infraestructura con la expansi\u00f3n de la TEA. Este proceso incluye la incorporaci\u00f3n de cuatro hect\u00e1reas adicionales, elevando la capacidad operativa de la terminal a un total de 50 hect\u00e1reas. Esta ampliaci\u00f3n permitir\u00e1 manejar un mayor volumen de operaciones y atender de manera m\u00e1s eficiente la creciente demanda de veh\u00edculos en el futuro.<\/span><\/p>\n<blockquote>\n<p style=\"font-weight: 500 !important\"><span style=\"font-weight: 500 !important\">\u201cLa ampliaci\u00f3n de la terminal refuerza el Puerto de L\u00e1zaro C\u00e1rdenas como un eje clave en el comercio automotriz, fortaleciendo su competitividad y capacidad para satisfacer las necesidades del sector en M\u00e9xico y a nivel internacional\u201d, destac\u00f3 la ASIPONA.<\/span><\/p>\n<\/blockquote>\n<p style=\"font-weight: 500 !important\"><span style=\"font-weight: 500 !important\">En 2024, el sistema portuario nacional report\u00f3 la movilizaci\u00f3n de m\u00e1s de 2.2 millones de veh\u00edculos, consolidando al Puerto de L\u00e1zaro C\u00e1rdenas como el segundo puerto m\u00e1s importante en el comercio automotriz internacional. La terminal oper\u00f3 el 80% del comercio automotriz en el litoral del Pac\u00edfico y el 30% del total nacional.<\/span><\/p>\n<p style=\"font-weight: 500 !important\"><span style=\"font-weight: 500 !important\">Aunque el comercio automotriz de exportaci\u00f3n experiment\u00f3 una ca\u00edda del 18%, el tr\u00e1fico de importaci\u00f3n aument\u00f3 un 6.4% en la costa del Pac\u00edfico, reflejando el dinamismo del puerto en esta \u00e1rea. A pesar de una disminuci\u00f3n en el comercio exterior de autom\u00f3viles en otros puertos como Veracruz, el Puerto de L\u00e1zaro C\u00e1rdenas se mantiene como un pilar en la operaci\u00f3n y crecimiento del sector automotriz en M\u00e9xico.<\/span><\/p>\n<p style=\"font-weight: 500 !important\">Publicado originalmente por:\u00a0<a href=\"https:\/\/www.clusterindustrial.com.mx\/noticia\/8626\/puerto-de-lazaro-cardenas-celebra-hito-automotriz-con-3-millones-de-unidades-movilizadas\">https:\/\/www.clusterindustrial.com.mx\/noticia\/8626\/puerto-de-lazaro-cardenas-celebra-hito-automotriz-con-3-millones-de-unidades-movilizadas<\/a><\/p>\n","protected":false},"excerpt":{"rendered":"<p>El Puerto de L\u00e1zaro C\u00e1rdenas celebr\u00f3 el desembarque de la unidad n\u00famero 3 millones en su Terminal Especializada de Autos, operada por SSA Marine M\u00e9xico. La unidad pertenece a General Motors y lleg\u00f3 en el buque ANJI 23. L\u00e1zaro C\u00e1rdenas, Michoac\u00e1n, 29 de enero de 2025.- El Puerto de L\u00e1zaro C\u00e1rdenas alcanz\u00f3 un importante hito [&hellip;]<\/p>\n","protected":false},"author":2,"featured_media":15997,"comment_status":"closed","ping_status":"open","sticky":false,"template":"","format":"standard","meta":{"jetpack_post_was_ever_published":false,"_jetpack_newsletter_access":"","_jetpack_dont_email_post_to_subs":false,"_jetpack_newsletter_tier_id":0,"_jetpack_memberships_contains_paywalled_content":false,"_jetpack_memberships_contains_paid_content":false,"footnotes":""},"categories":[4],"tags":[],"class_list":["post-15996","post","type-post","status-publish","format-standard","has-post-thumbnail","hentry","category-logistics"],"yoast_head":"<!-- This site is optimized with the Yoast SEO plugin v25.7 - https:\/\/yoast.com\/wordpress\/plugins\/seo\/ -->\n<title>Puerto de L\u00e1zaro C\u00e1rdenas celebra hito automotriz con 3 millones de unidades movilizadas - Blog | GPI NEWS<\/title>\n<meta name=\"robots\" content=\"index, follow, max-snippet:-1, max-image-preview:large, max-video-preview:-1\" \/>\n<link rel=\"canonical\" href=\"https:\/\/puertointerior.guanajuato.gob.mx\/blog\/2025\/01\/30\/puerto-de-lazaro-cardenas-celebra-hito-automotriz-con-3-millones-de-unidades-movilizadas\/\" \/>\n<meta property=\"og:locale\" content=\"es_MX\" \/>\n<meta property=\"og:type\" content=\"article\" \/>\n<meta property=\"og:title\" content=\"Puerto de L\u00e1zaro C\u00e1rdenas celebra hito automotriz con 3 millones de unidades movilizadas - Blog | GPI NEWS\" \/>\n<meta property=\"og:description\" content=\"El Puerto de L\u00e1zaro C\u00e1rdenas celebr\u00f3 el desembarque de la unidad n\u00famero 3 millones en su Terminal Especializada de Autos, operada por SSA Marine M\u00e9xico. La unidad pertenece a General Motors y lleg\u00f3 en el buque ANJI 23. L\u00e1zaro C\u00e1rdenas, Michoac\u00e1n, 29 de enero de 2025.- El Puerto de L\u00e1zaro C\u00e1rdenas alcanz\u00f3 un importante hito [&hellip;]\" \/>\n<meta property=\"og:url\" content=\"https:\/\/puertointerior.guanajuato.gob.mx\/blog\/2025\/01\/30\/puerto-de-lazaro-cardenas-celebra-hito-automotriz-con-3-millones-de-unidades-movilizadas\/\" \/>\n<meta property=\"og:site_name\" content=\"Blog | GPI NEWS\" \/>\n<meta property=\"article:published_time\" content=\"2025-01-30T17:41:27+00:00\" \/>\n<meta property=\"og:image\" content=\"https:\/\/puertointerior.guanajuato.gob.mx\/blog\/wp-content\/uploads\/2025\/01\/Cc_IMG_PuertodeLzaroCrdenascelebrahitoautomotrizcon3millonesdeunidadesmovilizadas_9441.png\" \/>\n\t<meta property=\"og:image:width\" content=\"958\" \/>\n\t<meta property=\"og:image:height\" content=\"538\" \/>\n\t<meta property=\"og:image:type\" content=\"image\/png\" \/>\n<meta name=\"author\" content=\"GPI NEWS\" \/>\n<meta name=\"twitter:card\" content=\"summary_large_image\" \/>\n<meta name=\"twitter:label1\" content=\"Escrito por\" \/>\n\t<meta name=\"twitter:data1\" content=\"GPI NEWS\" \/>\n\t<meta name=\"twitter:label2\" content=\"Tiempo de lectura\" \/>\n\t<meta name=\"twitter:data2\" content=\"2 minutos\" \/>\n<script type=\"application\/ld+json\" class=\"yoast-schema-graph\">{\"@context\":\"https:\/\/schema.org\",\"@graph\":[{\"@type\":\"WebPage\",\"@id\":\"https:\/\/puertointerior.guanajuato.gob.mx\/blog\/2025\/01\/30\/puerto-de-lazaro-cardenas-celebra-hito-automotriz-con-3-millones-de-unidades-movilizadas\/\",\"url\":\"https:\/\/puertointerior.guanajuato.gob.mx\/blog\/2025\/01\/30\/puerto-de-lazaro-cardenas-celebra-hito-automotriz-con-3-millones-de-unidades-movilizadas\/\",\"name\":\"Puerto de L\u00e1zaro C\u00e1rdenas celebra hito automotriz con 3 millones de unidades movilizadas - Blog | GPI NEWS\",\"isPartOf\":{\"@id\":\"https:\/\/puertointerior.guanajuato.gob.mx\/blog\/#website\"},\"primaryImageOfPage\":{\"@id\":\"https:\/\/puertointerior.guanajuato.gob.mx\/blog\/2025\/01\/30\/puerto-de-lazaro-cardenas-celebra-hito-automotriz-con-3-millones-de-unidades-movilizadas\/#primaryimage\"},\"image\":{\"@id\":\"https:\/\/puertointerior.guanajuato.gob.mx\/blog\/2025\/01\/30\/puerto-de-lazaro-cardenas-celebra-hito-automotriz-con-3-millones-de-unidades-movilizadas\/#primaryimage\"},\"thumbnailUrl\":\"https:\/\/puertointerior.guanajuato.gob.mx\/blog\/wp-content\/uploads\/2025\/01\/Cc_IMG_PuertodeLzaroCrdenascelebrahitoautomotrizcon3millonesdeunidadesmovilizadas_9441.png\",\"datePublished\":\"2025-01-30T17:41:27+00:00\",\"author\":{\"@id\":\"https:\/\/puertointerior.guanajuato.gob.mx\/blog\/#\/schema\/person\/f4851bb8a48c32d7fba5285caf4ef1c4\"},\"breadcrumb\":{\"@id\":\"https:\/\/puertointerior.guanajuato.gob.mx\/blog\/2025\/01\/30\/puerto-de-lazaro-cardenas-celebra-hito-automotriz-con-3-millones-de-unidades-movilizadas\/#breadcrumb\"},\"inLanguage\":\"es\",\"potentialAction\":[{\"@type\":\"ReadAction\",\"target\":[\"https:\/\/puertointerior.guanajuato.gob.mx\/blog\/2025\/01\/30\/puerto-de-lazaro-cardenas-celebra-hito-automotriz-con-3-millones-de-unidades-movilizadas\/\"]}]},{\"@type\":\"ImageObject\",\"inLanguage\":\"es\",\"@id\":\"https:\/\/puertointerior.guanajuato.gob.mx\/blog\/2025\/01\/30\/puerto-de-lazaro-cardenas-celebra-hito-automotriz-con-3-millones-de-unidades-movilizadas\/#primaryimage\",\"url\":\"https:\/\/puertointerior.guanajuato.gob.mx\/blog\/wp-content\/uploads\/2025\/01\/Cc_IMG_PuertodeLzaroCrdenascelebrahitoautomotrizcon3millonesdeunidadesmovilizadas_9441.png\",\"contentUrl\":\"https:\/\/puertointerior.guanajuato.gob.mx\/blog\/wp-content\/uploads\/2025\/01\/Cc_IMG_PuertodeLzaroCrdenascelebrahitoautomotrizcon3millonesdeunidadesmovilizadas_9441.png\",\"width\":958,\"height\":538},{\"@type\":\"BreadcrumbList\",\"@id\":\"https:\/\/puertointerior.guanajuato.gob.mx\/blog\/2025\/01\/30\/puerto-de-lazaro-cardenas-celebra-hito-automotriz-con-3-millones-de-unidades-movilizadas\/#breadcrumb\",\"itemListElement\":[{\"@type\":\"ListItem\",\"position\":1,\"name\":\"Inicio\",\"item\":\"https:\/\/puertointerior.guanajuato.gob.mx\/blog\/\"},{\"@type\":\"ListItem\",\"position\":2,\"name\":\"Puerto de L\u00e1zaro C\u00e1rdenas celebra hito automotriz con 3 millones de unidades movilizadas\"}]},{\"@type\":\"WebSite\",\"@id\":\"https:\/\/puertointerior.guanajuato.gob.mx\/blog\/#website\",\"url\":\"https:\/\/puertointerior.guanajuato.gob.mx\/blog\/\",\"name\":\"Blog | GPI NEWS\",\"description\":\"Guanajuato Puerto Interior\",\"potentialAction\":[{\"@type\":\"SearchAction\",\"target\":{\"@type\":\"EntryPoint\",\"urlTemplate\":\"https:\/\/puertointerior.guanajuato.gob.mx\/blog\/?s={search_term_string}\"},\"query-input\":{\"@type\":\"PropertyValueSpecification\",\"valueRequired\":true,\"valueName\":\"search_term_string\"}}],\"inLanguage\":\"es\"},{\"@type\":\"Person\",\"@id\":\"https:\/\/puertointerior.guanajuato.gob.mx\/blog\/#\/schema\/person\/f4851bb8a48c32d7fba5285caf4ef1c4\",\"name\":\"GPI NEWS\",\"image\":{\"@type\":\"ImageObject\",\"inLanguage\":\"es\",\"@id\":\"https:\/\/puertointerior.guanajuato.gob.mx\/blog\/#\/schema\/person\/image\/\",\"url\":\"https:\/\/secure.gravatar.com\/avatar\/612aca53a708cefc5ebe15ab0bc63c51a8ba58563e45c17848fa400e627e2717?s=96&d=mm&r=g\",\"contentUrl\":\"https:\/\/secure.gravatar.com\/avatar\/612aca53a708cefc5ebe15ab0bc63c51a8ba58563e45c17848fa400e627e2717?s=96&d=mm&r=g\",\"caption\":\"GPI NEWS\"},\"url\":\"https:\/\/puertointerior.guanajuato.gob.mx\/blog\/author\/rafa-jacinto\/\"}]}<\/script>\n<!-- \/ Yoast SEO plugin. -->","yoast_head_json":{"title":"Puerto de L\u00e1zaro C\u00e1rdenas celebra hito automotriz con 3 millones de unidades movilizadas - Blog | GPI NEWS","robots":{"index":"index","follow":"follow","max-snippet":"max-snippet:-1","max-image-preview":"max-image-preview:large","max-video-preview":"max-video-preview:-1"},"canonical":"https:\/\/puertointerior.guanajuato.gob.mx\/blog\/2025\/01\/30\/puerto-de-lazaro-cardenas-celebra-hito-automotriz-con-3-millones-de-unidades-movilizadas\/","og_locale":"es_MX","og_type":"article","og_title":"Puerto de L\u00e1zaro C\u00e1rdenas celebra hito automotriz con 3 millones de unidades movilizadas - Blog | GPI NEWS","og_description":"El Puerto de L\u00e1zaro C\u00e1rdenas celebr\u00f3 el desembarque de la unidad n\u00famero 3 millones en su Terminal Especializada de Autos, operada por SSA Marine M\u00e9xico. La unidad pertenece a General Motors y lleg\u00f3 en el buque ANJI 23. L\u00e1zaro C\u00e1rdenas, Michoac\u00e1n, 29 de enero de 2025.- El Puerto de L\u00e1zaro C\u00e1rdenas alcanz\u00f3 un importante hito [&hellip;]","og_url":"https:\/\/puertointerior.guanajuato.gob.mx\/blog\/2025\/01\/30\/puerto-de-lazaro-cardenas-celebra-hito-automotriz-con-3-millones-de-unidades-movilizadas\/","og_site_name":"Blog | GPI NEWS","article_published_time":"2025-01-30T17:41:27+00:00","og_image":[{"width":958,"height":538,"url":"https:\/\/puertointerior.guanajuato.gob.mx\/blog\/wp-content\/uploads\/2025\/01\/Cc_IMG_PuertodeLzaroCrdenascelebrahitoautomotrizcon3millonesdeunidadesmovilizadas_9441.png","type":"image\/png"}],"author":"GPI NEWS","twitter_card":"summary_large_image","twitter_misc":{"Escrito por":"GPI NEWS","Tiempo de lectura":"2 minutos"},"schema":{"@context":"https:\/\/schema.org","@graph":[{"@type":"WebPage","@id":"https:\/\/puertointerior.guanajuato.gob.mx\/blog\/2025\/01\/30\/puerto-de-lazaro-cardenas-celebra-hito-automotriz-con-3-millones-de-unidades-movilizadas\/","url":"https:\/\/puertointerior.guanajuato.gob.mx\/blog\/2025\/01\/30\/puerto-de-lazaro-cardenas-celebra-hito-automotriz-con-3-millones-de-unidades-movilizadas\/","name":"Puerto de L\u00e1zaro C\u00e1rdenas celebra hito automotriz con 3 millones de unidades movilizadas - Blog | GPI NEWS","isPartOf":{"@id":"https:\/\/puertointerior.guanajuato.gob.mx\/blog\/#website"},"primaryImageOfPage":{"@id":"https:\/\/puertointerior.guanajuato.gob.mx\/blog\/2025\/01\/30\/puerto-de-lazaro-cardenas-celebra-hito-automotriz-con-3-millones-de-unidades-movilizadas\/#primaryimage"},"image":{"@id":"https:\/\/puertointerior.guanajuato.gob.mx\/blog\/2025\/01\/30\/puerto-de-lazaro-cardenas-celebra-hito-automotriz-con-3-millones-de-unidades-movilizadas\/#primaryimage"},"thumbnailUrl":"https:\/\/puertointerior.guanajuato.gob.mx\/blog\/wp-content\/uploads\/2025\/01\/Cc_IMG_PuertodeLzaroCrdenascelebrahitoautomotrizcon3millonesdeunidadesmovilizadas_9441.png","datePublished":"2025-01-30T17:41:27+00:00","author":{"@id":"https:\/\/puertointerior.guanajuato.gob.mx\/blog\/#\/schema\/person\/f4851bb8a48c32d7fba5285caf4ef1c4"},"breadcrumb":{"@id":"https:\/\/puertointerior.guanajuato.gob.mx\/blog\/2025\/01\/30\/puerto-de-lazaro-cardenas-celebra-hito-automotriz-con-3-millones-de-unidades-movilizadas\/#breadcrumb"},"inLanguage":"es","potentialAction":[{"@type":"ReadAction","target":["https:\/\/puertointerior.guanajuato.gob.mx\/blog\/2025\/01\/30\/puerto-de-lazaro-cardenas-celebra-hito-automotriz-con-3-millones-de-unidades-movilizadas\/"]}]},{"@type":"ImageObject","inLanguage":"es","@id":"https:\/\/puertointerior.guanajuato.gob.mx\/blog\/2025\/01\/30\/puerto-de-lazaro-cardenas-celebra-hito-automotriz-con-3-millones-de-unidades-movilizadas\/#primaryimage","url":"https:\/\/puertointerior.guanajuato.gob.mx\/blog\/wp-content\/uploads\/2025\/01\/Cc_IMG_PuertodeLzaroCrdenascelebrahitoautomotrizcon3millonesdeunidadesmovilizadas_9441.png","contentUrl":"https:\/\/puertointerior.guanajuato.gob.mx\/blog\/wp-content\/uploads\/2025\/01\/Cc_IMG_PuertodeLzaroCrdenascelebrahitoautomotrizcon3millonesdeunidadesmovilizadas_9441.png","width":958,"height":538},{"@type":"BreadcrumbList","@id":"https:\/\/puertointerior.guanajuato.gob.mx\/blog\/2025\/01\/30\/puerto-de-lazaro-cardenas-celebra-hito-automotriz-con-3-millones-de-unidades-movilizadas\/#breadcrumb","itemListElement":[{"@type":"ListItem","position":1,"name":"Inicio","item":"https:\/\/puertointerior.guanajuato.gob.mx\/blog\/"},{"@type":"ListItem","position":2,"name":"Puerto de L\u00e1zaro C\u00e1rdenas celebra hito automotriz con 3 millones de unidades movilizadas"}]},{"@type":"WebSite","@id":"https:\/\/puertointerior.guanajuato.gob.mx\/blog\/#website","url":"https:\/\/puertointerior.guanajuato.gob.mx\/blog\/","name":"Blog | GPI NEWS","description":"Guanajuato Puerto Interior","potentialAction":[{"@type":"SearchAction","target":{"@type":"EntryPoint","urlTemplate":"https:\/\/puertointerior.guanajuato.gob.mx\/blog\/?s={search_term_string}"},"query-input":{"@type":"PropertyValueSpecification","valueRequired":true,"valueName":"search_term_string"}}],"inLanguage":"es"},{"@type":"Person","@id":"https:\/\/puertointerior.guanajuato.gob.mx\/blog\/#\/schema\/person\/f4851bb8a48c32d7fba5285caf4ef1c4","name":"GPI NEWS","image":{"@type":"ImageObject","inLanguage":"es","@id":"https:\/\/puertointerior.guanajuato.gob.mx\/blog\/#\/schema\/person\/image\/","url":"https:\/\/secure.gravatar.com\/avatar\/612aca53a708cefc5ebe15ab0bc63c51a8ba58563e45c17848fa400e627e2717?s=96&d=mm&r=g","contentUrl":"https:\/\/secure.gravatar.com\/avatar\/612aca53a708cefc5ebe15ab0bc63c51a8ba58563e45c17848fa400e627e2717?s=96&d=mm&r=g","caption":"GPI NEWS"},"url":"https:\/\/puertointerior.guanajuato.gob.mx\/blog\/author\/rafa-jacinto\/"}]}},"jetpack_featured_media_url":"https:\/\/puertointerior.guanajuato.gob.mx\/blog\/wp-content\/uploads\/2025\/01\/Cc_IMG_PuertodeLzaroCrdenascelebrahitoautomotrizcon3millonesdeunidadesmovilizadas_9441.png","jetpack_sharing_enabled":true,"jetpack_shortlink":"https:\/\/wp.me\/pcnMPA-4a0","_links":{"self":[{"href":"https:\/\/puertointerior.guanajuato.gob.mx\/blog\/wp-json\/wp\/v2\/posts\/15996","targetHints":{"allow":["GET"]}}],"collection":[{"href":"https:\/\/puertointerior.guanajuato.gob.mx\/blog\/wp-json\/wp\/v2\/posts"}],"about":[{"href":"https:\/\/puertointerior.guanajuato.gob.mx\/blog\/wp-json\/wp\/v2\/types\/post"}],"author":[{"embeddable":true,"href":"https:\/\/puertointerior.guanajuato.gob.mx\/blog\/wp-json\/wp\/v2\/users\/2"}],"replies":[{"embeddable":true,"href":"https:\/\/puertointerior.guanajuato.gob.mx\/blog\/wp-json\/wp\/v2\/comments?post=15996"}],"version-history":[{"count":1,"href":"https:\/\/puertointerior.guanajuato.gob.mx\/blog\/wp-json\/wp\/v2\/posts\/15996\/revisions"}],"predecessor-version":[{"id":15998,"href":"https:\/\/puertointerior.guanajuato.gob.mx\/blog\/wp-json\/wp\/v2\/posts\/15996\/revisions\/15998"}],"wp:featuredmedia":[{"embeddable":true,"href":"https:\/\/puertointerior.guanajuato.gob.mx\/blog\/wp-json\/wp\/v2\/media\/15997"}],"wp:attachment":[{"href":"https:\/\/puertointerior.guanajuato.gob.mx\/blog\/wp-json\/wp\/v2\/media?parent=15996"}],"wp:term":[{"taxonomy":"category","embeddable":true,"href":"https:\/\/puertointerior.guanajuato.gob.mx\/blog\/wp-json\/wp\/v2\/categories?post=15996"},{"taxonomy":"post_tag","embeddable":true,"href":"https:\/\/puertointerior.guanajuato.gob.mx\/blog\/wp-json\/wp\/v2\/tags?post=15996"}],"curies":[{"name":"wp","href":"https:\/\/api.w.org\/{rel}","templated":true}]}}