{"id":1687,"date":"2022-07-03T05:29:52","date_gmt":"2022-07-03T10:29:52","guid":{"rendered":"https:\/\/puertointerior.guanajuato.gob.mx\/blog\/?p=1687"},"modified":"2022-07-03T05:29:52","modified_gmt":"2022-07-03T10:29:52","slug":"se-consolida-economia-de-san-miguel-de-allende-con-inversiones-internacionales","status":"publish","type":"post","link":"https:\/\/puertointerior.guanajuato.gob.mx\/blog\/2022\/07\/03\/se-consolida-economia-de-san-miguel-de-allende-con-inversiones-internacionales\/","title":{"rendered":"Se consolida econom\u00eda de San Miguel de Allende con inversiones internacionales"},"content":{"rendered":"<p><strong>San Miguel de Allende, Gto. 1 de julio de 2022.<\/strong>\u00a0Luego de 10 a\u00f1os de haber iniciado el sue\u00f1o, hoy el sector industrial con impacto global en San Miguel de Allende es una realidad que se consolida con la nueva planta de Le B\u00e9lier.<\/p>\n<p>Durante la inauguraci\u00f3n en San Miguel de la planta para esta empresa francesa de componentes de aluminio para la industria automotriz y aeron\u00e1utica, el presidente municipal, Mauricio Trejo, record\u00f3 la importancia de perseguir los sue\u00f1os, como el que comenz\u00f3 en el 2013, cuando se coloc\u00f3 la primera piedra de lo que hoy es el Pol\u00edgono Empresarial, que genera empleos a m\u00e1s de 5 mil personas, principalmente sanmiguelenses.<\/p>\n<p>\u00abEs un orgullo personal, porque yo tuve la fortuna de ser alcalde del 2012 al 2015 y en el a\u00f1o del 2013 pusimos la primera piedra de lo que es este desarrollo industrial en el 2013. Hoy tenemos una industria m\u00e1s, tenemos un espacio m\u00e1s donde los sanmiguelenses de escasos recursos van a tener la oportunidad de capacitarse, un trabajo muy bien remunerado. Esos son los proyectos detonadores de econom\u00eda y esos son los proyectos de desarrollo social. Le B\u00e9lier viene a sumar bienestar a los sanmiguelenses. Bienvenidos. \u00a1Felicidades, Le B\u00e9lier!\u00bb expres\u00f3 Trejo Pureco.<\/p>\n<p>Durante el acto inaugural en compa\u00f1\u00eda del gobernador del Estado, Diego Sinhue Rodr\u00edguez Vallejo, el Mandatario Municipal resalt\u00f3 la confianza de esta firma francesa y con capital chino al invertir en San Miguel; adem\u00e1s recalc\u00f3 la importancia de trabajar en equipo con el Gobierno del Estado, haciendo sinergia con la secretaria de Gobierno Libia Garc\u00eda y con el secretario de Desarrollo Econ\u00f3mico Sustentable Ram\u00f3n Alfaro.<\/p>\n<p>En respuesta, el Gobernador del Estado de Guanajuato le dio la bienvenida a las inversiones en San Miguel de Allende, como lo concret\u00f3 Le B\u00e9lier, donde se aprovechar\u00e1n 398 empleos directos en esta planta de proveedur\u00eda T1 y ser\u00e1 ejemplo en la reconfiguraci\u00f3n de la industria automotriz hacia los autom\u00f3viles el\u00e9ctricos.<\/p>\n<p>Agradeciendo la amistad de Trejo Pureco, el Ejecutivo Estatal recalc\u00f3 que en San Miguel hay resultados, con trabajo en equipo basado en la confianza y que diversifican la econom\u00eda sanmiguelense, por lo que llam\u00f3 a cerrar filas a favor de esta Ciudad Patrimonio de la Humanidad.<\/p>\n<p>Durante el acto inaugural, Mauricio Trejo y Diego Sinhue Rodr\u00edguez, as\u00ed como invitados especiales, realizaron el corte simb\u00f3lico de list\u00f3n, recorrieron sus instalaciones y develaron una placa conmemorativa. Los directivos de Le B\u00e9lier fueron encabezados por el CEO Yan Chen y el director de Le B\u00e9lier M\u00e9xico Ange Karl Rasidy.<\/p>\n<p>Le B\u00e9lier es un corporativo mundial, especializado en fabricaci\u00f3n de componentes de precisi\u00f3n moldeados en aluminio, para los sectores automotriz y aeron\u00e1utico, principalmente sistemas de frenado, chasis, estructura y admisi\u00f3n de aire, con tecnolog\u00eda 4.0.<\/p>\n<p>Con la llegada de nuevas empresas de clase mundial, el Gobierno Municipal sigue uniendo esfuerzos con el Gobierno del Estado y la Iniciativa Privada, para que la gente de San Miguel de Allende est\u00e9 mejor cada d\u00eda.<\/p>\n<p>Publicado originalmente por:\u00a0<a href=\"https:\/\/platino.news\/se-consolida-economia-de-san-miguel-de-allende-con-inversiones-internacionales\/\">https:\/\/platino.news\/se-consolida-economia-de-san-miguel-de-allende-con-inversiones-internacionales\/<\/a><\/p>\n","protected":false},"excerpt":{"rendered":"<p>San Miguel de Allende, Gto. 1 de julio de 2022.\u00a0Luego de 10 a\u00f1os de haber iniciado el sue\u00f1o, hoy el sector industrial con impacto global en San Miguel de Allende es una realidad que se consolida con la nueva planta de Le B\u00e9lier. Durante la inauguraci\u00f3n en San Miguel de la planta para esta empresa [&hellip;]<\/p>\n","protected":false},"author":2,"featured_media":1690,"comment_status":"closed","ping_status":"open","sticky":false,"template":"","format":"standard","meta":{"jetpack_post_was_ever_published":false,"_jetpack_newsletter_access":"","_jetpack_dont_email_post_to_subs":false,"_jetpack_newsletter_tier_id":0,"_jetpack_memberships_contains_paywalled_content":false,"_jetpack_memberships_contains_paid_content":false,"footnotes":""},"categories":[20],"tags":[],"class_list":["post-1687","post","type-post","status-publish","format-standard","has-post-thumbnail","hentry","category-economic-development"],"yoast_head":"<!-- This site is optimized with the Yoast SEO plugin v25.7 - https:\/\/yoast.com\/wordpress\/plugins\/seo\/ -->\n<title>Se consolida econom\u00eda de San Miguel de Allende con inversiones internacionales - Blog | GPI NEWS<\/title>\n<meta name=\"robots\" content=\"index, follow, max-snippet:-1, max-image-preview:large, max-video-preview:-1\" \/>\n<link rel=\"canonical\" href=\"https:\/\/puertointerior.guanajuato.gob.mx\/blog\/2022\/07\/03\/se-consolida-economia-de-san-miguel-de-allende-con-inversiones-internacionales\/\" \/>\n<meta property=\"og:locale\" content=\"es_MX\" \/>\n<meta property=\"og:type\" content=\"article\" \/>\n<meta property=\"og:title\" content=\"Se consolida econom\u00eda de San Miguel de Allende con inversiones internacionales - Blog | GPI NEWS\" \/>\n<meta property=\"og:description\" content=\"San Miguel de Allende, Gto. 1 de julio de 2022.\u00a0Luego de 10 a\u00f1os de haber iniciado el sue\u00f1o, hoy el sector industrial con impacto global en San Miguel de Allende es una realidad que se consolida con la nueva planta de Le B\u00e9lier. Durante la inauguraci\u00f3n en San Miguel de la planta para esta empresa [&hellip;]\" \/>\n<meta property=\"og:url\" content=\"https:\/\/puertointerior.guanajuato.gob.mx\/blog\/2022\/07\/03\/se-consolida-economia-de-san-miguel-de-allende-con-inversiones-internacionales\/\" \/>\n<meta property=\"og:site_name\" content=\"Blog | GPI NEWS\" \/>\n<meta property=\"article:published_time\" content=\"2022-07-03T10:29:52+00:00\" \/>\n<meta property=\"og:image\" content=\"https:\/\/puertointerior.guanajuato.gob.mx\/blog\/wp-content\/uploads\/2022\/07\/WhatsApp-Image-2022-07-01-at-4.35.50-PM.jpeg\" \/>\n\t<meta property=\"og:image:width\" content=\"1280\" \/>\n\t<meta property=\"og:image:height\" content=\"877\" \/>\n\t<meta property=\"og:image:type\" content=\"image\/jpeg\" \/>\n<meta name=\"author\" content=\"GPI NEWS\" \/>\n<meta name=\"twitter:card\" content=\"summary_large_image\" \/>\n<meta name=\"twitter:label1\" content=\"Escrito por\" \/>\n\t<meta name=\"twitter:data1\" content=\"GPI NEWS\" \/>\n\t<meta name=\"twitter:label2\" content=\"Tiempo de lectura\" \/>\n\t<meta name=\"twitter:data2\" content=\"3 minutos\" \/>\n<script type=\"application\/ld+json\" class=\"yoast-schema-graph\">{\"@context\":\"https:\/\/schema.org\",\"@graph\":[{\"@type\":\"WebPage\",\"@id\":\"https:\/\/puertointerior.guanajuato.gob.mx\/blog\/2022\/07\/03\/se-consolida-economia-de-san-miguel-de-allende-con-inversiones-internacionales\/\",\"url\":\"https:\/\/puertointerior.guanajuato.gob.mx\/blog\/2022\/07\/03\/se-consolida-economia-de-san-miguel-de-allende-con-inversiones-internacionales\/\",\"name\":\"Se consolida econom\u00eda de San Miguel de Allende con inversiones internacionales - Blog | GPI NEWS\",\"isPartOf\":{\"@id\":\"https:\/\/puertointerior.guanajuato.gob.mx\/blog\/#website\"},\"primaryImageOfPage\":{\"@id\":\"https:\/\/puertointerior.guanajuato.gob.mx\/blog\/2022\/07\/03\/se-consolida-economia-de-san-miguel-de-allende-con-inversiones-internacionales\/#primaryimage\"},\"image\":{\"@id\":\"https:\/\/puertointerior.guanajuato.gob.mx\/blog\/2022\/07\/03\/se-consolida-economia-de-san-miguel-de-allende-con-inversiones-internacionales\/#primaryimage\"},\"thumbnailUrl\":\"https:\/\/puertointerior.guanajuato.gob.mx\/blog\/wp-content\/uploads\/2022\/07\/WhatsApp-Image-2022-07-01-at-4.35.50-PM.jpeg\",\"datePublished\":\"2022-07-03T10:29:52+00:00\",\"author\":{\"@id\":\"https:\/\/puertointerior.guanajuato.gob.mx\/blog\/#\/schema\/person\/f4851bb8a48c32d7fba5285caf4ef1c4\"},\"breadcrumb\":{\"@id\":\"https:\/\/puertointerior.guanajuato.gob.mx\/blog\/2022\/07\/03\/se-consolida-economia-de-san-miguel-de-allende-con-inversiones-internacionales\/#breadcrumb\"},\"inLanguage\":\"es\",\"potentialAction\":[{\"@type\":\"ReadAction\",\"target\":[\"https:\/\/puertointerior.guanajuato.gob.mx\/blog\/2022\/07\/03\/se-consolida-economia-de-san-miguel-de-allende-con-inversiones-internacionales\/\"]}]},{\"@type\":\"ImageObject\",\"inLanguage\":\"es\",\"@id\":\"https:\/\/puertointerior.guanajuato.gob.mx\/blog\/2022\/07\/03\/se-consolida-economia-de-san-miguel-de-allende-con-inversiones-internacionales\/#primaryimage\",\"url\":\"https:\/\/puertointerior.guanajuato.gob.mx\/blog\/wp-content\/uploads\/2022\/07\/WhatsApp-Image-2022-07-01-at-4.35.50-PM.jpeg\",\"contentUrl\":\"https:\/\/puertointerior.guanajuato.gob.mx\/blog\/wp-content\/uploads\/2022\/07\/WhatsApp-Image-2022-07-01-at-4.35.50-PM.jpeg\",\"width\":1280,\"height\":877},{\"@type\":\"BreadcrumbList\",\"@id\":\"https:\/\/puertointerior.guanajuato.gob.mx\/blog\/2022\/07\/03\/se-consolida-economia-de-san-miguel-de-allende-con-inversiones-internacionales\/#breadcrumb\",\"itemListElement\":[{\"@type\":\"ListItem\",\"position\":1,\"name\":\"Inicio\",\"item\":\"https:\/\/puertointerior.guanajuato.gob.mx\/blog\/\"},{\"@type\":\"ListItem\",\"position\":2,\"name\":\"Se consolida econom\u00eda de San Miguel de Allende con inversiones internacionales\"}]},{\"@type\":\"WebSite\",\"@id\":\"https:\/\/puertointerior.guanajuato.gob.mx\/blog\/#website\",\"url\":\"https:\/\/puertointerior.guanajuato.gob.mx\/blog\/\",\"name\":\"Blog | GPI NEWS\",\"description\":\"Guanajuato Puerto Interior\",\"potentialAction\":[{\"@type\":\"SearchAction\",\"target\":{\"@type\":\"EntryPoint\",\"urlTemplate\":\"https:\/\/puertointerior.guanajuato.gob.mx\/blog\/?s={search_term_string}\"},\"query-input\":{\"@type\":\"PropertyValueSpecification\",\"valueRequired\":true,\"valueName\":\"search_term_string\"}}],\"inLanguage\":\"es\"},{\"@type\":\"Person\",\"@id\":\"https:\/\/puertointerior.guanajuato.gob.mx\/blog\/#\/schema\/person\/f4851bb8a48c32d7fba5285caf4ef1c4\",\"name\":\"GPI NEWS\",\"image\":{\"@type\":\"ImageObject\",\"inLanguage\":\"es\",\"@id\":\"https:\/\/puertointerior.guanajuato.gob.mx\/blog\/#\/schema\/person\/image\/\",\"url\":\"https:\/\/secure.gravatar.com\/avatar\/612aca53a708cefc5ebe15ab0bc63c51a8ba58563e45c17848fa400e627e2717?s=96&d=mm&r=g\",\"contentUrl\":\"https:\/\/secure.gravatar.com\/avatar\/612aca53a708cefc5ebe15ab0bc63c51a8ba58563e45c17848fa400e627e2717?s=96&d=mm&r=g\",\"caption\":\"GPI NEWS\"},\"url\":\"https:\/\/puertointerior.guanajuato.gob.mx\/blog\/author\/rafa-jacinto\/\"}]}<\/script>\n<!-- \/ Yoast SEO plugin. -->","yoast_head_json":{"title":"Se consolida econom\u00eda de San Miguel de Allende con inversiones internacionales - Blog | GPI NEWS","robots":{"index":"index","follow":"follow","max-snippet":"max-snippet:-1","max-image-preview":"max-image-preview:large","max-video-preview":"max-video-preview:-1"},"canonical":"https:\/\/puertointerior.guanajuato.gob.mx\/blog\/2022\/07\/03\/se-consolida-economia-de-san-miguel-de-allende-con-inversiones-internacionales\/","og_locale":"es_MX","og_type":"article","og_title":"Se consolida econom\u00eda de San Miguel de Allende con inversiones internacionales - Blog | GPI NEWS","og_description":"San Miguel de Allende, Gto. 1 de julio de 2022.\u00a0Luego de 10 a\u00f1os de haber iniciado el sue\u00f1o, hoy el sector industrial con impacto global en San Miguel de Allende es una realidad que se consolida con la nueva planta de Le B\u00e9lier. Durante la inauguraci\u00f3n en San Miguel de la planta para esta empresa [&hellip;]","og_url":"https:\/\/puertointerior.guanajuato.gob.mx\/blog\/2022\/07\/03\/se-consolida-economia-de-san-miguel-de-allende-con-inversiones-internacionales\/","og_site_name":"Blog | GPI NEWS","article_published_time":"2022-07-03T10:29:52+00:00","og_image":[{"width":1280,"height":877,"url":"https:\/\/puertointerior.guanajuato.gob.mx\/blog\/wp-content\/uploads\/2022\/07\/WhatsApp-Image-2022-07-01-at-4.35.50-PM.jpeg","type":"image\/jpeg"}],"author":"GPI NEWS","twitter_card":"summary_large_image","twitter_misc":{"Escrito por":"GPI NEWS","Tiempo de lectura":"3 minutos"},"schema":{"@context":"https:\/\/schema.org","@graph":[{"@type":"WebPage","@id":"https:\/\/puertointerior.guanajuato.gob.mx\/blog\/2022\/07\/03\/se-consolida-economia-de-san-miguel-de-allende-con-inversiones-internacionales\/","url":"https:\/\/puertointerior.guanajuato.gob.mx\/blog\/2022\/07\/03\/se-consolida-economia-de-san-miguel-de-allende-con-inversiones-internacionales\/","name":"Se consolida econom\u00eda de San Miguel de Allende con inversiones internacionales - Blog | GPI NEWS","isPartOf":{"@id":"https:\/\/puertointerior.guanajuato.gob.mx\/blog\/#website"},"primaryImageOfPage":{"@id":"https:\/\/puertointerior.guanajuato.gob.mx\/blog\/2022\/07\/03\/se-consolida-economia-de-san-miguel-de-allende-con-inversiones-internacionales\/#primaryimage"},"image":{"@id":"https:\/\/puertointerior.guanajuato.gob.mx\/blog\/2022\/07\/03\/se-consolida-economia-de-san-miguel-de-allende-con-inversiones-internacionales\/#primaryimage"},"thumbnailUrl":"https:\/\/puertointerior.guanajuato.gob.mx\/blog\/wp-content\/uploads\/2022\/07\/WhatsApp-Image-2022-07-01-at-4.35.50-PM.jpeg","datePublished":"2022-07-03T10:29:52+00:00","author":{"@id":"https:\/\/puertointerior.guanajuato.gob.mx\/blog\/#\/schema\/person\/f4851bb8a48c32d7fba5285caf4ef1c4"},"breadcrumb":{"@id":"https:\/\/puertointerior.guanajuato.gob.mx\/blog\/2022\/07\/03\/se-consolida-economia-de-san-miguel-de-allende-con-inversiones-internacionales\/#breadcrumb"},"inLanguage":"es","potentialAction":[{"@type":"ReadAction","target":["https:\/\/puertointerior.guanajuato.gob.mx\/blog\/2022\/07\/03\/se-consolida-economia-de-san-miguel-de-allende-con-inversiones-internacionales\/"]}]},{"@type":"ImageObject","inLanguage":"es","@id":"https:\/\/puertointerior.guanajuato.gob.mx\/blog\/2022\/07\/03\/se-consolida-economia-de-san-miguel-de-allende-con-inversiones-internacionales\/#primaryimage","url":"https:\/\/puertointerior.guanajuato.gob.mx\/blog\/wp-content\/uploads\/2022\/07\/WhatsApp-Image-2022-07-01-at-4.35.50-PM.jpeg","contentUrl":"https:\/\/puertointerior.guanajuato.gob.mx\/blog\/wp-content\/uploads\/2022\/07\/WhatsApp-Image-2022-07-01-at-4.35.50-PM.jpeg","width":1280,"height":877},{"@type":"BreadcrumbList","@id":"https:\/\/puertointerior.guanajuato.gob.mx\/blog\/2022\/07\/03\/se-consolida-economia-de-san-miguel-de-allende-con-inversiones-internacionales\/#breadcrumb","itemListElement":[{"@type":"ListItem","position":1,"name":"Inicio","item":"https:\/\/puertointerior.guanajuato.gob.mx\/blog\/"},{"@type":"ListItem","position":2,"name":"Se consolida econom\u00eda de San Miguel de Allende con inversiones internacionales"}]},{"@type":"WebSite","@id":"https:\/\/puertointerior.guanajuato.gob.mx\/blog\/#website","url":"https:\/\/puertointerior.guanajuato.gob.mx\/blog\/","name":"Blog | GPI NEWS","description":"Guanajuato Puerto Interior","potentialAction":[{"@type":"SearchAction","target":{"@type":"EntryPoint","urlTemplate":"https:\/\/puertointerior.guanajuato.gob.mx\/blog\/?s={search_term_string}"},"query-input":{"@type":"PropertyValueSpecification","valueRequired":true,"valueName":"search_term_string"}}],"inLanguage":"es"},{"@type":"Person","@id":"https:\/\/puertointerior.guanajuato.gob.mx\/blog\/#\/schema\/person\/f4851bb8a48c32d7fba5285caf4ef1c4","name":"GPI NEWS","image":{"@type":"ImageObject","inLanguage":"es","@id":"https:\/\/puertointerior.guanajuato.gob.mx\/blog\/#\/schema\/person\/image\/","url":"https:\/\/secure.gravatar.com\/avatar\/612aca53a708cefc5ebe15ab0bc63c51a8ba58563e45c17848fa400e627e2717?s=96&d=mm&r=g","contentUrl":"https:\/\/secure.gravatar.com\/avatar\/612aca53a708cefc5ebe15ab0bc63c51a8ba58563e45c17848fa400e627e2717?s=96&d=mm&r=g","caption":"GPI NEWS"},"url":"https:\/\/puertointerior.guanajuato.gob.mx\/blog\/author\/rafa-jacinto\/"}]}},"jetpack_featured_media_url":"https:\/\/puertointerior.guanajuato.gob.mx\/blog\/wp-content\/uploads\/2022\/07\/WhatsApp-Image-2022-07-01-at-4.35.50-PM.jpeg","jetpack_sharing_enabled":true,"jetpack_shortlink":"https:\/\/wp.me\/pcnMPA-rd","_links":{"self":[{"href":"https:\/\/puertointerior.guanajuato.gob.mx\/blog\/wp-json\/wp\/v2\/posts\/1687","targetHints":{"allow":["GET"]}}],"collection":[{"href":"https:\/\/puertointerior.guanajuato.gob.mx\/blog\/wp-json\/wp\/v2\/posts"}],"about":[{"href":"https:\/\/puertointerior.guanajuato.gob.mx\/blog\/wp-json\/wp\/v2\/types\/post"}],"author":[{"embeddable":true,"href":"https:\/\/puertointerior.guanajuato.gob.mx\/blog\/wp-json\/wp\/v2\/users\/2"}],"replies":[{"embeddable":true,"href":"https:\/\/puertointerior.guanajuato.gob.mx\/blog\/wp-json\/wp\/v2\/comments?post=1687"}],"version-history":[{"count":2,"href":"https:\/\/puertointerior.guanajuato.gob.mx\/blog\/wp-json\/wp\/v2\/posts\/1687\/revisions"}],"predecessor-version":[{"id":1691,"href":"https:\/\/puertointerior.guanajuato.gob.mx\/blog\/wp-json\/wp\/v2\/posts\/1687\/revisions\/1691"}],"wp:featuredmedia":[{"embeddable":true,"href":"https:\/\/puertointerior.guanajuato.gob.mx\/blog\/wp-json\/wp\/v2\/media\/1690"}],"wp:attachment":[{"href":"https:\/\/puertointerior.guanajuato.gob.mx\/blog\/wp-json\/wp\/v2\/media?parent=1687"}],"wp:term":[{"taxonomy":"category","embeddable":true,"href":"https:\/\/puertointerior.guanajuato.gob.mx\/blog\/wp-json\/wp\/v2\/categories?post=1687"},{"taxonomy":"post_tag","embeddable":true,"href":"https:\/\/puertointerior.guanajuato.gob.mx\/blog\/wp-json\/wp\/v2\/tags?post=1687"}],"curies":[{"name":"wp","href":"https:\/\/api.w.org\/{rel}","templated":true}]}}