{"id":1986,"date":"2022-08-28T15:57:41","date_gmt":"2022-08-28T20:57:41","guid":{"rendered":"https:\/\/puertointerior.guanajuato.gob.mx\/blog\/?p=1986"},"modified":"2022-08-30T16:14:57","modified_gmt":"2022-08-30T21:14:57","slug":"puerto-interior-16-anos-siendo-un-parteaguas-economico-para-guanajuato","status":"publish","type":"post","link":"https:\/\/puertointerior.guanajuato.gob.mx\/blog\/2022\/08\/28\/puerto-interior-16-anos-siendo-un-parteaguas-economico-para-guanajuato\/","title":{"rendered":"Puerto Interior: 16 a\u00f1os siendo un \u2018parteaguas\u2019 econ\u00f3mico para Guanajuato."},"content":{"rendered":"<p><strong>Silao.-<\/strong>\u00a0Hay pocos pasos de distancia desde la extensa mesa de la sala de juntas hasta donde se establece un mapa ampliado del \u00e1rea que ocupa el\u00a0<strong>Puerto Interior<\/strong>.<strong>\u00a0H\u00e9ctor L\u00f3pez Santillana<\/strong>, su director, platic\u00f3 sobre el desarrollo del complejo industrial, y ahora se dispone a caminar hasta la pared donde se aposenta aquel extracto de\u00a0<strong>Google maps<\/strong>. Con suma precisi\u00f3n, describe donde est\u00e1 tal o cual empresa, casi con una memoria telesc\u00f3pica. Porque no pod\u00eda ser de otra manera, esto se trata de\u00a0<em>\u201dgestionar\u201d<\/em>\u00a0lo que se ha convertido en un parteaguas.<\/p>\n<p>Previamente, durante la entrevista con\u00a0<strong>Correo<\/strong>, L\u00f3pez Santillana record\u00f3 un ya lejano 2004, cuando era subsecretario de Desarrollo Econ\u00f3mico de Guanajuato. Entonces se top\u00f3 con la posibilidad de colaborar para dise\u00f1ar esa propuesta que se hab\u00eda gestado como Puerto Interior.<\/p>\n<p>Por aquel entonces, ya se apuntaba a que Guanajuato se catapultara como \u2018casa\u2019 para armadoras de autos. Todo comenz\u00f3 con\u00a0<strong>General Motors<\/strong>, pero se buscaba m\u00e1s. Ahora, esto se confirma cuando H\u00e9ctor se\u00f1ala el giro de las empresas instaladas en aquel ancho mapa instalado en las oficinas del Grupo Puerto Interior, dentro de la torre G100 del complejo.<\/p>\n<p><em>\u201cHa sido un parteaguas en el proceso del desarrollo econ\u00f3mico del estado de Guanajuato\u201d,<\/em>\u00a0se\u00f1ala L\u00f3pez Santillana. \u00c9l, tras concluir su periodo como alcalde de la ciudad de Le\u00f3n, se mud\u00f3 a unos cuantos kil\u00f3metros para atender la gesti\u00f3n del puerto seco donde se encuentran empresas como\u00a0<strong>Volkswagen<\/strong>,\u00a0<strong>Nestl\u00e9<\/strong>,\u00a0<strong>Purina<\/strong>,\u00a0<strong>Nivea<\/strong>,\u00a0<strong>Pirelli<\/strong>, entre otras.<\/p>\n<h2>Puerto Interior: visi\u00f3n a largo plazo<\/h2>\n<p>Lo cierto es que, tras varios a\u00f1os de planeaci\u00f3n donde incluso ya se previsualizaba la\u00a0<em>\u2018mentefactura\u2019<\/em>\u00a0(aunque no se conoc\u00eda con este t\u00e9rmino), el complejo que ha apostado por la descongesti\u00f3n de las fronteras y puertos, as\u00ed como para aprovechar el Tratado de Libre Comercio con Estados Unidos y Canad\u00e1 (<strong>T-MEC<\/strong>), comenz\u00f3 a operar hace 16 a\u00f1os. Desde entonces, el crecimiento ha sido exponencial en todos los sentidos.<\/p>\n<p><em>\u201cEl Puerto Interior ha favorecido fuertemente a la industrializaci\u00f3n con la llegada de las primeras empresas ac\u00e1\u201d,<\/em>\u00a0coment\u00f3 L\u00f3pez Santillana. Esto aunando a que ahora existen cinco parques industriales y ya se prepara el sexto con una superficie de\u00a0<strong>mil 300 hect\u00e1reas<\/strong>. En conjunto, se encuentran insertados en los linderos del\u00a0<strong>Aeropuerto Internacional del Baj\u00edo<\/strong>\u00a0la red ferroviaria y por supuesto, los pasos terrestres como el\u00a0<strong>Eje Metropolitano<\/strong>\u00a0y la carretera federal que conecta los municipios de\u00a0<strong>Le\u00f3n\u00a0<\/strong>y Silao.<\/p>\n<h2 id=\"h-un-espacio-replicable-y-muy-mexicanizado\">Un espacio replicable y muy mexicanizado<\/h2>\n<p>En un principio, las empresas instaladas como\u00a0<strong>Pirelli<\/strong>\u00a0optaron por probar su instalaci\u00f3n en Puerto Interior con una mayor apuesta intensiva por la mano de obra, pero en menor medida, con procesos complejos. Esto ha cambiado: las empresas se instalaron completamente, compraron m\u00e1s espacios y han colaborado para que el modelo del Grupo Puerto Interior pueda volverse \u2018replicable\u2019. Adem\u00e1s, m\u00e1s \u2018talento\u2019 mexicano, ha logrado un acomodo en la operatividad importante de las marcas.<\/p>\n<p><em>\u201cAs\u00ed se pasa de la manufactura a la mentefactura\u201d,\u00a0<\/em>corrobora H\u00e9ctor L\u00f3pez Santillana;\u00a0<em>\u201cSab\u00edamos hace 16 a\u00f1os que el proceso iba a ser firme pero gradual; iban a venir a probarnos para ver si lo que ofrec\u00edamos era realidad en t\u00e9rminos de infraestructura, en t\u00e9rminos de recursos humanos, en t\u00e9rminos del desarrollo de la proveedur\u00eda\u201d,\u00a0<\/em>dijo<em>.<\/em><\/p>\n<h2>\u201cA esto le llamaban el \u2018muerto interior&#8217;\u201d<\/h2>\n<p>Ahora, todo pinta diferente. El mapa que ha se\u00f1alado H\u00e9ctor L\u00f3pez Santillana mientras le recorre con los dedos, realmente ya tiene muy pocos \u2018espacios vac\u00edos\u2019. Hay de todo por la zona: hect\u00e1reas destinadas para la innovaci\u00f3n, para la investigaci\u00f3n. Y por supuesto, para esa atenci\u00f3n focal para la industria automotriz que se presupuest\u00f3 desde antes de aquel ya lejano 2004.<\/p>\n<p><em>\u201cEl aprendizaje que se ha aplicado en el Puerto es replicable, pero con tres caracter\u00edsticas: primeramente, la visi\u00f3n y planeaci\u00f3n con participaci\u00f3n\u201d.<\/em><\/p>\n<p><em>\u201cCuando aqu\u00ed empezaban nos criticaron, a esto le llamaban el \u2018muerto interior\u2019 porque ve\u00edan esta infraestructura<\/em>.<em>\u00a0Desde la carretera no se ve\u00eda nada, pero todo el desarrollo con los parques industriales est\u00e1 ah\u00ed atr\u00e1s. El segundo es un modelo de gesti\u00f3n integral del territorio y el tercer componente es el de la gobernanza. Operamos como si fuera un r\u00e9gimen de condominios, pero sin necesariamente operar as\u00ed\u201d,\u00a0<\/em>culmin\u00f3.<\/p>\n<p>Publicado originalmente por:\u00a0<a href=\"https:\/\/periodicocorreo.com.mx\/puerto-interior-de-guanajuato-parteaguas-desde-hace-16-anos\/\">https:\/\/periodicocorreo.com.mx\/puerto-interior-de-guanajuato-parteaguas-desde-hace-16-anos\/<\/a><\/p>\n","protected":false},"excerpt":{"rendered":"<p>Silao.-\u00a0Hay pocos pasos de distancia desde la extensa mesa de la sala de juntas hasta donde se establece un mapa ampliado del \u00e1rea que ocupa el\u00a0Puerto Interior.\u00a0H\u00e9ctor L\u00f3pez Santillana, su director, platic\u00f3 sobre el desarrollo del complejo industrial, y ahora se dispone a caminar hasta la pared donde se aposenta aquel extracto de\u00a0Google maps. Con [&hellip;]<\/p>\n","protected":false},"author":2,"featured_media":1988,"comment_status":"closed","ping_status":"open","sticky":false,"template":"","format":"standard","meta":{"jetpack_post_was_ever_published":false,"_jetpack_newsletter_access":"","_jetpack_dont_email_post_to_subs":false,"_jetpack_newsletter_tier_id":0,"_jetpack_memberships_contains_paywalled_content":false,"_jetpack_memberships_contains_paid_content":false,"footnotes":""},"categories":[20,7],"tags":[],"class_list":["post-1986","post","type-post","status-publish","format-standard","has-post-thumbnail","hentry","category-economic-development","category-featured"],"yoast_head":"<!-- This site is optimized with the Yoast SEO plugin v25.7 - https:\/\/yoast.com\/wordpress\/plugins\/seo\/ -->\n<title>Puerto Interior: 16 a\u00f1os siendo un \u2018parteaguas\u2019 econ\u00f3mico para Guanajuato. - Blog | GPI NEWS<\/title>\n<meta name=\"robots\" content=\"index, follow, max-snippet:-1, max-image-preview:large, max-video-preview:-1\" \/>\n<link rel=\"canonical\" href=\"https:\/\/puertointerior.guanajuato.gob.mx\/blog\/2022\/08\/28\/puerto-interior-16-anos-siendo-un-parteaguas-economico-para-guanajuato\/\" \/>\n<meta property=\"og:locale\" content=\"es_MX\" \/>\n<meta property=\"og:type\" content=\"article\" \/>\n<meta property=\"og:title\" content=\"Puerto Interior: 16 a\u00f1os siendo un \u2018parteaguas\u2019 econ\u00f3mico para Guanajuato. - Blog | GPI NEWS\" \/>\n<meta property=\"og:description\" content=\"Silao.-\u00a0Hay pocos pasos de distancia desde la extensa mesa de la sala de juntas hasta donde se establece un mapa ampliado del \u00e1rea que ocupa el\u00a0Puerto Interior.\u00a0H\u00e9ctor L\u00f3pez Santillana, su director, platic\u00f3 sobre el desarrollo del complejo industrial, y ahora se dispone a caminar hasta la pared donde se aposenta aquel extracto de\u00a0Google maps. Con [&hellip;]\" \/>\n<meta property=\"og:url\" content=\"https:\/\/puertointerior.guanajuato.gob.mx\/blog\/2022\/08\/28\/puerto-interior-16-anos-siendo-un-parteaguas-economico-para-guanajuato\/\" \/>\n<meta property=\"og:site_name\" content=\"Blog | GPI NEWS\" \/>\n<meta property=\"article:published_time\" content=\"2022-08-28T20:57:41+00:00\" \/>\n<meta property=\"article:modified_time\" content=\"2022-08-30T21:14:57+00:00\" \/>\n<meta property=\"og:image\" content=\"https:\/\/puertointerior.guanajuato.gob.mx\/blog\/wp-content\/uploads\/2022\/08\/pUERTO-interior-de-Guanajuato.jpg\" \/>\n\t<meta property=\"og:image:width\" content=\"1200\" \/>\n\t<meta property=\"og:image:height\" content=\"630\" \/>\n\t<meta property=\"og:image:type\" content=\"image\/jpeg\" \/>\n<meta name=\"author\" content=\"GPI NEWS\" \/>\n<meta name=\"twitter:card\" content=\"summary_large_image\" \/>\n<meta name=\"twitter:label1\" content=\"Escrito por\" \/>\n\t<meta name=\"twitter:data1\" content=\"GPI NEWS\" \/>\n\t<meta name=\"twitter:label2\" content=\"Tiempo de lectura\" \/>\n\t<meta name=\"twitter:data2\" content=\"4 minutos\" \/>\n<script type=\"application\/ld+json\" class=\"yoast-schema-graph\">{\"@context\":\"https:\/\/schema.org\",\"@graph\":[{\"@type\":\"WebPage\",\"@id\":\"https:\/\/puertointerior.guanajuato.gob.mx\/blog\/2022\/08\/28\/puerto-interior-16-anos-siendo-un-parteaguas-economico-para-guanajuato\/\",\"url\":\"https:\/\/puertointerior.guanajuato.gob.mx\/blog\/2022\/08\/28\/puerto-interior-16-anos-siendo-un-parteaguas-economico-para-guanajuato\/\",\"name\":\"Puerto Interior: 16 a\u00f1os siendo un \u2018parteaguas\u2019 econ\u00f3mico para Guanajuato. - Blog | GPI NEWS\",\"isPartOf\":{\"@id\":\"https:\/\/puertointerior.guanajuato.gob.mx\/blog\/#website\"},\"primaryImageOfPage\":{\"@id\":\"https:\/\/puertointerior.guanajuato.gob.mx\/blog\/2022\/08\/28\/puerto-interior-16-anos-siendo-un-parteaguas-economico-para-guanajuato\/#primaryimage\"},\"image\":{\"@id\":\"https:\/\/puertointerior.guanajuato.gob.mx\/blog\/2022\/08\/28\/puerto-interior-16-anos-siendo-un-parteaguas-economico-para-guanajuato\/#primaryimage\"},\"thumbnailUrl\":\"https:\/\/puertointerior.guanajuato.gob.mx\/blog\/wp-content\/uploads\/2022\/08\/pUERTO-interior-de-Guanajuato.jpg\",\"datePublished\":\"2022-08-28T20:57:41+00:00\",\"dateModified\":\"2022-08-30T21:14:57+00:00\",\"author\":{\"@id\":\"https:\/\/puertointerior.guanajuato.gob.mx\/blog\/#\/schema\/person\/f4851bb8a48c32d7fba5285caf4ef1c4\"},\"breadcrumb\":{\"@id\":\"https:\/\/puertointerior.guanajuato.gob.mx\/blog\/2022\/08\/28\/puerto-interior-16-anos-siendo-un-parteaguas-economico-para-guanajuato\/#breadcrumb\"},\"inLanguage\":\"es\",\"potentialAction\":[{\"@type\":\"ReadAction\",\"target\":[\"https:\/\/puertointerior.guanajuato.gob.mx\/blog\/2022\/08\/28\/puerto-interior-16-anos-siendo-un-parteaguas-economico-para-guanajuato\/\"]}]},{\"@type\":\"ImageObject\",\"inLanguage\":\"es\",\"@id\":\"https:\/\/puertointerior.guanajuato.gob.mx\/blog\/2022\/08\/28\/puerto-interior-16-anos-siendo-un-parteaguas-economico-para-guanajuato\/#primaryimage\",\"url\":\"https:\/\/puertointerior.guanajuato.gob.mx\/blog\/wp-content\/uploads\/2022\/08\/pUERTO-interior-de-Guanajuato.jpg\",\"contentUrl\":\"https:\/\/puertointerior.guanajuato.gob.mx\/blog\/wp-content\/uploads\/2022\/08\/pUERTO-interior-de-Guanajuato.jpg\",\"width\":1200,\"height\":630},{\"@type\":\"BreadcrumbList\",\"@id\":\"https:\/\/puertointerior.guanajuato.gob.mx\/blog\/2022\/08\/28\/puerto-interior-16-anos-siendo-un-parteaguas-economico-para-guanajuato\/#breadcrumb\",\"itemListElement\":[{\"@type\":\"ListItem\",\"position\":1,\"name\":\"Inicio\",\"item\":\"https:\/\/puertointerior.guanajuato.gob.mx\/blog\/\"},{\"@type\":\"ListItem\",\"position\":2,\"name\":\"Puerto Interior: 16 a\u00f1os siendo un \u2018parteaguas\u2019 econ\u00f3mico para Guanajuato.\"}]},{\"@type\":\"WebSite\",\"@id\":\"https:\/\/puertointerior.guanajuato.gob.mx\/blog\/#website\",\"url\":\"https:\/\/puertointerior.guanajuato.gob.mx\/blog\/\",\"name\":\"Blog | GPI NEWS\",\"description\":\"Guanajuato Puerto Interior\",\"potentialAction\":[{\"@type\":\"SearchAction\",\"target\":{\"@type\":\"EntryPoint\",\"urlTemplate\":\"https:\/\/puertointerior.guanajuato.gob.mx\/blog\/?s={search_term_string}\"},\"query-input\":{\"@type\":\"PropertyValueSpecification\",\"valueRequired\":true,\"valueName\":\"search_term_string\"}}],\"inLanguage\":\"es\"},{\"@type\":\"Person\",\"@id\":\"https:\/\/puertointerior.guanajuato.gob.mx\/blog\/#\/schema\/person\/f4851bb8a48c32d7fba5285caf4ef1c4\",\"name\":\"GPI NEWS\",\"image\":{\"@type\":\"ImageObject\",\"inLanguage\":\"es\",\"@id\":\"https:\/\/puertointerior.guanajuato.gob.mx\/blog\/#\/schema\/person\/image\/\",\"url\":\"https:\/\/secure.gravatar.com\/avatar\/612aca53a708cefc5ebe15ab0bc63c51a8ba58563e45c17848fa400e627e2717?s=96&d=mm&r=g\",\"contentUrl\":\"https:\/\/secure.gravatar.com\/avatar\/612aca53a708cefc5ebe15ab0bc63c51a8ba58563e45c17848fa400e627e2717?s=96&d=mm&r=g\",\"caption\":\"GPI NEWS\"},\"url\":\"https:\/\/puertointerior.guanajuato.gob.mx\/blog\/author\/rafa-jacinto\/\"}]}<\/script>\n<!-- \/ Yoast SEO plugin. -->","yoast_head_json":{"title":"Puerto Interior: 16 a\u00f1os siendo un \u2018parteaguas\u2019 econ\u00f3mico para Guanajuato. - Blog | GPI NEWS","robots":{"index":"index","follow":"follow","max-snippet":"max-snippet:-1","max-image-preview":"max-image-preview:large","max-video-preview":"max-video-preview:-1"},"canonical":"https:\/\/puertointerior.guanajuato.gob.mx\/blog\/2022\/08\/28\/puerto-interior-16-anos-siendo-un-parteaguas-economico-para-guanajuato\/","og_locale":"es_MX","og_type":"article","og_title":"Puerto Interior: 16 a\u00f1os siendo un \u2018parteaguas\u2019 econ\u00f3mico para Guanajuato. - Blog | GPI NEWS","og_description":"Silao.-\u00a0Hay pocos pasos de distancia desde la extensa mesa de la sala de juntas hasta donde se establece un mapa ampliado del \u00e1rea que ocupa el\u00a0Puerto Interior.\u00a0H\u00e9ctor L\u00f3pez Santillana, su director, platic\u00f3 sobre el desarrollo del complejo industrial, y ahora se dispone a caminar hasta la pared donde se aposenta aquel extracto de\u00a0Google maps. Con [&hellip;]","og_url":"https:\/\/puertointerior.guanajuato.gob.mx\/blog\/2022\/08\/28\/puerto-interior-16-anos-siendo-un-parteaguas-economico-para-guanajuato\/","og_site_name":"Blog | GPI NEWS","article_published_time":"2022-08-28T20:57:41+00:00","article_modified_time":"2022-08-30T21:14:57+00:00","og_image":[{"width":1200,"height":630,"url":"https:\/\/puertointerior.guanajuato.gob.mx\/blog\/wp-content\/uploads\/2022\/08\/pUERTO-interior-de-Guanajuato.jpg","type":"image\/jpeg"}],"author":"GPI NEWS","twitter_card":"summary_large_image","twitter_misc":{"Escrito por":"GPI NEWS","Tiempo de lectura":"4 minutos"},"schema":{"@context":"https:\/\/schema.org","@graph":[{"@type":"WebPage","@id":"https:\/\/puertointerior.guanajuato.gob.mx\/blog\/2022\/08\/28\/puerto-interior-16-anos-siendo-un-parteaguas-economico-para-guanajuato\/","url":"https:\/\/puertointerior.guanajuato.gob.mx\/blog\/2022\/08\/28\/puerto-interior-16-anos-siendo-un-parteaguas-economico-para-guanajuato\/","name":"Puerto Interior: 16 a\u00f1os siendo un \u2018parteaguas\u2019 econ\u00f3mico para Guanajuato. - Blog | GPI NEWS","isPartOf":{"@id":"https:\/\/puertointerior.guanajuato.gob.mx\/blog\/#website"},"primaryImageOfPage":{"@id":"https:\/\/puertointerior.guanajuato.gob.mx\/blog\/2022\/08\/28\/puerto-interior-16-anos-siendo-un-parteaguas-economico-para-guanajuato\/#primaryimage"},"image":{"@id":"https:\/\/puertointerior.guanajuato.gob.mx\/blog\/2022\/08\/28\/puerto-interior-16-anos-siendo-un-parteaguas-economico-para-guanajuato\/#primaryimage"},"thumbnailUrl":"https:\/\/puertointerior.guanajuato.gob.mx\/blog\/wp-content\/uploads\/2022\/08\/pUERTO-interior-de-Guanajuato.jpg","datePublished":"2022-08-28T20:57:41+00:00","dateModified":"2022-08-30T21:14:57+00:00","author":{"@id":"https:\/\/puertointerior.guanajuato.gob.mx\/blog\/#\/schema\/person\/f4851bb8a48c32d7fba5285caf4ef1c4"},"breadcrumb":{"@id":"https:\/\/puertointerior.guanajuato.gob.mx\/blog\/2022\/08\/28\/puerto-interior-16-anos-siendo-un-parteaguas-economico-para-guanajuato\/#breadcrumb"},"inLanguage":"es","potentialAction":[{"@type":"ReadAction","target":["https:\/\/puertointerior.guanajuato.gob.mx\/blog\/2022\/08\/28\/puerto-interior-16-anos-siendo-un-parteaguas-economico-para-guanajuato\/"]}]},{"@type":"ImageObject","inLanguage":"es","@id":"https:\/\/puertointerior.guanajuato.gob.mx\/blog\/2022\/08\/28\/puerto-interior-16-anos-siendo-un-parteaguas-economico-para-guanajuato\/#primaryimage","url":"https:\/\/puertointerior.guanajuato.gob.mx\/blog\/wp-content\/uploads\/2022\/08\/pUERTO-interior-de-Guanajuato.jpg","contentUrl":"https:\/\/puertointerior.guanajuato.gob.mx\/blog\/wp-content\/uploads\/2022\/08\/pUERTO-interior-de-Guanajuato.jpg","width":1200,"height":630},{"@type":"BreadcrumbList","@id":"https:\/\/puertointerior.guanajuato.gob.mx\/blog\/2022\/08\/28\/puerto-interior-16-anos-siendo-un-parteaguas-economico-para-guanajuato\/#breadcrumb","itemListElement":[{"@type":"ListItem","position":1,"name":"Inicio","item":"https:\/\/puertointerior.guanajuato.gob.mx\/blog\/"},{"@type":"ListItem","position":2,"name":"Puerto Interior: 16 a\u00f1os siendo un \u2018parteaguas\u2019 econ\u00f3mico para Guanajuato."}]},{"@type":"WebSite","@id":"https:\/\/puertointerior.guanajuato.gob.mx\/blog\/#website","url":"https:\/\/puertointerior.guanajuato.gob.mx\/blog\/","name":"Blog | GPI NEWS","description":"Guanajuato Puerto Interior","potentialAction":[{"@type":"SearchAction","target":{"@type":"EntryPoint","urlTemplate":"https:\/\/puertointerior.guanajuato.gob.mx\/blog\/?s={search_term_string}"},"query-input":{"@type":"PropertyValueSpecification","valueRequired":true,"valueName":"search_term_string"}}],"inLanguage":"es"},{"@type":"Person","@id":"https:\/\/puertointerior.guanajuato.gob.mx\/blog\/#\/schema\/person\/f4851bb8a48c32d7fba5285caf4ef1c4","name":"GPI NEWS","image":{"@type":"ImageObject","inLanguage":"es","@id":"https:\/\/puertointerior.guanajuato.gob.mx\/blog\/#\/schema\/person\/image\/","url":"https:\/\/secure.gravatar.com\/avatar\/612aca53a708cefc5ebe15ab0bc63c51a8ba58563e45c17848fa400e627e2717?s=96&d=mm&r=g","contentUrl":"https:\/\/secure.gravatar.com\/avatar\/612aca53a708cefc5ebe15ab0bc63c51a8ba58563e45c17848fa400e627e2717?s=96&d=mm&r=g","caption":"GPI NEWS"},"url":"https:\/\/puertointerior.guanajuato.gob.mx\/blog\/author\/rafa-jacinto\/"}]}},"jetpack_featured_media_url":"https:\/\/puertointerior.guanajuato.gob.mx\/blog\/wp-content\/uploads\/2022\/08\/pUERTO-interior-de-Guanajuato.jpg","jetpack_sharing_enabled":true,"jetpack_shortlink":"https:\/\/wp.me\/pcnMPA-w2","_links":{"self":[{"href":"https:\/\/puertointerior.guanajuato.gob.mx\/blog\/wp-json\/wp\/v2\/posts\/1986","targetHints":{"allow":["GET"]}}],"collection":[{"href":"https:\/\/puertointerior.guanajuato.gob.mx\/blog\/wp-json\/wp\/v2\/posts"}],"about":[{"href":"https:\/\/puertointerior.guanajuato.gob.mx\/blog\/wp-json\/wp\/v2\/types\/post"}],"author":[{"embeddable":true,"href":"https:\/\/puertointerior.guanajuato.gob.mx\/blog\/wp-json\/wp\/v2\/users\/2"}],"replies":[{"embeddable":true,"href":"https:\/\/puertointerior.guanajuato.gob.mx\/blog\/wp-json\/wp\/v2\/comments?post=1986"}],"version-history":[{"count":2,"href":"https:\/\/puertointerior.guanajuato.gob.mx\/blog\/wp-json\/wp\/v2\/posts\/1986\/revisions"}],"predecessor-version":[{"id":1999,"href":"https:\/\/puertointerior.guanajuato.gob.mx\/blog\/wp-json\/wp\/v2\/posts\/1986\/revisions\/1999"}],"wp:featuredmedia":[{"embeddable":true,"href":"https:\/\/puertointerior.guanajuato.gob.mx\/blog\/wp-json\/wp\/v2\/media\/1988"}],"wp:attachment":[{"href":"https:\/\/puertointerior.guanajuato.gob.mx\/blog\/wp-json\/wp\/v2\/media?parent=1986"}],"wp:term":[{"taxonomy":"category","embeddable":true,"href":"https:\/\/puertointerior.guanajuato.gob.mx\/blog\/wp-json\/wp\/v2\/categories?post=1986"},{"taxonomy":"post_tag","embeddable":true,"href":"https:\/\/puertointerior.guanajuato.gob.mx\/blog\/wp-json\/wp\/v2\/tags?post=1986"}],"curies":[{"name":"wp","href":"https:\/\/api.w.org\/{rel}","templated":true}]}}