{"id":2121,"date":"2022-10-26T10:47:01","date_gmt":"2022-10-26T15:47:01","guid":{"rendered":"https:\/\/puertointerior.guanajuato.gob.mx\/blog\/?p=2121"},"modified":"2022-10-26T10:47:01","modified_gmt":"2022-10-26T15:47:01","slug":"inaugura-gobernador-ampliacion-de-denso-mexico-en-puerto-interior","status":"publish","type":"post","link":"https:\/\/puertointerior.guanajuato.gob.mx\/blog\/2022\/10\/26\/inaugura-gobernador-ampliacion-de-denso-mexico-en-puerto-interior\/","title":{"rendered":"Inaugura Gobernador ampliaci\u00f3n de Denso M\u00e9xico en Puerto Interior"},"content":{"rendered":"<ul>\n<li><strong>Guanajuato se consolida como una potencia industrial con la ampliaci\u00f3n de empresas como Denso: Diego Sinhue.<\/strong><\/li>\n<li><strong>La compa\u00f1\u00eda de origen japon\u00e9s invertir\u00e1 9.8 MDD en la ampliaci\u00f3n, lo que permitir\u00e1 la generaci\u00f3n de m\u00e1s de 200 nuevos empleos.<\/strong><\/li>\n<li><strong>La empresa de origen japon\u00e9s se dedica a la fabricaci\u00f3n de aires acondicionados, radiadores, alternadores y sistemas limpiaparabrisas.<\/strong><\/li>\n<\/ul>\n<p><strong>\u00a0 \u00a0\u00a0\u00a0\u00a0\u00a0\u00a0\u00a0\u00a0\u00a0 Silao, Gto. 25 de octubre de 2022.-<\/strong>\u00a0El Gobernador del Estado, Diego Sinhue Rodr\u00edguez Vallejo, inaugur\u00f3 la tercera ampliaci\u00f3n de la empresa japonesa Denso, en su planta de Guanajuato Puerto Interior.<\/p>\n<p>\u201cHoy podemos decir con orgullo y satisfacci\u00f3n que Guanajuato es una potencia industrial, gracias a las alianzas de cooperaci\u00f3n que hemos construido a trav\u00e9s de los a\u00f1os, con empresas de clase mundial como Denso. Una gran compa\u00f1\u00eda, inscrita en el selecto grupo de Fortune 500, que ha sido pionera de la inversi\u00f3n japonesa en nuestro estado\u201d, dijo el Mandatario Estatal.<\/p>\n<p>Denso es una compa\u00f1\u00eda cuyo negocio principal es la fabricaci\u00f3n de componentes para la automoci\u00f3n, l\u00edder como proveedor de sistemas y componentes automotrices de tecnolog\u00eda y entre sus principales clientes, se encuentran Toyota, Honda, Ford, GM, Chrysler, Nissan y Volkswagen.<\/p>\n<p>El proyecto de expansi\u00f3n se concret\u00f3 en un terreno de 266 mil metros cuadrados con una inversi\u00f3n de 9.8 millones de d\u00f3lares, crecimiento que permitir\u00e1 la generaci\u00f3n de m\u00e1s de 200 nuevos empleos y el incremento de la capacidad de producci\u00f3n.<\/p>\n<p>La planta ubicada en Guanajuato Puerto Interior comenz\u00f3 operaciones en 2013 y a la fecha cuenta con 1 mil 800 colaboradores, quienes participan en la fabricaci\u00f3n de aires acondicionados, radiadores, alternadores y sistemas limpiaparabrisas.<\/p>\n<p>Denso tiene su sede en la ciudad de Kariya, Aichi, Jap\u00f3n e inici\u00f3 operaciones hace 26 a\u00f1os en M\u00e9xico, actualmente cuenta con dos plantas en el estado de Nuevo Le\u00f3n y dos en Guanajuato, una en Irapuato y la otra en Silao.<\/p>\n<p>La ampliaci\u00f3n est\u00e1 dise\u00f1ada como una \u201cPlanta brillante y verde\u201d gracias a sus instalaciones que conviven con el medio ambiente con un impacto positivo y consta de 40 mil 262 metros cuadrados de construcci\u00f3n y 18 mil metros cuadrados de edificio.<\/p>\n<p>El compromiso de Denso con la sociedad ha hecho que en su actividad empresarial incorpore proyectos sociales con entidades externas, tales como actividades de voluntariado en conjunto con el DIF e IMSS, donaci\u00f3n a escuelas y reforestaciones, entre otros. El 28 de mayo del 2019 inaugur\u00f3 la Guarder\u00eda Empresarial DENSO.<\/p>\n<p>\u201cGuanajuato y Denso compartimos valores como el trabajo y la disciplina. El respeto al ser humano y al medio ambiente. Compartimos una pasi\u00f3n por la innovaci\u00f3n, la investigaci\u00f3n y el desarrollo tecnol\u00f3gico. Compartimos un ADN de hacer bien las cosas y pensar con visi\u00f3n de futuro\u201d, dijo el Gobernador.<\/p>\n<p>En lo que va de la administraci\u00f3n, Guanajuato acumula 105 proyectos de inversi\u00f3n por 4 mil 549.2 millones de d\u00f3lares y 39 mil 403 empleos comprometidos. Lo que significa el 90.98% de la meta sexenal, de 5 mil millones de d\u00f3lares de atracci\u00f3n de inversiones.<\/p>\n<p>En la inauguraci\u00f3n estuvo presente Carlos Garc\u00eda Villase\u00f1or, Presidente Municipal de Silao; Hiromasa Hakamada, Presidente Denso M\u00e9xico; Ram\u00f3n Alfaro G\u00f3mez, Secretario de Desarrollo Econ\u00f3mico Sustentable; Yoshiki Ishihara, Vicepresidente Denso M\u00e9xico Baj\u00edo; H\u00e9ctor L\u00f3pez Santillana, Director General del Guanajuato Puerto Interior; y Felipe Esquivel, Secretario de Relaciones del Sindicato de Trabajadores de la Industria Metal, Mec\u00e1nica Automotriz Similares y Conexos de la Rep\u00fablica Mexicana.<\/p>\n<p>Tambi\u00e9n asisti\u00f3 Katsumi Itagaki, C\u00f3nsul General de Jap\u00f3n en Le\u00f3n; Janet Melanie Murillo Ch\u00e1vez, Diputada Local; Jos\u00e9 Salvador Tovar Vargas, Diputado Federal; Alfredo Arzola, Director del Cl\u00faster Automotriz Guanajuato; y Alberto Soto Ontiveros, Presidente de Organismos de Guanajuato Puerto Interior.<\/p>\n<p>Publicado originalmente por:\u00a0<a href=\"https:\/\/boletines.guanajuato.gob.mx\/2022\/10\/25\/inaugura-gobernador-ampliacion-de-denso-mexico-en-puerto-interior\/#:~:text=25%20de%20octubre%20de%202022,planta%20de%20Guanajuato%20Puerto%20Interior.\">https:\/\/boletines.guanajuato.gob.mx\/2022\/10\/25\/inaugura-gobernador-ampliacion-de-denso-mexico-en-puerto-interior\/#:~:text=25%20de%20octubre%20de%202022,planta%20de%20Guanajuato%20Puerto%20Interior.<\/a><\/p>\n","protected":false},"excerpt":{"rendered":"<p>Guanajuato se consolida como una potencia industrial con la ampliaci\u00f3n de empresas como Denso: Diego Sinhue. La compa\u00f1\u00eda de origen japon\u00e9s invertir\u00e1 9.8 MDD en la ampliaci\u00f3n, lo que permitir\u00e1 la generaci\u00f3n de m\u00e1s de 200 nuevos empleos. La empresa de origen japon\u00e9s se dedica a la fabricaci\u00f3n de aires acondicionados, radiadores, alternadores y sistemas [&hellip;]<\/p>\n","protected":false},"author":2,"featured_media":2123,"comment_status":"closed","ping_status":"open","sticky":false,"template":"","format":"standard","meta":{"jetpack_post_was_ever_published":false,"_jetpack_newsletter_access":"","_jetpack_dont_email_post_to_subs":false,"_jetpack_newsletter_tier_id":0,"_jetpack_memberships_contains_paywalled_content":false,"_jetpack_memberships_contains_paid_content":false,"footnotes":""},"categories":[20],"tags":[],"class_list":["post-2121","post","type-post","status-publish","format-standard","has-post-thumbnail","hentry","category-economic-development"],"yoast_head":"<!-- This site is optimized with the Yoast SEO plugin v25.7 - https:\/\/yoast.com\/wordpress\/plugins\/seo\/ -->\n<title>Inaugura Gobernador ampliaci\u00f3n de Denso M\u00e9xico en Puerto Interior - Blog | GPI NEWS<\/title>\n<meta name=\"robots\" content=\"index, follow, max-snippet:-1, max-image-preview:large, max-video-preview:-1\" \/>\n<link rel=\"canonical\" href=\"https:\/\/puertointerior.guanajuato.gob.mx\/blog\/2022\/10\/26\/inaugura-gobernador-ampliacion-de-denso-mexico-en-puerto-interior\/\" \/>\n<meta property=\"og:locale\" content=\"es_MX\" \/>\n<meta property=\"og:type\" content=\"article\" \/>\n<meta property=\"og:title\" content=\"Inaugura Gobernador ampliaci\u00f3n de Denso M\u00e9xico en Puerto Interior - Blog | GPI NEWS\" \/>\n<meta property=\"og:description\" content=\"Guanajuato se consolida como una potencia industrial con la ampliaci\u00f3n de empresas como Denso: Diego Sinhue. La compa\u00f1\u00eda de origen japon\u00e9s invertir\u00e1 9.8 MDD en la ampliaci\u00f3n, lo que permitir\u00e1 la generaci\u00f3n de m\u00e1s de 200 nuevos empleos. La empresa de origen japon\u00e9s se dedica a la fabricaci\u00f3n de aires acondicionados, radiadores, alternadores y sistemas [&hellip;]\" \/>\n<meta property=\"og:url\" content=\"https:\/\/puertointerior.guanajuato.gob.mx\/blog\/2022\/10\/26\/inaugura-gobernador-ampliacion-de-denso-mexico-en-puerto-interior\/\" \/>\n<meta property=\"og:site_name\" content=\"Blog | GPI NEWS\" \/>\n<meta property=\"article:published_time\" content=\"2022-10-26T15:47:01+00:00\" \/>\n<meta property=\"og:image\" content=\"https:\/\/puertointerior.guanajuato.gob.mx\/blog\/wp-content\/uploads\/2022\/10\/diego_1.jpg\" \/>\n\t<meta property=\"og:image:width\" content=\"1200\" \/>\n\t<meta property=\"og:image:height\" content=\"620\" \/>\n\t<meta property=\"og:image:type\" content=\"image\/jpeg\" \/>\n<meta name=\"author\" content=\"GPI NEWS\" \/>\n<meta name=\"twitter:card\" content=\"summary_large_image\" \/>\n<meta name=\"twitter:label1\" content=\"Escrito por\" \/>\n\t<meta name=\"twitter:data1\" content=\"GPI NEWS\" \/>\n\t<meta name=\"twitter:label2\" content=\"Tiempo de lectura\" \/>\n\t<meta name=\"twitter:data2\" content=\"3 minutos\" \/>\n<script type=\"application\/ld+json\" class=\"yoast-schema-graph\">{\"@context\":\"https:\/\/schema.org\",\"@graph\":[{\"@type\":\"WebPage\",\"@id\":\"https:\/\/puertointerior.guanajuato.gob.mx\/blog\/2022\/10\/26\/inaugura-gobernador-ampliacion-de-denso-mexico-en-puerto-interior\/\",\"url\":\"https:\/\/puertointerior.guanajuato.gob.mx\/blog\/2022\/10\/26\/inaugura-gobernador-ampliacion-de-denso-mexico-en-puerto-interior\/\",\"name\":\"Inaugura Gobernador ampliaci\u00f3n de Denso M\u00e9xico en Puerto Interior - Blog | GPI NEWS\",\"isPartOf\":{\"@id\":\"https:\/\/puertointerior.guanajuato.gob.mx\/blog\/#website\"},\"primaryImageOfPage\":{\"@id\":\"https:\/\/puertointerior.guanajuato.gob.mx\/blog\/2022\/10\/26\/inaugura-gobernador-ampliacion-de-denso-mexico-en-puerto-interior\/#primaryimage\"},\"image\":{\"@id\":\"https:\/\/puertointerior.guanajuato.gob.mx\/blog\/2022\/10\/26\/inaugura-gobernador-ampliacion-de-denso-mexico-en-puerto-interior\/#primaryimage\"},\"thumbnailUrl\":\"https:\/\/puertointerior.guanajuato.gob.mx\/blog\/wp-content\/uploads\/2022\/10\/diego_1.jpg\",\"datePublished\":\"2022-10-26T15:47:01+00:00\",\"author\":{\"@id\":\"https:\/\/puertointerior.guanajuato.gob.mx\/blog\/#\/schema\/person\/f4851bb8a48c32d7fba5285caf4ef1c4\"},\"breadcrumb\":{\"@id\":\"https:\/\/puertointerior.guanajuato.gob.mx\/blog\/2022\/10\/26\/inaugura-gobernador-ampliacion-de-denso-mexico-en-puerto-interior\/#breadcrumb\"},\"inLanguage\":\"es\",\"potentialAction\":[{\"@type\":\"ReadAction\",\"target\":[\"https:\/\/puertointerior.guanajuato.gob.mx\/blog\/2022\/10\/26\/inaugura-gobernador-ampliacion-de-denso-mexico-en-puerto-interior\/\"]}]},{\"@type\":\"ImageObject\",\"inLanguage\":\"es\",\"@id\":\"https:\/\/puertointerior.guanajuato.gob.mx\/blog\/2022\/10\/26\/inaugura-gobernador-ampliacion-de-denso-mexico-en-puerto-interior\/#primaryimage\",\"url\":\"https:\/\/puertointerior.guanajuato.gob.mx\/blog\/wp-content\/uploads\/2022\/10\/diego_1.jpg\",\"contentUrl\":\"https:\/\/puertointerior.guanajuato.gob.mx\/blog\/wp-content\/uploads\/2022\/10\/diego_1.jpg\",\"width\":1200,\"height\":620},{\"@type\":\"BreadcrumbList\",\"@id\":\"https:\/\/puertointerior.guanajuato.gob.mx\/blog\/2022\/10\/26\/inaugura-gobernador-ampliacion-de-denso-mexico-en-puerto-interior\/#breadcrumb\",\"itemListElement\":[{\"@type\":\"ListItem\",\"position\":1,\"name\":\"Inicio\",\"item\":\"https:\/\/puertointerior.guanajuato.gob.mx\/blog\/\"},{\"@type\":\"ListItem\",\"position\":2,\"name\":\"Inaugura Gobernador ampliaci\u00f3n de Denso M\u00e9xico en Puerto Interior\"}]},{\"@type\":\"WebSite\",\"@id\":\"https:\/\/puertointerior.guanajuato.gob.mx\/blog\/#website\",\"url\":\"https:\/\/puertointerior.guanajuato.gob.mx\/blog\/\",\"name\":\"Blog | GPI NEWS\",\"description\":\"Guanajuato Puerto Interior\",\"potentialAction\":[{\"@type\":\"SearchAction\",\"target\":{\"@type\":\"EntryPoint\",\"urlTemplate\":\"https:\/\/puertointerior.guanajuato.gob.mx\/blog\/?s={search_term_string}\"},\"query-input\":{\"@type\":\"PropertyValueSpecification\",\"valueRequired\":true,\"valueName\":\"search_term_string\"}}],\"inLanguage\":\"es\"},{\"@type\":\"Person\",\"@id\":\"https:\/\/puertointerior.guanajuato.gob.mx\/blog\/#\/schema\/person\/f4851bb8a48c32d7fba5285caf4ef1c4\",\"name\":\"GPI NEWS\",\"image\":{\"@type\":\"ImageObject\",\"inLanguage\":\"es\",\"@id\":\"https:\/\/puertointerior.guanajuato.gob.mx\/blog\/#\/schema\/person\/image\/\",\"url\":\"https:\/\/secure.gravatar.com\/avatar\/612aca53a708cefc5ebe15ab0bc63c51a8ba58563e45c17848fa400e627e2717?s=96&d=mm&r=g\",\"contentUrl\":\"https:\/\/secure.gravatar.com\/avatar\/612aca53a708cefc5ebe15ab0bc63c51a8ba58563e45c17848fa400e627e2717?s=96&d=mm&r=g\",\"caption\":\"GPI NEWS\"},\"url\":\"https:\/\/puertointerior.guanajuato.gob.mx\/blog\/author\/rafa-jacinto\/\"}]}<\/script>\n<!-- \/ Yoast SEO plugin. -->","yoast_head_json":{"title":"Inaugura Gobernador ampliaci\u00f3n de Denso M\u00e9xico en Puerto Interior - Blog | GPI NEWS","robots":{"index":"index","follow":"follow","max-snippet":"max-snippet:-1","max-image-preview":"max-image-preview:large","max-video-preview":"max-video-preview:-1"},"canonical":"https:\/\/puertointerior.guanajuato.gob.mx\/blog\/2022\/10\/26\/inaugura-gobernador-ampliacion-de-denso-mexico-en-puerto-interior\/","og_locale":"es_MX","og_type":"article","og_title":"Inaugura Gobernador ampliaci\u00f3n de Denso M\u00e9xico en Puerto Interior - Blog | GPI NEWS","og_description":"Guanajuato se consolida como una potencia industrial con la ampliaci\u00f3n de empresas como Denso: Diego Sinhue. La compa\u00f1\u00eda de origen japon\u00e9s invertir\u00e1 9.8 MDD en la ampliaci\u00f3n, lo que permitir\u00e1 la generaci\u00f3n de m\u00e1s de 200 nuevos empleos. La empresa de origen japon\u00e9s se dedica a la fabricaci\u00f3n de aires acondicionados, radiadores, alternadores y sistemas [&hellip;]","og_url":"https:\/\/puertointerior.guanajuato.gob.mx\/blog\/2022\/10\/26\/inaugura-gobernador-ampliacion-de-denso-mexico-en-puerto-interior\/","og_site_name":"Blog | GPI NEWS","article_published_time":"2022-10-26T15:47:01+00:00","og_image":[{"width":1200,"height":620,"url":"https:\/\/puertointerior.guanajuato.gob.mx\/blog\/wp-content\/uploads\/2022\/10\/diego_1.jpg","type":"image\/jpeg"}],"author":"GPI NEWS","twitter_card":"summary_large_image","twitter_misc":{"Escrito por":"GPI NEWS","Tiempo de lectura":"3 minutos"},"schema":{"@context":"https:\/\/schema.org","@graph":[{"@type":"WebPage","@id":"https:\/\/puertointerior.guanajuato.gob.mx\/blog\/2022\/10\/26\/inaugura-gobernador-ampliacion-de-denso-mexico-en-puerto-interior\/","url":"https:\/\/puertointerior.guanajuato.gob.mx\/blog\/2022\/10\/26\/inaugura-gobernador-ampliacion-de-denso-mexico-en-puerto-interior\/","name":"Inaugura Gobernador ampliaci\u00f3n de Denso M\u00e9xico en Puerto Interior - Blog | GPI NEWS","isPartOf":{"@id":"https:\/\/puertointerior.guanajuato.gob.mx\/blog\/#website"},"primaryImageOfPage":{"@id":"https:\/\/puertointerior.guanajuato.gob.mx\/blog\/2022\/10\/26\/inaugura-gobernador-ampliacion-de-denso-mexico-en-puerto-interior\/#primaryimage"},"image":{"@id":"https:\/\/puertointerior.guanajuato.gob.mx\/blog\/2022\/10\/26\/inaugura-gobernador-ampliacion-de-denso-mexico-en-puerto-interior\/#primaryimage"},"thumbnailUrl":"https:\/\/puertointerior.guanajuato.gob.mx\/blog\/wp-content\/uploads\/2022\/10\/diego_1.jpg","datePublished":"2022-10-26T15:47:01+00:00","author":{"@id":"https:\/\/puertointerior.guanajuato.gob.mx\/blog\/#\/schema\/person\/f4851bb8a48c32d7fba5285caf4ef1c4"},"breadcrumb":{"@id":"https:\/\/puertointerior.guanajuato.gob.mx\/blog\/2022\/10\/26\/inaugura-gobernador-ampliacion-de-denso-mexico-en-puerto-interior\/#breadcrumb"},"inLanguage":"es","potentialAction":[{"@type":"ReadAction","target":["https:\/\/puertointerior.guanajuato.gob.mx\/blog\/2022\/10\/26\/inaugura-gobernador-ampliacion-de-denso-mexico-en-puerto-interior\/"]}]},{"@type":"ImageObject","inLanguage":"es","@id":"https:\/\/puertointerior.guanajuato.gob.mx\/blog\/2022\/10\/26\/inaugura-gobernador-ampliacion-de-denso-mexico-en-puerto-interior\/#primaryimage","url":"https:\/\/puertointerior.guanajuato.gob.mx\/blog\/wp-content\/uploads\/2022\/10\/diego_1.jpg","contentUrl":"https:\/\/puertointerior.guanajuato.gob.mx\/blog\/wp-content\/uploads\/2022\/10\/diego_1.jpg","width":1200,"height":620},{"@type":"BreadcrumbList","@id":"https:\/\/puertointerior.guanajuato.gob.mx\/blog\/2022\/10\/26\/inaugura-gobernador-ampliacion-de-denso-mexico-en-puerto-interior\/#breadcrumb","itemListElement":[{"@type":"ListItem","position":1,"name":"Inicio","item":"https:\/\/puertointerior.guanajuato.gob.mx\/blog\/"},{"@type":"ListItem","position":2,"name":"Inaugura Gobernador ampliaci\u00f3n de Denso M\u00e9xico en Puerto Interior"}]},{"@type":"WebSite","@id":"https:\/\/puertointerior.guanajuato.gob.mx\/blog\/#website","url":"https:\/\/puertointerior.guanajuato.gob.mx\/blog\/","name":"Blog | GPI NEWS","description":"Guanajuato Puerto Interior","potentialAction":[{"@type":"SearchAction","target":{"@type":"EntryPoint","urlTemplate":"https:\/\/puertointerior.guanajuato.gob.mx\/blog\/?s={search_term_string}"},"query-input":{"@type":"PropertyValueSpecification","valueRequired":true,"valueName":"search_term_string"}}],"inLanguage":"es"},{"@type":"Person","@id":"https:\/\/puertointerior.guanajuato.gob.mx\/blog\/#\/schema\/person\/f4851bb8a48c32d7fba5285caf4ef1c4","name":"GPI NEWS","image":{"@type":"ImageObject","inLanguage":"es","@id":"https:\/\/puertointerior.guanajuato.gob.mx\/blog\/#\/schema\/person\/image\/","url":"https:\/\/secure.gravatar.com\/avatar\/612aca53a708cefc5ebe15ab0bc63c51a8ba58563e45c17848fa400e627e2717?s=96&d=mm&r=g","contentUrl":"https:\/\/secure.gravatar.com\/avatar\/612aca53a708cefc5ebe15ab0bc63c51a8ba58563e45c17848fa400e627e2717?s=96&d=mm&r=g","caption":"GPI NEWS"},"url":"https:\/\/puertointerior.guanajuato.gob.mx\/blog\/author\/rafa-jacinto\/"}]}},"jetpack_featured_media_url":"https:\/\/puertointerior.guanajuato.gob.mx\/blog\/wp-content\/uploads\/2022\/10\/diego_1.jpg","jetpack_sharing_enabled":true,"jetpack_shortlink":"https:\/\/wp.me\/pcnMPA-yd","_links":{"self":[{"href":"https:\/\/puertointerior.guanajuato.gob.mx\/blog\/wp-json\/wp\/v2\/posts\/2121","targetHints":{"allow":["GET"]}}],"collection":[{"href":"https:\/\/puertointerior.guanajuato.gob.mx\/blog\/wp-json\/wp\/v2\/posts"}],"about":[{"href":"https:\/\/puertointerior.guanajuato.gob.mx\/blog\/wp-json\/wp\/v2\/types\/post"}],"author":[{"embeddable":true,"href":"https:\/\/puertointerior.guanajuato.gob.mx\/blog\/wp-json\/wp\/v2\/users\/2"}],"replies":[{"embeddable":true,"href":"https:\/\/puertointerior.guanajuato.gob.mx\/blog\/wp-json\/wp\/v2\/comments?post=2121"}],"version-history":[{"count":1,"href":"https:\/\/puertointerior.guanajuato.gob.mx\/blog\/wp-json\/wp\/v2\/posts\/2121\/revisions"}],"predecessor-version":[{"id":2122,"href":"https:\/\/puertointerior.guanajuato.gob.mx\/blog\/wp-json\/wp\/v2\/posts\/2121\/revisions\/2122"}],"wp:featuredmedia":[{"embeddable":true,"href":"https:\/\/puertointerior.guanajuato.gob.mx\/blog\/wp-json\/wp\/v2\/media\/2123"}],"wp:attachment":[{"href":"https:\/\/puertointerior.guanajuato.gob.mx\/blog\/wp-json\/wp\/v2\/media?parent=2121"}],"wp:term":[{"taxonomy":"category","embeddable":true,"href":"https:\/\/puertointerior.guanajuato.gob.mx\/blog\/wp-json\/wp\/v2\/categories?post=2121"},{"taxonomy":"post_tag","embeddable":true,"href":"https:\/\/puertointerior.guanajuato.gob.mx\/blog\/wp-json\/wp\/v2\/tags?post=2121"}],"curies":[{"name":"wp","href":"https:\/\/api.w.org\/{rel}","templated":true}]}}