{"id":21257,"date":"2025-11-06T15:41:35","date_gmt":"2025-11-06T20:41:35","guid":{"rendered":"https:\/\/puertointerior.guanajuato.gob.mx\/blog\/?p=21257"},"modified":"2025-11-06T15:41:35","modified_gmt":"2025-11-06T20:41:35","slug":"guanajuato-puerto-interior-participa-con-tocando-puertas-en-la-comunidad-de-el-coecillo-en-silao","status":"publish","type":"post","link":"https:\/\/puertointerior.guanajuato.gob.mx\/blog\/2025\/11\/06\/guanajuato-puerto-interior-participa-con-tocando-puertas-en-la-comunidad-de-el-coecillo-en-silao\/","title":{"rendered":"Guanajuato Puerto Interior participa con \u201cTocando Puertas\u201d en la comunidad de El Coecillo, en Silao"},"content":{"rendered":"<ul>\n<li style=\"text-align: justify\">El director de Guanajuato Puerto Interior, H\u00e9ctor L\u00f3pez Santillana visit\u00f3 a los habitantes de la comunidad El Coecillo para escuchar sus necesidades y ofrecer los apoyos y servicios que ofrece el Gobierno de la Gente.<\/li>\n<li style=\"text-align: justify\">\u00a0\u201cTocando Puertas\u201d es una estrategia que encabeza la Gobernadora Libia Dennise Garc\u00eda Mu\u00f1oz Ledo y busca reforzar la cercan\u00eda y comunicaci\u00f3n con los habitantes del Estado.<\/li>\n<\/ul>\n<p>&nbsp;<\/p>\n<p style=\"text-align: justify\"><strong><img loading=\"lazy\" decoding=\"async\" data-attachment-id=\"21263\" data-permalink=\"https:\/\/puertointerior.guanajuato.gob.mx\/blog\/2025\/11\/06\/guanajuato-puerto-interior-participa-con-tocando-puertas-en-la-comunidad-de-el-coecillo-en-silao\/3-4\/\" data-orig-file=\"https:\/\/puertointerior.guanajuato.gob.mx\/blog\/wp-content\/uploads\/2025\/11\/3-scaled.jpg\" data-orig-size=\"2560,1707\" data-comments-opened=\"0\" data-image-meta=\"{&quot;aperture&quot;:&quot;9&quot;,&quot;credit&quot;:&quot;&quot;,&quot;camera&quot;:&quot;ILCE-7M2&quot;,&quot;caption&quot;:&quot;&quot;,&quot;created_timestamp&quot;:&quot;1762258575&quot;,&quot;copyright&quot;:&quot;&quot;,&quot;focal_length&quot;:&quot;24&quot;,&quot;iso&quot;:&quot;160&quot;,&quot;shutter_speed&quot;:&quot;0.008&quot;,&quot;title&quot;:&quot;&quot;,&quot;orientation&quot;:&quot;0&quot;}\" data-image-title=\"3\" data-image-description=\"\" data-image-caption=\"\" data-medium-file=\"https:\/\/puertointerior.guanajuato.gob.mx\/blog\/wp-content\/uploads\/2025\/11\/3-300x200.jpg\" data-large-file=\"https:\/\/puertointerior.guanajuato.gob.mx\/blog\/wp-content\/uploads\/2025\/11\/3-1024x683.jpg\" class=\"wp-image-21263 alignright\" src=\"https:\/\/puertointerior.guanajuato.gob.mx\/blog\/wp-content\/uploads\/2025\/11\/3-300x200.jpg\" alt=\"\" width=\"308\" height=\"205\" srcset=\"https:\/\/puertointerior.guanajuato.gob.mx\/blog\/wp-content\/uploads\/2025\/11\/3-300x200.jpg 300w, https:\/\/puertointerior.guanajuato.gob.mx\/blog\/wp-content\/uploads\/2025\/11\/3-1024x683.jpg 1024w, https:\/\/puertointerior.guanajuato.gob.mx\/blog\/wp-content\/uploads\/2025\/11\/3-768x512.jpg 768w, https:\/\/puertointerior.guanajuato.gob.mx\/blog\/wp-content\/uploads\/2025\/11\/3-1536x1024.jpg 1536w, https:\/\/puertointerior.guanajuato.gob.mx\/blog\/wp-content\/uploads\/2025\/11\/3-2048x1365.jpg 2048w, https:\/\/puertointerior.guanajuato.gob.mx\/blog\/wp-content\/uploads\/2025\/11\/3-1080x720.jpg 1080w\" sizes=\"auto, (max-width: 308px) 100vw, 308px\" \/>Silao, Gto., a 6 de noviembre de 2025.<\/strong>\u2013 Como parte del programa <strong>\u201cTocando Puertas\u201d<\/strong>, que encabeza la gobernadora <strong>Libia Dennise Garc\u00eda Mu\u00f1oz Ledo<\/strong>, el director general de <strong>Guanajuato Puerto Interior (GPI)<\/strong>, <strong>H\u00e9ctor L\u00f3pez Santillana<\/strong>, visit\u00f3 la comunidad de <strong>El Coecillo<\/strong>, vecina de esta importante plataforma log\u00edstica e industrial, para fortalecer la comunicaci\u00f3n con sus habitantes, escuchar y conocer sus necesidades, as\u00ed como acercar los apoyos que impulsa el <strong>Gobierno de la Gente<\/strong>.<\/p>\n<p style=\"text-align: justify\">Durante el recorrido, L\u00f3pez Santillana al conversar con los habitantes constat\u00f3 los beneficios que <strong>Guanajuato Puerto Interior<\/strong>, organismo descentralizado del <strong>Gobierno de la Gente<\/strong>, est\u00e1 llevando a los habitantes de El Coecillo. Entre ellos destacan las oportunidades de empleo para j\u00f3venes, la <strong>rehabilitaci\u00f3n del camino de La Jungla<\/strong>, la <strong>oferta de talleres y servicios<\/strong> que brinda el <strong>centro de responsabilidad social COMUNDIMAX<\/strong>, as\u00ed como la pr\u00e1ctica de actividades deportivas en el <strong>parque lineal<\/strong>, actualmente en su primera etapa de construcci\u00f3n, que ya cuenta con canchas, sanitarios y \u00e1reas de convivencia.<\/p>\n<p style=\"text-align: justify\">El director general de GPI escuch\u00f3 muchas historias de los colonos que reflejan el impacto positivo de estas acciones, entre ellas el testimonio de <strong>C\u00e9sar Cardoso Bonilla<\/strong>, propietario de un comercio de alimentos, quien diariamente abastece a una veintena de empresas instaladas en el complejo industrial, como <strong>Pirelli<\/strong> y <strong>Denso<\/strong>, entre otras.<\/p>\n<blockquote><p><img loading=\"lazy\" decoding=\"async\" data-attachment-id=\"21259\" data-permalink=\"https:\/\/puertointerior.guanajuato.gob.mx\/blog\/2025\/11\/06\/guanajuato-puerto-interior-participa-con-tocando-puertas-en-la-comunidad-de-el-coecillo-en-silao\/whatsapp-image-2025-11-05-a-19-29-46_28695926\/\" data-orig-file=\"https:\/\/puertointerior.guanajuato.gob.mx\/blog\/wp-content\/uploads\/2025\/11\/WhatsApp-Image-2025-11-05-a-19.29.46_28695926.jpg\" data-orig-size=\"1280,960\" data-comments-opened=\"0\" data-image-meta=\"{&quot;aperture&quot;:&quot;0&quot;,&quot;credit&quot;:&quot;&quot;,&quot;camera&quot;:&quot;&quot;,&quot;caption&quot;:&quot;&quot;,&quot;created_timestamp&quot;:&quot;0&quot;,&quot;copyright&quot;:&quot;&quot;,&quot;focal_length&quot;:&quot;0&quot;,&quot;iso&quot;:&quot;0&quot;,&quot;shutter_speed&quot;:&quot;0&quot;,&quot;title&quot;:&quot;&quot;,&quot;orientation&quot;:&quot;0&quot;}\" data-image-title=\"WhatsApp Image 2025-11-05 \u00e0 19.29.46_28695926\" data-image-description=\"\" data-image-caption=\"\" data-medium-file=\"https:\/\/puertointerior.guanajuato.gob.mx\/blog\/wp-content\/uploads\/2025\/11\/WhatsApp-Image-2025-11-05-a-19.29.46_28695926-300x225.jpg\" data-large-file=\"https:\/\/puertointerior.guanajuato.gob.mx\/blog\/wp-content\/uploads\/2025\/11\/WhatsApp-Image-2025-11-05-a-19.29.46_28695926-1024x768.jpg\" class=\"size-medium wp-image-21259 alignleft\" src=\"https:\/\/puertointerior.guanajuato.gob.mx\/blog\/wp-content\/uploads\/2025\/11\/WhatsApp-Image-2025-11-05-a-19.29.46_28695926-300x225.jpg\" alt=\"\" width=\"300\" height=\"225\" srcset=\"https:\/\/puertointerior.guanajuato.gob.mx\/blog\/wp-content\/uploads\/2025\/11\/WhatsApp-Image-2025-11-05-a-19.29.46_28695926-300x225.jpg 300w, https:\/\/puertointerior.guanajuato.gob.mx\/blog\/wp-content\/uploads\/2025\/11\/WhatsApp-Image-2025-11-05-a-19.29.46_28695926-1024x768.jpg 1024w, https:\/\/puertointerior.guanajuato.gob.mx\/blog\/wp-content\/uploads\/2025\/11\/WhatsApp-Image-2025-11-05-a-19.29.46_28695926-768x576.jpg 768w, https:\/\/puertointerior.guanajuato.gob.mx\/blog\/wp-content\/uploads\/2025\/11\/WhatsApp-Image-2025-11-05-a-19.29.46_28695926-510x382.jpg 510w, https:\/\/puertointerior.guanajuato.gob.mx\/blog\/wp-content\/uploads\/2025\/11\/WhatsApp-Image-2025-11-05-a-19.29.46_28695926-1080x810.jpg 1080w, https:\/\/puertointerior.guanajuato.gob.mx\/blog\/wp-content\/uploads\/2025\/11\/WhatsApp-Image-2025-11-05-a-19.29.46_28695926.jpg 1280w\" sizes=\"auto, (max-width: 300px) 100vw, 300px\" \/><em style=\"text-align: justify\">\u201cTengo unos 15 a\u00f1os trabajando para varias empresas del Puerto Interior. Todos los d\u00edas empiezo a las siete de la ma\u00f1ana y termino como a la una de la tarde. De lo que vendo \u2014tacos, tortas y quesadillas\u2014 depende pr\u00e1cticamente el sustento de mi familia\u201d,<\/em><span style=\"text-align: justify\"> comparti\u00f3 C\u00e9sar. En respuesta, L\u00f3pez Santillana le inform\u00f3 sobre la posibilidad de adquirir un financiamiento que pueda hacer que su negocio crezca.<\/span><\/p><\/blockquote>\n<p><span style=\"font-size: 10pt\">Testimonio de C\u00e9sar Cardoso Bonilla, habitante de la Comunidad El Coecillo.<\/span><\/p>\n<p style=\"text-align: justify\">Al reflexionar sobre el sentido de su visita, <strong>H\u00e9ctor L\u00f3pez Santillana<\/strong> destac\u00f3 la importancia de servir como eje de toda acci\u00f3n de gobierno e instituci\u00f3n:<\/p>\n<blockquote>\n<p style=\"text-align: justify\"><em>\u201cEstoy convencido de que todo lo que hacemos en esta vida debe tener el prop\u00f3sito fundamental de servir; de esta manera podremos recuperar la paz, la armon\u00eda y la felicidad entre nuestras familias.\u201d<\/em><\/p>\n<\/blockquote>\n<p><img loading=\"lazy\" decoding=\"async\" data-attachment-id=\"21260\" data-permalink=\"https:\/\/puertointerior.guanajuato.gob.mx\/blog\/2025\/11\/06\/guanajuato-puerto-interior-participa-con-tocando-puertas-en-la-comunidad-de-el-coecillo-en-silao\/2-5\/\" data-orig-file=\"https:\/\/puertointerior.guanajuato.gob.mx\/blog\/wp-content\/uploads\/2025\/11\/2-scaled.jpg\" data-orig-size=\"2560,1707\" data-comments-opened=\"0\" data-image-meta=\"{&quot;aperture&quot;:&quot;9&quot;,&quot;credit&quot;:&quot;&quot;,&quot;camera&quot;:&quot;ILCE-7M2&quot;,&quot;caption&quot;:&quot;&quot;,&quot;created_timestamp&quot;:&quot;1762260332&quot;,&quot;copyright&quot;:&quot;&quot;,&quot;focal_length&quot;:&quot;70&quot;,&quot;iso&quot;:&quot;160&quot;,&quot;shutter_speed&quot;:&quot;0.008&quot;,&quot;title&quot;:&quot;&quot;,&quot;orientation&quot;:&quot;0&quot;}\" data-image-title=\"2\" data-image-description=\"\" data-image-caption=\"\" data-medium-file=\"https:\/\/puertointerior.guanajuato.gob.mx\/blog\/wp-content\/uploads\/2025\/11\/2-300x200.jpg\" data-large-file=\"https:\/\/puertointerior.guanajuato.gob.mx\/blog\/wp-content\/uploads\/2025\/11\/2-1024x683.jpg\" class=\"alignnone  wp-image-21260\" src=\"https:\/\/puertointerior.guanajuato.gob.mx\/blog\/wp-content\/uploads\/2025\/11\/2-300x200.jpg\" alt=\"\" width=\"251\" height=\"167\" srcset=\"https:\/\/puertointerior.guanajuato.gob.mx\/blog\/wp-content\/uploads\/2025\/11\/2-300x200.jpg 300w, https:\/\/puertointerior.guanajuato.gob.mx\/blog\/wp-content\/uploads\/2025\/11\/2-1024x683.jpg 1024w, https:\/\/puertointerior.guanajuato.gob.mx\/blog\/wp-content\/uploads\/2025\/11\/2-768x512.jpg 768w, https:\/\/puertointerior.guanajuato.gob.mx\/blog\/wp-content\/uploads\/2025\/11\/2-1536x1024.jpg 1536w, https:\/\/puertointerior.guanajuato.gob.mx\/blog\/wp-content\/uploads\/2025\/11\/2-2048x1365.jpg 2048w, https:\/\/puertointerior.guanajuato.gob.mx\/blog\/wp-content\/uploads\/2025\/11\/2-1080x720.jpg 1080w\" sizes=\"auto, (max-width: 251px) 100vw, 251px\" \/> <img loading=\"lazy\" decoding=\"async\" data-attachment-id=\"21261\" data-permalink=\"https:\/\/puertointerior.guanajuato.gob.mx\/blog\/2025\/11\/06\/guanajuato-puerto-interior-participa-con-tocando-puertas-en-la-comunidad-de-el-coecillo-en-silao\/6-2\/\" data-orig-file=\"https:\/\/puertointerior.guanajuato.gob.mx\/blog\/wp-content\/uploads\/2025\/11\/6-scaled.jpg\" data-orig-size=\"2560,1707\" data-comments-opened=\"0\" data-image-meta=\"{&quot;aperture&quot;:&quot;3.2&quot;,&quot;credit&quot;:&quot;&quot;,&quot;camera&quot;:&quot;ILCE-7M2&quot;,&quot;caption&quot;:&quot;&quot;,&quot;created_timestamp&quot;:&quot;1762254649&quot;,&quot;copyright&quot;:&quot;&quot;,&quot;focal_length&quot;:&quot;24&quot;,&quot;iso&quot;:&quot;200&quot;,&quot;shutter_speed&quot;:&quot;0.0125&quot;,&quot;title&quot;:&quot;&quot;,&quot;orientation&quot;:&quot;0&quot;}\" data-image-title=\"6\" data-image-description=\"\" data-image-caption=\"\" data-medium-file=\"https:\/\/puertointerior.guanajuato.gob.mx\/blog\/wp-content\/uploads\/2025\/11\/6-300x200.jpg\" data-large-file=\"https:\/\/puertointerior.guanajuato.gob.mx\/blog\/wp-content\/uploads\/2025\/11\/6-1024x683.jpg\" class=\"alignnone  wp-image-21261\" src=\"https:\/\/puertointerior.guanajuato.gob.mx\/blog\/wp-content\/uploads\/2025\/11\/6-300x200.jpg\" alt=\"\" width=\"251\" height=\"167\" srcset=\"https:\/\/puertointerior.guanajuato.gob.mx\/blog\/wp-content\/uploads\/2025\/11\/6-300x200.jpg 300w, https:\/\/puertointerior.guanajuato.gob.mx\/blog\/wp-content\/uploads\/2025\/11\/6-1024x683.jpg 1024w, https:\/\/puertointerior.guanajuato.gob.mx\/blog\/wp-content\/uploads\/2025\/11\/6-768x512.jpg 768w, https:\/\/puertointerior.guanajuato.gob.mx\/blog\/wp-content\/uploads\/2025\/11\/6-1536x1024.jpg 1536w, https:\/\/puertointerior.guanajuato.gob.mx\/blog\/wp-content\/uploads\/2025\/11\/6-2048x1365.jpg 2048w, https:\/\/puertointerior.guanajuato.gob.mx\/blog\/wp-content\/uploads\/2025\/11\/6-1080x720.jpg 1080w\" sizes=\"auto, (max-width: 251px) 100vw, 251px\" \/> <img loading=\"lazy\" decoding=\"async\" data-attachment-id=\"21262\" data-permalink=\"https:\/\/puertointerior.guanajuato.gob.mx\/blog\/2025\/11\/06\/guanajuato-puerto-interior-participa-con-tocando-puertas-en-la-comunidad-de-el-coecillo-en-silao\/_dsc4082\/\" data-orig-file=\"https:\/\/puertointerior.guanajuato.gob.mx\/blog\/wp-content\/uploads\/2025\/11\/DSC4082-scaled.jpg\" data-orig-size=\"2560,1707\" data-comments-opened=\"0\" data-image-meta=\"{&quot;aperture&quot;:&quot;3.2&quot;,&quot;credit&quot;:&quot;&quot;,&quot;camera&quot;:&quot;ILCE-7M2&quot;,&quot;caption&quot;:&quot;&quot;,&quot;created_timestamp&quot;:&quot;1762254286&quot;,&quot;copyright&quot;:&quot;&quot;,&quot;focal_length&quot;:&quot;50&quot;,&quot;iso&quot;:&quot;200&quot;,&quot;shutter_speed&quot;:&quot;0.00125&quot;,&quot;title&quot;:&quot;&quot;,&quot;orientation&quot;:&quot;0&quot;}\" data-image-title=\"_DSC4082\" data-image-description=\"\" data-image-caption=\"\" data-medium-file=\"https:\/\/puertointerior.guanajuato.gob.mx\/blog\/wp-content\/uploads\/2025\/11\/DSC4082-300x200.jpg\" data-large-file=\"https:\/\/puertointerior.guanajuato.gob.mx\/blog\/wp-content\/uploads\/2025\/11\/DSC4082-1024x683.jpg\" class=\"alignnone  wp-image-21262\" src=\"https:\/\/puertointerior.guanajuato.gob.mx\/blog\/wp-content\/uploads\/2025\/11\/DSC4082-300x200.jpg\" alt=\"\" width=\"248\" height=\"165\" srcset=\"https:\/\/puertointerior.guanajuato.gob.mx\/blog\/wp-content\/uploads\/2025\/11\/DSC4082-300x200.jpg 300w, https:\/\/puertointerior.guanajuato.gob.mx\/blog\/wp-content\/uploads\/2025\/11\/DSC4082-1024x683.jpg 1024w, https:\/\/puertointerior.guanajuato.gob.mx\/blog\/wp-content\/uploads\/2025\/11\/DSC4082-768x512.jpg 768w, https:\/\/puertointerior.guanajuato.gob.mx\/blog\/wp-content\/uploads\/2025\/11\/DSC4082-1536x1024.jpg 1536w, https:\/\/puertointerior.guanajuato.gob.mx\/blog\/wp-content\/uploads\/2025\/11\/DSC4082-2048x1365.jpg 2048w, https:\/\/puertointerior.guanajuato.gob.mx\/blog\/wp-content\/uploads\/2025\/11\/DSC4082-1080x720.jpg 1080w\" sizes=\"auto, (max-width: 248px) 100vw, 248px\" \/><\/p>\n<blockquote>\n<p style=\"text-align: justify\"><em>\u201cNo importa la trinchera en la que estemos, todos somos llamados a servir. Esta experiencia de visitar a nuestra gente de la comunidad de El Coecillo, representando a la gobernadora Libia y con el apoyo de las empresas de Guanajuato Puerto Interior, genera una sinergia muy importante. El objetivo final es el desarrollo integral del ser humano. Si las empresas quieren tener personal de calidad, debemos contribuir a que las personas tengan calidad en su entorno personal, familiar y comunitario\u201d,<\/em> agreg\u00f3.<\/p>\n<\/blockquote>\n<p style=\"text-align: justify\">Finalmente, L\u00f3pez Santillana subray\u00f3 que con estas acciones <strong>el Gobierno de la Gente<\/strong> y las <strong>empresas<\/strong> encuentran un objetivo com\u00fan: abrir una canal directo y personalizado para escuchar y atender las necesidades de las personas, generar oportunidades, desarrollo y calidad de vida para los ciudadanos, fortaleciendo el compromiso empresarial con las comunidades e impulsando un desarrollo pleno que permita contar con colaboradores de calidad y alta productividad, demostrando que <strong>Guanajuato<\/strong> tiene un gran potencial.<\/p>\n<p style=\"text-align: justify\">A trav\u00e9s de <strong>COMUNDIMAX<\/strong>, los <strong>Organismos de Guanajuato Puerto Interior (OGPI)<\/strong> desarrollan un amplio programa de atenci\u00f3n, servicios y vinculaci\u00f3n laboral que beneficia a m\u00e1s de <strong>treinta comunidades aleda\u00f1as al complejo industrial<\/strong>, como parte del compromiso permanente con el <strong>Gobierno de la Gente<\/strong>.<\/p>\n<p><img loading=\"lazy\" decoding=\"async\" data-attachment-id=\"21264\" data-permalink=\"https:\/\/puertointerior.guanajuato.gob.mx\/blog\/2025\/11\/06\/guanajuato-puerto-interior-participa-con-tocando-puertas-en-la-comunidad-de-el-coecillo-en-silao\/4-2\/\" data-orig-file=\"https:\/\/puertointerior.guanajuato.gob.mx\/blog\/wp-content\/uploads\/2025\/11\/4-scaled.jpg\" data-orig-size=\"2560,1707\" data-comments-opened=\"0\" data-image-meta=\"{&quot;aperture&quot;:&quot;5.6&quot;,&quot;credit&quot;:&quot;&quot;,&quot;camera&quot;:&quot;ILCE-7M2&quot;,&quot;caption&quot;:&quot;&quot;,&quot;created_timestamp&quot;:&quot;1762257712&quot;,&quot;copyright&quot;:&quot;&quot;,&quot;focal_length&quot;:&quot;24&quot;,&quot;iso&quot;:&quot;160&quot;,&quot;shutter_speed&quot;:&quot;0.008&quot;,&quot;title&quot;:&quot;&quot;,&quot;orientation&quot;:&quot;0&quot;}\" data-image-title=\"4\" data-image-description=\"\" data-image-caption=\"\" data-medium-file=\"https:\/\/puertointerior.guanajuato.gob.mx\/blog\/wp-content\/uploads\/2025\/11\/4-300x200.jpg\" data-large-file=\"https:\/\/puertointerior.guanajuato.gob.mx\/blog\/wp-content\/uploads\/2025\/11\/4-1024x683.jpg\" class=\"alignnone  wp-image-21264\" src=\"https:\/\/puertointerior.guanajuato.gob.mx\/blog\/wp-content\/uploads\/2025\/11\/4-300x200.jpg\" alt=\"\" width=\"254\" height=\"169\" srcset=\"https:\/\/puertointerior.guanajuato.gob.mx\/blog\/wp-content\/uploads\/2025\/11\/4-300x200.jpg 300w, https:\/\/puertointerior.guanajuato.gob.mx\/blog\/wp-content\/uploads\/2025\/11\/4-1024x683.jpg 1024w, https:\/\/puertointerior.guanajuato.gob.mx\/blog\/wp-content\/uploads\/2025\/11\/4-768x512.jpg 768w, https:\/\/puertointerior.guanajuato.gob.mx\/blog\/wp-content\/uploads\/2025\/11\/4-1536x1024.jpg 1536w, https:\/\/puertointerior.guanajuato.gob.mx\/blog\/wp-content\/uploads\/2025\/11\/4-2048x1365.jpg 2048w, https:\/\/puertointerior.guanajuato.gob.mx\/blog\/wp-content\/uploads\/2025\/11\/4-1080x720.jpg 1080w\" sizes=\"auto, (max-width: 254px) 100vw, 254px\" \/> <img loading=\"lazy\" decoding=\"async\" data-attachment-id=\"21265\" data-permalink=\"https:\/\/puertointerior.guanajuato.gob.mx\/blog\/2025\/11\/06\/guanajuato-puerto-interior-participa-con-tocando-puertas-en-la-comunidad-de-el-coecillo-en-silao\/5-3\/\" data-orig-file=\"https:\/\/puertointerior.guanajuato.gob.mx\/blog\/wp-content\/uploads\/2025\/11\/5-scaled.jpg\" data-orig-size=\"2560,1707\" data-comments-opened=\"0\" data-image-meta=\"{&quot;aperture&quot;:&quot;9&quot;,&quot;credit&quot;:&quot;&quot;,&quot;camera&quot;:&quot;ILCE-7M2&quot;,&quot;caption&quot;:&quot;&quot;,&quot;created_timestamp&quot;:&quot;1762256868&quot;,&quot;copyright&quot;:&quot;&quot;,&quot;focal_length&quot;:&quot;65&quot;,&quot;iso&quot;:&quot;320&quot;,&quot;shutter_speed&quot;:&quot;0.008&quot;,&quot;title&quot;:&quot;&quot;,&quot;orientation&quot;:&quot;0&quot;}\" data-image-title=\"5\" data-image-description=\"\" data-image-caption=\"\" data-medium-file=\"https:\/\/puertointerior.guanajuato.gob.mx\/blog\/wp-content\/uploads\/2025\/11\/5-300x200.jpg\" data-large-file=\"https:\/\/puertointerior.guanajuato.gob.mx\/blog\/wp-content\/uploads\/2025\/11\/5-1024x683.jpg\" class=\"alignnone  wp-image-21265\" src=\"https:\/\/puertointerior.guanajuato.gob.mx\/blog\/wp-content\/uploads\/2025\/11\/5-300x200.jpg\" alt=\"\" width=\"255\" height=\"170\" srcset=\"https:\/\/puertointerior.guanajuato.gob.mx\/blog\/wp-content\/uploads\/2025\/11\/5-300x200.jpg 300w, https:\/\/puertointerior.guanajuato.gob.mx\/blog\/wp-content\/uploads\/2025\/11\/5-1024x683.jpg 1024w, https:\/\/puertointerior.guanajuato.gob.mx\/blog\/wp-content\/uploads\/2025\/11\/5-768x512.jpg 768w, https:\/\/puertointerior.guanajuato.gob.mx\/blog\/wp-content\/uploads\/2025\/11\/5-1536x1024.jpg 1536w, https:\/\/puertointerior.guanajuato.gob.mx\/blog\/wp-content\/uploads\/2025\/11\/5-2048x1365.jpg 2048w, https:\/\/puertointerior.guanajuato.gob.mx\/blog\/wp-content\/uploads\/2025\/11\/5-1080x720.jpg 1080w\" sizes=\"auto, (max-width: 255px) 100vw, 255px\" \/> <img loading=\"lazy\" decoding=\"async\" data-attachment-id=\"21266\" data-permalink=\"https:\/\/puertointerior.guanajuato.gob.mx\/blog\/2025\/11\/06\/guanajuato-puerto-interior-participa-con-tocando-puertas-en-la-comunidad-de-el-coecillo-en-silao\/_dsc4074\/\" data-orig-file=\"https:\/\/puertointerior.guanajuato.gob.mx\/blog\/wp-content\/uploads\/2025\/11\/DSC4074-scaled.jpg\" data-orig-size=\"2560,1707\" data-comments-opened=\"0\" data-image-meta=\"{&quot;aperture&quot;:&quot;3.2&quot;,&quot;credit&quot;:&quot;&quot;,&quot;camera&quot;:&quot;ILCE-7M2&quot;,&quot;caption&quot;:&quot;&quot;,&quot;created_timestamp&quot;:&quot;1762253847&quot;,&quot;copyright&quot;:&quot;&quot;,&quot;focal_length&quot;:&quot;38&quot;,&quot;iso&quot;:&quot;1250&quot;,&quot;shutter_speed&quot;:&quot;0.004&quot;,&quot;title&quot;:&quot;&quot;,&quot;orientation&quot;:&quot;0&quot;}\" data-image-title=\"_DSC4074\" data-image-description=\"\" data-image-caption=\"\" data-medium-file=\"https:\/\/puertointerior.guanajuato.gob.mx\/blog\/wp-content\/uploads\/2025\/11\/DSC4074-300x200.jpg\" data-large-file=\"https:\/\/puertointerior.guanajuato.gob.mx\/blog\/wp-content\/uploads\/2025\/11\/DSC4074-1024x683.jpg\" class=\"alignnone  wp-image-21266\" src=\"https:\/\/puertointerior.guanajuato.gob.mx\/blog\/wp-content\/uploads\/2025\/11\/DSC4074-300x200.jpg\" alt=\"\" width=\"257\" height=\"171\" srcset=\"https:\/\/puertointerior.guanajuato.gob.mx\/blog\/wp-content\/uploads\/2025\/11\/DSC4074-300x200.jpg 300w, https:\/\/puertointerior.guanajuato.gob.mx\/blog\/wp-content\/uploads\/2025\/11\/DSC4074-1024x683.jpg 1024w, https:\/\/puertointerior.guanajuato.gob.mx\/blog\/wp-content\/uploads\/2025\/11\/DSC4074-768x512.jpg 768w, https:\/\/puertointerior.guanajuato.gob.mx\/blog\/wp-content\/uploads\/2025\/11\/DSC4074-1536x1024.jpg 1536w, https:\/\/puertointerior.guanajuato.gob.mx\/blog\/wp-content\/uploads\/2025\/11\/DSC4074-2048x1365.jpg 2048w, https:\/\/puertointerior.guanajuato.gob.mx\/blog\/wp-content\/uploads\/2025\/11\/DSC4074-1080x720.jpg 1080w\" sizes=\"auto, (max-width: 257px) 100vw, 257px\" \/><\/p>\n","protected":false},"excerpt":{"rendered":"<p>El director de Guanajuato Puerto Interior, H\u00e9ctor L\u00f3pez Santillana visit\u00f3 a los habitantes de la comunidad El Coecillo para escuchar sus necesidades y ofrecer los apoyos y servicios que ofrece el Gobierno de la Gente. \u00a0\u201cTocando Puertas\u201d es una estrategia que encabeza la Gobernadora Libia Dennise Garc\u00eda Mu\u00f1oz Ledo y busca reforzar la cercan\u00eda y [&hellip;]<\/p>\n","protected":false},"author":2,"featured_media":21258,"comment_status":"closed","ping_status":"open","sticky":false,"template":"","format":"standard","meta":{"jetpack_post_was_ever_published":false,"_jetpack_newsletter_access":"","_jetpack_dont_email_post_to_subs":false,"_jetpack_newsletter_tier_id":0,"_jetpack_memberships_contains_paywalled_content":false,"_jetpack_memberships_contains_paid_content":false,"footnotes":""},"categories":[7,9],"tags":[],"class_list":["post-21257","post","type-post","status-publish","format-standard","has-post-thumbnail","hentry","category-featured","category-social-responsability"],"yoast_head":"<!-- This site is optimized with the Yoast SEO plugin v25.7 - https:\/\/yoast.com\/wordpress\/plugins\/seo\/ -->\n<title>Guanajuato Puerto Interior participa con \u201cTocando Puertas\u201d en la comunidad de El Coecillo, en Silao - Blog | GPI NEWS<\/title>\n<meta name=\"robots\" content=\"index, follow, max-snippet:-1, max-image-preview:large, max-video-preview:-1\" \/>\n<link rel=\"canonical\" href=\"https:\/\/puertointerior.guanajuato.gob.mx\/blog\/2025\/11\/06\/guanajuato-puerto-interior-participa-con-tocando-puertas-en-la-comunidad-de-el-coecillo-en-silao\/\" \/>\n<meta property=\"og:locale\" content=\"es_MX\" \/>\n<meta property=\"og:type\" content=\"article\" \/>\n<meta property=\"og:title\" content=\"Guanajuato Puerto Interior participa con \u201cTocando Puertas\u201d en la comunidad de El Coecillo, en Silao - Blog | GPI NEWS\" \/>\n<meta property=\"og:description\" content=\"El director de Guanajuato Puerto Interior, H\u00e9ctor L\u00f3pez Santillana visit\u00f3 a los habitantes de la comunidad El Coecillo para escuchar sus necesidades y ofrecer los apoyos y servicios que ofrece el Gobierno de la Gente. \u00a0\u201cTocando Puertas\u201d es una estrategia que encabeza la Gobernadora Libia Dennise Garc\u00eda Mu\u00f1oz Ledo y busca reforzar la cercan\u00eda y [&hellip;]\" \/>\n<meta property=\"og:url\" content=\"https:\/\/puertointerior.guanajuato.gob.mx\/blog\/2025\/11\/06\/guanajuato-puerto-interior-participa-con-tocando-puertas-en-la-comunidad-de-el-coecillo-en-silao\/\" \/>\n<meta property=\"og:site_name\" content=\"Blog | GPI NEWS\" \/>\n<meta property=\"article:published_time\" content=\"2025-11-06T20:41:35+00:00\" \/>\n<meta property=\"og:image\" content=\"https:\/\/puertointerior.guanajuato.gob.mx\/blog\/wp-content\/uploads\/2025\/11\/DSC4140-scaled.jpg\" \/>\n\t<meta property=\"og:image:width\" content=\"2560\" \/>\n\t<meta property=\"og:image:height\" content=\"1707\" \/>\n\t<meta property=\"og:image:type\" content=\"image\/jpeg\" \/>\n<meta name=\"author\" content=\"GPI NEWS\" \/>\n<meta name=\"twitter:card\" content=\"summary_large_image\" \/>\n<meta name=\"twitter:label1\" content=\"Escrito por\" \/>\n\t<meta name=\"twitter:data1\" content=\"GPI NEWS\" \/>\n\t<meta name=\"twitter:label2\" content=\"Tiempo de lectura\" \/>\n\t<meta name=\"twitter:data2\" content=\"1 minuto\" \/>\n<script type=\"application\/ld+json\" class=\"yoast-schema-graph\">{\"@context\":\"https:\/\/schema.org\",\"@graph\":[{\"@type\":\"WebPage\",\"@id\":\"https:\/\/puertointerior.guanajuato.gob.mx\/blog\/2025\/11\/06\/guanajuato-puerto-interior-participa-con-tocando-puertas-en-la-comunidad-de-el-coecillo-en-silao\/\",\"url\":\"https:\/\/puertointerior.guanajuato.gob.mx\/blog\/2025\/11\/06\/guanajuato-puerto-interior-participa-con-tocando-puertas-en-la-comunidad-de-el-coecillo-en-silao\/\",\"name\":\"Guanajuato Puerto Interior participa con \u201cTocando Puertas\u201d en la comunidad de El Coecillo, en Silao - Blog | GPI NEWS\",\"isPartOf\":{\"@id\":\"https:\/\/puertointerior.guanajuato.gob.mx\/blog\/#website\"},\"primaryImageOfPage\":{\"@id\":\"https:\/\/puertointerior.guanajuato.gob.mx\/blog\/2025\/11\/06\/guanajuato-puerto-interior-participa-con-tocando-puertas-en-la-comunidad-de-el-coecillo-en-silao\/#primaryimage\"},\"image\":{\"@id\":\"https:\/\/puertointerior.guanajuato.gob.mx\/blog\/2025\/11\/06\/guanajuato-puerto-interior-participa-con-tocando-puertas-en-la-comunidad-de-el-coecillo-en-silao\/#primaryimage\"},\"thumbnailUrl\":\"https:\/\/puertointerior.guanajuato.gob.mx\/blog\/wp-content\/uploads\/2025\/11\/DSC4140-scaled.jpg\",\"datePublished\":\"2025-11-06T20:41:35+00:00\",\"author\":{\"@id\":\"https:\/\/puertointerior.guanajuato.gob.mx\/blog\/#\/schema\/person\/f4851bb8a48c32d7fba5285caf4ef1c4\"},\"breadcrumb\":{\"@id\":\"https:\/\/puertointerior.guanajuato.gob.mx\/blog\/2025\/11\/06\/guanajuato-puerto-interior-participa-con-tocando-puertas-en-la-comunidad-de-el-coecillo-en-silao\/#breadcrumb\"},\"inLanguage\":\"es\",\"potentialAction\":[{\"@type\":\"ReadAction\",\"target\":[\"https:\/\/puertointerior.guanajuato.gob.mx\/blog\/2025\/11\/06\/guanajuato-puerto-interior-participa-con-tocando-puertas-en-la-comunidad-de-el-coecillo-en-silao\/\"]}]},{\"@type\":\"ImageObject\",\"inLanguage\":\"es\",\"@id\":\"https:\/\/puertointerior.guanajuato.gob.mx\/blog\/2025\/11\/06\/guanajuato-puerto-interior-participa-con-tocando-puertas-en-la-comunidad-de-el-coecillo-en-silao\/#primaryimage\",\"url\":\"https:\/\/puertointerior.guanajuato.gob.mx\/blog\/wp-content\/uploads\/2025\/11\/DSC4140-scaled.jpg\",\"contentUrl\":\"https:\/\/puertointerior.guanajuato.gob.mx\/blog\/wp-content\/uploads\/2025\/11\/DSC4140-scaled.jpg\",\"width\":2560,\"height\":1707},{\"@type\":\"BreadcrumbList\",\"@id\":\"https:\/\/puertointerior.guanajuato.gob.mx\/blog\/2025\/11\/06\/guanajuato-puerto-interior-participa-con-tocando-puertas-en-la-comunidad-de-el-coecillo-en-silao\/#breadcrumb\",\"itemListElement\":[{\"@type\":\"ListItem\",\"position\":1,\"name\":\"Inicio\",\"item\":\"https:\/\/puertointerior.guanajuato.gob.mx\/blog\/\"},{\"@type\":\"ListItem\",\"position\":2,\"name\":\"Guanajuato Puerto Interior participa con \u201cTocando Puertas\u201d en la comunidad de El Coecillo, en Silao\"}]},{\"@type\":\"WebSite\",\"@id\":\"https:\/\/puertointerior.guanajuato.gob.mx\/blog\/#website\",\"url\":\"https:\/\/puertointerior.guanajuato.gob.mx\/blog\/\",\"name\":\"Blog | GPI NEWS\",\"description\":\"Guanajuato Puerto Interior\",\"potentialAction\":[{\"@type\":\"SearchAction\",\"target\":{\"@type\":\"EntryPoint\",\"urlTemplate\":\"https:\/\/puertointerior.guanajuato.gob.mx\/blog\/?s={search_term_string}\"},\"query-input\":{\"@type\":\"PropertyValueSpecification\",\"valueRequired\":true,\"valueName\":\"search_term_string\"}}],\"inLanguage\":\"es\"},{\"@type\":\"Person\",\"@id\":\"https:\/\/puertointerior.guanajuato.gob.mx\/blog\/#\/schema\/person\/f4851bb8a48c32d7fba5285caf4ef1c4\",\"name\":\"GPI NEWS\",\"image\":{\"@type\":\"ImageObject\",\"inLanguage\":\"es\",\"@id\":\"https:\/\/puertointerior.guanajuato.gob.mx\/blog\/#\/schema\/person\/image\/\",\"url\":\"https:\/\/secure.gravatar.com\/avatar\/612aca53a708cefc5ebe15ab0bc63c51a8ba58563e45c17848fa400e627e2717?s=96&d=mm&r=g\",\"contentUrl\":\"https:\/\/secure.gravatar.com\/avatar\/612aca53a708cefc5ebe15ab0bc63c51a8ba58563e45c17848fa400e627e2717?s=96&d=mm&r=g\",\"caption\":\"GPI NEWS\"},\"url\":\"https:\/\/puertointerior.guanajuato.gob.mx\/blog\/author\/rafa-jacinto\/\"}]}<\/script>\n<!-- \/ Yoast SEO plugin. -->","yoast_head_json":{"title":"Guanajuato Puerto Interior participa con \u201cTocando Puertas\u201d en la comunidad de El Coecillo, en Silao - Blog | GPI NEWS","robots":{"index":"index","follow":"follow","max-snippet":"max-snippet:-1","max-image-preview":"max-image-preview:large","max-video-preview":"max-video-preview:-1"},"canonical":"https:\/\/puertointerior.guanajuato.gob.mx\/blog\/2025\/11\/06\/guanajuato-puerto-interior-participa-con-tocando-puertas-en-la-comunidad-de-el-coecillo-en-silao\/","og_locale":"es_MX","og_type":"article","og_title":"Guanajuato Puerto Interior participa con \u201cTocando Puertas\u201d en la comunidad de El Coecillo, en Silao - Blog | GPI NEWS","og_description":"El director de Guanajuato Puerto Interior, H\u00e9ctor L\u00f3pez Santillana visit\u00f3 a los habitantes de la comunidad El Coecillo para escuchar sus necesidades y ofrecer los apoyos y servicios que ofrece el Gobierno de la Gente. \u00a0\u201cTocando Puertas\u201d es una estrategia que encabeza la Gobernadora Libia Dennise Garc\u00eda Mu\u00f1oz Ledo y busca reforzar la cercan\u00eda y [&hellip;]","og_url":"https:\/\/puertointerior.guanajuato.gob.mx\/blog\/2025\/11\/06\/guanajuato-puerto-interior-participa-con-tocando-puertas-en-la-comunidad-de-el-coecillo-en-silao\/","og_site_name":"Blog | GPI NEWS","article_published_time":"2025-11-06T20:41:35+00:00","og_image":[{"width":2560,"height":1707,"url":"https:\/\/puertointerior.guanajuato.gob.mx\/blog\/wp-content\/uploads\/2025\/11\/DSC4140-scaled.jpg","type":"image\/jpeg"}],"author":"GPI NEWS","twitter_card":"summary_large_image","twitter_misc":{"Escrito por":"GPI NEWS","Tiempo de lectura":"1 minuto"},"schema":{"@context":"https:\/\/schema.org","@graph":[{"@type":"WebPage","@id":"https:\/\/puertointerior.guanajuato.gob.mx\/blog\/2025\/11\/06\/guanajuato-puerto-interior-participa-con-tocando-puertas-en-la-comunidad-de-el-coecillo-en-silao\/","url":"https:\/\/puertointerior.guanajuato.gob.mx\/blog\/2025\/11\/06\/guanajuato-puerto-interior-participa-con-tocando-puertas-en-la-comunidad-de-el-coecillo-en-silao\/","name":"Guanajuato Puerto Interior participa con \u201cTocando Puertas\u201d en la comunidad de El Coecillo, en Silao - Blog | GPI NEWS","isPartOf":{"@id":"https:\/\/puertointerior.guanajuato.gob.mx\/blog\/#website"},"primaryImageOfPage":{"@id":"https:\/\/puertointerior.guanajuato.gob.mx\/blog\/2025\/11\/06\/guanajuato-puerto-interior-participa-con-tocando-puertas-en-la-comunidad-de-el-coecillo-en-silao\/#primaryimage"},"image":{"@id":"https:\/\/puertointerior.guanajuato.gob.mx\/blog\/2025\/11\/06\/guanajuato-puerto-interior-participa-con-tocando-puertas-en-la-comunidad-de-el-coecillo-en-silao\/#primaryimage"},"thumbnailUrl":"https:\/\/puertointerior.guanajuato.gob.mx\/blog\/wp-content\/uploads\/2025\/11\/DSC4140-scaled.jpg","datePublished":"2025-11-06T20:41:35+00:00","author":{"@id":"https:\/\/puertointerior.guanajuato.gob.mx\/blog\/#\/schema\/person\/f4851bb8a48c32d7fba5285caf4ef1c4"},"breadcrumb":{"@id":"https:\/\/puertointerior.guanajuato.gob.mx\/blog\/2025\/11\/06\/guanajuato-puerto-interior-participa-con-tocando-puertas-en-la-comunidad-de-el-coecillo-en-silao\/#breadcrumb"},"inLanguage":"es","potentialAction":[{"@type":"ReadAction","target":["https:\/\/puertointerior.guanajuato.gob.mx\/blog\/2025\/11\/06\/guanajuato-puerto-interior-participa-con-tocando-puertas-en-la-comunidad-de-el-coecillo-en-silao\/"]}]},{"@type":"ImageObject","inLanguage":"es","@id":"https:\/\/puertointerior.guanajuato.gob.mx\/blog\/2025\/11\/06\/guanajuato-puerto-interior-participa-con-tocando-puertas-en-la-comunidad-de-el-coecillo-en-silao\/#primaryimage","url":"https:\/\/puertointerior.guanajuato.gob.mx\/blog\/wp-content\/uploads\/2025\/11\/DSC4140-scaled.jpg","contentUrl":"https:\/\/puertointerior.guanajuato.gob.mx\/blog\/wp-content\/uploads\/2025\/11\/DSC4140-scaled.jpg","width":2560,"height":1707},{"@type":"BreadcrumbList","@id":"https:\/\/puertointerior.guanajuato.gob.mx\/blog\/2025\/11\/06\/guanajuato-puerto-interior-participa-con-tocando-puertas-en-la-comunidad-de-el-coecillo-en-silao\/#breadcrumb","itemListElement":[{"@type":"ListItem","position":1,"name":"Inicio","item":"https:\/\/puertointerior.guanajuato.gob.mx\/blog\/"},{"@type":"ListItem","position":2,"name":"Guanajuato Puerto Interior participa con \u201cTocando Puertas\u201d en la comunidad de El Coecillo, en Silao"}]},{"@type":"WebSite","@id":"https:\/\/puertointerior.guanajuato.gob.mx\/blog\/#website","url":"https:\/\/puertointerior.guanajuato.gob.mx\/blog\/","name":"Blog | GPI NEWS","description":"Guanajuato Puerto Interior","potentialAction":[{"@type":"SearchAction","target":{"@type":"EntryPoint","urlTemplate":"https:\/\/puertointerior.guanajuato.gob.mx\/blog\/?s={search_term_string}"},"query-input":{"@type":"PropertyValueSpecification","valueRequired":true,"valueName":"search_term_string"}}],"inLanguage":"es"},{"@type":"Person","@id":"https:\/\/puertointerior.guanajuato.gob.mx\/blog\/#\/schema\/person\/f4851bb8a48c32d7fba5285caf4ef1c4","name":"GPI NEWS","image":{"@type":"ImageObject","inLanguage":"es","@id":"https:\/\/puertointerior.guanajuato.gob.mx\/blog\/#\/schema\/person\/image\/","url":"https:\/\/secure.gravatar.com\/avatar\/612aca53a708cefc5ebe15ab0bc63c51a8ba58563e45c17848fa400e627e2717?s=96&d=mm&r=g","contentUrl":"https:\/\/secure.gravatar.com\/avatar\/612aca53a708cefc5ebe15ab0bc63c51a8ba58563e45c17848fa400e627e2717?s=96&d=mm&r=g","caption":"GPI NEWS"},"url":"https:\/\/puertointerior.guanajuato.gob.mx\/blog\/author\/rafa-jacinto\/"}]}},"jetpack_featured_media_url":"https:\/\/puertointerior.guanajuato.gob.mx\/blog\/wp-content\/uploads\/2025\/11\/DSC4140-scaled.jpg","jetpack_sharing_enabled":true,"jetpack_shortlink":"https:\/\/wp.me\/pcnMPA-5wR","_links":{"self":[{"href":"https:\/\/puertointerior.guanajuato.gob.mx\/blog\/wp-json\/wp\/v2\/posts\/21257","targetHints":{"allow":["GET"]}}],"collection":[{"href":"https:\/\/puertointerior.guanajuato.gob.mx\/blog\/wp-json\/wp\/v2\/posts"}],"about":[{"href":"https:\/\/puertointerior.guanajuato.gob.mx\/blog\/wp-json\/wp\/v2\/types\/post"}],"author":[{"embeddable":true,"href":"https:\/\/puertointerior.guanajuato.gob.mx\/blog\/wp-json\/wp\/v2\/users\/2"}],"replies":[{"embeddable":true,"href":"https:\/\/puertointerior.guanajuato.gob.mx\/blog\/wp-json\/wp\/v2\/comments?post=21257"}],"version-history":[{"count":1,"href":"https:\/\/puertointerior.guanajuato.gob.mx\/blog\/wp-json\/wp\/v2\/posts\/21257\/revisions"}],"predecessor-version":[{"id":21267,"href":"https:\/\/puertointerior.guanajuato.gob.mx\/blog\/wp-json\/wp\/v2\/posts\/21257\/revisions\/21267"}],"wp:featuredmedia":[{"embeddable":true,"href":"https:\/\/puertointerior.guanajuato.gob.mx\/blog\/wp-json\/wp\/v2\/media\/21258"}],"wp:attachment":[{"href":"https:\/\/puertointerior.guanajuato.gob.mx\/blog\/wp-json\/wp\/v2\/media?parent=21257"}],"wp:term":[{"taxonomy":"category","embeddable":true,"href":"https:\/\/puertointerior.guanajuato.gob.mx\/blog\/wp-json\/wp\/v2\/categories?post=21257"},{"taxonomy":"post_tag","embeddable":true,"href":"https:\/\/puertointerior.guanajuato.gob.mx\/blog\/wp-json\/wp\/v2\/tags?post=21257"}],"curies":[{"name":"wp","href":"https:\/\/api.w.org\/{rel}","templated":true}]}}