{"id":2135,"date":"2022-11-08T07:27:17","date_gmt":"2022-11-08T12:27:17","guid":{"rendered":"https:\/\/puertointerior.guanajuato.gob.mx\/blog\/?p=2135"},"modified":"2022-11-08T07:28:56","modified_gmt":"2022-11-08T12:28:56","slug":"empresa-turca-expande-su-planta-en-guanajuato-hay-300-nuevos-empleos","status":"publish","type":"post","link":"https:\/\/puertointerior.guanajuato.gob.mx\/blog\/2022\/11\/08\/empresa-turca-expande-su-planta-en-guanajuato-hay-300-nuevos-empleos\/","title":{"rendered":"Empresa turca expande su planta en Guanajuato; hay 300 nuevos empleos"},"content":{"rendered":"<p><strong>Apaseo el Grande.-\u00a0<\/strong>La empresa de origen Turco,\u00a0<em><strong>\u2018Standard Profil\u2019<\/strong><\/em>\u00a0ampli\u00f3 su capacidad de producci\u00f3n y para ello inaugur\u00f3 una nueva planta, en el\u00a0<strong>Parque Industrial Amistad<\/strong>, en Apaseo el Grande, Guanajuato.<\/p>\n<p>Con la visita del Gobernador, Diego Sinhue Rodr\u00edguez Vallejo; el Presidente Municipal, Jos\u00e9 Luis Oliveros y el CEO de la empresa Klaus Elmer, entre otras autoridades y miembros del sector empresarial, inauguraron oficialmente la nueva f\u00e1brica.<\/p>\n<p>Cabe mencionar que la inversi\u00f3n que realiz\u00f3 la compa\u00f1\u00eda para esta ampliaci\u00f3n asciende a\u00a0<strong>10 millones de euros\u00a0<\/strong>y se prev\u00e9 que se generar\u00e1n\u00a0300 empleos m\u00e1s.<\/p>\n<p>Esta empresa est\u00e1 dedicada a la fabricaci\u00f3n de perfiles para puertas de veh\u00edculos, Ford, Tesla, Audi, Volvo y otras marcas. Adem\u00e1s, desde la nueva planta se esperan exportar hacia varios pa\u00edses.<\/p>\n<p>Klaus Elmer coment\u00f3 que estar ubicados en Guanajuato es una oportunidad muy grande. Esto, debido al desarrollo industrial que brinda la regi\u00f3n, lo cual se demuestra en el crecimiento de la compa\u00f1\u00eda desde 2014.<\/p>\n<p>Publicada originalmente por:\u00a0<a href=\"https:\/\/periodicocorreo.com.mx\/nueva-palnta-de-standard-profil-en-apaseo-el-grande\/\">https:\/\/periodicocorreo.com.mx\/nueva-palnta-de-standard-profil-en-apaseo-el-grande\/<\/a><\/p>\n","protected":false},"excerpt":{"rendered":"<p>Apaseo el Grande.-\u00a0La empresa de origen Turco,\u00a0\u2018Standard Profil\u2019\u00a0ampli\u00f3 su capacidad de producci\u00f3n y para ello inaugur\u00f3 una nueva planta, en el\u00a0Parque Industrial Amistad, en Apaseo el Grande, Guanajuato. Con la visita del Gobernador, Diego Sinhue Rodr\u00edguez Vallejo; el Presidente Municipal, Jos\u00e9 Luis Oliveros y el CEO de la empresa Klaus Elmer, entre otras autoridades y [&hellip;]<\/p>\n","protected":false},"author":2,"featured_media":2137,"comment_status":"closed","ping_status":"open","sticky":false,"template":"","format":"standard","meta":{"jetpack_post_was_ever_published":false,"_jetpack_newsletter_access":"","_jetpack_dont_email_post_to_subs":false,"_jetpack_newsletter_tier_id":0,"_jetpack_memberships_contains_paywalled_content":false,"_jetpack_memberships_contains_paid_content":false,"footnotes":""},"categories":[20],"tags":[],"class_list":["post-2135","post","type-post","status-publish","format-standard","has-post-thumbnail","hentry","category-economic-development"],"yoast_head":"<!-- This site is optimized with the Yoast SEO plugin v25.7 - https:\/\/yoast.com\/wordpress\/plugins\/seo\/ -->\n<title>Empresa turca expande su planta en Guanajuato; hay 300 nuevos empleos - Blog | GPI NEWS<\/title>\n<meta name=\"robots\" content=\"index, follow, max-snippet:-1, max-image-preview:large, max-video-preview:-1\" \/>\n<link rel=\"canonical\" href=\"https:\/\/puertointerior.guanajuato.gob.mx\/blog\/2022\/11\/08\/empresa-turca-expande-su-planta-en-guanajuato-hay-300-nuevos-empleos\/\" \/>\n<meta property=\"og:locale\" content=\"es_MX\" \/>\n<meta property=\"og:type\" content=\"article\" \/>\n<meta property=\"og:title\" content=\"Empresa turca expande su planta en Guanajuato; hay 300 nuevos empleos - Blog | GPI NEWS\" \/>\n<meta property=\"og:description\" content=\"Apaseo el Grande.-\u00a0La empresa de origen Turco,\u00a0\u2018Standard Profil\u2019\u00a0ampli\u00f3 su capacidad de producci\u00f3n y para ello inaugur\u00f3 una nueva planta, en el\u00a0Parque Industrial Amistad, en Apaseo el Grande, Guanajuato. Con la visita del Gobernador, Diego Sinhue Rodr\u00edguez Vallejo; el Presidente Municipal, Jos\u00e9 Luis Oliveros y el CEO de la empresa Klaus Elmer, entre otras autoridades y [&hellip;]\" \/>\n<meta property=\"og:url\" content=\"https:\/\/puertointerior.guanajuato.gob.mx\/blog\/2022\/11\/08\/empresa-turca-expande-su-planta-en-guanajuato-hay-300-nuevos-empleos\/\" \/>\n<meta property=\"og:site_name\" content=\"Blog | GPI NEWS\" \/>\n<meta property=\"article:published_time\" content=\"2022-11-08T12:27:17+00:00\" \/>\n<meta property=\"article:modified_time\" content=\"2022-11-08T12:28:56+00:00\" \/>\n<meta property=\"og:image\" content=\"https:\/\/puertointerior.guanajuato.gob.mx\/blog\/wp-content\/uploads\/2022\/11\/Standard-Profil-Apaseo-El-Grande-1.jpg\" \/>\n\t<meta property=\"og:image:width\" content=\"1024\" \/>\n\t<meta property=\"og:image:height\" content=\"576\" \/>\n\t<meta property=\"og:image:type\" content=\"image\/jpeg\" \/>\n<meta name=\"author\" content=\"GPI NEWS\" \/>\n<meta name=\"twitter:card\" content=\"summary_large_image\" \/>\n<meta name=\"twitter:label1\" content=\"Escrito por\" \/>\n\t<meta name=\"twitter:data1\" content=\"GPI NEWS\" \/>\n\t<meta name=\"twitter:label2\" content=\"Tiempo de lectura\" \/>\n\t<meta name=\"twitter:data2\" content=\"1 minuto\" \/>\n<script type=\"application\/ld+json\" class=\"yoast-schema-graph\">{\"@context\":\"https:\/\/schema.org\",\"@graph\":[{\"@type\":\"WebPage\",\"@id\":\"https:\/\/puertointerior.guanajuato.gob.mx\/blog\/2022\/11\/08\/empresa-turca-expande-su-planta-en-guanajuato-hay-300-nuevos-empleos\/\",\"url\":\"https:\/\/puertointerior.guanajuato.gob.mx\/blog\/2022\/11\/08\/empresa-turca-expande-su-planta-en-guanajuato-hay-300-nuevos-empleos\/\",\"name\":\"Empresa turca expande su planta en Guanajuato; hay 300 nuevos empleos - Blog | GPI NEWS\",\"isPartOf\":{\"@id\":\"https:\/\/puertointerior.guanajuato.gob.mx\/blog\/#website\"},\"primaryImageOfPage\":{\"@id\":\"https:\/\/puertointerior.guanajuato.gob.mx\/blog\/2022\/11\/08\/empresa-turca-expande-su-planta-en-guanajuato-hay-300-nuevos-empleos\/#primaryimage\"},\"image\":{\"@id\":\"https:\/\/puertointerior.guanajuato.gob.mx\/blog\/2022\/11\/08\/empresa-turca-expande-su-planta-en-guanajuato-hay-300-nuevos-empleos\/#primaryimage\"},\"thumbnailUrl\":\"https:\/\/puertointerior.guanajuato.gob.mx\/blog\/wp-content\/uploads\/2022\/11\/Standard-Profil-Apaseo-El-Grande-1.jpg\",\"datePublished\":\"2022-11-08T12:27:17+00:00\",\"dateModified\":\"2022-11-08T12:28:56+00:00\",\"author\":{\"@id\":\"https:\/\/puertointerior.guanajuato.gob.mx\/blog\/#\/schema\/person\/f4851bb8a48c32d7fba5285caf4ef1c4\"},\"breadcrumb\":{\"@id\":\"https:\/\/puertointerior.guanajuato.gob.mx\/blog\/2022\/11\/08\/empresa-turca-expande-su-planta-en-guanajuato-hay-300-nuevos-empleos\/#breadcrumb\"},\"inLanguage\":\"es\",\"potentialAction\":[{\"@type\":\"ReadAction\",\"target\":[\"https:\/\/puertointerior.guanajuato.gob.mx\/blog\/2022\/11\/08\/empresa-turca-expande-su-planta-en-guanajuato-hay-300-nuevos-empleos\/\"]}]},{\"@type\":\"ImageObject\",\"inLanguage\":\"es\",\"@id\":\"https:\/\/puertointerior.guanajuato.gob.mx\/blog\/2022\/11\/08\/empresa-turca-expande-su-planta-en-guanajuato-hay-300-nuevos-empleos\/#primaryimage\",\"url\":\"https:\/\/puertointerior.guanajuato.gob.mx\/blog\/wp-content\/uploads\/2022\/11\/Standard-Profil-Apaseo-El-Grande-1.jpg\",\"contentUrl\":\"https:\/\/puertointerior.guanajuato.gob.mx\/blog\/wp-content\/uploads\/2022\/11\/Standard-Profil-Apaseo-El-Grande-1.jpg\",\"width\":1024,\"height\":576},{\"@type\":\"BreadcrumbList\",\"@id\":\"https:\/\/puertointerior.guanajuato.gob.mx\/blog\/2022\/11\/08\/empresa-turca-expande-su-planta-en-guanajuato-hay-300-nuevos-empleos\/#breadcrumb\",\"itemListElement\":[{\"@type\":\"ListItem\",\"position\":1,\"name\":\"Inicio\",\"item\":\"https:\/\/puertointerior.guanajuato.gob.mx\/blog\/\"},{\"@type\":\"ListItem\",\"position\":2,\"name\":\"Empresa turca expande su planta en Guanajuato; hay 300 nuevos empleos\"}]},{\"@type\":\"WebSite\",\"@id\":\"https:\/\/puertointerior.guanajuato.gob.mx\/blog\/#website\",\"url\":\"https:\/\/puertointerior.guanajuato.gob.mx\/blog\/\",\"name\":\"Blog | GPI NEWS\",\"description\":\"Guanajuato Puerto Interior\",\"potentialAction\":[{\"@type\":\"SearchAction\",\"target\":{\"@type\":\"EntryPoint\",\"urlTemplate\":\"https:\/\/puertointerior.guanajuato.gob.mx\/blog\/?s={search_term_string}\"},\"query-input\":{\"@type\":\"PropertyValueSpecification\",\"valueRequired\":true,\"valueName\":\"search_term_string\"}}],\"inLanguage\":\"es\"},{\"@type\":\"Person\",\"@id\":\"https:\/\/puertointerior.guanajuato.gob.mx\/blog\/#\/schema\/person\/f4851bb8a48c32d7fba5285caf4ef1c4\",\"name\":\"GPI NEWS\",\"image\":{\"@type\":\"ImageObject\",\"inLanguage\":\"es\",\"@id\":\"https:\/\/puertointerior.guanajuato.gob.mx\/blog\/#\/schema\/person\/image\/\",\"url\":\"https:\/\/secure.gravatar.com\/avatar\/612aca53a708cefc5ebe15ab0bc63c51a8ba58563e45c17848fa400e627e2717?s=96&d=mm&r=g\",\"contentUrl\":\"https:\/\/secure.gravatar.com\/avatar\/612aca53a708cefc5ebe15ab0bc63c51a8ba58563e45c17848fa400e627e2717?s=96&d=mm&r=g\",\"caption\":\"GPI NEWS\"},\"url\":\"https:\/\/puertointerior.guanajuato.gob.mx\/blog\/author\/rafa-jacinto\/\"}]}<\/script>\n<!-- \/ Yoast SEO plugin. -->","yoast_head_json":{"title":"Empresa turca expande su planta en Guanajuato; hay 300 nuevos empleos - Blog | GPI NEWS","robots":{"index":"index","follow":"follow","max-snippet":"max-snippet:-1","max-image-preview":"max-image-preview:large","max-video-preview":"max-video-preview:-1"},"canonical":"https:\/\/puertointerior.guanajuato.gob.mx\/blog\/2022\/11\/08\/empresa-turca-expande-su-planta-en-guanajuato-hay-300-nuevos-empleos\/","og_locale":"es_MX","og_type":"article","og_title":"Empresa turca expande su planta en Guanajuato; hay 300 nuevos empleos - Blog | GPI NEWS","og_description":"Apaseo el Grande.-\u00a0La empresa de origen Turco,\u00a0\u2018Standard Profil\u2019\u00a0ampli\u00f3 su capacidad de producci\u00f3n y para ello inaugur\u00f3 una nueva planta, en el\u00a0Parque Industrial Amistad, en Apaseo el Grande, Guanajuato. Con la visita del Gobernador, Diego Sinhue Rodr\u00edguez Vallejo; el Presidente Municipal, Jos\u00e9 Luis Oliveros y el CEO de la empresa Klaus Elmer, entre otras autoridades y [&hellip;]","og_url":"https:\/\/puertointerior.guanajuato.gob.mx\/blog\/2022\/11\/08\/empresa-turca-expande-su-planta-en-guanajuato-hay-300-nuevos-empleos\/","og_site_name":"Blog | GPI NEWS","article_published_time":"2022-11-08T12:27:17+00:00","article_modified_time":"2022-11-08T12:28:56+00:00","og_image":[{"width":1024,"height":576,"url":"https:\/\/puertointerior.guanajuato.gob.mx\/blog\/wp-content\/uploads\/2022\/11\/Standard-Profil-Apaseo-El-Grande-1.jpg","type":"image\/jpeg"}],"author":"GPI NEWS","twitter_card":"summary_large_image","twitter_misc":{"Escrito por":"GPI NEWS","Tiempo de lectura":"1 minuto"},"schema":{"@context":"https:\/\/schema.org","@graph":[{"@type":"WebPage","@id":"https:\/\/puertointerior.guanajuato.gob.mx\/blog\/2022\/11\/08\/empresa-turca-expande-su-planta-en-guanajuato-hay-300-nuevos-empleos\/","url":"https:\/\/puertointerior.guanajuato.gob.mx\/blog\/2022\/11\/08\/empresa-turca-expande-su-planta-en-guanajuato-hay-300-nuevos-empleos\/","name":"Empresa turca expande su planta en Guanajuato; hay 300 nuevos empleos - Blog | GPI NEWS","isPartOf":{"@id":"https:\/\/puertointerior.guanajuato.gob.mx\/blog\/#website"},"primaryImageOfPage":{"@id":"https:\/\/puertointerior.guanajuato.gob.mx\/blog\/2022\/11\/08\/empresa-turca-expande-su-planta-en-guanajuato-hay-300-nuevos-empleos\/#primaryimage"},"image":{"@id":"https:\/\/puertointerior.guanajuato.gob.mx\/blog\/2022\/11\/08\/empresa-turca-expande-su-planta-en-guanajuato-hay-300-nuevos-empleos\/#primaryimage"},"thumbnailUrl":"https:\/\/puertointerior.guanajuato.gob.mx\/blog\/wp-content\/uploads\/2022\/11\/Standard-Profil-Apaseo-El-Grande-1.jpg","datePublished":"2022-11-08T12:27:17+00:00","dateModified":"2022-11-08T12:28:56+00:00","author":{"@id":"https:\/\/puertointerior.guanajuato.gob.mx\/blog\/#\/schema\/person\/f4851bb8a48c32d7fba5285caf4ef1c4"},"breadcrumb":{"@id":"https:\/\/puertointerior.guanajuato.gob.mx\/blog\/2022\/11\/08\/empresa-turca-expande-su-planta-en-guanajuato-hay-300-nuevos-empleos\/#breadcrumb"},"inLanguage":"es","potentialAction":[{"@type":"ReadAction","target":["https:\/\/puertointerior.guanajuato.gob.mx\/blog\/2022\/11\/08\/empresa-turca-expande-su-planta-en-guanajuato-hay-300-nuevos-empleos\/"]}]},{"@type":"ImageObject","inLanguage":"es","@id":"https:\/\/puertointerior.guanajuato.gob.mx\/blog\/2022\/11\/08\/empresa-turca-expande-su-planta-en-guanajuato-hay-300-nuevos-empleos\/#primaryimage","url":"https:\/\/puertointerior.guanajuato.gob.mx\/blog\/wp-content\/uploads\/2022\/11\/Standard-Profil-Apaseo-El-Grande-1.jpg","contentUrl":"https:\/\/puertointerior.guanajuato.gob.mx\/blog\/wp-content\/uploads\/2022\/11\/Standard-Profil-Apaseo-El-Grande-1.jpg","width":1024,"height":576},{"@type":"BreadcrumbList","@id":"https:\/\/puertointerior.guanajuato.gob.mx\/blog\/2022\/11\/08\/empresa-turca-expande-su-planta-en-guanajuato-hay-300-nuevos-empleos\/#breadcrumb","itemListElement":[{"@type":"ListItem","position":1,"name":"Inicio","item":"https:\/\/puertointerior.guanajuato.gob.mx\/blog\/"},{"@type":"ListItem","position":2,"name":"Empresa turca expande su planta en Guanajuato; hay 300 nuevos empleos"}]},{"@type":"WebSite","@id":"https:\/\/puertointerior.guanajuato.gob.mx\/blog\/#website","url":"https:\/\/puertointerior.guanajuato.gob.mx\/blog\/","name":"Blog | GPI NEWS","description":"Guanajuato Puerto Interior","potentialAction":[{"@type":"SearchAction","target":{"@type":"EntryPoint","urlTemplate":"https:\/\/puertointerior.guanajuato.gob.mx\/blog\/?s={search_term_string}"},"query-input":{"@type":"PropertyValueSpecification","valueRequired":true,"valueName":"search_term_string"}}],"inLanguage":"es"},{"@type":"Person","@id":"https:\/\/puertointerior.guanajuato.gob.mx\/blog\/#\/schema\/person\/f4851bb8a48c32d7fba5285caf4ef1c4","name":"GPI NEWS","image":{"@type":"ImageObject","inLanguage":"es","@id":"https:\/\/puertointerior.guanajuato.gob.mx\/blog\/#\/schema\/person\/image\/","url":"https:\/\/secure.gravatar.com\/avatar\/612aca53a708cefc5ebe15ab0bc63c51a8ba58563e45c17848fa400e627e2717?s=96&d=mm&r=g","contentUrl":"https:\/\/secure.gravatar.com\/avatar\/612aca53a708cefc5ebe15ab0bc63c51a8ba58563e45c17848fa400e627e2717?s=96&d=mm&r=g","caption":"GPI NEWS"},"url":"https:\/\/puertointerior.guanajuato.gob.mx\/blog\/author\/rafa-jacinto\/"}]}},"jetpack_featured_media_url":"https:\/\/puertointerior.guanajuato.gob.mx\/blog\/wp-content\/uploads\/2022\/11\/Standard-Profil-Apaseo-El-Grande-1.jpg","jetpack_sharing_enabled":true,"jetpack_shortlink":"https:\/\/wp.me\/pcnMPA-yr","_links":{"self":[{"href":"https:\/\/puertointerior.guanajuato.gob.mx\/blog\/wp-json\/wp\/v2\/posts\/2135","targetHints":{"allow":["GET"]}}],"collection":[{"href":"https:\/\/puertointerior.guanajuato.gob.mx\/blog\/wp-json\/wp\/v2\/posts"}],"about":[{"href":"https:\/\/puertointerior.guanajuato.gob.mx\/blog\/wp-json\/wp\/v2\/types\/post"}],"author":[{"embeddable":true,"href":"https:\/\/puertointerior.guanajuato.gob.mx\/blog\/wp-json\/wp\/v2\/users\/2"}],"replies":[{"embeddable":true,"href":"https:\/\/puertointerior.guanajuato.gob.mx\/blog\/wp-json\/wp\/v2\/comments?post=2135"}],"version-history":[{"count":1,"href":"https:\/\/puertointerior.guanajuato.gob.mx\/blog\/wp-json\/wp\/v2\/posts\/2135\/revisions"}],"predecessor-version":[{"id":2136,"href":"https:\/\/puertointerior.guanajuato.gob.mx\/blog\/wp-json\/wp\/v2\/posts\/2135\/revisions\/2136"}],"wp:featuredmedia":[{"embeddable":true,"href":"https:\/\/puertointerior.guanajuato.gob.mx\/blog\/wp-json\/wp\/v2\/media\/2137"}],"wp:attachment":[{"href":"https:\/\/puertointerior.guanajuato.gob.mx\/blog\/wp-json\/wp\/v2\/media?parent=2135"}],"wp:term":[{"taxonomy":"category","embeddable":true,"href":"https:\/\/puertointerior.guanajuato.gob.mx\/blog\/wp-json\/wp\/v2\/categories?post=2135"},{"taxonomy":"post_tag","embeddable":true,"href":"https:\/\/puertointerior.guanajuato.gob.mx\/blog\/wp-json\/wp\/v2\/tags?post=2135"}],"curies":[{"name":"wp","href":"https:\/\/api.w.org\/{rel}","templated":true}]}}