{"id":21629,"date":"2025-11-27T10:49:37","date_gmt":"2025-11-27T15:49:37","guid":{"rendered":"https:\/\/puertointerior.guanajuato.gob.mx\/blog\/?p=21629"},"modified":"2025-11-27T10:49:37","modified_gmt":"2025-11-27T15:49:37","slug":"automovil-la-comision-podria-reconsiderar-la-prohibicion-de-los-motores-de-combustion-interna-en-2035","status":"publish","type":"post","link":"https:\/\/puertointerior.guanajuato.gob.mx\/blog\/2025\/11\/27\/automovil-la-comision-podria-reconsiderar-la-prohibicion-de-los-motores-de-combustion-interna-en-2035\/","title":{"rendered":"Autom\u00f3vil: la Comisi\u00f3n podr\u00eda reconsiderar la prohibici\u00f3n de los motores de combusti\u00f3n interna en 2035"},"content":{"rendered":"<p style=\"text-align: justify\">Bruselas podr\u00eda revisar la prohibici\u00f3n de la venta de veh\u00edculos nuevos con motores de combusti\u00f3n en 2035, indic\u00f3 el mi\u00e9rcoles el comisario encargado de la Estrategia Industrial, a dos semanas de anuncios muy esperados por Alemania, cuya industria automotriz est\u00e1 rezagada en la carrera hacia la electromovilidad.<\/p>\n<div id=\"left-area\" style=\"text-align: justify\">\n<article id=\"post-1828436\" class=\"et_pb_post post-1828436 post type-post status-publish format-standard has-post-thumbnail hentry category-europe-in-brief-ai\">\n<div class=\"entry-content\">\n<p>Stuttgart (Alemania) \u2013 \u00ab\u00a0Europa est\u00e1 lista para activar todos los mecanismos para hacer triunfar la industria automotriz europea\u00a0\u00bb, dijo St\u00e9phane S\u00e9journ\u00e9 durante una cumbre del sector automotriz en el sur de Alemania, en Stuttgart, bajo la presi\u00f3n del canciller Friedrich Merz.<\/p>\n<p>El comisionado, que tambi\u00e9n es vicepresidente de la Comisi\u00f3n, dijo desear \u00ab\u00a0adaptar el camino\u00a0\u00bb hacia la transici\u00f3n energ\u00e9tica \u00ab\u00a0otorgando flexibilidades\u00a0\u00bb.<\/p>\n<blockquote><p>\u00ab\u00a0Dado el contexto internacional, un cierto n\u00famero de tecnolog\u00edas podr\u00edan ser autorizadas despu\u00e9s de 2035\u00a0\u00bb para dar \u00ab\u00a0una perspectiva clara para los consumidores que esperan el cambio de veh\u00edculos en ciertos segmentos\u00a0\u00bb, a\u00f1adi\u00f3.<\/p><\/blockquote>\n<p>Sin embargo, se neg\u00f3 a decir m\u00e1s antes del 10 de diciembre, fecha en la que la Comisi\u00f3n prev\u00e9 revelar medidas para aliviar el sector.<\/p>\n<p>Los fabricantes de autom\u00f3viles alemanes, seguidos por el canciller, critican la fecha l\u00edmite decidida por la UE. Ante la competencia china, abogan por el uso de tecnolog\u00edas como los extensores de autonom\u00eda y los coches h\u00edbridos enchufables. (26 de noviembre de 2025)<\/p>\n<p>Publicado originalmente por:\u00a0<a href=\"https:\/\/europeannewsroom.com\/es\/automovil-la-comision-podria-reconsiderar-la-prohibicion-de-los-motores-de-combustion-interna-en-2035\/\">https:\/\/europeannewsroom.com\/es\/automovil-la-comision-podria-reconsiderar-la-prohibicion-de-los-motores-de-combustion-interna-en-2035\/<\/a><\/p>\n<\/div>\n<div class=\"et_post_meta_wrapper\"><\/div>\n<\/article>\n<\/div>\n<div class=\"et_pb_widget widget_block widget_search\" style=\"text-align: justify\"><\/div>\n","protected":false},"excerpt":{"rendered":"<p>Bruselas podr\u00eda revisar la prohibici\u00f3n de la venta de veh\u00edculos nuevos con motores de combusti\u00f3n en 2035, indic\u00f3 el mi\u00e9rcoles el comisario encargado de la Estrategia Industrial, a dos semanas de anuncios muy esperados por Alemania, cuya industria automotriz est\u00e1 rezagada en la carrera hacia la electromovilidad. Stuttgart (Alemania) \u2013 \u00ab\u00a0Europa est\u00e1 lista para activar [&hellip;]<\/p>\n","protected":false},"author":2,"featured_media":21630,"comment_status":"closed","ping_status":"open","sticky":false,"template":"","format":"standard","meta":{"jetpack_post_was_ever_published":false,"_jetpack_newsletter_access":"","_jetpack_dont_email_post_to_subs":false,"_jetpack_newsletter_tier_id":0,"_jetpack_memberships_contains_paywalled_content":false,"_jetpack_memberships_contains_paid_content":false,"footnotes":""},"categories":[9],"tags":[],"class_list":["post-21629","post","type-post","status-publish","format-standard","has-post-thumbnail","hentry","category-social-responsability"],"yoast_head":"<!-- This site is optimized with the Yoast SEO plugin v25.7 - https:\/\/yoast.com\/wordpress\/plugins\/seo\/ -->\n<title>Autom\u00f3vil: la Comisi\u00f3n podr\u00eda reconsiderar la prohibici\u00f3n de los motores de combusti\u00f3n interna en 2035 - Blog | GPI NEWS<\/title>\n<meta name=\"robots\" content=\"index, follow, max-snippet:-1, max-image-preview:large, max-video-preview:-1\" \/>\n<link rel=\"canonical\" href=\"https:\/\/puertointerior.guanajuato.gob.mx\/blog\/2025\/11\/27\/automovil-la-comision-podria-reconsiderar-la-prohibicion-de-los-motores-de-combustion-interna-en-2035\/\" \/>\n<meta property=\"og:locale\" content=\"es_MX\" \/>\n<meta property=\"og:type\" content=\"article\" \/>\n<meta property=\"og:title\" content=\"Autom\u00f3vil: la Comisi\u00f3n podr\u00eda reconsiderar la prohibici\u00f3n de los motores de combusti\u00f3n interna en 2035 - Blog | GPI NEWS\" \/>\n<meta property=\"og:description\" content=\"Bruselas podr\u00eda revisar la prohibici\u00f3n de la venta de veh\u00edculos nuevos con motores de combusti\u00f3n en 2035, indic\u00f3 el mi\u00e9rcoles el comisario encargado de la Estrategia Industrial, a dos semanas de anuncios muy esperados por Alemania, cuya industria automotriz est\u00e1 rezagada en la carrera hacia la electromovilidad. Stuttgart (Alemania) \u2013 \u00ab\u00a0Europa est\u00e1 lista para activar [&hellip;]\" \/>\n<meta property=\"og:url\" content=\"https:\/\/puertointerior.guanajuato.gob.mx\/blog\/2025\/11\/27\/automovil-la-comision-podria-reconsiderar-la-prohibicion-de-los-motores-de-combustion-interna-en-2035\/\" \/>\n<meta property=\"og:site_name\" content=\"Blog | GPI NEWS\" \/>\n<meta property=\"article:published_time\" content=\"2025-11-27T15:49:37+00:00\" \/>\n<meta property=\"og:image\" content=\"https:\/\/puertointerior.guanajuato.gob.mx\/blog\/wp-content\/uploads\/2025\/11\/000_869F99B-980x653-1.jpg\" \/>\n\t<meta property=\"og:image:width\" content=\"980\" \/>\n\t<meta property=\"og:image:height\" content=\"653\" \/>\n\t<meta property=\"og:image:type\" content=\"image\/jpeg\" \/>\n<meta name=\"author\" content=\"GPI NEWS\" \/>\n<meta name=\"twitter:card\" content=\"summary_large_image\" \/>\n<meta name=\"twitter:label1\" content=\"Escrito por\" \/>\n\t<meta name=\"twitter:data1\" content=\"GPI NEWS\" \/>\n\t<meta name=\"twitter:label2\" content=\"Tiempo de lectura\" \/>\n\t<meta name=\"twitter:data2\" content=\"1 minuto\" \/>\n<script type=\"application\/ld+json\" class=\"yoast-schema-graph\">{\"@context\":\"https:\/\/schema.org\",\"@graph\":[{\"@type\":\"WebPage\",\"@id\":\"https:\/\/puertointerior.guanajuato.gob.mx\/blog\/2025\/11\/27\/automovil-la-comision-podria-reconsiderar-la-prohibicion-de-los-motores-de-combustion-interna-en-2035\/\",\"url\":\"https:\/\/puertointerior.guanajuato.gob.mx\/blog\/2025\/11\/27\/automovil-la-comision-podria-reconsiderar-la-prohibicion-de-los-motores-de-combustion-interna-en-2035\/\",\"name\":\"Autom\u00f3vil: la Comisi\u00f3n podr\u00eda reconsiderar la prohibici\u00f3n de los motores de combusti\u00f3n interna en 2035 - Blog | GPI NEWS\",\"isPartOf\":{\"@id\":\"https:\/\/puertointerior.guanajuato.gob.mx\/blog\/#website\"},\"primaryImageOfPage\":{\"@id\":\"https:\/\/puertointerior.guanajuato.gob.mx\/blog\/2025\/11\/27\/automovil-la-comision-podria-reconsiderar-la-prohibicion-de-los-motores-de-combustion-interna-en-2035\/#primaryimage\"},\"image\":{\"@id\":\"https:\/\/puertointerior.guanajuato.gob.mx\/blog\/2025\/11\/27\/automovil-la-comision-podria-reconsiderar-la-prohibicion-de-los-motores-de-combustion-interna-en-2035\/#primaryimage\"},\"thumbnailUrl\":\"https:\/\/puertointerior.guanajuato.gob.mx\/blog\/wp-content\/uploads\/2025\/11\/000_869F99B-980x653-1.jpg\",\"datePublished\":\"2025-11-27T15:49:37+00:00\",\"author\":{\"@id\":\"https:\/\/puertointerior.guanajuato.gob.mx\/blog\/#\/schema\/person\/f4851bb8a48c32d7fba5285caf4ef1c4\"},\"breadcrumb\":{\"@id\":\"https:\/\/puertointerior.guanajuato.gob.mx\/blog\/2025\/11\/27\/automovil-la-comision-podria-reconsiderar-la-prohibicion-de-los-motores-de-combustion-interna-en-2035\/#breadcrumb\"},\"inLanguage\":\"es\",\"potentialAction\":[{\"@type\":\"ReadAction\",\"target\":[\"https:\/\/puertointerior.guanajuato.gob.mx\/blog\/2025\/11\/27\/automovil-la-comision-podria-reconsiderar-la-prohibicion-de-los-motores-de-combustion-interna-en-2035\/\"]}]},{\"@type\":\"ImageObject\",\"inLanguage\":\"es\",\"@id\":\"https:\/\/puertointerior.guanajuato.gob.mx\/blog\/2025\/11\/27\/automovil-la-comision-podria-reconsiderar-la-prohibicion-de-los-motores-de-combustion-interna-en-2035\/#primaryimage\",\"url\":\"https:\/\/puertointerior.guanajuato.gob.mx\/blog\/wp-content\/uploads\/2025\/11\/000_869F99B-980x653-1.jpg\",\"contentUrl\":\"https:\/\/puertointerior.guanajuato.gob.mx\/blog\/wp-content\/uploads\/2025\/11\/000_869F99B-980x653-1.jpg\",\"width\":980,\"height\":653},{\"@type\":\"BreadcrumbList\",\"@id\":\"https:\/\/puertointerior.guanajuato.gob.mx\/blog\/2025\/11\/27\/automovil-la-comision-podria-reconsiderar-la-prohibicion-de-los-motores-de-combustion-interna-en-2035\/#breadcrumb\",\"itemListElement\":[{\"@type\":\"ListItem\",\"position\":1,\"name\":\"Inicio\",\"item\":\"https:\/\/puertointerior.guanajuato.gob.mx\/blog\/\"},{\"@type\":\"ListItem\",\"position\":2,\"name\":\"Autom\u00f3vil: la Comisi\u00f3n podr\u00eda reconsiderar la prohibici\u00f3n de los motores de combusti\u00f3n interna en 2035\"}]},{\"@type\":\"WebSite\",\"@id\":\"https:\/\/puertointerior.guanajuato.gob.mx\/blog\/#website\",\"url\":\"https:\/\/puertointerior.guanajuato.gob.mx\/blog\/\",\"name\":\"Blog | GPI NEWS\",\"description\":\"Guanajuato Puerto Interior\",\"potentialAction\":[{\"@type\":\"SearchAction\",\"target\":{\"@type\":\"EntryPoint\",\"urlTemplate\":\"https:\/\/puertointerior.guanajuato.gob.mx\/blog\/?s={search_term_string}\"},\"query-input\":{\"@type\":\"PropertyValueSpecification\",\"valueRequired\":true,\"valueName\":\"search_term_string\"}}],\"inLanguage\":\"es\"},{\"@type\":\"Person\",\"@id\":\"https:\/\/puertointerior.guanajuato.gob.mx\/blog\/#\/schema\/person\/f4851bb8a48c32d7fba5285caf4ef1c4\",\"name\":\"GPI NEWS\",\"image\":{\"@type\":\"ImageObject\",\"inLanguage\":\"es\",\"@id\":\"https:\/\/puertointerior.guanajuato.gob.mx\/blog\/#\/schema\/person\/image\/\",\"url\":\"https:\/\/secure.gravatar.com\/avatar\/612aca53a708cefc5ebe15ab0bc63c51a8ba58563e45c17848fa400e627e2717?s=96&d=mm&r=g\",\"contentUrl\":\"https:\/\/secure.gravatar.com\/avatar\/612aca53a708cefc5ebe15ab0bc63c51a8ba58563e45c17848fa400e627e2717?s=96&d=mm&r=g\",\"caption\":\"GPI NEWS\"},\"url\":\"https:\/\/puertointerior.guanajuato.gob.mx\/blog\/author\/rafa-jacinto\/\"}]}<\/script>\n<!-- \/ Yoast SEO plugin. -->","yoast_head_json":{"title":"Autom\u00f3vil: la Comisi\u00f3n podr\u00eda reconsiderar la prohibici\u00f3n de los motores de combusti\u00f3n interna en 2035 - Blog | GPI NEWS","robots":{"index":"index","follow":"follow","max-snippet":"max-snippet:-1","max-image-preview":"max-image-preview:large","max-video-preview":"max-video-preview:-1"},"canonical":"https:\/\/puertointerior.guanajuato.gob.mx\/blog\/2025\/11\/27\/automovil-la-comision-podria-reconsiderar-la-prohibicion-de-los-motores-de-combustion-interna-en-2035\/","og_locale":"es_MX","og_type":"article","og_title":"Autom\u00f3vil: la Comisi\u00f3n podr\u00eda reconsiderar la prohibici\u00f3n de los motores de combusti\u00f3n interna en 2035 - Blog | GPI NEWS","og_description":"Bruselas podr\u00eda revisar la prohibici\u00f3n de la venta de veh\u00edculos nuevos con motores de combusti\u00f3n en 2035, indic\u00f3 el mi\u00e9rcoles el comisario encargado de la Estrategia Industrial, a dos semanas de anuncios muy esperados por Alemania, cuya industria automotriz est\u00e1 rezagada en la carrera hacia la electromovilidad. Stuttgart (Alemania) \u2013 \u00ab\u00a0Europa est\u00e1 lista para activar [&hellip;]","og_url":"https:\/\/puertointerior.guanajuato.gob.mx\/blog\/2025\/11\/27\/automovil-la-comision-podria-reconsiderar-la-prohibicion-de-los-motores-de-combustion-interna-en-2035\/","og_site_name":"Blog | GPI NEWS","article_published_time":"2025-11-27T15:49:37+00:00","og_image":[{"width":980,"height":653,"url":"https:\/\/puertointerior.guanajuato.gob.mx\/blog\/wp-content\/uploads\/2025\/11\/000_869F99B-980x653-1.jpg","type":"image\/jpeg"}],"author":"GPI NEWS","twitter_card":"summary_large_image","twitter_misc":{"Escrito por":"GPI NEWS","Tiempo de lectura":"1 minuto"},"schema":{"@context":"https:\/\/schema.org","@graph":[{"@type":"WebPage","@id":"https:\/\/puertointerior.guanajuato.gob.mx\/blog\/2025\/11\/27\/automovil-la-comision-podria-reconsiderar-la-prohibicion-de-los-motores-de-combustion-interna-en-2035\/","url":"https:\/\/puertointerior.guanajuato.gob.mx\/blog\/2025\/11\/27\/automovil-la-comision-podria-reconsiderar-la-prohibicion-de-los-motores-de-combustion-interna-en-2035\/","name":"Autom\u00f3vil: la Comisi\u00f3n podr\u00eda reconsiderar la prohibici\u00f3n de los motores de combusti\u00f3n interna en 2035 - Blog | GPI NEWS","isPartOf":{"@id":"https:\/\/puertointerior.guanajuato.gob.mx\/blog\/#website"},"primaryImageOfPage":{"@id":"https:\/\/puertointerior.guanajuato.gob.mx\/blog\/2025\/11\/27\/automovil-la-comision-podria-reconsiderar-la-prohibicion-de-los-motores-de-combustion-interna-en-2035\/#primaryimage"},"image":{"@id":"https:\/\/puertointerior.guanajuato.gob.mx\/blog\/2025\/11\/27\/automovil-la-comision-podria-reconsiderar-la-prohibicion-de-los-motores-de-combustion-interna-en-2035\/#primaryimage"},"thumbnailUrl":"https:\/\/puertointerior.guanajuato.gob.mx\/blog\/wp-content\/uploads\/2025\/11\/000_869F99B-980x653-1.jpg","datePublished":"2025-11-27T15:49:37+00:00","author":{"@id":"https:\/\/puertointerior.guanajuato.gob.mx\/blog\/#\/schema\/person\/f4851bb8a48c32d7fba5285caf4ef1c4"},"breadcrumb":{"@id":"https:\/\/puertointerior.guanajuato.gob.mx\/blog\/2025\/11\/27\/automovil-la-comision-podria-reconsiderar-la-prohibicion-de-los-motores-de-combustion-interna-en-2035\/#breadcrumb"},"inLanguage":"es","potentialAction":[{"@type":"ReadAction","target":["https:\/\/puertointerior.guanajuato.gob.mx\/blog\/2025\/11\/27\/automovil-la-comision-podria-reconsiderar-la-prohibicion-de-los-motores-de-combustion-interna-en-2035\/"]}]},{"@type":"ImageObject","inLanguage":"es","@id":"https:\/\/puertointerior.guanajuato.gob.mx\/blog\/2025\/11\/27\/automovil-la-comision-podria-reconsiderar-la-prohibicion-de-los-motores-de-combustion-interna-en-2035\/#primaryimage","url":"https:\/\/puertointerior.guanajuato.gob.mx\/blog\/wp-content\/uploads\/2025\/11\/000_869F99B-980x653-1.jpg","contentUrl":"https:\/\/puertointerior.guanajuato.gob.mx\/blog\/wp-content\/uploads\/2025\/11\/000_869F99B-980x653-1.jpg","width":980,"height":653},{"@type":"BreadcrumbList","@id":"https:\/\/puertointerior.guanajuato.gob.mx\/blog\/2025\/11\/27\/automovil-la-comision-podria-reconsiderar-la-prohibicion-de-los-motores-de-combustion-interna-en-2035\/#breadcrumb","itemListElement":[{"@type":"ListItem","position":1,"name":"Inicio","item":"https:\/\/puertointerior.guanajuato.gob.mx\/blog\/"},{"@type":"ListItem","position":2,"name":"Autom\u00f3vil: la Comisi\u00f3n podr\u00eda reconsiderar la prohibici\u00f3n de los motores de combusti\u00f3n interna en 2035"}]},{"@type":"WebSite","@id":"https:\/\/puertointerior.guanajuato.gob.mx\/blog\/#website","url":"https:\/\/puertointerior.guanajuato.gob.mx\/blog\/","name":"Blog | GPI NEWS","description":"Guanajuato Puerto Interior","potentialAction":[{"@type":"SearchAction","target":{"@type":"EntryPoint","urlTemplate":"https:\/\/puertointerior.guanajuato.gob.mx\/blog\/?s={search_term_string}"},"query-input":{"@type":"PropertyValueSpecification","valueRequired":true,"valueName":"search_term_string"}}],"inLanguage":"es"},{"@type":"Person","@id":"https:\/\/puertointerior.guanajuato.gob.mx\/blog\/#\/schema\/person\/f4851bb8a48c32d7fba5285caf4ef1c4","name":"GPI NEWS","image":{"@type":"ImageObject","inLanguage":"es","@id":"https:\/\/puertointerior.guanajuato.gob.mx\/blog\/#\/schema\/person\/image\/","url":"https:\/\/secure.gravatar.com\/avatar\/612aca53a708cefc5ebe15ab0bc63c51a8ba58563e45c17848fa400e627e2717?s=96&d=mm&r=g","contentUrl":"https:\/\/secure.gravatar.com\/avatar\/612aca53a708cefc5ebe15ab0bc63c51a8ba58563e45c17848fa400e627e2717?s=96&d=mm&r=g","caption":"GPI NEWS"},"url":"https:\/\/puertointerior.guanajuato.gob.mx\/blog\/author\/rafa-jacinto\/"}]}},"jetpack_featured_media_url":"https:\/\/puertointerior.guanajuato.gob.mx\/blog\/wp-content\/uploads\/2025\/11\/000_869F99B-980x653-1.jpg","jetpack_sharing_enabled":true,"jetpack_shortlink":"https:\/\/wp.me\/pcnMPA-5CR","_links":{"self":[{"href":"https:\/\/puertointerior.guanajuato.gob.mx\/blog\/wp-json\/wp\/v2\/posts\/21629","targetHints":{"allow":["GET"]}}],"collection":[{"href":"https:\/\/puertointerior.guanajuato.gob.mx\/blog\/wp-json\/wp\/v2\/posts"}],"about":[{"href":"https:\/\/puertointerior.guanajuato.gob.mx\/blog\/wp-json\/wp\/v2\/types\/post"}],"author":[{"embeddable":true,"href":"https:\/\/puertointerior.guanajuato.gob.mx\/blog\/wp-json\/wp\/v2\/users\/2"}],"replies":[{"embeddable":true,"href":"https:\/\/puertointerior.guanajuato.gob.mx\/blog\/wp-json\/wp\/v2\/comments?post=21629"}],"version-history":[{"count":1,"href":"https:\/\/puertointerior.guanajuato.gob.mx\/blog\/wp-json\/wp\/v2\/posts\/21629\/revisions"}],"predecessor-version":[{"id":21631,"href":"https:\/\/puertointerior.guanajuato.gob.mx\/blog\/wp-json\/wp\/v2\/posts\/21629\/revisions\/21631"}],"wp:featuredmedia":[{"embeddable":true,"href":"https:\/\/puertointerior.guanajuato.gob.mx\/blog\/wp-json\/wp\/v2\/media\/21630"}],"wp:attachment":[{"href":"https:\/\/puertointerior.guanajuato.gob.mx\/blog\/wp-json\/wp\/v2\/media?parent=21629"}],"wp:term":[{"taxonomy":"category","embeddable":true,"href":"https:\/\/puertointerior.guanajuato.gob.mx\/blog\/wp-json\/wp\/v2\/categories?post=21629"},{"taxonomy":"post_tag","embeddable":true,"href":"https:\/\/puertointerior.guanajuato.gob.mx\/blog\/wp-json\/wp\/v2\/tags?post=21629"}],"curies":[{"name":"wp","href":"https:\/\/api.w.org\/{rel}","templated":true}]}}