{"id":2171,"date":"2022-11-26T18:15:37","date_gmt":"2022-11-26T23:15:37","guid":{"rendered":"https:\/\/puertointerior.guanajuato.gob.mx\/blog\/?p=2171"},"modified":"2022-11-26T18:15:37","modified_gmt":"2022-11-26T23:15:37","slug":"adios-frontera-norte-hola-bajio-las-inversiones-tienen-nuevo-lugar-de-llegada","status":"publish","type":"post","link":"https:\/\/puertointerior.guanajuato.gob.mx\/blog\/2022\/11\/26\/adios-frontera-norte-hola-bajio-las-inversiones-tienen-nuevo-lugar-de-llegada\/","title":{"rendered":"\u00bfAdi\u00f3s frontera norte, hola Baj\u00edo? Las inversiones tienen nuevo lugar de llegada"},"content":{"rendered":"<p>En fechas recientes Bosch y Pirelli anunciaron inversiones por 225 millones de d\u00f3lares y 114 millones de euros, respectivamente, como parte de sus planes de expansi\u00f3n en Guanajuato. \u00bfEs una tendencia?<\/p>\n<p>La frontera norte era el lugar predilecto para la llegada de inversiones a M\u00e9xico, pero ahora<b>\u00a0la zona de El Baj\u00edo es la que ocupa este lugar<\/b>\u00a0por varios factores, entre los que destaca una mayor disponibilidad de parques industriales y mano de obra.<\/p>\n<p>Si bien, las rupturas en las cadenas de suministro a nivel global pudiesen haber beneficiado m\u00e1s en cuanto a llegada y expansi\u00f3n de f\u00e1bricas a las entidades fronterizas con Estados Unidos,\u00a0<b>la iniciativa privada est\u00e1 optando por bajar un poco m\u00e1s la mirada<\/b>\u00a0y arribar en, por ejemplo, Guanajuato, donde hace una semana la alemana Bosch anunci\u00f3 una inversi\u00f3n por 225 millones de d\u00f3lares para acrecentar las capacidades de su complejo donde produce componentes automotrices.<\/p>\n<p>La estadounidense Eaton, enfocada en la gesti\u00f3n de energ\u00eda diversificada y tecnolog\u00edas de sistemas el\u00e9ctricos, que arrib\u00f3 al mercado mexicano hace 60 a\u00f1os,<b>\u00a0hoy observa un panorama diferente en el pa\u00eds<\/b>. Cuenta con 22 f\u00e1bricas distribuidas en 11 estados. En la zona del Baj\u00edo posee siete, a trav\u00e9s de las cuales emplea a m\u00e1s de 5,000 personas.<\/p>\n<p>Eduardo Carbajal, director general de Eaton Power Systems en M\u00e9xico, destaca que por las cualidades de excelencia manufacturera en el pa\u00eds<b>\u00a0la empresa seguir\u00e1 invirtiendo en sus capacidades productivas, pero \u00e9sta vez, lo har\u00e1 con especial \u00e9nfasis en el Baj\u00edo<\/b>, pues observa una mayor integraci\u00f3n en las cadenas de valor, as\u00ed como nuevas oportunidades de negocios a trav\u00e9s de diferentes sinergias con otras empresas instaladas en la regi\u00f3n.<\/p>\n<div class=\"BlocksArticleBody-items block BlockWrap\">\n<article id=\"block-0\" class=\"BlocksArticleFirstItem\">\n<div class=\"BlocksArticleFirstItem-body\">\n<p>\u201cEstamos identificando que en diferentes zonas del pa\u00eds, en el Baj\u00edo en particular, ya no solo es la parte de manufactura para exportaci\u00f3n. Ya estamos encontrando oportunidades reales de negocio para nosotros en nuestros mercados\u201d, se\u00f1ala durante su participaci\u00f3n en el Members Meeting 2022 de El Gran Baj\u00edo.<\/p>\n<p><b>Son varias las razones por las cuales la iniciativa privada ha optado por decirle adi\u00f3s a los estados fronterizos<\/b>\u00a0y emprender camino en estados como Guanajuato, Quer\u00e9taro y San Luis Potos\u00ed , entre otros.<\/p>\n<p>Por ejemplo, la industria maquiladora en Ciudad Ju\u00e1rez, Chihuahua, considera que actualmente existe un\u00a0<b>d\u00e9ficit de 25,000 trabajadores\u00a0<\/b>en la zona, pues la llegada y expansi\u00f3n de las f\u00e1bricas han disminuido al personal disponible para su contrataci\u00f3n, seg\u00fan Index Ju\u00e1rez.<\/p>\n<p>Otro motivo es que<b>\u00a0los parques industriales en la frontera norte est\u00e1n llenos<\/b>, lo que figura como una limitante para los planes de negocio de las empresas que buscan llegar con nuevas operaciones o tambi\u00e9n, expandirlas.<\/p>\n<\/div>\n<\/article>\n<div class=\"sidebar\">\n<aside class=\"BlocksArticleFirstItem-aside\" data-asidewell=\"\">\n<div class=\"GoogleDfpAd-wrap\" data-module=\"\" data-hide-timeout=\"0\" data-button-delay=\"0\">\n<div id=\"exp-lateral-2\" class=\"is-dfp GoogleDfpAd\" data-ad-name=\"exp-lateral-2\" data-slot-name=\"123456\/lateral-dos\/empresas\" data-slot-targeting=\"{&quot;pos&quot;:&quot;2&quot;}\" data-google-query-id=\"CPHAmqT7zPsCFT3MGAIdoSUAxQ\">\n<div id=\"google_ads_iframe_\/72776159\/es.gex.cnnexpansion\/lateral-dos_0__container__\"><b>Lo anterior no pasa en el Baj\u00edo. <\/b>Diego Bocard, CEO de Grupo Argo, destaca que m\u00e1s al centro del pa\u00eds\u00a0<b>existe disponibilidad<\/b>\u00a0en los parques industriales,\u00a0<b>adem\u00e1s de fuerza laboral<\/b>\u00a0lista para ser empleada, volviendo la regi\u00f3n m\u00e1s atractiva, observando un mayor inter\u00e9s por aquellas firmas adheridas a la cadena de valor del sector automotriz y aeroespacial.<\/div>\n<\/div>\n<\/div>\n<\/aside>\n<\/div>\n<\/div>\n<div class=\"BlocksArticleBody-items block BlockWrap\">\n<article id=\"block-1\" class=\"BlocksArticleFirstItem\">\n<div class=\"BlocksArticleFirstItem-body\">\n<p>Por ejemplo, en un parque industrial de la compa\u00f1\u00eda ubicado en San Luis Potos\u00ed donde est\u00e1n instaladas 40 empresas,\u00a0<b>30% del total expandi\u00f3 sus capacidades en el \u00faltimo a\u00f1o<\/b>, adem\u00e1s de que en los \u00faltimos seis meses han levantado la mano para integrarse al complejo cinco compa\u00f1\u00edas m\u00e1s. Para los pr\u00f3ximos tres a\u00f1os, prev\u00e9 que los agentes econ\u00f3micos instalados\u00a0<b>podr\u00edan acrecentarse hasta un 60%.<\/b><\/p>\n<p>\u201cEs una cuesti\u00f3n org\u00e1nica. Se llena el norte y las empresas deciden bajar, empiezan a buscar nuevas oportunidades\u2026 Se dan cuenta que llegan al Baj\u00edo y que sus empresas hermanas o tambi\u00e9n competidores, ya est\u00e1n instaladas, lo que les genera m\u00e1s seguridad en la inversi\u00f3n\u201d, resalta en entrevista con\u00a0<i>Expansi\u00f3n<\/i>.<\/p>\n<p><b>La relocalizaci\u00f3n de las plantas productivas, fen\u00f3meno conocido como \u201cnearshoring\u201d<\/b>, se est\u00e1 viendo impulsado por aquellas empresas que buscan mudar sus complejos de Asia a M\u00e9xico y tambi\u00e9n, por el inter\u00e9s de empresas europeas que ya cuentan con operaciones en el pa\u00eds y ahora buscan incrementarlas, como es el caso de\u00a0<b>Bosch<\/b>\u00a0y\u00a0<b>Pirelli<\/b>, que en fechas recientes anunciaron inversiones por 225 millones de d\u00f3lares y 114 millones de euros, respectivamente, como parte de sus planes de expansi\u00f3n en Guanajuato.<\/p>\n<p>Sarah Basic, consejera de Asuntos Econ\u00f3micos de la embajada de Alemania en M\u00e9xico, considera que existe un gran inter\u00e9s por inversionistas de aquel pa\u00eds en llegar al Baj\u00edo, principalmente por su acceso tanto al Pac\u00edfico como al Golfo, lo que resalta como una\u00a0<b>ventaja en materia log\u00edstica.<\/b><\/p>\n<p>\u201cVemos muchas inversiones, peque\u00f1as y grandes, de empresarios alemanes que se est\u00e1n sumando\u201d, dijo durante su participaci\u00f3n en el Members Meeting 2022 de El Gran Baj\u00edo.<\/p>\n<p>Publicado originalmente por:\u00a0<a href=\"https:\/\/expansion.mx\/empresas\/2022\/11\/25\/las-inversiones-tienen-nuevo-lugar-de-llegada-en-el-bajio\">https:\/\/expansion.mx\/empresas\/2022\/11\/25\/las-inversiones-tienen-nuevo-lugar-de-llegada-en-el-bajio<\/a><\/p>\n<p>&nbsp;<\/p>\n<\/div>\n<\/article>\n<\/div>\n","protected":false},"excerpt":{"rendered":"<p>En fechas recientes Bosch y Pirelli anunciaron inversiones por 225 millones de d\u00f3lares y 114 millones de euros, respectivamente, como parte de sus planes de expansi\u00f3n en Guanajuato. \u00bfEs una tendencia? La frontera norte era el lugar predilecto para la llegada de inversiones a M\u00e9xico, pero ahora\u00a0la zona de El Baj\u00edo es la que ocupa [&hellip;]<\/p>\n","protected":false},"author":2,"featured_media":2174,"comment_status":"closed","ping_status":"open","sticky":false,"template":"","format":"standard","meta":{"jetpack_post_was_ever_published":false,"_jetpack_newsletter_access":"","_jetpack_dont_email_post_to_subs":false,"_jetpack_newsletter_tier_id":0,"_jetpack_memberships_contains_paywalled_content":false,"_jetpack_memberships_contains_paid_content":false,"footnotes":""},"categories":[20],"tags":[],"class_list":["post-2171","post","type-post","status-publish","format-standard","has-post-thumbnail","hentry","category-economic-development"],"yoast_head":"<!-- This site is optimized with the Yoast SEO plugin v25.7 - https:\/\/yoast.com\/wordpress\/plugins\/seo\/ -->\n<title>\u00bfAdi\u00f3s frontera norte, hola Baj\u00edo? Las inversiones tienen nuevo lugar de llegada - Blog | GPI NEWS<\/title>\n<meta name=\"robots\" content=\"index, follow, max-snippet:-1, max-image-preview:large, max-video-preview:-1\" \/>\n<link rel=\"canonical\" href=\"https:\/\/puertointerior.guanajuato.gob.mx\/blog\/2022\/11\/26\/adios-frontera-norte-hola-bajio-las-inversiones-tienen-nuevo-lugar-de-llegada\/\" \/>\n<meta property=\"og:locale\" content=\"es_MX\" \/>\n<meta property=\"og:type\" content=\"article\" \/>\n<meta property=\"og:title\" content=\"\u00bfAdi\u00f3s frontera norte, hola Baj\u00edo? Las inversiones tienen nuevo lugar de llegada - Blog | GPI NEWS\" \/>\n<meta property=\"og:description\" content=\"En fechas recientes Bosch y Pirelli anunciaron inversiones por 225 millones de d\u00f3lares y 114 millones de euros, respectivamente, como parte de sus planes de expansi\u00f3n en Guanajuato. \u00bfEs una tendencia? La frontera norte era el lugar predilecto para la llegada de inversiones a M\u00e9xico, pero ahora\u00a0la zona de El Baj\u00edo es la que ocupa [&hellip;]\" \/>\n<meta property=\"og:url\" content=\"https:\/\/puertointerior.guanajuato.gob.mx\/blog\/2022\/11\/26\/adios-frontera-norte-hola-bajio-las-inversiones-tienen-nuevo-lugar-de-llegada\/\" \/>\n<meta property=\"og:site_name\" content=\"Blog | GPI NEWS\" \/>\n<meta property=\"article:published_time\" content=\"2022-11-26T23:15:37+00:00\" \/>\n<meta property=\"og:image\" content=\"https:\/\/puertointerior.guanajuato.gob.mx\/blog\/wp-content\/uploads\/2022\/11\/Parque-Industrial.jpg\" \/>\n\t<meta property=\"og:image:width\" content=\"1800\" \/>\n\t<meta property=\"og:image:height\" content=\"1199\" \/>\n\t<meta property=\"og:image:type\" content=\"image\/jpeg\" \/>\n<meta name=\"author\" content=\"GPI NEWS\" \/>\n<meta name=\"twitter:card\" content=\"summary_large_image\" \/>\n<meta name=\"twitter:label1\" content=\"Escrito por\" \/>\n\t<meta name=\"twitter:data1\" content=\"GPI NEWS\" \/>\n\t<meta name=\"twitter:label2\" content=\"Tiempo de lectura\" \/>\n\t<meta name=\"twitter:data2\" content=\"4 minutos\" \/>\n<script type=\"application\/ld+json\" class=\"yoast-schema-graph\">{\"@context\":\"https:\/\/schema.org\",\"@graph\":[{\"@type\":\"WebPage\",\"@id\":\"https:\/\/puertointerior.guanajuato.gob.mx\/blog\/2022\/11\/26\/adios-frontera-norte-hola-bajio-las-inversiones-tienen-nuevo-lugar-de-llegada\/\",\"url\":\"https:\/\/puertointerior.guanajuato.gob.mx\/blog\/2022\/11\/26\/adios-frontera-norte-hola-bajio-las-inversiones-tienen-nuevo-lugar-de-llegada\/\",\"name\":\"\u00bfAdi\u00f3s frontera norte, hola Baj\u00edo? Las inversiones tienen nuevo lugar de llegada - Blog | GPI NEWS\",\"isPartOf\":{\"@id\":\"https:\/\/puertointerior.guanajuato.gob.mx\/blog\/#website\"},\"primaryImageOfPage\":{\"@id\":\"https:\/\/puertointerior.guanajuato.gob.mx\/blog\/2022\/11\/26\/adios-frontera-norte-hola-bajio-las-inversiones-tienen-nuevo-lugar-de-llegada\/#primaryimage\"},\"image\":{\"@id\":\"https:\/\/puertointerior.guanajuato.gob.mx\/blog\/2022\/11\/26\/adios-frontera-norte-hola-bajio-las-inversiones-tienen-nuevo-lugar-de-llegada\/#primaryimage\"},\"thumbnailUrl\":\"https:\/\/puertointerior.guanajuato.gob.mx\/blog\/wp-content\/uploads\/2022\/11\/Parque-Industrial.jpg\",\"datePublished\":\"2022-11-26T23:15:37+00:00\",\"author\":{\"@id\":\"https:\/\/puertointerior.guanajuato.gob.mx\/blog\/#\/schema\/person\/f4851bb8a48c32d7fba5285caf4ef1c4\"},\"breadcrumb\":{\"@id\":\"https:\/\/puertointerior.guanajuato.gob.mx\/blog\/2022\/11\/26\/adios-frontera-norte-hola-bajio-las-inversiones-tienen-nuevo-lugar-de-llegada\/#breadcrumb\"},\"inLanguage\":\"es\",\"potentialAction\":[{\"@type\":\"ReadAction\",\"target\":[\"https:\/\/puertointerior.guanajuato.gob.mx\/blog\/2022\/11\/26\/adios-frontera-norte-hola-bajio-las-inversiones-tienen-nuevo-lugar-de-llegada\/\"]}]},{\"@type\":\"ImageObject\",\"inLanguage\":\"es\",\"@id\":\"https:\/\/puertointerior.guanajuato.gob.mx\/blog\/2022\/11\/26\/adios-frontera-norte-hola-bajio-las-inversiones-tienen-nuevo-lugar-de-llegada\/#primaryimage\",\"url\":\"https:\/\/puertointerior.guanajuato.gob.mx\/blog\/wp-content\/uploads\/2022\/11\/Parque-Industrial.jpg\",\"contentUrl\":\"https:\/\/puertointerior.guanajuato.gob.mx\/blog\/wp-content\/uploads\/2022\/11\/Parque-Industrial.jpg\",\"width\":1800,\"height\":1199},{\"@type\":\"BreadcrumbList\",\"@id\":\"https:\/\/puertointerior.guanajuato.gob.mx\/blog\/2022\/11\/26\/adios-frontera-norte-hola-bajio-las-inversiones-tienen-nuevo-lugar-de-llegada\/#breadcrumb\",\"itemListElement\":[{\"@type\":\"ListItem\",\"position\":1,\"name\":\"Inicio\",\"item\":\"https:\/\/puertointerior.guanajuato.gob.mx\/blog\/\"},{\"@type\":\"ListItem\",\"position\":2,\"name\":\"\u00bfAdi\u00f3s frontera norte, hola Baj\u00edo? Las inversiones tienen nuevo lugar de llegada\"}]},{\"@type\":\"WebSite\",\"@id\":\"https:\/\/puertointerior.guanajuato.gob.mx\/blog\/#website\",\"url\":\"https:\/\/puertointerior.guanajuato.gob.mx\/blog\/\",\"name\":\"Blog | GPI NEWS\",\"description\":\"Guanajuato Puerto Interior\",\"potentialAction\":[{\"@type\":\"SearchAction\",\"target\":{\"@type\":\"EntryPoint\",\"urlTemplate\":\"https:\/\/puertointerior.guanajuato.gob.mx\/blog\/?s={search_term_string}\"},\"query-input\":{\"@type\":\"PropertyValueSpecification\",\"valueRequired\":true,\"valueName\":\"search_term_string\"}}],\"inLanguage\":\"es\"},{\"@type\":\"Person\",\"@id\":\"https:\/\/puertointerior.guanajuato.gob.mx\/blog\/#\/schema\/person\/f4851bb8a48c32d7fba5285caf4ef1c4\",\"name\":\"GPI NEWS\",\"image\":{\"@type\":\"ImageObject\",\"inLanguage\":\"es\",\"@id\":\"https:\/\/puertointerior.guanajuato.gob.mx\/blog\/#\/schema\/person\/image\/\",\"url\":\"https:\/\/secure.gravatar.com\/avatar\/612aca53a708cefc5ebe15ab0bc63c51a8ba58563e45c17848fa400e627e2717?s=96&d=mm&r=g\",\"contentUrl\":\"https:\/\/secure.gravatar.com\/avatar\/612aca53a708cefc5ebe15ab0bc63c51a8ba58563e45c17848fa400e627e2717?s=96&d=mm&r=g\",\"caption\":\"GPI NEWS\"},\"url\":\"https:\/\/puertointerior.guanajuato.gob.mx\/blog\/author\/rafa-jacinto\/\"}]}<\/script>\n<!-- \/ Yoast SEO plugin. -->","yoast_head_json":{"title":"\u00bfAdi\u00f3s frontera norte, hola Baj\u00edo? Las inversiones tienen nuevo lugar de llegada - Blog | GPI NEWS","robots":{"index":"index","follow":"follow","max-snippet":"max-snippet:-1","max-image-preview":"max-image-preview:large","max-video-preview":"max-video-preview:-1"},"canonical":"https:\/\/puertointerior.guanajuato.gob.mx\/blog\/2022\/11\/26\/adios-frontera-norte-hola-bajio-las-inversiones-tienen-nuevo-lugar-de-llegada\/","og_locale":"es_MX","og_type":"article","og_title":"\u00bfAdi\u00f3s frontera norte, hola Baj\u00edo? Las inversiones tienen nuevo lugar de llegada - Blog | GPI NEWS","og_description":"En fechas recientes Bosch y Pirelli anunciaron inversiones por 225 millones de d\u00f3lares y 114 millones de euros, respectivamente, como parte de sus planes de expansi\u00f3n en Guanajuato. \u00bfEs una tendencia? La frontera norte era el lugar predilecto para la llegada de inversiones a M\u00e9xico, pero ahora\u00a0la zona de El Baj\u00edo es la que ocupa [&hellip;]","og_url":"https:\/\/puertointerior.guanajuato.gob.mx\/blog\/2022\/11\/26\/adios-frontera-norte-hola-bajio-las-inversiones-tienen-nuevo-lugar-de-llegada\/","og_site_name":"Blog | GPI NEWS","article_published_time":"2022-11-26T23:15:37+00:00","og_image":[{"width":1800,"height":1199,"url":"https:\/\/puertointerior.guanajuato.gob.mx\/blog\/wp-content\/uploads\/2022\/11\/Parque-Industrial.jpg","type":"image\/jpeg"}],"author":"GPI NEWS","twitter_card":"summary_large_image","twitter_misc":{"Escrito por":"GPI NEWS","Tiempo de lectura":"4 minutos"},"schema":{"@context":"https:\/\/schema.org","@graph":[{"@type":"WebPage","@id":"https:\/\/puertointerior.guanajuato.gob.mx\/blog\/2022\/11\/26\/adios-frontera-norte-hola-bajio-las-inversiones-tienen-nuevo-lugar-de-llegada\/","url":"https:\/\/puertointerior.guanajuato.gob.mx\/blog\/2022\/11\/26\/adios-frontera-norte-hola-bajio-las-inversiones-tienen-nuevo-lugar-de-llegada\/","name":"\u00bfAdi\u00f3s frontera norte, hola Baj\u00edo? Las inversiones tienen nuevo lugar de llegada - Blog | GPI NEWS","isPartOf":{"@id":"https:\/\/puertointerior.guanajuato.gob.mx\/blog\/#website"},"primaryImageOfPage":{"@id":"https:\/\/puertointerior.guanajuato.gob.mx\/blog\/2022\/11\/26\/adios-frontera-norte-hola-bajio-las-inversiones-tienen-nuevo-lugar-de-llegada\/#primaryimage"},"image":{"@id":"https:\/\/puertointerior.guanajuato.gob.mx\/blog\/2022\/11\/26\/adios-frontera-norte-hola-bajio-las-inversiones-tienen-nuevo-lugar-de-llegada\/#primaryimage"},"thumbnailUrl":"https:\/\/puertointerior.guanajuato.gob.mx\/blog\/wp-content\/uploads\/2022\/11\/Parque-Industrial.jpg","datePublished":"2022-11-26T23:15:37+00:00","author":{"@id":"https:\/\/puertointerior.guanajuato.gob.mx\/blog\/#\/schema\/person\/f4851bb8a48c32d7fba5285caf4ef1c4"},"breadcrumb":{"@id":"https:\/\/puertointerior.guanajuato.gob.mx\/blog\/2022\/11\/26\/adios-frontera-norte-hola-bajio-las-inversiones-tienen-nuevo-lugar-de-llegada\/#breadcrumb"},"inLanguage":"es","potentialAction":[{"@type":"ReadAction","target":["https:\/\/puertointerior.guanajuato.gob.mx\/blog\/2022\/11\/26\/adios-frontera-norte-hola-bajio-las-inversiones-tienen-nuevo-lugar-de-llegada\/"]}]},{"@type":"ImageObject","inLanguage":"es","@id":"https:\/\/puertointerior.guanajuato.gob.mx\/blog\/2022\/11\/26\/adios-frontera-norte-hola-bajio-las-inversiones-tienen-nuevo-lugar-de-llegada\/#primaryimage","url":"https:\/\/puertointerior.guanajuato.gob.mx\/blog\/wp-content\/uploads\/2022\/11\/Parque-Industrial.jpg","contentUrl":"https:\/\/puertointerior.guanajuato.gob.mx\/blog\/wp-content\/uploads\/2022\/11\/Parque-Industrial.jpg","width":1800,"height":1199},{"@type":"BreadcrumbList","@id":"https:\/\/puertointerior.guanajuato.gob.mx\/blog\/2022\/11\/26\/adios-frontera-norte-hola-bajio-las-inversiones-tienen-nuevo-lugar-de-llegada\/#breadcrumb","itemListElement":[{"@type":"ListItem","position":1,"name":"Inicio","item":"https:\/\/puertointerior.guanajuato.gob.mx\/blog\/"},{"@type":"ListItem","position":2,"name":"\u00bfAdi\u00f3s frontera norte, hola Baj\u00edo? Las inversiones tienen nuevo lugar de llegada"}]},{"@type":"WebSite","@id":"https:\/\/puertointerior.guanajuato.gob.mx\/blog\/#website","url":"https:\/\/puertointerior.guanajuato.gob.mx\/blog\/","name":"Blog | GPI NEWS","description":"Guanajuato Puerto Interior","potentialAction":[{"@type":"SearchAction","target":{"@type":"EntryPoint","urlTemplate":"https:\/\/puertointerior.guanajuato.gob.mx\/blog\/?s={search_term_string}"},"query-input":{"@type":"PropertyValueSpecification","valueRequired":true,"valueName":"search_term_string"}}],"inLanguage":"es"},{"@type":"Person","@id":"https:\/\/puertointerior.guanajuato.gob.mx\/blog\/#\/schema\/person\/f4851bb8a48c32d7fba5285caf4ef1c4","name":"GPI NEWS","image":{"@type":"ImageObject","inLanguage":"es","@id":"https:\/\/puertointerior.guanajuato.gob.mx\/blog\/#\/schema\/person\/image\/","url":"https:\/\/secure.gravatar.com\/avatar\/612aca53a708cefc5ebe15ab0bc63c51a8ba58563e45c17848fa400e627e2717?s=96&d=mm&r=g","contentUrl":"https:\/\/secure.gravatar.com\/avatar\/612aca53a708cefc5ebe15ab0bc63c51a8ba58563e45c17848fa400e627e2717?s=96&d=mm&r=g","caption":"GPI NEWS"},"url":"https:\/\/puertointerior.guanajuato.gob.mx\/blog\/author\/rafa-jacinto\/"}]}},"jetpack_featured_media_url":"https:\/\/puertointerior.guanajuato.gob.mx\/blog\/wp-content\/uploads\/2022\/11\/Parque-Industrial.jpg","jetpack_sharing_enabled":true,"jetpack_shortlink":"https:\/\/wp.me\/pcnMPA-z1","_links":{"self":[{"href":"https:\/\/puertointerior.guanajuato.gob.mx\/blog\/wp-json\/wp\/v2\/posts\/2171","targetHints":{"allow":["GET"]}}],"collection":[{"href":"https:\/\/puertointerior.guanajuato.gob.mx\/blog\/wp-json\/wp\/v2\/posts"}],"about":[{"href":"https:\/\/puertointerior.guanajuato.gob.mx\/blog\/wp-json\/wp\/v2\/types\/post"}],"author":[{"embeddable":true,"href":"https:\/\/puertointerior.guanajuato.gob.mx\/blog\/wp-json\/wp\/v2\/users\/2"}],"replies":[{"embeddable":true,"href":"https:\/\/puertointerior.guanajuato.gob.mx\/blog\/wp-json\/wp\/v2\/comments?post=2171"}],"version-history":[{"count":3,"href":"https:\/\/puertointerior.guanajuato.gob.mx\/blog\/wp-json\/wp\/v2\/posts\/2171\/revisions"}],"predecessor-version":[{"id":2175,"href":"https:\/\/puertointerior.guanajuato.gob.mx\/blog\/wp-json\/wp\/v2\/posts\/2171\/revisions\/2175"}],"wp:featuredmedia":[{"embeddable":true,"href":"https:\/\/puertointerior.guanajuato.gob.mx\/blog\/wp-json\/wp\/v2\/media\/2174"}],"wp:attachment":[{"href":"https:\/\/puertointerior.guanajuato.gob.mx\/blog\/wp-json\/wp\/v2\/media?parent=2171"}],"wp:term":[{"taxonomy":"category","embeddable":true,"href":"https:\/\/puertointerior.guanajuato.gob.mx\/blog\/wp-json\/wp\/v2\/categories?post=2171"},{"taxonomy":"post_tag","embeddable":true,"href":"https:\/\/puertointerior.guanajuato.gob.mx\/blog\/wp-json\/wp\/v2\/tags?post=2171"}],"curies":[{"name":"wp","href":"https:\/\/api.w.org\/{rel}","templated":true}]}}