{"id":21900,"date":"2025-12-11T13:57:25","date_gmt":"2025-12-11T18:57:25","guid":{"rendered":"https:\/\/puertointerior.guanajuato.gob.mx\/blog\/?p=21900"},"modified":"2025-12-11T13:57:25","modified_gmt":"2025-12-11T18:57:25","slug":"volkswagen-de-mexico-reafirma-su-compromiso-con-la-diversidad-e-inclusion-al-recibir-la-distincion-lgbtq-2026","status":"publish","type":"post","link":"https:\/\/puertointerior.guanajuato.gob.mx\/blog\/2025\/12\/11\/volkswagen-de-mexico-reafirma-su-compromiso-con-la-diversidad-e-inclusion-al-recibir-la-distincion-lgbtq-2026\/","title":{"rendered":"Volkswagen de M\u00e9xico reafirma su compromiso con la diversidad e inclusi\u00f3n al recibir la distinci\u00f3n LGBTQ+ 2026"},"content":{"rendered":"<p style=\"text-align: justify\">Volkswagen de M\u00e9xico y sus filiales fueron reconocidas por HRC como \u201cMejores Lugares para Trabajar LGBTQ+ 2026\u201d. Obtuvieron el 100% en inclusi\u00f3n laboral gracias a pol\u00edticas, capacitaci\u00f3n y su grupo de afinidad \u201cProud Yourself\u201d, reforzando su cultura diversa.<\/p>\n<p style=\"text-align: justify\"><strong>Puebla, Puebla, 9 de diciembre de 2025.<\/strong>\u00a0\u2013 Como parte de su compromiso permanente por construir una cultura organizacional diversa, equitativa e incluyente,\u00a0<strong>Volkswagen de M\u00e9xico, junto con sus empresas filiales Volkswagen Group academy M\u00e9xico (VWGAM) y Volkswagen Group Services M\u00e9xico (VWGSM)<\/strong>\u00a0fueron reconocidas por la fundaci\u00f3n Human Rights Campaign (HRC) como uno de los \u201cMejores Lugares para Trabajar LGBTQ+ 2026\u201d. El distintivo forma parte del programa\u00a0<strong>HRC Equidad MX<\/strong>, que en su\u00a0<strong>9\u00aa edici\u00f3n<\/strong>\u00a0evalu\u00f3 a empresas con presencia en M\u00e9xico a trav\u00e9s de criterios internacionales de inclusi\u00f3n laboral, implementado en alianza con ADIL Diversidad e Inclusi\u00f3n Laboral.<\/p>\n<p style=\"text-align: justify\">La certificaci\u00f3n reconoce las pol\u00edticas internas de la armadora para promover entornos laborales respetuosos, as\u00ed como acciones de impacto social que trascienden el \u00e1mbito corporativo. En la edici\u00f3n 2026,\u00a0<strong>240 empresas con operaciones en M\u00e9xico participaron en la evaluaci\u00f3n y solo 189 obtuvieron el 100%<\/strong>, incluida Volkswagen de M\u00e9xico. Este \u00edndice cuenta con presencia en\u00a0<strong>20 pa\u00edses<\/strong>, y en M\u00e9xico\u00a0<strong>60 empresas<\/strong>\u00a0forman parte del listado, equivalente al 25% del total de participantes. En conjunto, las organizaciones evaluadas benefician a\u00a0<strong>934,692 personas<\/strong>\u00a0mediante pol\u00edticas inclusivas y cuentan con\u00a0<strong>19,671 colaboradores<\/strong>\u00a0activos en grupos de recursos LGBTQ+ (ERGs).<\/p>\n<p style=\"text-align: justify\">El \u00edndice de HRC destaca el trabajo de Volkswagen de M\u00e9xico por desarrollar competencias organizacionales alineadas con las necesidades de las personas LGBTQ+, a trav\u00e9s de programas de capacitaci\u00f3n, c\u00f3digos de conducta y mecanismos de protecci\u00f3n contra la discriminaci\u00f3n. Este esfuerzo se fundamenta en la\u00a0<strong>declaratoria de diversidad, inclusi\u00f3n y no discriminaci\u00f3n<\/strong>\u00a0que gu\u00eda las acciones corporativas desde el m\u00e1ximo \u00f3rgano de Direcci\u00f3n.<\/p>\n<p style=\"text-align: justify\">La evaluaci\u00f3n tambi\u00e9n reconoce el liderazgo de la empresa en iniciativas de comunicaci\u00f3n externa con enfoque en diversidad, as\u00ed como la existencia de estructuras internas que impulsan la inclusi\u00f3n.\u00a0<strong>Volkswagen de M\u00e9xico cuenta con un Grupo de Afinidad LGBTQ+ llamado \u201cProud Yourself\u201d<\/strong>, dedicado a identificar necesidades clave en procesos, pol\u00edticas y espacios laborales para promover la inclusi\u00f3n de las personas lesbianas, gays, bisexuales, transg\u00e9nero y queer. Este grupo, impulsado por personas colaboradoras, fomenta un ambiente donde la diversidad es una fortaleza organizacional y contribuye al sentido de pertenencia y cohesi\u00f3n dentro de la cultura laboral.<\/p>\n<p style=\"text-align: justify\">Volkswagen de M\u00e9xico reafirma que el respeto a la diversidad y la promoci\u00f3n de entornos laborales justos son componentes esenciales de su visi\u00f3n como empresa responsable. Esta distinci\u00f3n fortalece su camino hacia una cultura organizacional m\u00e1s equitativa, donde cada persona puede ser quien es y crecer con libertad.<\/p>\n<p style=\"text-align: justify\">Publicado originalmente por:\u00a0<a href=\"https:\/\/clusterindustrial.com.mx\/volkswagen-de-mexico-reafirma-su-compromiso-con-la-diversidad-e-inclusion-al-recibir-la-distincion-lgbtq-2026\/\">https:\/\/clusterindustrial.com.mx\/volkswagen-de-mexico-reafirma-su-compromiso-con-la-diversidad-e-inclusion-al-recibir-la-distincion-lgbtq-2026\/<\/a><\/p>\n","protected":false},"excerpt":{"rendered":"<p>Volkswagen de M\u00e9xico y sus filiales fueron reconocidas por HRC como \u201cMejores Lugares para Trabajar LGBTQ+ 2026\u201d. Obtuvieron el 100% en inclusi\u00f3n laboral gracias a pol\u00edticas, capacitaci\u00f3n y su grupo de afinidad \u201cProud Yourself\u201d, reforzando su cultura diversa. Puebla, Puebla, 9 de diciembre de 2025.\u00a0\u2013 Como parte de su compromiso permanente por construir una cultura [&hellip;]<\/p>\n","protected":false},"author":2,"featured_media":21901,"comment_status":"closed","ping_status":"open","sticky":false,"template":"","format":"standard","meta":{"jetpack_post_was_ever_published":false,"_jetpack_newsletter_access":"","_jetpack_dont_email_post_to_subs":false,"_jetpack_newsletter_tier_id":0,"_jetpack_memberships_contains_paywalled_content":false,"_jetpack_memberships_contains_paid_content":false,"footnotes":""},"categories":[9],"tags":[],"class_list":["post-21900","post","type-post","status-publish","format-standard","has-post-thumbnail","hentry","category-social-responsability"],"yoast_head":"<!-- This site is optimized with the Yoast SEO plugin v25.7 - https:\/\/yoast.com\/wordpress\/plugins\/seo\/ -->\n<title>Volkswagen de M\u00e9xico reafirma su compromiso con la diversidad e inclusi\u00f3n al recibir la distinci\u00f3n LGBTQ+ 2026 - Blog | GPI NEWS<\/title>\n<meta name=\"robots\" content=\"index, follow, max-snippet:-1, max-image-preview:large, max-video-preview:-1\" \/>\n<link rel=\"canonical\" href=\"https:\/\/puertointerior.guanajuato.gob.mx\/blog\/2025\/12\/11\/volkswagen-de-mexico-reafirma-su-compromiso-con-la-diversidad-e-inclusion-al-recibir-la-distincion-lgbtq-2026\/\" \/>\n<meta property=\"og:locale\" content=\"es_MX\" \/>\n<meta property=\"og:type\" content=\"article\" \/>\n<meta property=\"og:title\" content=\"Volkswagen de M\u00e9xico reafirma su compromiso con la diversidad e inclusi\u00f3n al recibir la distinci\u00f3n LGBTQ+ 2026 - Blog | GPI NEWS\" \/>\n<meta property=\"og:description\" content=\"Volkswagen de M\u00e9xico y sus filiales fueron reconocidas por HRC como \u201cMejores Lugares para Trabajar LGBTQ+ 2026\u201d. Obtuvieron el 100% en inclusi\u00f3n laboral gracias a pol\u00edticas, capacitaci\u00f3n y su grupo de afinidad \u201cProud Yourself\u201d, reforzando su cultura diversa. Puebla, Puebla, 9 de diciembre de 2025.\u00a0\u2013 Como parte de su compromiso permanente por construir una cultura [&hellip;]\" \/>\n<meta property=\"og:url\" content=\"https:\/\/puertointerior.guanajuato.gob.mx\/blog\/2025\/12\/11\/volkswagen-de-mexico-reafirma-su-compromiso-con-la-diversidad-e-inclusion-al-recibir-la-distincion-lgbtq-2026\/\" \/>\n<meta property=\"og:site_name\" content=\"Blog | GPI NEWS\" \/>\n<meta property=\"article:published_time\" content=\"2025-12-11T18:57:25+00:00\" \/>\n<meta property=\"og:image\" content=\"https:\/\/puertointerior.guanajuato.gob.mx\/blog\/wp-content\/uploads\/2025\/12\/Portada-3-2-.webp\" \/>\n\t<meta property=\"og:image:width\" content=\"815\" \/>\n\t<meta property=\"og:image:height\" content=\"510\" \/>\n\t<meta property=\"og:image:type\" content=\"image\/webp\" \/>\n<meta name=\"author\" content=\"GPI NEWS\" \/>\n<meta name=\"twitter:card\" content=\"summary_large_image\" \/>\n<meta name=\"twitter:label1\" content=\"Escrito por\" \/>\n\t<meta name=\"twitter:data1\" content=\"GPI NEWS\" \/>\n<script type=\"application\/ld+json\" class=\"yoast-schema-graph\">{\"@context\":\"https:\/\/schema.org\",\"@graph\":[{\"@type\":\"WebPage\",\"@id\":\"https:\/\/puertointerior.guanajuato.gob.mx\/blog\/2025\/12\/11\/volkswagen-de-mexico-reafirma-su-compromiso-con-la-diversidad-e-inclusion-al-recibir-la-distincion-lgbtq-2026\/\",\"url\":\"https:\/\/puertointerior.guanajuato.gob.mx\/blog\/2025\/12\/11\/volkswagen-de-mexico-reafirma-su-compromiso-con-la-diversidad-e-inclusion-al-recibir-la-distincion-lgbtq-2026\/\",\"name\":\"Volkswagen de M\u00e9xico reafirma su compromiso con la diversidad e inclusi\u00f3n al recibir la distinci\u00f3n LGBTQ+ 2026 - Blog | GPI NEWS\",\"isPartOf\":{\"@id\":\"https:\/\/puertointerior.guanajuato.gob.mx\/blog\/#website\"},\"primaryImageOfPage\":{\"@id\":\"https:\/\/puertointerior.guanajuato.gob.mx\/blog\/2025\/12\/11\/volkswagen-de-mexico-reafirma-su-compromiso-con-la-diversidad-e-inclusion-al-recibir-la-distincion-lgbtq-2026\/#primaryimage\"},\"image\":{\"@id\":\"https:\/\/puertointerior.guanajuato.gob.mx\/blog\/2025\/12\/11\/volkswagen-de-mexico-reafirma-su-compromiso-con-la-diversidad-e-inclusion-al-recibir-la-distincion-lgbtq-2026\/#primaryimage\"},\"thumbnailUrl\":\"https:\/\/puertointerior.guanajuato.gob.mx\/blog\/wp-content\/uploads\/2025\/12\/Portada-3-2-.webp\",\"datePublished\":\"2025-12-11T18:57:25+00:00\",\"author\":{\"@id\":\"https:\/\/puertointerior.guanajuato.gob.mx\/blog\/#\/schema\/person\/f4851bb8a48c32d7fba5285caf4ef1c4\"},\"breadcrumb\":{\"@id\":\"https:\/\/puertointerior.guanajuato.gob.mx\/blog\/2025\/12\/11\/volkswagen-de-mexico-reafirma-su-compromiso-con-la-diversidad-e-inclusion-al-recibir-la-distincion-lgbtq-2026\/#breadcrumb\"},\"inLanguage\":\"es\",\"potentialAction\":[{\"@type\":\"ReadAction\",\"target\":[\"https:\/\/puertointerior.guanajuato.gob.mx\/blog\/2025\/12\/11\/volkswagen-de-mexico-reafirma-su-compromiso-con-la-diversidad-e-inclusion-al-recibir-la-distincion-lgbtq-2026\/\"]}]},{\"@type\":\"ImageObject\",\"inLanguage\":\"es\",\"@id\":\"https:\/\/puertointerior.guanajuato.gob.mx\/blog\/2025\/12\/11\/volkswagen-de-mexico-reafirma-su-compromiso-con-la-diversidad-e-inclusion-al-recibir-la-distincion-lgbtq-2026\/#primaryimage\",\"url\":\"https:\/\/puertointerior.guanajuato.gob.mx\/blog\/wp-content\/uploads\/2025\/12\/Portada-3-2-.webp\",\"contentUrl\":\"https:\/\/puertointerior.guanajuato.gob.mx\/blog\/wp-content\/uploads\/2025\/12\/Portada-3-2-.webp\",\"width\":815,\"height\":510},{\"@type\":\"BreadcrumbList\",\"@id\":\"https:\/\/puertointerior.guanajuato.gob.mx\/blog\/2025\/12\/11\/volkswagen-de-mexico-reafirma-su-compromiso-con-la-diversidad-e-inclusion-al-recibir-la-distincion-lgbtq-2026\/#breadcrumb\",\"itemListElement\":[{\"@type\":\"ListItem\",\"position\":1,\"name\":\"Inicio\",\"item\":\"https:\/\/puertointerior.guanajuato.gob.mx\/blog\/\"},{\"@type\":\"ListItem\",\"position\":2,\"name\":\"Volkswagen de M\u00e9xico reafirma su compromiso con la diversidad e inclusi\u00f3n al recibir la distinci\u00f3n LGBTQ+ 2026\"}]},{\"@type\":\"WebSite\",\"@id\":\"https:\/\/puertointerior.guanajuato.gob.mx\/blog\/#website\",\"url\":\"https:\/\/puertointerior.guanajuato.gob.mx\/blog\/\",\"name\":\"Blog | GPI NEWS\",\"description\":\"Guanajuato Puerto Interior\",\"potentialAction\":[{\"@type\":\"SearchAction\",\"target\":{\"@type\":\"EntryPoint\",\"urlTemplate\":\"https:\/\/puertointerior.guanajuato.gob.mx\/blog\/?s={search_term_string}\"},\"query-input\":{\"@type\":\"PropertyValueSpecification\",\"valueRequired\":true,\"valueName\":\"search_term_string\"}}],\"inLanguage\":\"es\"},{\"@type\":\"Person\",\"@id\":\"https:\/\/puertointerior.guanajuato.gob.mx\/blog\/#\/schema\/person\/f4851bb8a48c32d7fba5285caf4ef1c4\",\"name\":\"GPI NEWS\",\"image\":{\"@type\":\"ImageObject\",\"inLanguage\":\"es\",\"@id\":\"https:\/\/puertointerior.guanajuato.gob.mx\/blog\/#\/schema\/person\/image\/\",\"url\":\"https:\/\/secure.gravatar.com\/avatar\/612aca53a708cefc5ebe15ab0bc63c51a8ba58563e45c17848fa400e627e2717?s=96&d=mm&r=g\",\"contentUrl\":\"https:\/\/secure.gravatar.com\/avatar\/612aca53a708cefc5ebe15ab0bc63c51a8ba58563e45c17848fa400e627e2717?s=96&d=mm&r=g\",\"caption\":\"GPI NEWS\"},\"url\":\"https:\/\/puertointerior.guanajuato.gob.mx\/blog\/author\/rafa-jacinto\/\"}]}<\/script>\n<!-- \/ Yoast SEO plugin. -->","yoast_head_json":{"title":"Volkswagen de M\u00e9xico reafirma su compromiso con la diversidad e inclusi\u00f3n al recibir la distinci\u00f3n LGBTQ+ 2026 - Blog | GPI NEWS","robots":{"index":"index","follow":"follow","max-snippet":"max-snippet:-1","max-image-preview":"max-image-preview:large","max-video-preview":"max-video-preview:-1"},"canonical":"https:\/\/puertointerior.guanajuato.gob.mx\/blog\/2025\/12\/11\/volkswagen-de-mexico-reafirma-su-compromiso-con-la-diversidad-e-inclusion-al-recibir-la-distincion-lgbtq-2026\/","og_locale":"es_MX","og_type":"article","og_title":"Volkswagen de M\u00e9xico reafirma su compromiso con la diversidad e inclusi\u00f3n al recibir la distinci\u00f3n LGBTQ+ 2026 - Blog | GPI NEWS","og_description":"Volkswagen de M\u00e9xico y sus filiales fueron reconocidas por HRC como \u201cMejores Lugares para Trabajar LGBTQ+ 2026\u201d. Obtuvieron el 100% en inclusi\u00f3n laboral gracias a pol\u00edticas, capacitaci\u00f3n y su grupo de afinidad \u201cProud Yourself\u201d, reforzando su cultura diversa. Puebla, Puebla, 9 de diciembre de 2025.\u00a0\u2013 Como parte de su compromiso permanente por construir una cultura [&hellip;]","og_url":"https:\/\/puertointerior.guanajuato.gob.mx\/blog\/2025\/12\/11\/volkswagen-de-mexico-reafirma-su-compromiso-con-la-diversidad-e-inclusion-al-recibir-la-distincion-lgbtq-2026\/","og_site_name":"Blog | GPI NEWS","article_published_time":"2025-12-11T18:57:25+00:00","og_image":[{"width":815,"height":510,"url":"https:\/\/puertointerior.guanajuato.gob.mx\/blog\/wp-content\/uploads\/2025\/12\/Portada-3-2-.webp","type":"image\/webp"}],"author":"GPI NEWS","twitter_card":"summary_large_image","twitter_misc":{"Escrito por":"GPI NEWS"},"schema":{"@context":"https:\/\/schema.org","@graph":[{"@type":"WebPage","@id":"https:\/\/puertointerior.guanajuato.gob.mx\/blog\/2025\/12\/11\/volkswagen-de-mexico-reafirma-su-compromiso-con-la-diversidad-e-inclusion-al-recibir-la-distincion-lgbtq-2026\/","url":"https:\/\/puertointerior.guanajuato.gob.mx\/blog\/2025\/12\/11\/volkswagen-de-mexico-reafirma-su-compromiso-con-la-diversidad-e-inclusion-al-recibir-la-distincion-lgbtq-2026\/","name":"Volkswagen de M\u00e9xico reafirma su compromiso con la diversidad e inclusi\u00f3n al recibir la distinci\u00f3n LGBTQ+ 2026 - Blog | GPI NEWS","isPartOf":{"@id":"https:\/\/puertointerior.guanajuato.gob.mx\/blog\/#website"},"primaryImageOfPage":{"@id":"https:\/\/puertointerior.guanajuato.gob.mx\/blog\/2025\/12\/11\/volkswagen-de-mexico-reafirma-su-compromiso-con-la-diversidad-e-inclusion-al-recibir-la-distincion-lgbtq-2026\/#primaryimage"},"image":{"@id":"https:\/\/puertointerior.guanajuato.gob.mx\/blog\/2025\/12\/11\/volkswagen-de-mexico-reafirma-su-compromiso-con-la-diversidad-e-inclusion-al-recibir-la-distincion-lgbtq-2026\/#primaryimage"},"thumbnailUrl":"https:\/\/puertointerior.guanajuato.gob.mx\/blog\/wp-content\/uploads\/2025\/12\/Portada-3-2-.webp","datePublished":"2025-12-11T18:57:25+00:00","author":{"@id":"https:\/\/puertointerior.guanajuato.gob.mx\/blog\/#\/schema\/person\/f4851bb8a48c32d7fba5285caf4ef1c4"},"breadcrumb":{"@id":"https:\/\/puertointerior.guanajuato.gob.mx\/blog\/2025\/12\/11\/volkswagen-de-mexico-reafirma-su-compromiso-con-la-diversidad-e-inclusion-al-recibir-la-distincion-lgbtq-2026\/#breadcrumb"},"inLanguage":"es","potentialAction":[{"@type":"ReadAction","target":["https:\/\/puertointerior.guanajuato.gob.mx\/blog\/2025\/12\/11\/volkswagen-de-mexico-reafirma-su-compromiso-con-la-diversidad-e-inclusion-al-recibir-la-distincion-lgbtq-2026\/"]}]},{"@type":"ImageObject","inLanguage":"es","@id":"https:\/\/puertointerior.guanajuato.gob.mx\/blog\/2025\/12\/11\/volkswagen-de-mexico-reafirma-su-compromiso-con-la-diversidad-e-inclusion-al-recibir-la-distincion-lgbtq-2026\/#primaryimage","url":"https:\/\/puertointerior.guanajuato.gob.mx\/blog\/wp-content\/uploads\/2025\/12\/Portada-3-2-.webp","contentUrl":"https:\/\/puertointerior.guanajuato.gob.mx\/blog\/wp-content\/uploads\/2025\/12\/Portada-3-2-.webp","width":815,"height":510},{"@type":"BreadcrumbList","@id":"https:\/\/puertointerior.guanajuato.gob.mx\/blog\/2025\/12\/11\/volkswagen-de-mexico-reafirma-su-compromiso-con-la-diversidad-e-inclusion-al-recibir-la-distincion-lgbtq-2026\/#breadcrumb","itemListElement":[{"@type":"ListItem","position":1,"name":"Inicio","item":"https:\/\/puertointerior.guanajuato.gob.mx\/blog\/"},{"@type":"ListItem","position":2,"name":"Volkswagen de M\u00e9xico reafirma su compromiso con la diversidad e inclusi\u00f3n al recibir la distinci\u00f3n LGBTQ+ 2026"}]},{"@type":"WebSite","@id":"https:\/\/puertointerior.guanajuato.gob.mx\/blog\/#website","url":"https:\/\/puertointerior.guanajuato.gob.mx\/blog\/","name":"Blog | GPI NEWS","description":"Guanajuato Puerto Interior","potentialAction":[{"@type":"SearchAction","target":{"@type":"EntryPoint","urlTemplate":"https:\/\/puertointerior.guanajuato.gob.mx\/blog\/?s={search_term_string}"},"query-input":{"@type":"PropertyValueSpecification","valueRequired":true,"valueName":"search_term_string"}}],"inLanguage":"es"},{"@type":"Person","@id":"https:\/\/puertointerior.guanajuato.gob.mx\/blog\/#\/schema\/person\/f4851bb8a48c32d7fba5285caf4ef1c4","name":"GPI NEWS","image":{"@type":"ImageObject","inLanguage":"es","@id":"https:\/\/puertointerior.guanajuato.gob.mx\/blog\/#\/schema\/person\/image\/","url":"https:\/\/secure.gravatar.com\/avatar\/612aca53a708cefc5ebe15ab0bc63c51a8ba58563e45c17848fa400e627e2717?s=96&d=mm&r=g","contentUrl":"https:\/\/secure.gravatar.com\/avatar\/612aca53a708cefc5ebe15ab0bc63c51a8ba58563e45c17848fa400e627e2717?s=96&d=mm&r=g","caption":"GPI NEWS"},"url":"https:\/\/puertointerior.guanajuato.gob.mx\/blog\/author\/rafa-jacinto\/"}]}},"jetpack_featured_media_url":"https:\/\/puertointerior.guanajuato.gob.mx\/blog\/wp-content\/uploads\/2025\/12\/Portada-3-2-.webp","jetpack_sharing_enabled":true,"jetpack_shortlink":"https:\/\/wp.me\/pcnMPA-5He","_links":{"self":[{"href":"https:\/\/puertointerior.guanajuato.gob.mx\/blog\/wp-json\/wp\/v2\/posts\/21900","targetHints":{"allow":["GET"]}}],"collection":[{"href":"https:\/\/puertointerior.guanajuato.gob.mx\/blog\/wp-json\/wp\/v2\/posts"}],"about":[{"href":"https:\/\/puertointerior.guanajuato.gob.mx\/blog\/wp-json\/wp\/v2\/types\/post"}],"author":[{"embeddable":true,"href":"https:\/\/puertointerior.guanajuato.gob.mx\/blog\/wp-json\/wp\/v2\/users\/2"}],"replies":[{"embeddable":true,"href":"https:\/\/puertointerior.guanajuato.gob.mx\/blog\/wp-json\/wp\/v2\/comments?post=21900"}],"version-history":[{"count":1,"href":"https:\/\/puertointerior.guanajuato.gob.mx\/blog\/wp-json\/wp\/v2\/posts\/21900\/revisions"}],"predecessor-version":[{"id":21902,"href":"https:\/\/puertointerior.guanajuato.gob.mx\/blog\/wp-json\/wp\/v2\/posts\/21900\/revisions\/21902"}],"wp:featuredmedia":[{"embeddable":true,"href":"https:\/\/puertointerior.guanajuato.gob.mx\/blog\/wp-json\/wp\/v2\/media\/21901"}],"wp:attachment":[{"href":"https:\/\/puertointerior.guanajuato.gob.mx\/blog\/wp-json\/wp\/v2\/media?parent=21900"}],"wp:term":[{"taxonomy":"category","embeddable":true,"href":"https:\/\/puertointerior.guanajuato.gob.mx\/blog\/wp-json\/wp\/v2\/categories?post=21900"},{"taxonomy":"post_tag","embeddable":true,"href":"https:\/\/puertointerior.guanajuato.gob.mx\/blog\/wp-json\/wp\/v2\/tags?post=21900"}],"curies":[{"name":"wp","href":"https:\/\/api.w.org\/{rel}","templated":true}]}}