{"id":22209,"date":"2025-12-31T13:45:49","date_gmt":"2025-12-31T18:45:49","guid":{"rendered":"https:\/\/puertointerior.guanajuato.gob.mx\/blog\/?p=22209"},"modified":"2025-12-31T13:45:49","modified_gmt":"2025-12-31T18:45:49","slug":"maria-esther-de-alumna-a-emprendedora-a-los-62","status":"publish","type":"post","link":"https:\/\/puertointerior.guanajuato.gob.mx\/blog\/2025\/12\/31\/maria-esther-de-alumna-a-emprendedora-a-los-62\/","title":{"rendered":"Mar\u00eda Esther: de alumna a emprendedora a los 62"},"content":{"rendered":"<p style=\"text-align: justify\">A los 62 a\u00f1os, Mar\u00eda Esther Castillo Galv\u00e1n decidi\u00f3 iniciar un nuevo camino como emprendedora, demostrando que la capacitaci\u00f3n y la confianza no tienen edad.<\/p>\n<div class=\"post--wrap wrap\" style=\"text-align: justify\">\n<div class=\"post__body\">\n<div class=\"post__body--content\">\n<h3 data-start=\"425\" data-end=\"460\"><em>Un nuevo comienzo a los 62 a\u00f1os<\/em><\/h3>\n<p data-start=\"462\" data-end=\"697\">A los\u00a0<strong data-start=\"468\" data-end=\"479\">62 a\u00f1os<\/strong>, cuando muchas personas piensan en detenerse,\u00a0<strong data-start=\"526\" data-end=\"575\">Mar\u00eda Esther Castillo Galv\u00e1n decidi\u00f3 comenzar<\/strong>. Originaria del municipio de\u00a0<strong data-start=\"605\" data-end=\"615\">Ocampo<\/strong>, su historia se ha convertido en un ejemplo de constancia, superaci\u00f3n y valent\u00eda.<\/p>\n<h3 data-start=\"704\" data-end=\"745\"><strong><em>La capacitaci\u00f3n como punto de partida<\/em><\/strong><\/h3>\n<p data-start=\"747\" data-end=\"952\">Mar\u00eda Esther encontr\u00f3 en el\u00a0<strong data-start=\"775\" data-end=\"819\">Instituto Estatal de Capacitaci\u00f3n (IECA)<\/strong>\u00a0algo m\u00e1s que cursos: hall\u00f3\u00a0<strong data-start=\"847\" data-end=\"887\">herramientas para ser autosuficiente<\/strong>, perfeccionar sus habilidades y fortalecer su\u00a0<strong data-start=\"934\" data-end=\"949\">amor propio<\/strong>.<\/p>\n<p data-start=\"954\" data-end=\"1070\">Lo que inici\u00f3 como una inquietud por aprender, pronto se transform\u00f3 en un\u00a0<strong data-start=\"1028\" data-end=\"1048\">proyecto de vida<\/strong>\u00a0que hoy rinde frutos.<\/p>\n<h3 data-start=\"1077\" data-end=\"1119\"><em><strong>De alumna a due\u00f1a de su propio negocio<\/strong><\/em><\/h3>\n<p data-start=\"1121\" data-end=\"1339\">Gracias a su esfuerzo y al\u00a0<strong data-start=\"1148\" data-end=\"1181\">apoyo del Gobierno del Estado<\/strong>, Mar\u00eda Esther logr\u00f3 abrir su\u00a0<strong data-start=\"1211\" data-end=\"1230\">propia est\u00e9tica<\/strong>, un negocio que no solo le permite generar ingresos, sino tambi\u00e9n\u00a0<strong data-start=\"1297\" data-end=\"1336\">cumplir un sue\u00f1o que parec\u00eda lejano<\/strong>.<\/p>\n<p data-start=\"1341\" data-end=\"1440\">Con tijeras, secadora y\u00a0<strong data-start=\"1365\" data-end=\"1388\">mucha determinaci\u00f3n<\/strong>, demostr\u00f3 que\u00a0<strong data-start=\"1403\" data-end=\"1439\">nunca es tarde para reinventarse<\/strong>.<\/p>\n<h3 data-start=\"1447\" data-end=\"1487\"><strong><em>Un mensaje que inspira a m\u00e1s mujeres<\/em><\/strong><\/h3>\n<p data-start=\"1489\" data-end=\"1670\">Su historia es hoy un mensaje de\u00a0<strong data-start=\"1522\" data-end=\"1572\">inspiraci\u00f3n para muchas mujeres guanajuatenses<\/strong>: crecer, aprender y emprender\u00a0<strong data-start=\"1603\" data-end=\"1620\">no tiene edad<\/strong>, solo requiere\u00a0<strong data-start=\"1636\" data-end=\"1669\">valor para dar el primer paso<\/strong>.<\/p>\n<\/div>\n<div class=\"post__body--ads\"><\/div>\n<\/div>\n<\/div>\n<div class=\"post__recommended\">\n<section class=\"grid\">\n<div class=\"grid--wrap wrap\">\n<div class=\"grid--ttl\" style=\"text-align: justify\">Publicado originalmente por:\u00a0<a href=\"https:\/\/tv4noticias.com\/noticias\/maria-esther-de-alumna-a-emprendedora-a-los-62\">https:\/\/tv4noticias.com\/noticias\/maria-esther-de-alumna-a-emprendedora-a-los-62<\/a><\/div>\n<\/div>\n<\/section>\n<\/div>\n","protected":false},"excerpt":{"rendered":"<p>A los 62 a\u00f1os, Mar\u00eda Esther Castillo Galv\u00e1n decidi\u00f3 iniciar un nuevo camino como emprendedora, demostrando que la capacitaci\u00f3n y la confianza no tienen edad. Un nuevo comienzo a los 62 a\u00f1os A los\u00a062 a\u00f1os, cuando muchas personas piensan en detenerse,\u00a0Mar\u00eda Esther Castillo Galv\u00e1n decidi\u00f3 comenzar. Originaria del municipio de\u00a0Ocampo, su historia se ha convertido [&hellip;]<\/p>\n","protected":false},"author":2,"featured_media":22210,"comment_status":"closed","ping_status":"open","sticky":false,"template":"","format":"standard","meta":{"jetpack_post_was_ever_published":false,"_jetpack_newsletter_access":"","_jetpack_dont_email_post_to_subs":false,"_jetpack_newsletter_tier_id":0,"_jetpack_memberships_contains_paywalled_content":false,"_jetpack_memberships_contains_paid_content":false,"footnotes":""},"categories":[6,9],"tags":[],"class_list":["post-22209","post","type-post","status-publish","format-standard","has-post-thumbnail","hentry","category-innovation","category-social-responsability"],"yoast_head":"<!-- This site is optimized with the Yoast SEO plugin v25.7 - https:\/\/yoast.com\/wordpress\/plugins\/seo\/ -->\n<title>Mar\u00eda Esther: de alumna a emprendedora a los 62 - Blog | GPI NEWS<\/title>\n<meta name=\"robots\" content=\"index, follow, max-snippet:-1, max-image-preview:large, max-video-preview:-1\" \/>\n<link rel=\"canonical\" href=\"https:\/\/puertointerior.guanajuato.gob.mx\/blog\/2025\/12\/31\/maria-esther-de-alumna-a-emprendedora-a-los-62\/\" \/>\n<meta property=\"og:locale\" content=\"es_MX\" \/>\n<meta property=\"og:type\" content=\"article\" \/>\n<meta property=\"og:title\" content=\"Mar\u00eda Esther: de alumna a emprendedora a los 62 - Blog | GPI NEWS\" \/>\n<meta property=\"og:description\" content=\"A los 62 a\u00f1os, Mar\u00eda Esther Castillo Galv\u00e1n decidi\u00f3 iniciar un nuevo camino como emprendedora, demostrando que la capacitaci\u00f3n y la confianza no tienen edad. Un nuevo comienzo a los 62 a\u00f1os A los\u00a062 a\u00f1os, cuando muchas personas piensan en detenerse,\u00a0Mar\u00eda Esther Castillo Galv\u00e1n decidi\u00f3 comenzar. Originaria del municipio de\u00a0Ocampo, su historia se ha convertido [&hellip;]\" \/>\n<meta property=\"og:url\" content=\"https:\/\/puertointerior.guanajuato.gob.mx\/blog\/2025\/12\/31\/maria-esther-de-alumna-a-emprendedora-a-los-62\/\" \/>\n<meta property=\"og:site_name\" content=\"Blog | GPI NEWS\" \/>\n<meta property=\"article:published_time\" content=\"2025-12-31T18:45:49+00:00\" \/>\n<meta property=\"og:image\" content=\"https:\/\/puertointerior.guanajuato.gob.mx\/blog\/wp-content\/uploads\/2025\/12\/Silao-celebro-la-4a-edicion-del-Festival-Corazon-de-la-Torta-un-evento-gastronomico-que-destaca-el-talento-local-y-la-identidad-guanajuatense-22.webp\" \/>\n\t<meta property=\"og:image:width\" content=\"640\" \/>\n\t<meta property=\"og:image:height\" content=\"425\" \/>\n\t<meta property=\"og:image:type\" content=\"image\/webp\" \/>\n<meta name=\"author\" content=\"GPI NEWS\" \/>\n<meta name=\"twitter:card\" content=\"summary_large_image\" \/>\n<meta name=\"twitter:label1\" content=\"Escrito por\" \/>\n\t<meta name=\"twitter:data1\" content=\"GPI NEWS\" \/>\n\t<meta name=\"twitter:label2\" content=\"Tiempo de lectura\" \/>\n\t<meta name=\"twitter:data2\" content=\"1 minuto\" \/>\n<script type=\"application\/ld+json\" class=\"yoast-schema-graph\">{\"@context\":\"https:\/\/schema.org\",\"@graph\":[{\"@type\":\"WebPage\",\"@id\":\"https:\/\/puertointerior.guanajuato.gob.mx\/blog\/2025\/12\/31\/maria-esther-de-alumna-a-emprendedora-a-los-62\/\",\"url\":\"https:\/\/puertointerior.guanajuato.gob.mx\/blog\/2025\/12\/31\/maria-esther-de-alumna-a-emprendedora-a-los-62\/\",\"name\":\"Mar\u00eda Esther: de alumna a emprendedora a los 62 - Blog | GPI NEWS\",\"isPartOf\":{\"@id\":\"https:\/\/puertointerior.guanajuato.gob.mx\/blog\/#website\"},\"primaryImageOfPage\":{\"@id\":\"https:\/\/puertointerior.guanajuato.gob.mx\/blog\/2025\/12\/31\/maria-esther-de-alumna-a-emprendedora-a-los-62\/#primaryimage\"},\"image\":{\"@id\":\"https:\/\/puertointerior.guanajuato.gob.mx\/blog\/2025\/12\/31\/maria-esther-de-alumna-a-emprendedora-a-los-62\/#primaryimage\"},\"thumbnailUrl\":\"https:\/\/puertointerior.guanajuato.gob.mx\/blog\/wp-content\/uploads\/2025\/12\/Silao-celebro-la-4a-edicion-del-Festival-Corazon-de-la-Torta-un-evento-gastronomico-que-destaca-el-talento-local-y-la-identidad-guanajuatense-22.webp\",\"datePublished\":\"2025-12-31T18:45:49+00:00\",\"author\":{\"@id\":\"https:\/\/puertointerior.guanajuato.gob.mx\/blog\/#\/schema\/person\/f4851bb8a48c32d7fba5285caf4ef1c4\"},\"breadcrumb\":{\"@id\":\"https:\/\/puertointerior.guanajuato.gob.mx\/blog\/2025\/12\/31\/maria-esther-de-alumna-a-emprendedora-a-los-62\/#breadcrumb\"},\"inLanguage\":\"es\",\"potentialAction\":[{\"@type\":\"ReadAction\",\"target\":[\"https:\/\/puertointerior.guanajuato.gob.mx\/blog\/2025\/12\/31\/maria-esther-de-alumna-a-emprendedora-a-los-62\/\"]}]},{\"@type\":\"ImageObject\",\"inLanguage\":\"es\",\"@id\":\"https:\/\/puertointerior.guanajuato.gob.mx\/blog\/2025\/12\/31\/maria-esther-de-alumna-a-emprendedora-a-los-62\/#primaryimage\",\"url\":\"https:\/\/puertointerior.guanajuato.gob.mx\/blog\/wp-content\/uploads\/2025\/12\/Silao-celebro-la-4a-edicion-del-Festival-Corazon-de-la-Torta-un-evento-gastronomico-que-destaca-el-talento-local-y-la-identidad-guanajuatense-22.webp\",\"contentUrl\":\"https:\/\/puertointerior.guanajuato.gob.mx\/blog\/wp-content\/uploads\/2025\/12\/Silao-celebro-la-4a-edicion-del-Festival-Corazon-de-la-Torta-un-evento-gastronomico-que-destaca-el-talento-local-y-la-identidad-guanajuatense-22.webp\",\"width\":640,\"height\":425},{\"@type\":\"BreadcrumbList\",\"@id\":\"https:\/\/puertointerior.guanajuato.gob.mx\/blog\/2025\/12\/31\/maria-esther-de-alumna-a-emprendedora-a-los-62\/#breadcrumb\",\"itemListElement\":[{\"@type\":\"ListItem\",\"position\":1,\"name\":\"Inicio\",\"item\":\"https:\/\/puertointerior.guanajuato.gob.mx\/blog\/\"},{\"@type\":\"ListItem\",\"position\":2,\"name\":\"Mar\u00eda Esther: de alumna a emprendedora a los 62\"}]},{\"@type\":\"WebSite\",\"@id\":\"https:\/\/puertointerior.guanajuato.gob.mx\/blog\/#website\",\"url\":\"https:\/\/puertointerior.guanajuato.gob.mx\/blog\/\",\"name\":\"Blog | GPI NEWS\",\"description\":\"Guanajuato Puerto Interior\",\"potentialAction\":[{\"@type\":\"SearchAction\",\"target\":{\"@type\":\"EntryPoint\",\"urlTemplate\":\"https:\/\/puertointerior.guanajuato.gob.mx\/blog\/?s={search_term_string}\"},\"query-input\":{\"@type\":\"PropertyValueSpecification\",\"valueRequired\":true,\"valueName\":\"search_term_string\"}}],\"inLanguage\":\"es\"},{\"@type\":\"Person\",\"@id\":\"https:\/\/puertointerior.guanajuato.gob.mx\/blog\/#\/schema\/person\/f4851bb8a48c32d7fba5285caf4ef1c4\",\"name\":\"GPI NEWS\",\"image\":{\"@type\":\"ImageObject\",\"inLanguage\":\"es\",\"@id\":\"https:\/\/puertointerior.guanajuato.gob.mx\/blog\/#\/schema\/person\/image\/\",\"url\":\"https:\/\/secure.gravatar.com\/avatar\/612aca53a708cefc5ebe15ab0bc63c51a8ba58563e45c17848fa400e627e2717?s=96&d=mm&r=g\",\"contentUrl\":\"https:\/\/secure.gravatar.com\/avatar\/612aca53a708cefc5ebe15ab0bc63c51a8ba58563e45c17848fa400e627e2717?s=96&d=mm&r=g\",\"caption\":\"GPI NEWS\"},\"url\":\"https:\/\/puertointerior.guanajuato.gob.mx\/blog\/author\/rafa-jacinto\/\"}]}<\/script>\n<!-- \/ Yoast SEO plugin. -->","yoast_head_json":{"title":"Mar\u00eda Esther: de alumna a emprendedora a los 62 - Blog | GPI NEWS","robots":{"index":"index","follow":"follow","max-snippet":"max-snippet:-1","max-image-preview":"max-image-preview:large","max-video-preview":"max-video-preview:-1"},"canonical":"https:\/\/puertointerior.guanajuato.gob.mx\/blog\/2025\/12\/31\/maria-esther-de-alumna-a-emprendedora-a-los-62\/","og_locale":"es_MX","og_type":"article","og_title":"Mar\u00eda Esther: de alumna a emprendedora a los 62 - Blog | GPI NEWS","og_description":"A los 62 a\u00f1os, Mar\u00eda Esther Castillo Galv\u00e1n decidi\u00f3 iniciar un nuevo camino como emprendedora, demostrando que la capacitaci\u00f3n y la confianza no tienen edad. Un nuevo comienzo a los 62 a\u00f1os A los\u00a062 a\u00f1os, cuando muchas personas piensan en detenerse,\u00a0Mar\u00eda Esther Castillo Galv\u00e1n decidi\u00f3 comenzar. Originaria del municipio de\u00a0Ocampo, su historia se ha convertido [&hellip;]","og_url":"https:\/\/puertointerior.guanajuato.gob.mx\/blog\/2025\/12\/31\/maria-esther-de-alumna-a-emprendedora-a-los-62\/","og_site_name":"Blog | GPI NEWS","article_published_time":"2025-12-31T18:45:49+00:00","og_image":[{"width":640,"height":425,"url":"https:\/\/puertointerior.guanajuato.gob.mx\/blog\/wp-content\/uploads\/2025\/12\/Silao-celebro-la-4a-edicion-del-Festival-Corazon-de-la-Torta-un-evento-gastronomico-que-destaca-el-talento-local-y-la-identidad-guanajuatense-22.webp","type":"image\/webp"}],"author":"GPI NEWS","twitter_card":"summary_large_image","twitter_misc":{"Escrito por":"GPI NEWS","Tiempo de lectura":"1 minuto"},"schema":{"@context":"https:\/\/schema.org","@graph":[{"@type":"WebPage","@id":"https:\/\/puertointerior.guanajuato.gob.mx\/blog\/2025\/12\/31\/maria-esther-de-alumna-a-emprendedora-a-los-62\/","url":"https:\/\/puertointerior.guanajuato.gob.mx\/blog\/2025\/12\/31\/maria-esther-de-alumna-a-emprendedora-a-los-62\/","name":"Mar\u00eda Esther: de alumna a emprendedora a los 62 - Blog | GPI NEWS","isPartOf":{"@id":"https:\/\/puertointerior.guanajuato.gob.mx\/blog\/#website"},"primaryImageOfPage":{"@id":"https:\/\/puertointerior.guanajuato.gob.mx\/blog\/2025\/12\/31\/maria-esther-de-alumna-a-emprendedora-a-los-62\/#primaryimage"},"image":{"@id":"https:\/\/puertointerior.guanajuato.gob.mx\/blog\/2025\/12\/31\/maria-esther-de-alumna-a-emprendedora-a-los-62\/#primaryimage"},"thumbnailUrl":"https:\/\/puertointerior.guanajuato.gob.mx\/blog\/wp-content\/uploads\/2025\/12\/Silao-celebro-la-4a-edicion-del-Festival-Corazon-de-la-Torta-un-evento-gastronomico-que-destaca-el-talento-local-y-la-identidad-guanajuatense-22.webp","datePublished":"2025-12-31T18:45:49+00:00","author":{"@id":"https:\/\/puertointerior.guanajuato.gob.mx\/blog\/#\/schema\/person\/f4851bb8a48c32d7fba5285caf4ef1c4"},"breadcrumb":{"@id":"https:\/\/puertointerior.guanajuato.gob.mx\/blog\/2025\/12\/31\/maria-esther-de-alumna-a-emprendedora-a-los-62\/#breadcrumb"},"inLanguage":"es","potentialAction":[{"@type":"ReadAction","target":["https:\/\/puertointerior.guanajuato.gob.mx\/blog\/2025\/12\/31\/maria-esther-de-alumna-a-emprendedora-a-los-62\/"]}]},{"@type":"ImageObject","inLanguage":"es","@id":"https:\/\/puertointerior.guanajuato.gob.mx\/blog\/2025\/12\/31\/maria-esther-de-alumna-a-emprendedora-a-los-62\/#primaryimage","url":"https:\/\/puertointerior.guanajuato.gob.mx\/blog\/wp-content\/uploads\/2025\/12\/Silao-celebro-la-4a-edicion-del-Festival-Corazon-de-la-Torta-un-evento-gastronomico-que-destaca-el-talento-local-y-la-identidad-guanajuatense-22.webp","contentUrl":"https:\/\/puertointerior.guanajuato.gob.mx\/blog\/wp-content\/uploads\/2025\/12\/Silao-celebro-la-4a-edicion-del-Festival-Corazon-de-la-Torta-un-evento-gastronomico-que-destaca-el-talento-local-y-la-identidad-guanajuatense-22.webp","width":640,"height":425},{"@type":"BreadcrumbList","@id":"https:\/\/puertointerior.guanajuato.gob.mx\/blog\/2025\/12\/31\/maria-esther-de-alumna-a-emprendedora-a-los-62\/#breadcrumb","itemListElement":[{"@type":"ListItem","position":1,"name":"Inicio","item":"https:\/\/puertointerior.guanajuato.gob.mx\/blog\/"},{"@type":"ListItem","position":2,"name":"Mar\u00eda Esther: de alumna a emprendedora a los 62"}]},{"@type":"WebSite","@id":"https:\/\/puertointerior.guanajuato.gob.mx\/blog\/#website","url":"https:\/\/puertointerior.guanajuato.gob.mx\/blog\/","name":"Blog | GPI NEWS","description":"Guanajuato Puerto Interior","potentialAction":[{"@type":"SearchAction","target":{"@type":"EntryPoint","urlTemplate":"https:\/\/puertointerior.guanajuato.gob.mx\/blog\/?s={search_term_string}"},"query-input":{"@type":"PropertyValueSpecification","valueRequired":true,"valueName":"search_term_string"}}],"inLanguage":"es"},{"@type":"Person","@id":"https:\/\/puertointerior.guanajuato.gob.mx\/blog\/#\/schema\/person\/f4851bb8a48c32d7fba5285caf4ef1c4","name":"GPI NEWS","image":{"@type":"ImageObject","inLanguage":"es","@id":"https:\/\/puertointerior.guanajuato.gob.mx\/blog\/#\/schema\/person\/image\/","url":"https:\/\/secure.gravatar.com\/avatar\/612aca53a708cefc5ebe15ab0bc63c51a8ba58563e45c17848fa400e627e2717?s=96&d=mm&r=g","contentUrl":"https:\/\/secure.gravatar.com\/avatar\/612aca53a708cefc5ebe15ab0bc63c51a8ba58563e45c17848fa400e627e2717?s=96&d=mm&r=g","caption":"GPI NEWS"},"url":"https:\/\/puertointerior.guanajuato.gob.mx\/blog\/author\/rafa-jacinto\/"}]}},"jetpack_featured_media_url":"https:\/\/puertointerior.guanajuato.gob.mx\/blog\/wp-content\/uploads\/2025\/12\/Silao-celebro-la-4a-edicion-del-Festival-Corazon-de-la-Torta-un-evento-gastronomico-que-destaca-el-talento-local-y-la-identidad-guanajuatense-22.webp","jetpack_sharing_enabled":true,"jetpack_shortlink":"https:\/\/wp.me\/pcnMPA-5Md","_links":{"self":[{"href":"https:\/\/puertointerior.guanajuato.gob.mx\/blog\/wp-json\/wp\/v2\/posts\/22209","targetHints":{"allow":["GET"]}}],"collection":[{"href":"https:\/\/puertointerior.guanajuato.gob.mx\/blog\/wp-json\/wp\/v2\/posts"}],"about":[{"href":"https:\/\/puertointerior.guanajuato.gob.mx\/blog\/wp-json\/wp\/v2\/types\/post"}],"author":[{"embeddable":true,"href":"https:\/\/puertointerior.guanajuato.gob.mx\/blog\/wp-json\/wp\/v2\/users\/2"}],"replies":[{"embeddable":true,"href":"https:\/\/puertointerior.guanajuato.gob.mx\/blog\/wp-json\/wp\/v2\/comments?post=22209"}],"version-history":[{"count":1,"href":"https:\/\/puertointerior.guanajuato.gob.mx\/blog\/wp-json\/wp\/v2\/posts\/22209\/revisions"}],"predecessor-version":[{"id":22211,"href":"https:\/\/puertointerior.guanajuato.gob.mx\/blog\/wp-json\/wp\/v2\/posts\/22209\/revisions\/22211"}],"wp:featuredmedia":[{"embeddable":true,"href":"https:\/\/puertointerior.guanajuato.gob.mx\/blog\/wp-json\/wp\/v2\/media\/22210"}],"wp:attachment":[{"href":"https:\/\/puertointerior.guanajuato.gob.mx\/blog\/wp-json\/wp\/v2\/media?parent=22209"}],"wp:term":[{"taxonomy":"category","embeddable":true,"href":"https:\/\/puertointerior.guanajuato.gob.mx\/blog\/wp-json\/wp\/v2\/categories?post=22209"},{"taxonomy":"post_tag","embeddable":true,"href":"https:\/\/puertointerior.guanajuato.gob.mx\/blog\/wp-json\/wp\/v2\/tags?post=22209"}],"curies":[{"name":"wp","href":"https:\/\/api.w.org\/{rel}","templated":true}]}}