{"id":22515,"date":"2026-01-14T12:37:00","date_gmt":"2026-01-14T17:37:00","guid":{"rendered":"https:\/\/puertointerior.guanajuato.gob.mx\/blog\/?p=22515"},"modified":"2026-01-14T12:37:18","modified_gmt":"2026-01-14T17:37:18","slug":"proponen-reusar-baterias-de-la-electromovilidad-en-sistemas-de-almacenamiento-de-energia","status":"publish","type":"post","link":"https:\/\/puertointerior.guanajuato.gob.mx\/blog\/2026\/01\/14\/proponen-reusar-baterias-de-la-electromovilidad-en-sistemas-de-almacenamiento-de-energia\/","title":{"rendered":"Proponen reusar bater\u00edas de la electromovilidad en sistemas de almacenamiento de energ\u00eda"},"content":{"rendered":"<h2 class=\"jeg_post_subtitle\" style=\"text-align: justify\">VEMO y REMSA presentaron un estudio sobre el potencial de bater\u00edas para reciclaje y ventajas.<\/h2>\n<p style=\"text-align: justify\">La reutilizaci\u00f3n de bater\u00edas de veh\u00edculos el\u00e9ctricos (VE)\u00a0<strong>en bancos de almacenamiento de energ\u00eda\u00a0<\/strong>se perfila como una alternativa para extender el valor de uso de estos sistemas antes de su etapa de reciclaje, siempre que existan procesos\u00a0<strong>de evaluaci\u00f3n t\u00e9cnica y criterios robustos de seguridad,\u00a0<\/strong>consider\u00f3 la empresa de electromovilidad\u00a0<strong>VEMO.<\/strong><\/p>\n<p style=\"text-align: justify\">De acuerdo con una reciente investigaci\u00f3n realizado por la compa\u00f1\u00eda junto con\u00a0<strong>Recicla Electr\u00f3nicos M\u00e9xico (REMSA),\u00a0<\/strong>algunas bater\u00edas que llegan al final de su vida \u201cautomotriz\u201d todav\u00eda conservan\u00a0<strong>capacidad remanente\u00a0<\/strong>que puede permitir su integraci\u00f3n en bancos de almacenamiento de energ\u00eda, por ejemplo, para\u00a0<strong>respaldos energ\u00e9ticos\u00a0<\/strong>o para complementar proyectos\u00a0<strong>con generaci\u00f3n renovable.<\/strong><\/p>\n<blockquote class=\"wp-block-quote is-layout-flow wp-block-quote-is-layout-flow\"><p>\u201cEn t\u00e9rminos generales, una bater\u00eda puede considerarse candidata a segunda vida cuando ya no cumple con los requerimientos de desempe\u00f1o de un VE, pero mantiene capacidad residual que puede ser \u00fatil en aplicaciones estacionarias\u201d, apunt\u00f3 este martes.<\/p><\/blockquote>\n<p style=\"text-align: justify\">Al respecto, indic\u00f3 que dicha capacidad residual a menudo puede ser del orden\u00a0<strong>de entre 70 y 80 por ciento\u00a0<\/strong>como referencia, aunque el umbral depende del historial de uso, qu\u00edmica, dise\u00f1o y condici\u00f3n real del sistema.<\/p>\n<h2 class=\"wp-block-heading\" style=\"text-align: justify\">Del auto a la electrolinera<\/h2>\n<p style=\"text-align: justify\">VEMO se\u00f1al\u00f3 que algunas bater\u00edas pueden reutilizarse para integrarse en\u00a0<strong>Sistemas de Almacenamiento de Energ\u00eda en Bater\u00edas (BESS, en ingl\u00e9s),\u00a0<\/strong>al reservar y proveer energ\u00eda para diversos usos,\u00a0<strong>incluso a electrolineras.<\/strong><\/p>\n<blockquote class=\"wp-block-quote is-layout-flow wp-block-quote-is-layout-flow\"><p>\u201cEsto permitir\u00eda maximizar el uso de las bater\u00edas antes del reciclaje y as\u00ed reducir su impacto ambiental\u201d, manifest\u00f3.<\/p><\/blockquote>\n<p style=\"text-align: justify\">En el documento\u00a0<strong>\u201cGesti\u00f3n de bater\u00edas de veh\u00edculos el\u00e9ctricos en Am\u00e9rica Latina\u201d,\u00a0<\/strong>VEMO y REMSA explican que un banco de almacenamiento de energ\u00eda integra m\u00f3dulos\/bater\u00edas, un sistema de conversi\u00f3n de potencia (por ejemplo, inversores\/convertidores) e instrumentos de control\/monitoreo para almacenar y entregar energ\u00eda seg\u00fan la necesidad del sitio (por ejemplo, respaldo, gesti\u00f3n de demanda o integraci\u00f3n con renovables, como energ\u00eda solar o e\u00f3lica).<\/p>\n<p style=\"text-align: justify\">Una de las aplicaciones m\u00e1s comunes de los sistemas de almacenamiento es el arbitraje energ\u00e9tico: se recargan durante las horas de menor demanda \u2014cuando la electricidad es m\u00e1s econ\u00f3mica\u2014 y se utiliza esa energ\u00eda\u00a0<strong>en momentos de mayor costo.<\/strong><\/p>\n<p style=\"text-align: justify\">En infraestructura de recarga y operaci\u00f3n de flotas, estos esquemas pueden representar ahorros importantes,\u00a0<strong>especialmente cuando la energ\u00eda proviene de fuentes renovables.<\/strong><\/p>\n<h2 class=\"wp-block-heading\" style=\"text-align: justify\">Bater\u00edas en M\u00e9xico<\/h2>\n<p style=\"text-align: justify\">Cifras mostradas en el documento revelan que M\u00e9xico es el segundo pa\u00eds de Am\u00e9rica Latina con mayor cantidad de autom\u00f3viles el\u00e9ctricos,\u00a0<strong>con 39 mil 974 unidades,\u00a0<\/strong>muy por debajo de Brasil con 170 mil 417.<\/p>\n<p style=\"text-align: justify\">En el segmento de autobuses, a 2022 en nuestro pa\u00eds circulaban\u00a0<strong>unos 227.\u00a0<\/strong>Brasil ten\u00eda 298.<\/p>\n<p style=\"text-align: justify\">Para el caso de los buses, el estudio estima un peso promedio del\u00a0<em>pack\u00a0<\/em>de bater\u00edas de\u00a0<strong>2 mil 500 kg\u00a0<\/strong>(considerando una densidad energ\u00e9tica para bater\u00edas de tipo LFP de 160 Wh\/kg). Para el caso de los autom\u00f3viles ese mismo valor ronda los\u00a0<strong>350 kg.<\/strong><\/p>\n<blockquote class=\"wp-block-quote is-layout-flow wp-block-quote-is-layout-flow\"><p>\u201cDicho esto, sabemos de antemano que al cabo de unos a\u00f1os (per\u00edodo de tiempo que depende del nivel de degradaci\u00f3n e intensidad de uso de cada veh\u00edculo) habr\u00e1 disponibles m\u00e1s de 92,000 toneladas de bater\u00edas para reciclar\u201d, concluye.<\/p><\/blockquote>\n<p style=\"text-align: justify\">De manera general, cuando una bater\u00eda para la electromovilidad reduce su capacidad a\u00a0<strong>aproximadamente 80 por ciento,\u00a0<\/strong>puede ser canalizada para uso en BESS en sistemas de generaci\u00f3n solar fotovoltaica y e\u00f3lica. Al disminuir\u00a0<strong>a un 30 por ciento\u00a0<\/strong>se puede destinar a su reciclaje.<\/p>\n<p style=\"text-align: justify\"><img decoding=\"async\" src=\"https:\/\/energiaadebate.com\/wp-content\/uploads\/2026\/01\/Vida-bateria.webp\" \/><\/p>\n<h2 class=\"wp-block-heading\" style=\"text-align: justify\">Viabilidad t\u00e9cnica y seguridad: condici\u00f3n indispensable<\/h2>\n<p style=\"text-align: justify\">Es importante subrayar que la reutilizaci\u00f3n no es autom\u00e1tica ni universal. La viabilidad depende del\u00a0<strong>estado de salud (SOH), la qu\u00edmica, el dise\u00f1o del\u00a0<em>pack\u00a0<\/em>y la capacidad de gestionar y monitorear\u00a0<\/strong>el sistema de forma segura. En la pr\u00e1ctica, habilitar segunda vida requiere trabajo t\u00e9cnico especializado para diagn\u00f3stico, integraci\u00f3n y aseguramiento de par\u00e1metros de operaci\u00f3n segura.<\/p>\n<p style=\"text-align: justify\">VEMO y REMSA subrayan la importancia de que la gesti\u00f3n de bater\u00edas al final de su vida y su eventual reutilizaci\u00f3n o reciclaje se realicen\u00a0<strong>con manejo responsable y conforme al marco aplicable.<\/strong><\/p>\n<p style=\"text-align: justify\">El documento reconoce que en M\u00e9xico\u00a0<strong>a\u00fan no existe una regulaci\u00f3n espec\u00edfica\u00a0<\/strong>para la disposici\u00f3n y reciclaje de las bater\u00edas de litio, aunque ya est\u00e1n incluidas como residuos especiales no peligrosos en la\u00a0<strong>NOM-161.\u00a0<\/strong>La identificaci\u00f3n de si un residuo es peligroso, adem\u00e1s, se aborda mediante la\u00a0<strong>NOM-052-SEMARNAT-2005,\u00a0<\/strong>y la\u00a0<strong>Ley General para la Prevenci\u00f3n y Gesti\u00f3n Integral de Residuos (LGPGIR)\u00a0<\/strong>establece obligaciones y criterios generales para el manejo integral de residuos, incluyendo disposiciones para almacenamiento y prevenci\u00f3n de riesgos.<\/p>\n<h2 class=\"wp-block-heading\" style=\"text-align: justify\">Hacia la econom\u00eda circular energ\u00e9tica<\/h2>\n<p style=\"text-align: justify\">VEMO y REMSA expresaron que la reutilizaci\u00f3n de bater\u00edas para almacenamiento estacionario es esencial para\u00a0<strong>un modelo m\u00e1s sostenible\u00a0<\/strong>de gesti\u00f3n de recursos.<\/p>\n<p style=\"text-align: justify\">Seg\u00fan las dos firmas, cuando se implementa\u00a0<strong>con criterios t\u00e9cnicos y de seguridad,\u00a0<\/strong>la reutilizaci\u00f3n puede:<\/p>\n<ul class=\"wp-block-list\" style=\"text-align: justify\">\n<li>Extender el ciclo de uso antes del reciclaje.<\/li>\n<li>Reducir presi\u00f3n de minerales cr\u00edticos.<\/li>\n<li>Contribuir a reducir impactos asociados al ciclo de vida de la electromovilidad.<\/li>\n<li>Apostar por la econom\u00eda circular y por sistemas de almacenamiento con bater\u00edas reutilizadas es, en definitiva, un camino hacia un futuro energ\u00e9tico m\u00e1s eficiente, responsable y sostenible. En ese esfuerzo, el objetivo es claro: evitar que un activo con capacidad remanente se convierta prematuramente en residuo o termine bajo esquemas de manejo inadecuados. Extender su vida \u00fatil de forma segura y trazable permite capturar valor antes del reciclaje.<\/li>\n<\/ul>\n<p style=\"text-align: justify\">Por \u00faltimo, en el documento se asegur\u00f3 que adem\u00e1s de las bater\u00edas provenientes de veh\u00edculos el\u00e9ctricos, existen otras fuentes potenciales de m\u00f3dulos reutilizables\u00a0<strong>como\u00a0<em>scooters<\/em>, bicicletas y motocicletas el\u00e9ctricas,\u00a0<\/strong>que abren oportunidades para integrar bater\u00edas obsoletas en sistemas estacionarios, siempre bajo criterios de seguridad, trazabilidad y cumplimiento.<\/p>\n<p style=\"text-align: justify\">Publicado originalmente por:\u00a0<a href=\"https:\/\/energiaadebate.com\/proponen-reusar-baterias-de-la-electromovilidad-en-sistemas-de-almacenamiento-de-energia\/\">https:\/\/energiaadebate.com\/proponen-reusar-baterias-de-la-electromovilidad-en-sistemas-de-almacenamiento-de-energia\/<\/a><\/p>\n","protected":false},"excerpt":{"rendered":"<p>VEMO y REMSA presentaron un estudio sobre el potencial de bater\u00edas para reciclaje y ventajas. La reutilizaci\u00f3n de bater\u00edas de veh\u00edculos el\u00e9ctricos (VE)\u00a0en bancos de almacenamiento de energ\u00eda\u00a0se perfila como una alternativa para extender el valor de uso de estos sistemas antes de su etapa de reciclaje, siempre que existan procesos\u00a0de evaluaci\u00f3n t\u00e9cnica y criterios [&hellip;]<\/p>\n","protected":false},"author":2,"featured_media":22516,"comment_status":"closed","ping_status":"open","sticky":false,"template":"","format":"standard","meta":{"jetpack_post_was_ever_published":false,"_jetpack_newsletter_access":"","_jetpack_dont_email_post_to_subs":false,"_jetpack_newsletter_tier_id":0,"_jetpack_memberships_contains_paywalled_content":false,"_jetpack_memberships_contains_paid_content":false,"footnotes":""},"categories":[9,5],"tags":[],"class_list":["post-22515","post","type-post","status-publish","format-standard","has-post-thumbnail","hentry","category-social-responsability","category-technology"],"yoast_head":"<!-- This site is optimized with the Yoast SEO plugin v25.7 - https:\/\/yoast.com\/wordpress\/plugins\/seo\/ -->\n<title>Proponen reusar bater\u00edas de la electromovilidad en sistemas de almacenamiento de energ\u00eda - Blog | GPI NEWS<\/title>\n<meta name=\"robots\" content=\"index, follow, max-snippet:-1, max-image-preview:large, max-video-preview:-1\" \/>\n<link rel=\"canonical\" href=\"https:\/\/puertointerior.guanajuato.gob.mx\/blog\/2026\/01\/14\/proponen-reusar-baterias-de-la-electromovilidad-en-sistemas-de-almacenamiento-de-energia\/\" \/>\n<meta property=\"og:locale\" content=\"es_MX\" \/>\n<meta property=\"og:type\" content=\"article\" \/>\n<meta property=\"og:title\" content=\"Proponen reusar bater\u00edas de la electromovilidad en sistemas de almacenamiento de energ\u00eda - Blog | GPI NEWS\" \/>\n<meta property=\"og:description\" content=\"VEMO y REMSA presentaron un estudio sobre el potencial de bater\u00edas para reciclaje y ventajas. La reutilizaci\u00f3n de bater\u00edas de veh\u00edculos el\u00e9ctricos (VE)\u00a0en bancos de almacenamiento de energ\u00eda\u00a0se perfila como una alternativa para extender el valor de uso de estos sistemas antes de su etapa de reciclaje, siempre que existan procesos\u00a0de evaluaci\u00f3n t\u00e9cnica y criterios [&hellip;]\" \/>\n<meta property=\"og:url\" content=\"https:\/\/puertointerior.guanajuato.gob.mx\/blog\/2026\/01\/14\/proponen-reusar-baterias-de-la-electromovilidad-en-sistemas-de-almacenamiento-de-energia\/\" \/>\n<meta property=\"og:site_name\" content=\"Blog | GPI NEWS\" \/>\n<meta property=\"article:published_time\" content=\"2026-01-14T17:37:00+00:00\" \/>\n<meta property=\"article:modified_time\" content=\"2026-01-14T17:37:18+00:00\" \/>\n<meta property=\"og:image\" content=\"https:\/\/puertointerior.guanajuato.gob.mx\/blog\/wp-content\/uploads\/2026\/01\/3-VEMO-REMSA.webp\" \/>\n\t<meta property=\"og:image:width\" content=\"1000\" \/>\n\t<meta property=\"og:image:height\" content=\"650\" \/>\n\t<meta property=\"og:image:type\" content=\"image\/webp\" \/>\n<meta name=\"author\" content=\"GPI NEWS\" \/>\n<meta name=\"twitter:card\" content=\"summary_large_image\" \/>\n<meta name=\"twitter:label1\" content=\"Escrito por\" \/>\n\t<meta name=\"twitter:data1\" content=\"GPI NEWS\" \/>\n\t<meta name=\"twitter:label2\" content=\"Tiempo de lectura\" \/>\n\t<meta name=\"twitter:data2\" content=\"5 minutos\" \/>\n<script type=\"application\/ld+json\" class=\"yoast-schema-graph\">{\"@context\":\"https:\/\/schema.org\",\"@graph\":[{\"@type\":\"WebPage\",\"@id\":\"https:\/\/puertointerior.guanajuato.gob.mx\/blog\/2026\/01\/14\/proponen-reusar-baterias-de-la-electromovilidad-en-sistemas-de-almacenamiento-de-energia\/\",\"url\":\"https:\/\/puertointerior.guanajuato.gob.mx\/blog\/2026\/01\/14\/proponen-reusar-baterias-de-la-electromovilidad-en-sistemas-de-almacenamiento-de-energia\/\",\"name\":\"Proponen reusar bater\u00edas de la electromovilidad en sistemas de almacenamiento de energ\u00eda - Blog | GPI NEWS\",\"isPartOf\":{\"@id\":\"https:\/\/puertointerior.guanajuato.gob.mx\/blog\/#website\"},\"primaryImageOfPage\":{\"@id\":\"https:\/\/puertointerior.guanajuato.gob.mx\/blog\/2026\/01\/14\/proponen-reusar-baterias-de-la-electromovilidad-en-sistemas-de-almacenamiento-de-energia\/#primaryimage\"},\"image\":{\"@id\":\"https:\/\/puertointerior.guanajuato.gob.mx\/blog\/2026\/01\/14\/proponen-reusar-baterias-de-la-electromovilidad-en-sistemas-de-almacenamiento-de-energia\/#primaryimage\"},\"thumbnailUrl\":\"https:\/\/puertointerior.guanajuato.gob.mx\/blog\/wp-content\/uploads\/2026\/01\/3-VEMO-REMSA.webp\",\"datePublished\":\"2026-01-14T17:37:00+00:00\",\"dateModified\":\"2026-01-14T17:37:18+00:00\",\"author\":{\"@id\":\"https:\/\/puertointerior.guanajuato.gob.mx\/blog\/#\/schema\/person\/f4851bb8a48c32d7fba5285caf4ef1c4\"},\"breadcrumb\":{\"@id\":\"https:\/\/puertointerior.guanajuato.gob.mx\/blog\/2026\/01\/14\/proponen-reusar-baterias-de-la-electromovilidad-en-sistemas-de-almacenamiento-de-energia\/#breadcrumb\"},\"inLanguage\":\"es\",\"potentialAction\":[{\"@type\":\"ReadAction\",\"target\":[\"https:\/\/puertointerior.guanajuato.gob.mx\/blog\/2026\/01\/14\/proponen-reusar-baterias-de-la-electromovilidad-en-sistemas-de-almacenamiento-de-energia\/\"]}]},{\"@type\":\"ImageObject\",\"inLanguage\":\"es\",\"@id\":\"https:\/\/puertointerior.guanajuato.gob.mx\/blog\/2026\/01\/14\/proponen-reusar-baterias-de-la-electromovilidad-en-sistemas-de-almacenamiento-de-energia\/#primaryimage\",\"url\":\"https:\/\/puertointerior.guanajuato.gob.mx\/blog\/wp-content\/uploads\/2026\/01\/3-VEMO-REMSA.webp\",\"contentUrl\":\"https:\/\/puertointerior.guanajuato.gob.mx\/blog\/wp-content\/uploads\/2026\/01\/3-VEMO-REMSA.webp\",\"width\":1000,\"height\":650},{\"@type\":\"BreadcrumbList\",\"@id\":\"https:\/\/puertointerior.guanajuato.gob.mx\/blog\/2026\/01\/14\/proponen-reusar-baterias-de-la-electromovilidad-en-sistemas-de-almacenamiento-de-energia\/#breadcrumb\",\"itemListElement\":[{\"@type\":\"ListItem\",\"position\":1,\"name\":\"Inicio\",\"item\":\"https:\/\/puertointerior.guanajuato.gob.mx\/blog\/\"},{\"@type\":\"ListItem\",\"position\":2,\"name\":\"Proponen reusar bater\u00edas de la electromovilidad en sistemas de almacenamiento de energ\u00eda\"}]},{\"@type\":\"WebSite\",\"@id\":\"https:\/\/puertointerior.guanajuato.gob.mx\/blog\/#website\",\"url\":\"https:\/\/puertointerior.guanajuato.gob.mx\/blog\/\",\"name\":\"Blog | GPI NEWS\",\"description\":\"Guanajuato Puerto Interior\",\"potentialAction\":[{\"@type\":\"SearchAction\",\"target\":{\"@type\":\"EntryPoint\",\"urlTemplate\":\"https:\/\/puertointerior.guanajuato.gob.mx\/blog\/?s={search_term_string}\"},\"query-input\":{\"@type\":\"PropertyValueSpecification\",\"valueRequired\":true,\"valueName\":\"search_term_string\"}}],\"inLanguage\":\"es\"},{\"@type\":\"Person\",\"@id\":\"https:\/\/puertointerior.guanajuato.gob.mx\/blog\/#\/schema\/person\/f4851bb8a48c32d7fba5285caf4ef1c4\",\"name\":\"GPI NEWS\",\"image\":{\"@type\":\"ImageObject\",\"inLanguage\":\"es\",\"@id\":\"https:\/\/puertointerior.guanajuato.gob.mx\/blog\/#\/schema\/person\/image\/\",\"url\":\"https:\/\/secure.gravatar.com\/avatar\/612aca53a708cefc5ebe15ab0bc63c51a8ba58563e45c17848fa400e627e2717?s=96&d=mm&r=g\",\"contentUrl\":\"https:\/\/secure.gravatar.com\/avatar\/612aca53a708cefc5ebe15ab0bc63c51a8ba58563e45c17848fa400e627e2717?s=96&d=mm&r=g\",\"caption\":\"GPI NEWS\"},\"url\":\"https:\/\/puertointerior.guanajuato.gob.mx\/blog\/author\/rafa-jacinto\/\"}]}<\/script>\n<!-- \/ Yoast SEO plugin. -->","yoast_head_json":{"title":"Proponen reusar bater\u00edas de la electromovilidad en sistemas de almacenamiento de energ\u00eda - Blog | GPI NEWS","robots":{"index":"index","follow":"follow","max-snippet":"max-snippet:-1","max-image-preview":"max-image-preview:large","max-video-preview":"max-video-preview:-1"},"canonical":"https:\/\/puertointerior.guanajuato.gob.mx\/blog\/2026\/01\/14\/proponen-reusar-baterias-de-la-electromovilidad-en-sistemas-de-almacenamiento-de-energia\/","og_locale":"es_MX","og_type":"article","og_title":"Proponen reusar bater\u00edas de la electromovilidad en sistemas de almacenamiento de energ\u00eda - Blog | GPI NEWS","og_description":"VEMO y REMSA presentaron un estudio sobre el potencial de bater\u00edas para reciclaje y ventajas. La reutilizaci\u00f3n de bater\u00edas de veh\u00edculos el\u00e9ctricos (VE)\u00a0en bancos de almacenamiento de energ\u00eda\u00a0se perfila como una alternativa para extender el valor de uso de estos sistemas antes de su etapa de reciclaje, siempre que existan procesos\u00a0de evaluaci\u00f3n t\u00e9cnica y criterios [&hellip;]","og_url":"https:\/\/puertointerior.guanajuato.gob.mx\/blog\/2026\/01\/14\/proponen-reusar-baterias-de-la-electromovilidad-en-sistemas-de-almacenamiento-de-energia\/","og_site_name":"Blog | GPI NEWS","article_published_time":"2026-01-14T17:37:00+00:00","article_modified_time":"2026-01-14T17:37:18+00:00","og_image":[{"width":1000,"height":650,"url":"https:\/\/puertointerior.guanajuato.gob.mx\/blog\/wp-content\/uploads\/2026\/01\/3-VEMO-REMSA.webp","type":"image\/webp"}],"author":"GPI NEWS","twitter_card":"summary_large_image","twitter_misc":{"Escrito por":"GPI NEWS","Tiempo de lectura":"5 minutos"},"schema":{"@context":"https:\/\/schema.org","@graph":[{"@type":"WebPage","@id":"https:\/\/puertointerior.guanajuato.gob.mx\/blog\/2026\/01\/14\/proponen-reusar-baterias-de-la-electromovilidad-en-sistemas-de-almacenamiento-de-energia\/","url":"https:\/\/puertointerior.guanajuato.gob.mx\/blog\/2026\/01\/14\/proponen-reusar-baterias-de-la-electromovilidad-en-sistemas-de-almacenamiento-de-energia\/","name":"Proponen reusar bater\u00edas de la electromovilidad en sistemas de almacenamiento de energ\u00eda - Blog | GPI NEWS","isPartOf":{"@id":"https:\/\/puertointerior.guanajuato.gob.mx\/blog\/#website"},"primaryImageOfPage":{"@id":"https:\/\/puertointerior.guanajuato.gob.mx\/blog\/2026\/01\/14\/proponen-reusar-baterias-de-la-electromovilidad-en-sistemas-de-almacenamiento-de-energia\/#primaryimage"},"image":{"@id":"https:\/\/puertointerior.guanajuato.gob.mx\/blog\/2026\/01\/14\/proponen-reusar-baterias-de-la-electromovilidad-en-sistemas-de-almacenamiento-de-energia\/#primaryimage"},"thumbnailUrl":"https:\/\/puertointerior.guanajuato.gob.mx\/blog\/wp-content\/uploads\/2026\/01\/3-VEMO-REMSA.webp","datePublished":"2026-01-14T17:37:00+00:00","dateModified":"2026-01-14T17:37:18+00:00","author":{"@id":"https:\/\/puertointerior.guanajuato.gob.mx\/blog\/#\/schema\/person\/f4851bb8a48c32d7fba5285caf4ef1c4"},"breadcrumb":{"@id":"https:\/\/puertointerior.guanajuato.gob.mx\/blog\/2026\/01\/14\/proponen-reusar-baterias-de-la-electromovilidad-en-sistemas-de-almacenamiento-de-energia\/#breadcrumb"},"inLanguage":"es","potentialAction":[{"@type":"ReadAction","target":["https:\/\/puertointerior.guanajuato.gob.mx\/blog\/2026\/01\/14\/proponen-reusar-baterias-de-la-electromovilidad-en-sistemas-de-almacenamiento-de-energia\/"]}]},{"@type":"ImageObject","inLanguage":"es","@id":"https:\/\/puertointerior.guanajuato.gob.mx\/blog\/2026\/01\/14\/proponen-reusar-baterias-de-la-electromovilidad-en-sistemas-de-almacenamiento-de-energia\/#primaryimage","url":"https:\/\/puertointerior.guanajuato.gob.mx\/blog\/wp-content\/uploads\/2026\/01\/3-VEMO-REMSA.webp","contentUrl":"https:\/\/puertointerior.guanajuato.gob.mx\/blog\/wp-content\/uploads\/2026\/01\/3-VEMO-REMSA.webp","width":1000,"height":650},{"@type":"BreadcrumbList","@id":"https:\/\/puertointerior.guanajuato.gob.mx\/blog\/2026\/01\/14\/proponen-reusar-baterias-de-la-electromovilidad-en-sistemas-de-almacenamiento-de-energia\/#breadcrumb","itemListElement":[{"@type":"ListItem","position":1,"name":"Inicio","item":"https:\/\/puertointerior.guanajuato.gob.mx\/blog\/"},{"@type":"ListItem","position":2,"name":"Proponen reusar bater\u00edas de la electromovilidad en sistemas de almacenamiento de energ\u00eda"}]},{"@type":"WebSite","@id":"https:\/\/puertointerior.guanajuato.gob.mx\/blog\/#website","url":"https:\/\/puertointerior.guanajuato.gob.mx\/blog\/","name":"Blog | GPI NEWS","description":"Guanajuato Puerto Interior","potentialAction":[{"@type":"SearchAction","target":{"@type":"EntryPoint","urlTemplate":"https:\/\/puertointerior.guanajuato.gob.mx\/blog\/?s={search_term_string}"},"query-input":{"@type":"PropertyValueSpecification","valueRequired":true,"valueName":"search_term_string"}}],"inLanguage":"es"},{"@type":"Person","@id":"https:\/\/puertointerior.guanajuato.gob.mx\/blog\/#\/schema\/person\/f4851bb8a48c32d7fba5285caf4ef1c4","name":"GPI NEWS","image":{"@type":"ImageObject","inLanguage":"es","@id":"https:\/\/puertointerior.guanajuato.gob.mx\/blog\/#\/schema\/person\/image\/","url":"https:\/\/secure.gravatar.com\/avatar\/612aca53a708cefc5ebe15ab0bc63c51a8ba58563e45c17848fa400e627e2717?s=96&d=mm&r=g","contentUrl":"https:\/\/secure.gravatar.com\/avatar\/612aca53a708cefc5ebe15ab0bc63c51a8ba58563e45c17848fa400e627e2717?s=96&d=mm&r=g","caption":"GPI NEWS"},"url":"https:\/\/puertointerior.guanajuato.gob.mx\/blog\/author\/rafa-jacinto\/"}]}},"jetpack_featured_media_url":"https:\/\/puertointerior.guanajuato.gob.mx\/blog\/wp-content\/uploads\/2026\/01\/3-VEMO-REMSA.webp","jetpack_sharing_enabled":true,"jetpack_shortlink":"https:\/\/wp.me\/pcnMPA-5R9","_links":{"self":[{"href":"https:\/\/puertointerior.guanajuato.gob.mx\/blog\/wp-json\/wp\/v2\/posts\/22515","targetHints":{"allow":["GET"]}}],"collection":[{"href":"https:\/\/puertointerior.guanajuato.gob.mx\/blog\/wp-json\/wp\/v2\/posts"}],"about":[{"href":"https:\/\/puertointerior.guanajuato.gob.mx\/blog\/wp-json\/wp\/v2\/types\/post"}],"author":[{"embeddable":true,"href":"https:\/\/puertointerior.guanajuato.gob.mx\/blog\/wp-json\/wp\/v2\/users\/2"}],"replies":[{"embeddable":true,"href":"https:\/\/puertointerior.guanajuato.gob.mx\/blog\/wp-json\/wp\/v2\/comments?post=22515"}],"version-history":[{"count":1,"href":"https:\/\/puertointerior.guanajuato.gob.mx\/blog\/wp-json\/wp\/v2\/posts\/22515\/revisions"}],"predecessor-version":[{"id":22517,"href":"https:\/\/puertointerior.guanajuato.gob.mx\/blog\/wp-json\/wp\/v2\/posts\/22515\/revisions\/22517"}],"wp:featuredmedia":[{"embeddable":true,"href":"https:\/\/puertointerior.guanajuato.gob.mx\/blog\/wp-json\/wp\/v2\/media\/22516"}],"wp:attachment":[{"href":"https:\/\/puertointerior.guanajuato.gob.mx\/blog\/wp-json\/wp\/v2\/media?parent=22515"}],"wp:term":[{"taxonomy":"category","embeddable":true,"href":"https:\/\/puertointerior.guanajuato.gob.mx\/blog\/wp-json\/wp\/v2\/categories?post=22515"},{"taxonomy":"post_tag","embeddable":true,"href":"https:\/\/puertointerior.guanajuato.gob.mx\/blog\/wp-json\/wp\/v2\/tags?post=22515"}],"curies":[{"name":"wp","href":"https:\/\/api.w.org\/{rel}","templated":true}]}}