{"id":22831,"date":"2026-01-27T13:02:25","date_gmt":"2026-01-27T18:02:25","guid":{"rendered":"https:\/\/puertointerior.guanajuato.gob.mx\/blog\/?p=22831"},"modified":"2026-01-27T13:03:07","modified_gmt":"2026-01-27T18:03:07","slug":"la-electromovilidad-ya-genera-beneficios-climaticos-medibles-en-mexico","status":"publish","type":"post","link":"https:\/\/puertointerior.guanajuato.gob.mx\/blog\/2026\/01\/27\/la-electromovilidad-ya-genera-beneficios-climaticos-medibles-en-mexico\/","title":{"rendered":"La electromovilidad ya genera beneficios clim\u00e1ticos medibles en M\u00e9xico"},"content":{"rendered":"<p style=\"text-align: justify\">La adopci\u00f3n de veh\u00edculos el\u00e9ctricos en M\u00e9xico comienza a traducirse en beneficios clim\u00e1ticos medibles. De acuerdo con el Bar\u00f3metro de Electromovilidad de la Electro Movilidad Asociaci\u00f3n (EMA), los cerca de 100 mil veh\u00edculos el\u00e9ctricos, h\u00edbridos conectables y de rango extendido adquiridos por conductores mexicanos durante 2025 evitar\u00e1n la emisi\u00f3n de 34,865 toneladas de CO\u2082 equivalente (tCO\u2082e) en un a\u00f1o de operaci\u00f3n calendario, al sustituir trayectos que habr\u00edan sido realizados por veh\u00edculos de combusti\u00f3n interna.<\/p>\n<p style=\"text-align: justify\">Al sumar los viajes verdes de taxis de plataforma, las emisiones evitadas sumar\u00e1n 47,334 toneladas de CO\u2082 equivalente. Este impacto clim\u00e1tico se refleja tambi\u00e9n en la sustituci\u00f3n de casi 385 millones de kil\u00f3metros recorridos sin emisiones locales, una contribuci\u00f3n directa a la mejora de la calidad del aire y a los esfuerzos de descarbonizaci\u00f3n del transporte, particularmente en zonas urbanas con alta concentraci\u00f3n vehicular.<\/p>\n<p style=\"text-align: justify\">Del total de emisiones evitadas, 28,330 tCO\u2082e corresponden exclusivamente a veh\u00edculos el\u00e9ctricos, mientras que los h\u00edbridos conectables y los el\u00e9ctricos de rango extendido aportan reducciones adicionales. A ello se suma el impacto de los viajes cero emisiones locales, realizados principalmente a trav\u00e9s de plataformas digitales de transporte, que en 2025 evitaron 12,469 tCO\u2082e al completar m\u00e1s de 101 millones de kil\u00f3metros sin emisiones por escape.<\/p>\n<p style=\"text-align: justify\">M\u00e1s all\u00e1 del crecimiento del parque vehicular, el Bar\u00f3metro de EMA pone el foco en el impacto ambiental cotidiano de la electromovilidad: cada trayecto el\u00e9ctrico sustituye emisiones locales en ciudades, reduciendo contaminantes asociados a enfermedades respiratorias y contribuyendo a un entorno urbano m\u00e1s saludable y una mejor calidad del aire.<\/p>\n<p style=\"text-align: justify\">Respecto a la red de carga, el pa\u00eds alcanz\u00f3 un total de 56,726 posiciones, lo que representa un crecimiento anual de 26%, una expansi\u00f3n que habilita el crecimiento del mercado y permite que los veh\u00edculos el\u00e9ctricos se utilicen de manera continua, maximizando su impacto ambiental positivo. Para EMA, esta tendencia confirma que la electromovilidad comienza a consolidarse como una herramienta estructural para reducir la huella ambiental del transporte.<\/p>\n<p style=\"text-align: justify\">El c\u00e1lculo de las emisiones de CO\u2082 equivalente evitadas se realiz\u00f3 con base en metodolog\u00edas internacionales de medici\u00f3n clim\u00e1tica, apoyadas por una plataforma digital especializada en cuantificaci\u00f3n de carbono que EMA utiliza con el acompa\u00f1amiento t\u00e9cnico de\u00a0<strong>Bono<\/strong><strong>,<\/strong>\u00a0quien colabora como consultor externo en la medici\u00f3n y el c\u00e1lculo de emisiones asociadas al parque vehicular el\u00e9ctrico.<\/p>\n<p style=\"text-align: justify\">Durante 2025 las empresas que participan en el financiamiento de veh\u00edculos el\u00e9ctricos e h\u00edbridos conectables registraron para el Bar\u00f3metro de EMA un total de 10,802 cr\u00e9ditos, con lo que duplicaron el resultado que hab\u00edan tenido en 2024.<\/p>\n<p style=\"text-align: justify\">\u201cCada kil\u00f3metro recorrido en modo el\u00e9ctrico representa un avance concreto hacia un aire m\u00e1s limpio. En EMA coincidimos en que el acceso a tecnolog\u00eda eficiente y sostenible es una prioridad para las empresas que integran la Asociaci\u00f3n.<\/p>\n<p style=\"text-align: justify\">\u201cContinuaremos promoviendo la adopci\u00f3n de veh\u00edculos el\u00e9ctricos con informaci\u00f3n basada en datos, que permita a consumidores y autoridades tomar decisiones informadas para acelerar la descarbonizaci\u00f3n del transporte\u201d, se\u00f1al\u00f3 Eugenio Grandio, presidente de EMA.<\/p>\n<p style=\"text-align: justify\">Publicado originalmente por:\u00a0<a href=\"https:\/\/www.expoknews.com\/electromovilidad-ya-genera-beneficios-climaticos\/\">https:\/\/www.expoknews.com\/electromovilidad-ya-genera-beneficios-climaticos\/<\/a><\/p>\n","protected":false},"excerpt":{"rendered":"<p>La adopci\u00f3n de veh\u00edculos el\u00e9ctricos en M\u00e9xico comienza a traducirse en beneficios clim\u00e1ticos medibles. De acuerdo con el Bar\u00f3metro de Electromovilidad de la Electro Movilidad Asociaci\u00f3n (EMA), los cerca de 100 mil veh\u00edculos el\u00e9ctricos, h\u00edbridos conectables y de rango extendido adquiridos por conductores mexicanos durante 2025 evitar\u00e1n la emisi\u00f3n de 34,865 toneladas de CO\u2082 equivalente [&hellip;]<\/p>\n","protected":false},"author":2,"featured_media":22832,"comment_status":"closed","ping_status":"open","sticky":false,"template":"","format":"standard","meta":{"jetpack_post_was_ever_published":false,"_jetpack_newsletter_access":"","_jetpack_dont_email_post_to_subs":false,"_jetpack_newsletter_tier_id":0,"_jetpack_memberships_contains_paywalled_content":false,"_jetpack_memberships_contains_paid_content":false,"footnotes":""},"categories":[9,5],"tags":[],"class_list":["post-22831","post","type-post","status-publish","format-standard","has-post-thumbnail","hentry","category-social-responsability","category-technology"],"yoast_head":"<!-- This site is optimized with the Yoast SEO plugin v25.7 - https:\/\/yoast.com\/wordpress\/plugins\/seo\/ -->\n<title>La electromovilidad ya genera beneficios clim\u00e1ticos medibles en M\u00e9xico - Blog | GPI NEWS<\/title>\n<meta name=\"robots\" content=\"index, follow, max-snippet:-1, max-image-preview:large, max-video-preview:-1\" \/>\n<link rel=\"canonical\" href=\"https:\/\/puertointerior.guanajuato.gob.mx\/blog\/2026\/01\/27\/la-electromovilidad-ya-genera-beneficios-climaticos-medibles-en-mexico\/\" \/>\n<meta property=\"og:locale\" content=\"es_MX\" \/>\n<meta property=\"og:type\" content=\"article\" \/>\n<meta property=\"og:title\" content=\"La electromovilidad ya genera beneficios clim\u00e1ticos medibles en M\u00e9xico - Blog | GPI NEWS\" \/>\n<meta property=\"og:description\" content=\"La adopci\u00f3n de veh\u00edculos el\u00e9ctricos en M\u00e9xico comienza a traducirse en beneficios clim\u00e1ticos medibles. De acuerdo con el Bar\u00f3metro de Electromovilidad de la Electro Movilidad Asociaci\u00f3n (EMA), los cerca de 100 mil veh\u00edculos el\u00e9ctricos, h\u00edbridos conectables y de rango extendido adquiridos por conductores mexicanos durante 2025 evitar\u00e1n la emisi\u00f3n de 34,865 toneladas de CO\u2082 equivalente [&hellip;]\" \/>\n<meta property=\"og:url\" content=\"https:\/\/puertointerior.guanajuato.gob.mx\/blog\/2026\/01\/27\/la-electromovilidad-ya-genera-beneficios-climaticos-medibles-en-mexico\/\" \/>\n<meta property=\"og:site_name\" content=\"Blog | GPI NEWS\" \/>\n<meta property=\"article:published_time\" content=\"2026-01-27T18:02:25+00:00\" \/>\n<meta property=\"article:modified_time\" content=\"2026-01-27T18:03:07+00:00\" \/>\n<meta property=\"og:image\" content=\"https:\/\/puertointerior.guanajuato.gob.mx\/blog\/wp-content\/uploads\/2026\/01\/pexels-smart-me-ag-2155714756-34800675.jpg\" \/>\n\t<meta property=\"og:image:width\" content=\"1280\" \/>\n\t<meta property=\"og:image:height\" content=\"853\" \/>\n\t<meta property=\"og:image:type\" content=\"image\/jpeg\" \/>\n<meta name=\"author\" content=\"GPI NEWS\" \/>\n<meta name=\"twitter:card\" content=\"summary_large_image\" \/>\n<meta name=\"twitter:label1\" content=\"Escrito por\" \/>\n\t<meta name=\"twitter:data1\" content=\"GPI NEWS\" \/>\n\t<meta name=\"twitter:label2\" content=\"Tiempo de lectura\" \/>\n\t<meta name=\"twitter:data2\" content=\"3 minutos\" \/>\n<script type=\"application\/ld+json\" class=\"yoast-schema-graph\">{\"@context\":\"https:\/\/schema.org\",\"@graph\":[{\"@type\":\"WebPage\",\"@id\":\"https:\/\/puertointerior.guanajuato.gob.mx\/blog\/2026\/01\/27\/la-electromovilidad-ya-genera-beneficios-climaticos-medibles-en-mexico\/\",\"url\":\"https:\/\/puertointerior.guanajuato.gob.mx\/blog\/2026\/01\/27\/la-electromovilidad-ya-genera-beneficios-climaticos-medibles-en-mexico\/\",\"name\":\"La electromovilidad ya genera beneficios clim\u00e1ticos medibles en M\u00e9xico - Blog | GPI NEWS\",\"isPartOf\":{\"@id\":\"https:\/\/puertointerior.guanajuato.gob.mx\/blog\/#website\"},\"primaryImageOfPage\":{\"@id\":\"https:\/\/puertointerior.guanajuato.gob.mx\/blog\/2026\/01\/27\/la-electromovilidad-ya-genera-beneficios-climaticos-medibles-en-mexico\/#primaryimage\"},\"image\":{\"@id\":\"https:\/\/puertointerior.guanajuato.gob.mx\/blog\/2026\/01\/27\/la-electromovilidad-ya-genera-beneficios-climaticos-medibles-en-mexico\/#primaryimage\"},\"thumbnailUrl\":\"https:\/\/puertointerior.guanajuato.gob.mx\/blog\/wp-content\/uploads\/2026\/01\/pexels-smart-me-ag-2155714756-34800675.jpg\",\"datePublished\":\"2026-01-27T18:02:25+00:00\",\"dateModified\":\"2026-01-27T18:03:07+00:00\",\"author\":{\"@id\":\"https:\/\/puertointerior.guanajuato.gob.mx\/blog\/#\/schema\/person\/f4851bb8a48c32d7fba5285caf4ef1c4\"},\"breadcrumb\":{\"@id\":\"https:\/\/puertointerior.guanajuato.gob.mx\/blog\/2026\/01\/27\/la-electromovilidad-ya-genera-beneficios-climaticos-medibles-en-mexico\/#breadcrumb\"},\"inLanguage\":\"es\",\"potentialAction\":[{\"@type\":\"ReadAction\",\"target\":[\"https:\/\/puertointerior.guanajuato.gob.mx\/blog\/2026\/01\/27\/la-electromovilidad-ya-genera-beneficios-climaticos-medibles-en-mexico\/\"]}]},{\"@type\":\"ImageObject\",\"inLanguage\":\"es\",\"@id\":\"https:\/\/puertointerior.guanajuato.gob.mx\/blog\/2026\/01\/27\/la-electromovilidad-ya-genera-beneficios-climaticos-medibles-en-mexico\/#primaryimage\",\"url\":\"https:\/\/puertointerior.guanajuato.gob.mx\/blog\/wp-content\/uploads\/2026\/01\/pexels-smart-me-ag-2155714756-34800675.jpg\",\"contentUrl\":\"https:\/\/puertointerior.guanajuato.gob.mx\/blog\/wp-content\/uploads\/2026\/01\/pexels-smart-me-ag-2155714756-34800675.jpg\",\"width\":1280,\"height\":853},{\"@type\":\"BreadcrumbList\",\"@id\":\"https:\/\/puertointerior.guanajuato.gob.mx\/blog\/2026\/01\/27\/la-electromovilidad-ya-genera-beneficios-climaticos-medibles-en-mexico\/#breadcrumb\",\"itemListElement\":[{\"@type\":\"ListItem\",\"position\":1,\"name\":\"Inicio\",\"item\":\"https:\/\/puertointerior.guanajuato.gob.mx\/blog\/\"},{\"@type\":\"ListItem\",\"position\":2,\"name\":\"La electromovilidad ya genera beneficios clim\u00e1ticos medibles en M\u00e9xico\"}]},{\"@type\":\"WebSite\",\"@id\":\"https:\/\/puertointerior.guanajuato.gob.mx\/blog\/#website\",\"url\":\"https:\/\/puertointerior.guanajuato.gob.mx\/blog\/\",\"name\":\"Blog | GPI NEWS\",\"description\":\"Guanajuato Puerto Interior\",\"potentialAction\":[{\"@type\":\"SearchAction\",\"target\":{\"@type\":\"EntryPoint\",\"urlTemplate\":\"https:\/\/puertointerior.guanajuato.gob.mx\/blog\/?s={search_term_string}\"},\"query-input\":{\"@type\":\"PropertyValueSpecification\",\"valueRequired\":true,\"valueName\":\"search_term_string\"}}],\"inLanguage\":\"es\"},{\"@type\":\"Person\",\"@id\":\"https:\/\/puertointerior.guanajuato.gob.mx\/blog\/#\/schema\/person\/f4851bb8a48c32d7fba5285caf4ef1c4\",\"name\":\"GPI NEWS\",\"image\":{\"@type\":\"ImageObject\",\"inLanguage\":\"es\",\"@id\":\"https:\/\/puertointerior.guanajuato.gob.mx\/blog\/#\/schema\/person\/image\/\",\"url\":\"https:\/\/secure.gravatar.com\/avatar\/612aca53a708cefc5ebe15ab0bc63c51a8ba58563e45c17848fa400e627e2717?s=96&d=mm&r=g\",\"contentUrl\":\"https:\/\/secure.gravatar.com\/avatar\/612aca53a708cefc5ebe15ab0bc63c51a8ba58563e45c17848fa400e627e2717?s=96&d=mm&r=g\",\"caption\":\"GPI NEWS\"},\"url\":\"https:\/\/puertointerior.guanajuato.gob.mx\/blog\/author\/rafa-jacinto\/\"}]}<\/script>\n<!-- \/ Yoast SEO plugin. -->","yoast_head_json":{"title":"La electromovilidad ya genera beneficios clim\u00e1ticos medibles en M\u00e9xico - Blog | GPI NEWS","robots":{"index":"index","follow":"follow","max-snippet":"max-snippet:-1","max-image-preview":"max-image-preview:large","max-video-preview":"max-video-preview:-1"},"canonical":"https:\/\/puertointerior.guanajuato.gob.mx\/blog\/2026\/01\/27\/la-electromovilidad-ya-genera-beneficios-climaticos-medibles-en-mexico\/","og_locale":"es_MX","og_type":"article","og_title":"La electromovilidad ya genera beneficios clim\u00e1ticos medibles en M\u00e9xico - Blog | GPI NEWS","og_description":"La adopci\u00f3n de veh\u00edculos el\u00e9ctricos en M\u00e9xico comienza a traducirse en beneficios clim\u00e1ticos medibles. De acuerdo con el Bar\u00f3metro de Electromovilidad de la Electro Movilidad Asociaci\u00f3n (EMA), los cerca de 100 mil veh\u00edculos el\u00e9ctricos, h\u00edbridos conectables y de rango extendido adquiridos por conductores mexicanos durante 2025 evitar\u00e1n la emisi\u00f3n de 34,865 toneladas de CO\u2082 equivalente [&hellip;]","og_url":"https:\/\/puertointerior.guanajuato.gob.mx\/blog\/2026\/01\/27\/la-electromovilidad-ya-genera-beneficios-climaticos-medibles-en-mexico\/","og_site_name":"Blog | GPI NEWS","article_published_time":"2026-01-27T18:02:25+00:00","article_modified_time":"2026-01-27T18:03:07+00:00","og_image":[{"width":1280,"height":853,"url":"https:\/\/puertointerior.guanajuato.gob.mx\/blog\/wp-content\/uploads\/2026\/01\/pexels-smart-me-ag-2155714756-34800675.jpg","type":"image\/jpeg"}],"author":"GPI NEWS","twitter_card":"summary_large_image","twitter_misc":{"Escrito por":"GPI NEWS","Tiempo de lectura":"3 minutos"},"schema":{"@context":"https:\/\/schema.org","@graph":[{"@type":"WebPage","@id":"https:\/\/puertointerior.guanajuato.gob.mx\/blog\/2026\/01\/27\/la-electromovilidad-ya-genera-beneficios-climaticos-medibles-en-mexico\/","url":"https:\/\/puertointerior.guanajuato.gob.mx\/blog\/2026\/01\/27\/la-electromovilidad-ya-genera-beneficios-climaticos-medibles-en-mexico\/","name":"La electromovilidad ya genera beneficios clim\u00e1ticos medibles en M\u00e9xico - Blog | GPI NEWS","isPartOf":{"@id":"https:\/\/puertointerior.guanajuato.gob.mx\/blog\/#website"},"primaryImageOfPage":{"@id":"https:\/\/puertointerior.guanajuato.gob.mx\/blog\/2026\/01\/27\/la-electromovilidad-ya-genera-beneficios-climaticos-medibles-en-mexico\/#primaryimage"},"image":{"@id":"https:\/\/puertointerior.guanajuato.gob.mx\/blog\/2026\/01\/27\/la-electromovilidad-ya-genera-beneficios-climaticos-medibles-en-mexico\/#primaryimage"},"thumbnailUrl":"https:\/\/puertointerior.guanajuato.gob.mx\/blog\/wp-content\/uploads\/2026\/01\/pexels-smart-me-ag-2155714756-34800675.jpg","datePublished":"2026-01-27T18:02:25+00:00","dateModified":"2026-01-27T18:03:07+00:00","author":{"@id":"https:\/\/puertointerior.guanajuato.gob.mx\/blog\/#\/schema\/person\/f4851bb8a48c32d7fba5285caf4ef1c4"},"breadcrumb":{"@id":"https:\/\/puertointerior.guanajuato.gob.mx\/blog\/2026\/01\/27\/la-electromovilidad-ya-genera-beneficios-climaticos-medibles-en-mexico\/#breadcrumb"},"inLanguage":"es","potentialAction":[{"@type":"ReadAction","target":["https:\/\/puertointerior.guanajuato.gob.mx\/blog\/2026\/01\/27\/la-electromovilidad-ya-genera-beneficios-climaticos-medibles-en-mexico\/"]}]},{"@type":"ImageObject","inLanguage":"es","@id":"https:\/\/puertointerior.guanajuato.gob.mx\/blog\/2026\/01\/27\/la-electromovilidad-ya-genera-beneficios-climaticos-medibles-en-mexico\/#primaryimage","url":"https:\/\/puertointerior.guanajuato.gob.mx\/blog\/wp-content\/uploads\/2026\/01\/pexels-smart-me-ag-2155714756-34800675.jpg","contentUrl":"https:\/\/puertointerior.guanajuato.gob.mx\/blog\/wp-content\/uploads\/2026\/01\/pexels-smart-me-ag-2155714756-34800675.jpg","width":1280,"height":853},{"@type":"BreadcrumbList","@id":"https:\/\/puertointerior.guanajuato.gob.mx\/blog\/2026\/01\/27\/la-electromovilidad-ya-genera-beneficios-climaticos-medibles-en-mexico\/#breadcrumb","itemListElement":[{"@type":"ListItem","position":1,"name":"Inicio","item":"https:\/\/puertointerior.guanajuato.gob.mx\/blog\/"},{"@type":"ListItem","position":2,"name":"La electromovilidad ya genera beneficios clim\u00e1ticos medibles en M\u00e9xico"}]},{"@type":"WebSite","@id":"https:\/\/puertointerior.guanajuato.gob.mx\/blog\/#website","url":"https:\/\/puertointerior.guanajuato.gob.mx\/blog\/","name":"Blog | GPI NEWS","description":"Guanajuato Puerto Interior","potentialAction":[{"@type":"SearchAction","target":{"@type":"EntryPoint","urlTemplate":"https:\/\/puertointerior.guanajuato.gob.mx\/blog\/?s={search_term_string}"},"query-input":{"@type":"PropertyValueSpecification","valueRequired":true,"valueName":"search_term_string"}}],"inLanguage":"es"},{"@type":"Person","@id":"https:\/\/puertointerior.guanajuato.gob.mx\/blog\/#\/schema\/person\/f4851bb8a48c32d7fba5285caf4ef1c4","name":"GPI NEWS","image":{"@type":"ImageObject","inLanguage":"es","@id":"https:\/\/puertointerior.guanajuato.gob.mx\/blog\/#\/schema\/person\/image\/","url":"https:\/\/secure.gravatar.com\/avatar\/612aca53a708cefc5ebe15ab0bc63c51a8ba58563e45c17848fa400e627e2717?s=96&d=mm&r=g","contentUrl":"https:\/\/secure.gravatar.com\/avatar\/612aca53a708cefc5ebe15ab0bc63c51a8ba58563e45c17848fa400e627e2717?s=96&d=mm&r=g","caption":"GPI NEWS"},"url":"https:\/\/puertointerior.guanajuato.gob.mx\/blog\/author\/rafa-jacinto\/"}]}},"jetpack_featured_media_url":"https:\/\/puertointerior.guanajuato.gob.mx\/blog\/wp-content\/uploads\/2026\/01\/pexels-smart-me-ag-2155714756-34800675.jpg","jetpack_sharing_enabled":true,"jetpack_shortlink":"https:\/\/wp.me\/pcnMPA-5Wf","_links":{"self":[{"href":"https:\/\/puertointerior.guanajuato.gob.mx\/blog\/wp-json\/wp\/v2\/posts\/22831","targetHints":{"allow":["GET"]}}],"collection":[{"href":"https:\/\/puertointerior.guanajuato.gob.mx\/blog\/wp-json\/wp\/v2\/posts"}],"about":[{"href":"https:\/\/puertointerior.guanajuato.gob.mx\/blog\/wp-json\/wp\/v2\/types\/post"}],"author":[{"embeddable":true,"href":"https:\/\/puertointerior.guanajuato.gob.mx\/blog\/wp-json\/wp\/v2\/users\/2"}],"replies":[{"embeddable":true,"href":"https:\/\/puertointerior.guanajuato.gob.mx\/blog\/wp-json\/wp\/v2\/comments?post=22831"}],"version-history":[{"count":2,"href":"https:\/\/puertointerior.guanajuato.gob.mx\/blog\/wp-json\/wp\/v2\/posts\/22831\/revisions"}],"predecessor-version":[{"id":22834,"href":"https:\/\/puertointerior.guanajuato.gob.mx\/blog\/wp-json\/wp\/v2\/posts\/22831\/revisions\/22834"}],"wp:featuredmedia":[{"embeddable":true,"href":"https:\/\/puertointerior.guanajuato.gob.mx\/blog\/wp-json\/wp\/v2\/media\/22832"}],"wp:attachment":[{"href":"https:\/\/puertointerior.guanajuato.gob.mx\/blog\/wp-json\/wp\/v2\/media?parent=22831"}],"wp:term":[{"taxonomy":"category","embeddable":true,"href":"https:\/\/puertointerior.guanajuato.gob.mx\/blog\/wp-json\/wp\/v2\/categories?post=22831"},{"taxonomy":"post_tag","embeddable":true,"href":"https:\/\/puertointerior.guanajuato.gob.mx\/blog\/wp-json\/wp\/v2\/tags?post=22831"}],"curies":[{"name":"wp","href":"https:\/\/api.w.org\/{rel}","templated":true}]}}