{"id":2300,"date":"2023-01-10T21:11:20","date_gmt":"2023-01-11T02:11:20","guid":{"rendered":"https:\/\/puertointerior.guanajuato.gob.mx\/blog\/?p=2300"},"modified":"2023-01-10T21:11:20","modified_gmt":"2023-01-11T02:11:20","slug":"energia-tema-principal-para-industria-automotriz-en-la-cumbre-de-lideres-de-norteamerica","status":"publish","type":"post","link":"https:\/\/puertointerior.guanajuato.gob.mx\/blog\/2023\/01\/10\/energia-tema-principal-para-industria-automotriz-en-la-cumbre-de-lideres-de-norteamerica\/","title":{"rendered":"Energ\u00eda, tema principal para industria automotriz en la Cumbre de L\u00edderes de Norteam\u00e9rica"},"content":{"rendered":"<h2 class=\"nd-title-headline-title-headline-base__abstract\">Empresarios norteamericanos solicitaron a los mandatarios un plan de transici\u00f3n que garantice el acceso a electricidad y combustibles limpios y confiables a precios competitivos.<\/h2>\n<p>Hoy inicia la Cumbre de L\u00edderes de Norteam\u00e9rica,\u00a0en\u00a0Ciudad de M\u00e9xico.\u00a0Uno de los temas a tratar es crucial para\u00a0la industria automotriz:\u00a0la pol\u00edtica energ\u00e9tica que est\u00e1 en debate dentro del Tratado M\u00e9xico, Estados Unidos y Canad\u00e1\u00a0(T-MEC).<\/p>\n<p>En conferencia, Alberto Bustamante, director de la Industria Nacional de Autopartes (INA), refiri\u00f3 que este debate junto con la definici\u00f3n de las reglas de origen para su sector son temas relevantes para su agenda.<\/p>\n<p>Ayer, empresarios norteamericanos\u00a0pidieron en una carta a los gobiernos de los tres pa\u00edses de la zona que trabajen para una r\u00e1pida resoluci\u00f3n de los procesos de soluci\u00f3n de controversias en el marco del T-MEC, lo cual incluye temas en materia de energ\u00eda, reglas de origen del sector automotriz y cuotas arancelarias de productos l\u00e1cteos.<\/p>\n<p>Tambi\u00e9n, remarcaron que en todos los sectores, la capacidad de Norteam\u00e9rica para competir con el resto del mundo depender\u00e1 en gran medida de la seguridad energ\u00e9tica regional, por lo que se requiere un plan de transici\u00f3n que garantice el acceso a electricidad y combustibles limpios y confiables a precios competitivos, que permita a los inversionistas cumplir sus objetivos empresariales, as\u00ed como sus metas; medioambientales globales.<\/p>\n<p>Ante esto, Bustamante dijo que se mantienen con una \u201cmuy alta expectativa\u201d, y mencionaron que habr\u00e1 reuniones a la cuales acudir\u00e1 el presidente de la INA, Francisco Gonz\u00e1lez, junto a la comitiva de empresarios.<\/p>\n<p>Por su parte, Fausto Cuevas, director general de la Asociaci\u00f3n Mexicana de la Industria Automotriz (AMIA), se\u00f1al\u00f3 que de igual forma, los temas de pol\u00edtica energ\u00e9tica y regla de origen son de alta importancia.<\/p>\n<p>Agreg\u00f3 que tambi\u00e9n mantendr\u00e1 reuniones con el sector privado y sus contrapartes de Estados Unidos y Canad\u00e1, para tocar los temas de relevancia.<\/p>\n<p>Publicado originalmente por:\u00a0<a href=\"https:\/\/www.milenio.com\/negocios\/cumbre-lideres-norte-energia-clave-industria-automotriz\">https:\/\/www.milenio.com\/negocios\/cumbre-lideres-norte-energia-clave-industria-automotriz<\/a><\/p>\n<p>&nbsp;<\/p>\n","protected":false},"excerpt":{"rendered":"<p>Empresarios norteamericanos solicitaron a los mandatarios un plan de transici\u00f3n que garantice el acceso a electricidad y combustibles limpios y confiables a precios competitivos. Hoy inicia la Cumbre de L\u00edderes de Norteam\u00e9rica,\u00a0en\u00a0Ciudad de M\u00e9xico.\u00a0Uno de los temas a tratar es crucial para\u00a0la industria automotriz:\u00a0la pol\u00edtica energ\u00e9tica que est\u00e1 en debate dentro del Tratado M\u00e9xico, Estados [&hellip;]<\/p>\n","protected":false},"author":2,"featured_media":2301,"comment_status":"closed","ping_status":"open","sticky":false,"template":"","format":"standard","meta":{"jetpack_post_was_ever_published":false,"_jetpack_newsletter_access":"","_jetpack_dont_email_post_to_subs":false,"_jetpack_newsletter_tier_id":0,"_jetpack_memberships_contains_paywalled_content":false,"_jetpack_memberships_contains_paid_content":false,"footnotes":""},"categories":[20],"tags":[],"class_list":["post-2300","post","type-post","status-publish","format-standard","has-post-thumbnail","hentry","category-economic-development"],"yoast_head":"<!-- This site is optimized with the Yoast SEO plugin v25.7 - https:\/\/yoast.com\/wordpress\/plugins\/seo\/ -->\n<title>Energ\u00eda, tema principal para industria automotriz en la Cumbre de L\u00edderes de Norteam\u00e9rica - Blog | GPI NEWS<\/title>\n<meta name=\"robots\" content=\"index, follow, max-snippet:-1, max-image-preview:large, max-video-preview:-1\" \/>\n<link rel=\"canonical\" href=\"https:\/\/puertointerior.guanajuato.gob.mx\/blog\/2023\/01\/10\/energia-tema-principal-para-industria-automotriz-en-la-cumbre-de-lideres-de-norteamerica\/\" \/>\n<meta property=\"og:locale\" content=\"es_MX\" \/>\n<meta property=\"og:type\" content=\"article\" \/>\n<meta property=\"og:title\" content=\"Energ\u00eda, tema principal para industria automotriz en la Cumbre de L\u00edderes de Norteam\u00e9rica - Blog | GPI NEWS\" \/>\n<meta property=\"og:description\" content=\"Empresarios norteamericanos solicitaron a los mandatarios un plan de transici\u00f3n que garantice el acceso a electricidad y combustibles limpios y confiables a precios competitivos. Hoy inicia la Cumbre de L\u00edderes de Norteam\u00e9rica,\u00a0en\u00a0Ciudad de M\u00e9xico.\u00a0Uno de los temas a tratar es crucial para\u00a0la industria automotriz:\u00a0la pol\u00edtica energ\u00e9tica que est\u00e1 en debate dentro del Tratado M\u00e9xico, Estados [&hellip;]\" \/>\n<meta property=\"og:url\" content=\"https:\/\/puertointerior.guanajuato.gob.mx\/blog\/2023\/01\/10\/energia-tema-principal-para-industria-automotriz-en-la-cumbre-de-lideres-de-norteamerica\/\" \/>\n<meta property=\"og:site_name\" content=\"Blog | GPI NEWS\" \/>\n<meta property=\"article:published_time\" content=\"2023-01-11T02:11:20+00:00\" \/>\n<meta property=\"og:image\" content=\"https:\/\/puertointerior.guanajuato.gob.mx\/blog\/wp-content\/uploads\/2023\/01\/tamaulipas-buscan-frenar-acciones-extranjeras.jpg\" \/>\n\t<meta property=\"og:image:width\" content=\"942\" \/>\n\t<meta property=\"og:image:height\" content=\"596\" \/>\n\t<meta property=\"og:image:type\" content=\"image\/jpeg\" \/>\n<meta name=\"author\" content=\"GPI NEWS\" \/>\n<meta name=\"twitter:card\" content=\"summary_large_image\" \/>\n<meta name=\"twitter:label1\" content=\"Escrito por\" \/>\n\t<meta name=\"twitter:data1\" content=\"GPI NEWS\" \/>\n\t<meta name=\"twitter:label2\" content=\"Tiempo de lectura\" \/>\n\t<meta name=\"twitter:data2\" content=\"2 minutos\" \/>\n<script type=\"application\/ld+json\" class=\"yoast-schema-graph\">{\"@context\":\"https:\/\/schema.org\",\"@graph\":[{\"@type\":\"WebPage\",\"@id\":\"https:\/\/puertointerior.guanajuato.gob.mx\/blog\/2023\/01\/10\/energia-tema-principal-para-industria-automotriz-en-la-cumbre-de-lideres-de-norteamerica\/\",\"url\":\"https:\/\/puertointerior.guanajuato.gob.mx\/blog\/2023\/01\/10\/energia-tema-principal-para-industria-automotriz-en-la-cumbre-de-lideres-de-norteamerica\/\",\"name\":\"Energ\u00eda, tema principal para industria automotriz en la Cumbre de L\u00edderes de Norteam\u00e9rica - Blog | GPI NEWS\",\"isPartOf\":{\"@id\":\"https:\/\/puertointerior.guanajuato.gob.mx\/blog\/#website\"},\"primaryImageOfPage\":{\"@id\":\"https:\/\/puertointerior.guanajuato.gob.mx\/blog\/2023\/01\/10\/energia-tema-principal-para-industria-automotriz-en-la-cumbre-de-lideres-de-norteamerica\/#primaryimage\"},\"image\":{\"@id\":\"https:\/\/puertointerior.guanajuato.gob.mx\/blog\/2023\/01\/10\/energia-tema-principal-para-industria-automotriz-en-la-cumbre-de-lideres-de-norteamerica\/#primaryimage\"},\"thumbnailUrl\":\"https:\/\/puertointerior.guanajuato.gob.mx\/blog\/wp-content\/uploads\/2023\/01\/tamaulipas-buscan-frenar-acciones-extranjeras.jpg\",\"datePublished\":\"2023-01-11T02:11:20+00:00\",\"author\":{\"@id\":\"https:\/\/puertointerior.guanajuato.gob.mx\/blog\/#\/schema\/person\/f4851bb8a48c32d7fba5285caf4ef1c4\"},\"breadcrumb\":{\"@id\":\"https:\/\/puertointerior.guanajuato.gob.mx\/blog\/2023\/01\/10\/energia-tema-principal-para-industria-automotriz-en-la-cumbre-de-lideres-de-norteamerica\/#breadcrumb\"},\"inLanguage\":\"es\",\"potentialAction\":[{\"@type\":\"ReadAction\",\"target\":[\"https:\/\/puertointerior.guanajuato.gob.mx\/blog\/2023\/01\/10\/energia-tema-principal-para-industria-automotriz-en-la-cumbre-de-lideres-de-norteamerica\/\"]}]},{\"@type\":\"ImageObject\",\"inLanguage\":\"es\",\"@id\":\"https:\/\/puertointerior.guanajuato.gob.mx\/blog\/2023\/01\/10\/energia-tema-principal-para-industria-automotriz-en-la-cumbre-de-lideres-de-norteamerica\/#primaryimage\",\"url\":\"https:\/\/puertointerior.guanajuato.gob.mx\/blog\/wp-content\/uploads\/2023\/01\/tamaulipas-buscan-frenar-acciones-extranjeras.jpg\",\"contentUrl\":\"https:\/\/puertointerior.guanajuato.gob.mx\/blog\/wp-content\/uploads\/2023\/01\/tamaulipas-buscan-frenar-acciones-extranjeras.jpg\",\"width\":942,\"height\":596},{\"@type\":\"BreadcrumbList\",\"@id\":\"https:\/\/puertointerior.guanajuato.gob.mx\/blog\/2023\/01\/10\/energia-tema-principal-para-industria-automotriz-en-la-cumbre-de-lideres-de-norteamerica\/#breadcrumb\",\"itemListElement\":[{\"@type\":\"ListItem\",\"position\":1,\"name\":\"Inicio\",\"item\":\"https:\/\/puertointerior.guanajuato.gob.mx\/blog\/\"},{\"@type\":\"ListItem\",\"position\":2,\"name\":\"Energ\u00eda, tema principal para industria automotriz en la Cumbre de L\u00edderes de Norteam\u00e9rica\"}]},{\"@type\":\"WebSite\",\"@id\":\"https:\/\/puertointerior.guanajuato.gob.mx\/blog\/#website\",\"url\":\"https:\/\/puertointerior.guanajuato.gob.mx\/blog\/\",\"name\":\"Blog | GPI NEWS\",\"description\":\"Guanajuato Puerto Interior\",\"potentialAction\":[{\"@type\":\"SearchAction\",\"target\":{\"@type\":\"EntryPoint\",\"urlTemplate\":\"https:\/\/puertointerior.guanajuato.gob.mx\/blog\/?s={search_term_string}\"},\"query-input\":{\"@type\":\"PropertyValueSpecification\",\"valueRequired\":true,\"valueName\":\"search_term_string\"}}],\"inLanguage\":\"es\"},{\"@type\":\"Person\",\"@id\":\"https:\/\/puertointerior.guanajuato.gob.mx\/blog\/#\/schema\/person\/f4851bb8a48c32d7fba5285caf4ef1c4\",\"name\":\"GPI NEWS\",\"image\":{\"@type\":\"ImageObject\",\"inLanguage\":\"es\",\"@id\":\"https:\/\/puertointerior.guanajuato.gob.mx\/blog\/#\/schema\/person\/image\/\",\"url\":\"https:\/\/secure.gravatar.com\/avatar\/612aca53a708cefc5ebe15ab0bc63c51a8ba58563e45c17848fa400e627e2717?s=96&d=mm&r=g\",\"contentUrl\":\"https:\/\/secure.gravatar.com\/avatar\/612aca53a708cefc5ebe15ab0bc63c51a8ba58563e45c17848fa400e627e2717?s=96&d=mm&r=g\",\"caption\":\"GPI NEWS\"},\"url\":\"https:\/\/puertointerior.guanajuato.gob.mx\/blog\/author\/rafa-jacinto\/\"}]}<\/script>\n<!-- \/ Yoast SEO plugin. -->","yoast_head_json":{"title":"Energ\u00eda, tema principal para industria automotriz en la Cumbre de L\u00edderes de Norteam\u00e9rica - Blog | GPI NEWS","robots":{"index":"index","follow":"follow","max-snippet":"max-snippet:-1","max-image-preview":"max-image-preview:large","max-video-preview":"max-video-preview:-1"},"canonical":"https:\/\/puertointerior.guanajuato.gob.mx\/blog\/2023\/01\/10\/energia-tema-principal-para-industria-automotriz-en-la-cumbre-de-lideres-de-norteamerica\/","og_locale":"es_MX","og_type":"article","og_title":"Energ\u00eda, tema principal para industria automotriz en la Cumbre de L\u00edderes de Norteam\u00e9rica - Blog | GPI NEWS","og_description":"Empresarios norteamericanos solicitaron a los mandatarios un plan de transici\u00f3n que garantice el acceso a electricidad y combustibles limpios y confiables a precios competitivos. Hoy inicia la Cumbre de L\u00edderes de Norteam\u00e9rica,\u00a0en\u00a0Ciudad de M\u00e9xico.\u00a0Uno de los temas a tratar es crucial para\u00a0la industria automotriz:\u00a0la pol\u00edtica energ\u00e9tica que est\u00e1 en debate dentro del Tratado M\u00e9xico, Estados [&hellip;]","og_url":"https:\/\/puertointerior.guanajuato.gob.mx\/blog\/2023\/01\/10\/energia-tema-principal-para-industria-automotriz-en-la-cumbre-de-lideres-de-norteamerica\/","og_site_name":"Blog | GPI NEWS","article_published_time":"2023-01-11T02:11:20+00:00","og_image":[{"width":942,"height":596,"url":"https:\/\/puertointerior.guanajuato.gob.mx\/blog\/wp-content\/uploads\/2023\/01\/tamaulipas-buscan-frenar-acciones-extranjeras.jpg","type":"image\/jpeg"}],"author":"GPI NEWS","twitter_card":"summary_large_image","twitter_misc":{"Escrito por":"GPI NEWS","Tiempo de lectura":"2 minutos"},"schema":{"@context":"https:\/\/schema.org","@graph":[{"@type":"WebPage","@id":"https:\/\/puertointerior.guanajuato.gob.mx\/blog\/2023\/01\/10\/energia-tema-principal-para-industria-automotriz-en-la-cumbre-de-lideres-de-norteamerica\/","url":"https:\/\/puertointerior.guanajuato.gob.mx\/blog\/2023\/01\/10\/energia-tema-principal-para-industria-automotriz-en-la-cumbre-de-lideres-de-norteamerica\/","name":"Energ\u00eda, tema principal para industria automotriz en la Cumbre de L\u00edderes de Norteam\u00e9rica - Blog | GPI NEWS","isPartOf":{"@id":"https:\/\/puertointerior.guanajuato.gob.mx\/blog\/#website"},"primaryImageOfPage":{"@id":"https:\/\/puertointerior.guanajuato.gob.mx\/blog\/2023\/01\/10\/energia-tema-principal-para-industria-automotriz-en-la-cumbre-de-lideres-de-norteamerica\/#primaryimage"},"image":{"@id":"https:\/\/puertointerior.guanajuato.gob.mx\/blog\/2023\/01\/10\/energia-tema-principal-para-industria-automotriz-en-la-cumbre-de-lideres-de-norteamerica\/#primaryimage"},"thumbnailUrl":"https:\/\/puertointerior.guanajuato.gob.mx\/blog\/wp-content\/uploads\/2023\/01\/tamaulipas-buscan-frenar-acciones-extranjeras.jpg","datePublished":"2023-01-11T02:11:20+00:00","author":{"@id":"https:\/\/puertointerior.guanajuato.gob.mx\/blog\/#\/schema\/person\/f4851bb8a48c32d7fba5285caf4ef1c4"},"breadcrumb":{"@id":"https:\/\/puertointerior.guanajuato.gob.mx\/blog\/2023\/01\/10\/energia-tema-principal-para-industria-automotriz-en-la-cumbre-de-lideres-de-norteamerica\/#breadcrumb"},"inLanguage":"es","potentialAction":[{"@type":"ReadAction","target":["https:\/\/puertointerior.guanajuato.gob.mx\/blog\/2023\/01\/10\/energia-tema-principal-para-industria-automotriz-en-la-cumbre-de-lideres-de-norteamerica\/"]}]},{"@type":"ImageObject","inLanguage":"es","@id":"https:\/\/puertointerior.guanajuato.gob.mx\/blog\/2023\/01\/10\/energia-tema-principal-para-industria-automotriz-en-la-cumbre-de-lideres-de-norteamerica\/#primaryimage","url":"https:\/\/puertointerior.guanajuato.gob.mx\/blog\/wp-content\/uploads\/2023\/01\/tamaulipas-buscan-frenar-acciones-extranjeras.jpg","contentUrl":"https:\/\/puertointerior.guanajuato.gob.mx\/blog\/wp-content\/uploads\/2023\/01\/tamaulipas-buscan-frenar-acciones-extranjeras.jpg","width":942,"height":596},{"@type":"BreadcrumbList","@id":"https:\/\/puertointerior.guanajuato.gob.mx\/blog\/2023\/01\/10\/energia-tema-principal-para-industria-automotriz-en-la-cumbre-de-lideres-de-norteamerica\/#breadcrumb","itemListElement":[{"@type":"ListItem","position":1,"name":"Inicio","item":"https:\/\/puertointerior.guanajuato.gob.mx\/blog\/"},{"@type":"ListItem","position":2,"name":"Energ\u00eda, tema principal para industria automotriz en la Cumbre de L\u00edderes de Norteam\u00e9rica"}]},{"@type":"WebSite","@id":"https:\/\/puertointerior.guanajuato.gob.mx\/blog\/#website","url":"https:\/\/puertointerior.guanajuato.gob.mx\/blog\/","name":"Blog | GPI NEWS","description":"Guanajuato Puerto Interior","potentialAction":[{"@type":"SearchAction","target":{"@type":"EntryPoint","urlTemplate":"https:\/\/puertointerior.guanajuato.gob.mx\/blog\/?s={search_term_string}"},"query-input":{"@type":"PropertyValueSpecification","valueRequired":true,"valueName":"search_term_string"}}],"inLanguage":"es"},{"@type":"Person","@id":"https:\/\/puertointerior.guanajuato.gob.mx\/blog\/#\/schema\/person\/f4851bb8a48c32d7fba5285caf4ef1c4","name":"GPI NEWS","image":{"@type":"ImageObject","inLanguage":"es","@id":"https:\/\/puertointerior.guanajuato.gob.mx\/blog\/#\/schema\/person\/image\/","url":"https:\/\/secure.gravatar.com\/avatar\/612aca53a708cefc5ebe15ab0bc63c51a8ba58563e45c17848fa400e627e2717?s=96&d=mm&r=g","contentUrl":"https:\/\/secure.gravatar.com\/avatar\/612aca53a708cefc5ebe15ab0bc63c51a8ba58563e45c17848fa400e627e2717?s=96&d=mm&r=g","caption":"GPI NEWS"},"url":"https:\/\/puertointerior.guanajuato.gob.mx\/blog\/author\/rafa-jacinto\/"}]}},"jetpack_featured_media_url":"https:\/\/puertointerior.guanajuato.gob.mx\/blog\/wp-content\/uploads\/2023\/01\/tamaulipas-buscan-frenar-acciones-extranjeras.jpg","jetpack_sharing_enabled":true,"jetpack_shortlink":"https:\/\/wp.me\/pcnMPA-B6","_links":{"self":[{"href":"https:\/\/puertointerior.guanajuato.gob.mx\/blog\/wp-json\/wp\/v2\/posts\/2300","targetHints":{"allow":["GET"]}}],"collection":[{"href":"https:\/\/puertointerior.guanajuato.gob.mx\/blog\/wp-json\/wp\/v2\/posts"}],"about":[{"href":"https:\/\/puertointerior.guanajuato.gob.mx\/blog\/wp-json\/wp\/v2\/types\/post"}],"author":[{"embeddable":true,"href":"https:\/\/puertointerior.guanajuato.gob.mx\/blog\/wp-json\/wp\/v2\/users\/2"}],"replies":[{"embeddable":true,"href":"https:\/\/puertointerior.guanajuato.gob.mx\/blog\/wp-json\/wp\/v2\/comments?post=2300"}],"version-history":[{"count":1,"href":"https:\/\/puertointerior.guanajuato.gob.mx\/blog\/wp-json\/wp\/v2\/posts\/2300\/revisions"}],"predecessor-version":[{"id":2302,"href":"https:\/\/puertointerior.guanajuato.gob.mx\/blog\/wp-json\/wp\/v2\/posts\/2300\/revisions\/2302"}],"wp:featuredmedia":[{"embeddable":true,"href":"https:\/\/puertointerior.guanajuato.gob.mx\/blog\/wp-json\/wp\/v2\/media\/2301"}],"wp:attachment":[{"href":"https:\/\/puertointerior.guanajuato.gob.mx\/blog\/wp-json\/wp\/v2\/media?parent=2300"}],"wp:term":[{"taxonomy":"category","embeddable":true,"href":"https:\/\/puertointerior.guanajuato.gob.mx\/blog\/wp-json\/wp\/v2\/categories?post=2300"},{"taxonomy":"post_tag","embeddable":true,"href":"https:\/\/puertointerior.guanajuato.gob.mx\/blog\/wp-json\/wp\/v2\/tags?post=2300"}],"curies":[{"name":"wp","href":"https:\/\/api.w.org\/{rel}","templated":true}]}}