{"id":23279,"date":"2026-02-13T16:24:12","date_gmt":"2026-02-13T21:24:12","guid":{"rendered":"https:\/\/puertointerior.guanajuato.gob.mx\/blog\/?p=23279"},"modified":"2026-02-13T16:24:30","modified_gmt":"2026-02-13T21:24:30","slug":"empresas-podrian-retomar-vacunacion-y-uso-de-cubrebocas-ante-sarampion-apimex","status":"publish","type":"post","link":"https:\/\/puertointerior.guanajuato.gob.mx\/blog\/2026\/02\/13\/empresas-podrian-retomar-vacunacion-y-uso-de-cubrebocas-ante-sarampion-apimex\/","title":{"rendered":"Empresas podr\u00edan retomar vacunaci\u00f3n y uso de cubrebocas ante sarampi\u00f3n: Apimex"},"content":{"rendered":"<p style=\"text-align: justify\">Le\u00f3n, Gto. El presidente de la\u00a0<strong>Asociaci\u00f3n de Empresas Proveedoras Industriales de M\u00e9xico (Apimex)<\/strong>,<strong>\u00a0Fernando Padilla Padilla<\/strong>, se\u00f1al\u00f3 que por el momento no se han implementado\u00a0<strong>jornadas de vacunaci\u00f3n<\/strong>\u00a0contra el\u00a0<strong>sarampi\u00f3n<\/strong>\u00a0al interior de las empresas.<\/p>\n<p style=\"text-align: justify\">Aunque, no descart\u00f3 que esta\u00a0<strong>medida pueda adoptarse<\/strong>\u00a0en caso de que la situaci\u00f3n sanitaria lo requiera, y se tenga alguna instrucci\u00f3n de la Secretar\u00eda de Salud.<\/p>\n<p style=\"text-align: justify\">En entrevista, explic\u00f3 que algunas compa\u00f1\u00edas han comenzado a\u00a0<strong>aplicar de manera preventiva<\/strong>\u00a0el\u00a0<strong>uso de cubrebocas<\/strong>\u00a0dentro de sus instalaciones, aunque precis\u00f3 que no se trata de una disposici\u00f3n obligatoria, sino de una decisi\u00f3n que depende de cada direcci\u00f3n.<\/p>\n<blockquote><p>\u201cHabr\u00e1 que analizar cualquier reacci\u00f3n que se requiera para mejorar la salud de la poblaci\u00f3n y estamos totalmente a favor de eso\u2026Algunas empresas lo est\u00e1n haciendo, no es mandatorio, pero es ya una decisi\u00f3n de ellos\u201d, afirm\u00f3.<\/p><\/blockquote>\n<p style=\"text-align: justify\">Padilla Padilla subray\u00f3 que la prioridad debe ser la salud, por lo que el sector empresarial est\u00e1 dispuesto a respaldar las acciones necesarias para\u00a0<strong>proteger a trabajadores y poblaci\u00f3n en general.<\/strong><\/p>\n<p style=\"text-align: justify\"><img decoding=\"async\" src=\"https:\/\/zonafranca.mx\/wp-content\/uploads\/2026\/02\/photo_2026-02-12_14-17-23.jpg\" \/><\/p>\n<figure id=\"attachment_1298968\" class=\"wp-caption aligncenter\" style=\"text-align: justify\" aria-describedby=\"caption-attachment-1298968\"><figcaption id=\"caption-attachment-1298968\" class=\"wp-caption-text\">Fernando Padilla Padilla. Foto: Cortes\u00eda<\/figcaption><\/figure>\n<blockquote><p>\u201cPor salud debemos hacer lo que se requiera y lo m\u00e1s importante es que la gente se vacune y que se cuide, pero definitivamente por salud creo que ya nos dimos cuenta de que tenemos que hacer lo que se necesite hacer para lograrlo\u201d, agreg\u00f3.<\/p><\/blockquote>\n<p style=\"text-align: justify\">Lo anterior, luego de que autoridades de salud confirmaron<strong>\u00a0un caso de sarampi\u00f3n<\/strong>\u00a0y mantienen bajo an\u00e1lisis\u00a0<strong>otro posible contagio en Le\u00f3n<\/strong>, situaci\u00f3n que tambi\u00e9n ha llevado a algunas escuelas a promover nuevamente el\u00a0<strong>uso de cubrebocas.<\/strong><\/p>\n<p style=\"text-align: justify\">Finalmente, el dirigente empresarial coment\u00f3 que durante\u00a0<strong>las primeras semanas de 2026<\/strong>\u00a0la industria continuar\u00e1 mostrando una contracci\u00f3n; no obstante, indic\u00f3 que comienzan a percibirse se\u00f1ales que podr\u00edan apuntar hacia una recuperaci\u00f3n gradual de la econom\u00eda.<\/p>\n<p style=\"text-align: justify\">Publicado originalmente por:\u00a0<a href=\"https:\/\/zonafranca.mx\/politica-sociedad\/salud\/empresas-podrian-retomar-vacunacion-y-uso-de-cubrebocas-ante-sarampion-apimex\/\">https:\/\/zonafranca.mx\/politica-sociedad\/salud\/empresas-podrian-retomar-vacunacion-y-uso-de-cubrebocas-ante-sarampion-apimex\/<\/a><\/p>\n","protected":false},"excerpt":{"rendered":"<p>Le\u00f3n, Gto. El presidente de la\u00a0Asociaci\u00f3n de Empresas Proveedoras Industriales de M\u00e9xico (Apimex),\u00a0Fernando Padilla Padilla, se\u00f1al\u00f3 que por el momento no se han implementado\u00a0jornadas de vacunaci\u00f3n\u00a0contra el\u00a0sarampi\u00f3n\u00a0al interior de las empresas. Aunque, no descart\u00f3 que esta\u00a0medida pueda adoptarse\u00a0en caso de que la situaci\u00f3n sanitaria lo requiera, y se tenga alguna instrucci\u00f3n de la Secretar\u00eda de [&hellip;]<\/p>\n","protected":false},"author":2,"featured_media":23280,"comment_status":"closed","ping_status":"open","sticky":false,"template":"","format":"standard","meta":{"jetpack_post_was_ever_published":false,"_jetpack_newsletter_access":"","_jetpack_dont_email_post_to_subs":false,"_jetpack_newsletter_tier_id":0,"_jetpack_memberships_contains_paywalled_content":false,"_jetpack_memberships_contains_paid_content":false,"footnotes":""},"categories":[9],"tags":[],"class_list":["post-23279","post","type-post","status-publish","format-standard","has-post-thumbnail","hentry","category-social-responsability"],"yoast_head":"<!-- This site is optimized with the Yoast SEO plugin v25.7 - https:\/\/yoast.com\/wordpress\/plugins\/seo\/ -->\n<title>Empresas podr\u00edan retomar vacunaci\u00f3n y uso de cubrebocas ante sarampi\u00f3n: Apimex - Blog | GPI NEWS<\/title>\n<meta name=\"robots\" content=\"index, follow, max-snippet:-1, max-image-preview:large, max-video-preview:-1\" \/>\n<link rel=\"canonical\" href=\"https:\/\/puertointerior.guanajuato.gob.mx\/blog\/2026\/02\/13\/empresas-podrian-retomar-vacunacion-y-uso-de-cubrebocas-ante-sarampion-apimex\/\" \/>\n<meta property=\"og:locale\" content=\"es_MX\" \/>\n<meta property=\"og:type\" content=\"article\" \/>\n<meta property=\"og:title\" content=\"Empresas podr\u00edan retomar vacunaci\u00f3n y uso de cubrebocas ante sarampi\u00f3n: Apimex - Blog | GPI NEWS\" \/>\n<meta property=\"og:description\" content=\"Le\u00f3n, Gto. El presidente de la\u00a0Asociaci\u00f3n de Empresas Proveedoras Industriales de M\u00e9xico (Apimex),\u00a0Fernando Padilla Padilla, se\u00f1al\u00f3 que por el momento no se han implementado\u00a0jornadas de vacunaci\u00f3n\u00a0contra el\u00a0sarampi\u00f3n\u00a0al interior de las empresas. Aunque, no descart\u00f3 que esta\u00a0medida pueda adoptarse\u00a0en caso de que la situaci\u00f3n sanitaria lo requiera, y se tenga alguna instrucci\u00f3n de la Secretar\u00eda de [&hellip;]\" \/>\n<meta property=\"og:url\" content=\"https:\/\/puertointerior.guanajuato.gob.mx\/blog\/2026\/02\/13\/empresas-podrian-retomar-vacunacion-y-uso-de-cubrebocas-ante-sarampion-apimex\/\" \/>\n<meta property=\"og:site_name\" content=\"Blog | GPI NEWS\" \/>\n<meta property=\"article:published_time\" content=\"2026-02-13T21:24:12+00:00\" \/>\n<meta property=\"article:modified_time\" content=\"2026-02-13T21:24:30+00:00\" \/>\n<meta property=\"og:image\" content=\"https:\/\/puertointerior.guanajuato.gob.mx\/blog\/wp-content\/uploads\/2026\/02\/IMG_2462-1920x1280-1.webp\" \/>\n\t<meta property=\"og:image:width\" content=\"1920\" \/>\n\t<meta property=\"og:image:height\" content=\"1280\" \/>\n\t<meta property=\"og:image:type\" content=\"image\/webp\" \/>\n<meta name=\"author\" content=\"GPI NEWS\" \/>\n<meta name=\"twitter:card\" content=\"summary_large_image\" \/>\n<meta name=\"twitter:label1\" content=\"Escrito por\" \/>\n\t<meta name=\"twitter:data1\" content=\"GPI NEWS\" \/>\n\t<meta name=\"twitter:label2\" content=\"Tiempo de lectura\" \/>\n\t<meta name=\"twitter:data2\" content=\"2 minutos\" \/>\n<script type=\"application\/ld+json\" class=\"yoast-schema-graph\">{\"@context\":\"https:\/\/schema.org\",\"@graph\":[{\"@type\":\"WebPage\",\"@id\":\"https:\/\/puertointerior.guanajuato.gob.mx\/blog\/2026\/02\/13\/empresas-podrian-retomar-vacunacion-y-uso-de-cubrebocas-ante-sarampion-apimex\/\",\"url\":\"https:\/\/puertointerior.guanajuato.gob.mx\/blog\/2026\/02\/13\/empresas-podrian-retomar-vacunacion-y-uso-de-cubrebocas-ante-sarampion-apimex\/\",\"name\":\"Empresas podr\u00edan retomar vacunaci\u00f3n y uso de cubrebocas ante sarampi\u00f3n: Apimex - Blog | GPI NEWS\",\"isPartOf\":{\"@id\":\"https:\/\/puertointerior.guanajuato.gob.mx\/blog\/#website\"},\"primaryImageOfPage\":{\"@id\":\"https:\/\/puertointerior.guanajuato.gob.mx\/blog\/2026\/02\/13\/empresas-podrian-retomar-vacunacion-y-uso-de-cubrebocas-ante-sarampion-apimex\/#primaryimage\"},\"image\":{\"@id\":\"https:\/\/puertointerior.guanajuato.gob.mx\/blog\/2026\/02\/13\/empresas-podrian-retomar-vacunacion-y-uso-de-cubrebocas-ante-sarampion-apimex\/#primaryimage\"},\"thumbnailUrl\":\"https:\/\/puertointerior.guanajuato.gob.mx\/blog\/wp-content\/uploads\/2026\/02\/IMG_2462-1920x1280-1.webp\",\"datePublished\":\"2026-02-13T21:24:12+00:00\",\"dateModified\":\"2026-02-13T21:24:30+00:00\",\"author\":{\"@id\":\"https:\/\/puertointerior.guanajuato.gob.mx\/blog\/#\/schema\/person\/f4851bb8a48c32d7fba5285caf4ef1c4\"},\"breadcrumb\":{\"@id\":\"https:\/\/puertointerior.guanajuato.gob.mx\/blog\/2026\/02\/13\/empresas-podrian-retomar-vacunacion-y-uso-de-cubrebocas-ante-sarampion-apimex\/#breadcrumb\"},\"inLanguage\":\"es\",\"potentialAction\":[{\"@type\":\"ReadAction\",\"target\":[\"https:\/\/puertointerior.guanajuato.gob.mx\/blog\/2026\/02\/13\/empresas-podrian-retomar-vacunacion-y-uso-de-cubrebocas-ante-sarampion-apimex\/\"]}]},{\"@type\":\"ImageObject\",\"inLanguage\":\"es\",\"@id\":\"https:\/\/puertointerior.guanajuato.gob.mx\/blog\/2026\/02\/13\/empresas-podrian-retomar-vacunacion-y-uso-de-cubrebocas-ante-sarampion-apimex\/#primaryimage\",\"url\":\"https:\/\/puertointerior.guanajuato.gob.mx\/blog\/wp-content\/uploads\/2026\/02\/IMG_2462-1920x1280-1.webp\",\"contentUrl\":\"https:\/\/puertointerior.guanajuato.gob.mx\/blog\/wp-content\/uploads\/2026\/02\/IMG_2462-1920x1280-1.webp\",\"width\":1920,\"height\":1280},{\"@type\":\"BreadcrumbList\",\"@id\":\"https:\/\/puertointerior.guanajuato.gob.mx\/blog\/2026\/02\/13\/empresas-podrian-retomar-vacunacion-y-uso-de-cubrebocas-ante-sarampion-apimex\/#breadcrumb\",\"itemListElement\":[{\"@type\":\"ListItem\",\"position\":1,\"name\":\"Inicio\",\"item\":\"https:\/\/puertointerior.guanajuato.gob.mx\/blog\/\"},{\"@type\":\"ListItem\",\"position\":2,\"name\":\"Empresas podr\u00edan retomar vacunaci\u00f3n y uso de cubrebocas ante sarampi\u00f3n: Apimex\"}]},{\"@type\":\"WebSite\",\"@id\":\"https:\/\/puertointerior.guanajuato.gob.mx\/blog\/#website\",\"url\":\"https:\/\/puertointerior.guanajuato.gob.mx\/blog\/\",\"name\":\"Blog | GPI NEWS\",\"description\":\"Guanajuato Puerto Interior\",\"potentialAction\":[{\"@type\":\"SearchAction\",\"target\":{\"@type\":\"EntryPoint\",\"urlTemplate\":\"https:\/\/puertointerior.guanajuato.gob.mx\/blog\/?s={search_term_string}\"},\"query-input\":{\"@type\":\"PropertyValueSpecification\",\"valueRequired\":true,\"valueName\":\"search_term_string\"}}],\"inLanguage\":\"es\"},{\"@type\":\"Person\",\"@id\":\"https:\/\/puertointerior.guanajuato.gob.mx\/blog\/#\/schema\/person\/f4851bb8a48c32d7fba5285caf4ef1c4\",\"name\":\"GPI NEWS\",\"image\":{\"@type\":\"ImageObject\",\"inLanguage\":\"es\",\"@id\":\"https:\/\/puertointerior.guanajuato.gob.mx\/blog\/#\/schema\/person\/image\/\",\"url\":\"https:\/\/secure.gravatar.com\/avatar\/612aca53a708cefc5ebe15ab0bc63c51a8ba58563e45c17848fa400e627e2717?s=96&d=mm&r=g\",\"contentUrl\":\"https:\/\/secure.gravatar.com\/avatar\/612aca53a708cefc5ebe15ab0bc63c51a8ba58563e45c17848fa400e627e2717?s=96&d=mm&r=g\",\"caption\":\"GPI NEWS\"},\"url\":\"https:\/\/puertointerior.guanajuato.gob.mx\/blog\/author\/rafa-jacinto\/\"}]}<\/script>\n<!-- \/ Yoast SEO plugin. -->","yoast_head_json":{"title":"Empresas podr\u00edan retomar vacunaci\u00f3n y uso de cubrebocas ante sarampi\u00f3n: Apimex - Blog | GPI NEWS","robots":{"index":"index","follow":"follow","max-snippet":"max-snippet:-1","max-image-preview":"max-image-preview:large","max-video-preview":"max-video-preview:-1"},"canonical":"https:\/\/puertointerior.guanajuato.gob.mx\/blog\/2026\/02\/13\/empresas-podrian-retomar-vacunacion-y-uso-de-cubrebocas-ante-sarampion-apimex\/","og_locale":"es_MX","og_type":"article","og_title":"Empresas podr\u00edan retomar vacunaci\u00f3n y uso de cubrebocas ante sarampi\u00f3n: Apimex - Blog | GPI NEWS","og_description":"Le\u00f3n, Gto. El presidente de la\u00a0Asociaci\u00f3n de Empresas Proveedoras Industriales de M\u00e9xico (Apimex),\u00a0Fernando Padilla Padilla, se\u00f1al\u00f3 que por el momento no se han implementado\u00a0jornadas de vacunaci\u00f3n\u00a0contra el\u00a0sarampi\u00f3n\u00a0al interior de las empresas. Aunque, no descart\u00f3 que esta\u00a0medida pueda adoptarse\u00a0en caso de que la situaci\u00f3n sanitaria lo requiera, y se tenga alguna instrucci\u00f3n de la Secretar\u00eda de [&hellip;]","og_url":"https:\/\/puertointerior.guanajuato.gob.mx\/blog\/2026\/02\/13\/empresas-podrian-retomar-vacunacion-y-uso-de-cubrebocas-ante-sarampion-apimex\/","og_site_name":"Blog | GPI NEWS","article_published_time":"2026-02-13T21:24:12+00:00","article_modified_time":"2026-02-13T21:24:30+00:00","og_image":[{"width":1920,"height":1280,"url":"https:\/\/puertointerior.guanajuato.gob.mx\/blog\/wp-content\/uploads\/2026\/02\/IMG_2462-1920x1280-1.webp","type":"image\/webp"}],"author":"GPI NEWS","twitter_card":"summary_large_image","twitter_misc":{"Escrito por":"GPI NEWS","Tiempo de lectura":"2 minutos"},"schema":{"@context":"https:\/\/schema.org","@graph":[{"@type":"WebPage","@id":"https:\/\/puertointerior.guanajuato.gob.mx\/blog\/2026\/02\/13\/empresas-podrian-retomar-vacunacion-y-uso-de-cubrebocas-ante-sarampion-apimex\/","url":"https:\/\/puertointerior.guanajuato.gob.mx\/blog\/2026\/02\/13\/empresas-podrian-retomar-vacunacion-y-uso-de-cubrebocas-ante-sarampion-apimex\/","name":"Empresas podr\u00edan retomar vacunaci\u00f3n y uso de cubrebocas ante sarampi\u00f3n: Apimex - Blog | GPI NEWS","isPartOf":{"@id":"https:\/\/puertointerior.guanajuato.gob.mx\/blog\/#website"},"primaryImageOfPage":{"@id":"https:\/\/puertointerior.guanajuato.gob.mx\/blog\/2026\/02\/13\/empresas-podrian-retomar-vacunacion-y-uso-de-cubrebocas-ante-sarampion-apimex\/#primaryimage"},"image":{"@id":"https:\/\/puertointerior.guanajuato.gob.mx\/blog\/2026\/02\/13\/empresas-podrian-retomar-vacunacion-y-uso-de-cubrebocas-ante-sarampion-apimex\/#primaryimage"},"thumbnailUrl":"https:\/\/puertointerior.guanajuato.gob.mx\/blog\/wp-content\/uploads\/2026\/02\/IMG_2462-1920x1280-1.webp","datePublished":"2026-02-13T21:24:12+00:00","dateModified":"2026-02-13T21:24:30+00:00","author":{"@id":"https:\/\/puertointerior.guanajuato.gob.mx\/blog\/#\/schema\/person\/f4851bb8a48c32d7fba5285caf4ef1c4"},"breadcrumb":{"@id":"https:\/\/puertointerior.guanajuato.gob.mx\/blog\/2026\/02\/13\/empresas-podrian-retomar-vacunacion-y-uso-de-cubrebocas-ante-sarampion-apimex\/#breadcrumb"},"inLanguage":"es","potentialAction":[{"@type":"ReadAction","target":["https:\/\/puertointerior.guanajuato.gob.mx\/blog\/2026\/02\/13\/empresas-podrian-retomar-vacunacion-y-uso-de-cubrebocas-ante-sarampion-apimex\/"]}]},{"@type":"ImageObject","inLanguage":"es","@id":"https:\/\/puertointerior.guanajuato.gob.mx\/blog\/2026\/02\/13\/empresas-podrian-retomar-vacunacion-y-uso-de-cubrebocas-ante-sarampion-apimex\/#primaryimage","url":"https:\/\/puertointerior.guanajuato.gob.mx\/blog\/wp-content\/uploads\/2026\/02\/IMG_2462-1920x1280-1.webp","contentUrl":"https:\/\/puertointerior.guanajuato.gob.mx\/blog\/wp-content\/uploads\/2026\/02\/IMG_2462-1920x1280-1.webp","width":1920,"height":1280},{"@type":"BreadcrumbList","@id":"https:\/\/puertointerior.guanajuato.gob.mx\/blog\/2026\/02\/13\/empresas-podrian-retomar-vacunacion-y-uso-de-cubrebocas-ante-sarampion-apimex\/#breadcrumb","itemListElement":[{"@type":"ListItem","position":1,"name":"Inicio","item":"https:\/\/puertointerior.guanajuato.gob.mx\/blog\/"},{"@type":"ListItem","position":2,"name":"Empresas podr\u00edan retomar vacunaci\u00f3n y uso de cubrebocas ante sarampi\u00f3n: Apimex"}]},{"@type":"WebSite","@id":"https:\/\/puertointerior.guanajuato.gob.mx\/blog\/#website","url":"https:\/\/puertointerior.guanajuato.gob.mx\/blog\/","name":"Blog | GPI NEWS","description":"Guanajuato Puerto Interior","potentialAction":[{"@type":"SearchAction","target":{"@type":"EntryPoint","urlTemplate":"https:\/\/puertointerior.guanajuato.gob.mx\/blog\/?s={search_term_string}"},"query-input":{"@type":"PropertyValueSpecification","valueRequired":true,"valueName":"search_term_string"}}],"inLanguage":"es"},{"@type":"Person","@id":"https:\/\/puertointerior.guanajuato.gob.mx\/blog\/#\/schema\/person\/f4851bb8a48c32d7fba5285caf4ef1c4","name":"GPI NEWS","image":{"@type":"ImageObject","inLanguage":"es","@id":"https:\/\/puertointerior.guanajuato.gob.mx\/blog\/#\/schema\/person\/image\/","url":"https:\/\/secure.gravatar.com\/avatar\/612aca53a708cefc5ebe15ab0bc63c51a8ba58563e45c17848fa400e627e2717?s=96&d=mm&r=g","contentUrl":"https:\/\/secure.gravatar.com\/avatar\/612aca53a708cefc5ebe15ab0bc63c51a8ba58563e45c17848fa400e627e2717?s=96&d=mm&r=g","caption":"GPI NEWS"},"url":"https:\/\/puertointerior.guanajuato.gob.mx\/blog\/author\/rafa-jacinto\/"}]}},"jetpack_featured_media_url":"https:\/\/puertointerior.guanajuato.gob.mx\/blog\/wp-content\/uploads\/2026\/02\/IMG_2462-1920x1280-1.webp","jetpack_sharing_enabled":true,"jetpack_shortlink":"https:\/\/wp.me\/pcnMPA-63t","_links":{"self":[{"href":"https:\/\/puertointerior.guanajuato.gob.mx\/blog\/wp-json\/wp\/v2\/posts\/23279","targetHints":{"allow":["GET"]}}],"collection":[{"href":"https:\/\/puertointerior.guanajuato.gob.mx\/blog\/wp-json\/wp\/v2\/posts"}],"about":[{"href":"https:\/\/puertointerior.guanajuato.gob.mx\/blog\/wp-json\/wp\/v2\/types\/post"}],"author":[{"embeddable":true,"href":"https:\/\/puertointerior.guanajuato.gob.mx\/blog\/wp-json\/wp\/v2\/users\/2"}],"replies":[{"embeddable":true,"href":"https:\/\/puertointerior.guanajuato.gob.mx\/blog\/wp-json\/wp\/v2\/comments?post=23279"}],"version-history":[{"count":1,"href":"https:\/\/puertointerior.guanajuato.gob.mx\/blog\/wp-json\/wp\/v2\/posts\/23279\/revisions"}],"predecessor-version":[{"id":23281,"href":"https:\/\/puertointerior.guanajuato.gob.mx\/blog\/wp-json\/wp\/v2\/posts\/23279\/revisions\/23281"}],"wp:featuredmedia":[{"embeddable":true,"href":"https:\/\/puertointerior.guanajuato.gob.mx\/blog\/wp-json\/wp\/v2\/media\/23280"}],"wp:attachment":[{"href":"https:\/\/puertointerior.guanajuato.gob.mx\/blog\/wp-json\/wp\/v2\/media?parent=23279"}],"wp:term":[{"taxonomy":"category","embeddable":true,"href":"https:\/\/puertointerior.guanajuato.gob.mx\/blog\/wp-json\/wp\/v2\/categories?post=23279"},{"taxonomy":"post_tag","embeddable":true,"href":"https:\/\/puertointerior.guanajuato.gob.mx\/blog\/wp-json\/wp\/v2\/tags?post=23279"}],"curies":[{"name":"wp","href":"https:\/\/api.w.org\/{rel}","templated":true}]}}