{"id":2389,"date":"2023-01-17T12:05:26","date_gmt":"2023-01-17T17:05:26","guid":{"rendered":"https:\/\/puertointerior.guanajuato.gob.mx\/blog\/?p=2389"},"modified":"2023-01-17T12:05:26","modified_gmt":"2023-01-17T17:05:26","slug":"guanajuato-busca-ser-la-region-automotriz-mas-importante-de-america-latina","status":"publish","type":"post","link":"https:\/\/puertointerior.guanajuato.gob.mx\/blog\/2023\/01\/17\/guanajuato-busca-ser-la-region-automotriz-mas-importante-de-america-latina\/","title":{"rendered":"Guanajuato busca ser la regi\u00f3n automotriz m\u00e1s importante de Am\u00e9rica Latina"},"content":{"rendered":"<h2 class=\"primary-font__PrimaryFontStyles-o56yd5-0 ctbcAa h4-primary sub-headline\">La entidad ya super\u00f3 su meta de 5 mil millones de d\u00f3lares en inversi\u00f3n en este sexenio y busca ser fundamental en la industria de semiconductores en Norteam\u00e9rica. Ram\u00f3n Alfaro, secretario de Desarrollo Econ\u00f3mico de Guanajuato, platica en entrevista con Publimetro sobre lo que viene para este 2023<\/h2>\n<p class=\"default__StyledText-xb1qmn-0 gPlaKG body-paragraph\"><a href=\"https:\/\/twitter.com\/ramonalfaro4?s=20&amp;t=XXznuff9Dfknx5vnkkAkbA\" target=\"_blank\" rel=\"noopener noreferrer\"><b>Ram\u00f3n Alfaro G\u00f3mez\u00a0<\/b><\/a>es\u00a0<a href=\"https:\/\/twitter.com\/SDESGTO?s=20&amp;t=XXznuff9Dfknx5vnkkAkbA\" target=\"_blank\" rel=\"noopener noreferrer\"><b>secretario de Desarrollo Econ\u00f3mico Sustentable de Guanajuato<\/b><\/a>. Desde junio de 2022 asumi\u00f3 el cargo dentro del gabinete.<\/p>\n<p class=\"default__StyledText-xb1qmn-0 gPlaKG body-paragraph\">En entrevista para\u00a0<i>Publimetro,<\/i>\u00a0abord\u00f3 temas como la meta de los cinco mil millones de d\u00f3lares, afectaciones de la pandemia, la\u00a0<b>industria zapatera\u00a0<\/b>y los retos que enfrenta para retener a sus empleados, quienes aseguran se van por falta de buenos salarios, crecimiento y prestaciones.<\/p>\n<p class=\"default__StyledText-xb1qmn-0 gPlaKG body-paragraph\">Tambi\u00e9n nos dio su visi\u00f3n sobre el reciente encuentro entre los presidentes de M\u00e9xico, Estados Unidos y Canad\u00e1 en un tema central:\u00a0<b>semiconductores<\/b>.<\/p>\n<p class=\"default__StyledText-xb1qmn-0 gPlaKG body-paragraph\"><b>Se alcanz\u00f3 la meta de los cinco mil millones de d\u00f3lares en inversi\u00f3n, \u00bfcu\u00e1l es la siguiente meta?<\/b><\/p>\n<p class=\"default__StyledText-xb1qmn-0 gPlaKG body-paragraph\">\u2014 M\u00e1s all\u00e1 que se haya generado una nueva meta, nosotros traemos expectativas y compromisos para el cierre; ahora mismo por la cartera de proyectos que tenemos hemos superado los cinco mil millones de d\u00f3lares, estamos en estos momentos generando una cartera de m\u00e1s de 20 proyectos que est\u00e1n en proceso de cierre para que se puedan concretar en Guanajuato.<\/p>\n<p class=\"default__StyledText-xb1qmn-0 gPlaKG body-paragraph\">Vamos a superar los seis mil millones de d\u00f3lares, es lo que pudi\u00e9ramos tener nosotros expectativa de cierre al menos, superar los seis mil millones de d\u00f3lares. En cuanto los empleos superaremos los 50 mil.<\/p>\n<p class=\"default__StyledText-xb1qmn-0 gPlaKG body-paragraph\"><b>Ahora tiene 20 proyectos en cartera, \u00bfesta cifra puede variar?<\/b><\/p>\n<p class=\"default__StyledText-xb1qmn-0 gPlaKG body-paragraph\">\u2014 La atracci\u00f3n de inversiones es din\u00e1mica, al cierre del a\u00f1o hemos tenido de esta cartera de proyectos, muchos de ellos son de capital asi\u00e1tico, con esta nueva tendencia que se est\u00e1 generando en el reacomodo de los modelos de negocio, de nearshoring, lo que tanto se hablaba y Guanajuato con la diversificaci\u00f3n que tiene, una industria automotriz, en industria de alimentos, metalmec\u00e1nica, en el calzado, en fin. Con la diversificaci\u00f3n importante pues nos permite atraer inversiones de China, de Taiw\u00e1n, de Corea y de un socio estrat\u00e9gico por m\u00e1s de dos d\u00e9cadas, que es Jap\u00f3n.<\/p>\n<p class=\"default__StyledText-xb1qmn-0 gPlaKG body-paragraph\"><b>* El nearshoring es la estrategia de crecimiento por la que una empresa transfiere parte de su producci\u00f3n a terceros que, a pesar de ubicarse en otros pa\u00edses, est\u00e1n localizados en destinos cercanos y con una zona horaria semejante.<\/b><\/p>\n<p class=\"default__StyledText-xb1qmn-0 gPlaKG body-paragraph\"><b>\u00bfCu\u00e1les son los giros de estos proyectos?<\/b><\/p>\n<p class=\"default__StyledText-xb1qmn-0 gPlaKG body-paragraph\">\u2014 Los principales giros siguen siendo el sector automotriz, el sector tecnolog\u00edas; tenemos centros de datos, como proyectos del sector de las tecnolog\u00edas, el sector aeroespacial, el tema del cl\u00faster m\u00e9dico y el sector alimentos, b\u00e1sicamente ser\u00edan los principales actores de esta cartera de proyectos.<\/p>\n<p class=\"default__StyledText-xb1qmn-0 gPlaKG body-paragraph\"><b>Fue complicada la recuperaci\u00f3n tras la pandemia, \u00bfqu\u00e9 hizo Guanajuato?<\/b><\/p>\n<p class=\"default__StyledText-xb1qmn-0 gPlaKG body-paragraph\">\u2014 Ha sido m\u00e1s r\u00e1pido que la media nacional por varios factores. Para Guanajuato una gran ventaja es que nosotros implementamos un plan contra c\u00edclico, un plan que inyect\u00f3 inversi\u00f3n, financiamiento con m\u00e1s de dos mil millones de pesos precisamente para que las empresas tuvieran liquidez y mantuvieran la planta productiva en la medida de lo posible. Eso nos ayuda a perder menos empleos. Nosotros perdimos en Guanajuato alrededor de 50 mil empleos. Otra de las caracter\u00edsticas que nos ayuda a recuperarnos de forma m\u00e1s r\u00e1pida fue la diversificaci\u00f3n, como lo coment\u00e9.<\/p>\n<p class=\"default__StyledText-xb1qmn-0 gPlaKG body-paragraph\">En el 2022 no solo se recuperaron los 50 mil empleos, si no que se aumentaron 38 mil empleos adicionales y sigue una tendencia favorable y positiva.<\/p>\n<p class=\"default__StyledText-xb1qmn-0 gPlaKG body-paragraph\"><b>Pero en la industria zapatera no ha sido tan f\u00e1cil, al cierre de 2022 a\u00fan no lograban recuperarlos. Trabajadores acusan bajos salarios. \u00bfQu\u00e9 necesita la industria cuero-calzado para ser atractiva otra vez?<\/b><\/p>\n<p class=\"default__StyledText-xb1qmn-0 gPlaKG body-paragraph\">\u2014La industria del calzado se sigue recuperando, como bien lo comentas y el trabajo y el plan que hemos tenido no solo con la C\u00e1mara de Calzado, si no con toda la cadena productiva, para fortalecer por un lado la diversificaci\u00f3n en el caso de Apimex y la especializaci\u00f3n y la innovaci\u00f3n en la industria del calzado; tener una visi\u00f3n de mentefactura con procesos m\u00e1s sistematizados.<\/p>\n<p class=\"default__StyledText-xb1qmn-0 gPlaKG body-paragraph\">Solo para compartir un dato, el sector cuero calzado en comparaci\u00f3n al a\u00f1o anterior tiene un saldo favorable de cinco mil empleos, entonces la tendencia sigue siendo positiva.<\/p>\n<p class=\"default__StyledText-xb1qmn-0 gPlaKG body-paragraph\">La industria del calzado tiene que seguir evolucionando hacia estrategias de retenci\u00f3n y generar mejores condiciones y mayor desarrollo para el personal, esa es la apuesta. La retenci\u00f3n del personal no va a ser \u00fanicamente por el tema de salarios, sino por todo el entorno el desarrollo personal y profesional del colaborador, desarrollo de habilidades, desarrollo de competencias, que se generen esquemas de horarios, que se tengan otras consideraciones y beneficios que otorgan empresas, como servicio automotriz, servicio de comedor, de transporte; estos beneficios y compensaciones que se le dan al trabajador.<\/p>\n<p class=\"default__StyledText-xb1qmn-0 gPlaKG body-paragraph\"><b>Algo que se plante\u00f3 en la reuni\u00f3n de los presidentes de M\u00e9xico, Estados Unidos y Canad\u00e1 fue el fortalecer la industria norteamericana de semiconductores. \u00bfEs una oportunidad que no debe dejar ir M\u00e9xico?, \u00bfqu\u00e9 an\u00e1lisis nos da de estos acuerdos?<\/b><\/p>\n<p class=\"default__StyledText-xb1qmn-0 gPlaKG body-paragraph\">\u2014 Nosotros lo venimos trabajando desde el a\u00f1o pasado, estamos en un proceso de interacci\u00f3n con los principales socios que tenemos en Guanajuato. Guanajuato es un referente, como lo ha dicho el gobernador, estamos transicionando de la manufactura hacia la tecnolog\u00eda, hacia procesos con mayor contenido tecnol\u00f3gico y mayor valor agregado.<\/p>\n<p class=\"default__StyledText-xb1qmn-0 gPlaKG body-paragraph\">Va a ser en los pr\u00f3ximos a\u00f1os, con los proyectos de inversi\u00f3n que tenemos. La regi\u00f3n m\u00e1s importante, ya no solo de M\u00e9xico, sino de Am\u00e9rica Latina; vamos a ser el primer productor de veh\u00edculos, en el corto plazo ya a nivel nacional con las empresas armadoras que tenemos, con los productores de primer nivel.<\/p>\n<p>Estamos trabajando en Guanajuato para cuando se d\u00e9 esta transici\u00f3n, que lo encabeza Estados Unidos, Guanajuato sea un destino atractivo y tambi\u00e9n fundamental. Tenemos que desarrollar una estructura tecnol\u00f3gica y tambi\u00e9n de recursos humanos para estar preparados y aprovechar esa oportunidad en el corto plazo y el plan con una visi\u00f3n hacia el 2030.<\/p>\n<h2 class=\"heading__StyledHeading-sc-5jxglz-0 dczYPG\">Ram\u00f3n Alfaro G\u00f3mez en l\u00edneas<\/h2>\n<ul class=\"list__StyledUnorderedList-sc-1wwq737-2 kbLvYV\">\n<li class=\"list__StyledListItem-sc-1wwq737-0 dXZtHa\">Licenciado en Relaciones Internacionales Universidad Nacional Aut\u00f3noma de M\u00e9xico.<\/li>\n<li class=\"list__StyledListItem-sc-1wwq737-0 dXZtHa\">Maestr\u00eda en Marketing Estrat\u00e9gico Universidad Iberoamericana campus Le\u00f3n.<\/li>\n<li class=\"list__StyledListItem-sc-1wwq737-0 dXZtHa\">Profesor de tiempo parcial en la Universidad Aut\u00f3noma de M\u00e9xico, Campus Le\u00f3n.<\/li>\n<li class=\"list__StyledListItem-sc-1wwq737-0 dXZtHa\">Director General de Econom\u00eda del Municipio de Le\u00f3n 2015-2020.<\/li>\n<\/ul>\n<p>Publicado originalmente por:\u00a0<a href=\"https:\/\/www.publimetro.com.mx\/guanajuato\/2023\/01\/16\/ramon-alfaro-gomez-guanajuato-busca-ser-la-region-automotriz-mas-importante-de-america-latina\/\">https:\/\/www.publimetro.com.mx\/guanajuato\/2023\/01\/16\/ramon-alfaro-gomez-guanajuato-busca-ser-la-region-automotriz-mas-importante-de-america-latina\/<\/a><\/p>\n","protected":false},"excerpt":{"rendered":"<p>La entidad ya super\u00f3 su meta de 5 mil millones de d\u00f3lares en inversi\u00f3n en este sexenio y busca ser fundamental en la industria de semiconductores en Norteam\u00e9rica. Ram\u00f3n Alfaro, secretario de Desarrollo Econ\u00f3mico de Guanajuato, platica en entrevista con Publimetro sobre lo que viene para este 2023 Ram\u00f3n Alfaro G\u00f3mez\u00a0es\u00a0secretario de Desarrollo Econ\u00f3mico Sustentable [&hellip;]<\/p>\n","protected":false},"author":2,"featured_media":2390,"comment_status":"closed","ping_status":"open","sticky":false,"template":"","format":"standard","meta":{"jetpack_post_was_ever_published":false,"_jetpack_newsletter_access":"","_jetpack_dont_email_post_to_subs":false,"_jetpack_newsletter_tier_id":0,"_jetpack_memberships_contains_paywalled_content":false,"_jetpack_memberships_contains_paid_content":false,"footnotes":""},"categories":[20],"tags":[],"class_list":["post-2389","post","type-post","status-publish","format-standard","has-post-thumbnail","hentry","category-economic-development"],"yoast_head":"<!-- This site is optimized with the Yoast SEO plugin v25.7 - https:\/\/yoast.com\/wordpress\/plugins\/seo\/ -->\n<title>Guanajuato busca ser la regi\u00f3n automotriz m\u00e1s importante de Am\u00e9rica Latina - Blog | GPI NEWS<\/title>\n<meta name=\"robots\" content=\"index, follow, max-snippet:-1, max-image-preview:large, max-video-preview:-1\" \/>\n<link rel=\"canonical\" href=\"https:\/\/puertointerior.guanajuato.gob.mx\/blog\/2023\/01\/17\/guanajuato-busca-ser-la-region-automotriz-mas-importante-de-america-latina\/\" \/>\n<meta property=\"og:locale\" content=\"es_MX\" \/>\n<meta property=\"og:type\" content=\"article\" \/>\n<meta property=\"og:title\" content=\"Guanajuato busca ser la regi\u00f3n automotriz m\u00e1s importante de Am\u00e9rica Latina - Blog | GPI NEWS\" \/>\n<meta property=\"og:description\" content=\"La entidad ya super\u00f3 su meta de 5 mil millones de d\u00f3lares en inversi\u00f3n en este sexenio y busca ser fundamental en la industria de semiconductores en Norteam\u00e9rica. Ram\u00f3n Alfaro, secretario de Desarrollo Econ\u00f3mico de Guanajuato, platica en entrevista con Publimetro sobre lo que viene para este 2023 Ram\u00f3n Alfaro G\u00f3mez\u00a0es\u00a0secretario de Desarrollo Econ\u00f3mico Sustentable [&hellip;]\" \/>\n<meta property=\"og:url\" content=\"https:\/\/puertointerior.guanajuato.gob.mx\/blog\/2023\/01\/17\/guanajuato-busca-ser-la-region-automotriz-mas-importante-de-america-latina\/\" \/>\n<meta property=\"og:site_name\" content=\"Blog | GPI NEWS\" \/>\n<meta property=\"article:published_time\" content=\"2023-01-17T17:05:26+00:00\" \/>\n<meta property=\"og:image\" content=\"https:\/\/puertointerior.guanajuato.gob.mx\/blog\/wp-content\/uploads\/2023\/01\/BAV6CUMPEZFXTEAKWBDYXNOOVY-scaled.jpg\" \/>\n\t<meta property=\"og:image:width\" content=\"2560\" \/>\n\t<meta property=\"og:image:height\" content=\"1707\" \/>\n\t<meta property=\"og:image:type\" content=\"image\/jpeg\" \/>\n<meta name=\"author\" content=\"GPI NEWS\" \/>\n<meta name=\"twitter:card\" content=\"summary_large_image\" \/>\n<meta name=\"twitter:label1\" content=\"Escrito por\" \/>\n\t<meta name=\"twitter:data1\" content=\"GPI NEWS\" \/>\n\t<meta name=\"twitter:label2\" content=\"Tiempo de lectura\" \/>\n\t<meta name=\"twitter:data2\" content=\"6 minutos\" \/>\n<script type=\"application\/ld+json\" class=\"yoast-schema-graph\">{\"@context\":\"https:\/\/schema.org\",\"@graph\":[{\"@type\":\"WebPage\",\"@id\":\"https:\/\/puertointerior.guanajuato.gob.mx\/blog\/2023\/01\/17\/guanajuato-busca-ser-la-region-automotriz-mas-importante-de-america-latina\/\",\"url\":\"https:\/\/puertointerior.guanajuato.gob.mx\/blog\/2023\/01\/17\/guanajuato-busca-ser-la-region-automotriz-mas-importante-de-america-latina\/\",\"name\":\"Guanajuato busca ser la regi\u00f3n automotriz m\u00e1s importante de Am\u00e9rica Latina - Blog | GPI NEWS\",\"isPartOf\":{\"@id\":\"https:\/\/puertointerior.guanajuato.gob.mx\/blog\/#website\"},\"primaryImageOfPage\":{\"@id\":\"https:\/\/puertointerior.guanajuato.gob.mx\/blog\/2023\/01\/17\/guanajuato-busca-ser-la-region-automotriz-mas-importante-de-america-latina\/#primaryimage\"},\"image\":{\"@id\":\"https:\/\/puertointerior.guanajuato.gob.mx\/blog\/2023\/01\/17\/guanajuato-busca-ser-la-region-automotriz-mas-importante-de-america-latina\/#primaryimage\"},\"thumbnailUrl\":\"https:\/\/puertointerior.guanajuato.gob.mx\/blog\/wp-content\/uploads\/2023\/01\/BAV6CUMPEZFXTEAKWBDYXNOOVY-scaled.jpg\",\"datePublished\":\"2023-01-17T17:05:26+00:00\",\"author\":{\"@id\":\"https:\/\/puertointerior.guanajuato.gob.mx\/blog\/#\/schema\/person\/f4851bb8a48c32d7fba5285caf4ef1c4\"},\"breadcrumb\":{\"@id\":\"https:\/\/puertointerior.guanajuato.gob.mx\/blog\/2023\/01\/17\/guanajuato-busca-ser-la-region-automotriz-mas-importante-de-america-latina\/#breadcrumb\"},\"inLanguage\":\"es\",\"potentialAction\":[{\"@type\":\"ReadAction\",\"target\":[\"https:\/\/puertointerior.guanajuato.gob.mx\/blog\/2023\/01\/17\/guanajuato-busca-ser-la-region-automotriz-mas-importante-de-america-latina\/\"]}]},{\"@type\":\"ImageObject\",\"inLanguage\":\"es\",\"@id\":\"https:\/\/puertointerior.guanajuato.gob.mx\/blog\/2023\/01\/17\/guanajuato-busca-ser-la-region-automotriz-mas-importante-de-america-latina\/#primaryimage\",\"url\":\"https:\/\/puertointerior.guanajuato.gob.mx\/blog\/wp-content\/uploads\/2023\/01\/BAV6CUMPEZFXTEAKWBDYXNOOVY-scaled.jpg\",\"contentUrl\":\"https:\/\/puertointerior.guanajuato.gob.mx\/blog\/wp-content\/uploads\/2023\/01\/BAV6CUMPEZFXTEAKWBDYXNOOVY-scaled.jpg\",\"width\":2560,\"height\":1707},{\"@type\":\"BreadcrumbList\",\"@id\":\"https:\/\/puertointerior.guanajuato.gob.mx\/blog\/2023\/01\/17\/guanajuato-busca-ser-la-region-automotriz-mas-importante-de-america-latina\/#breadcrumb\",\"itemListElement\":[{\"@type\":\"ListItem\",\"position\":1,\"name\":\"Inicio\",\"item\":\"https:\/\/puertointerior.guanajuato.gob.mx\/blog\/\"},{\"@type\":\"ListItem\",\"position\":2,\"name\":\"Guanajuato busca ser la regi\u00f3n automotriz m\u00e1s importante de Am\u00e9rica Latina\"}]},{\"@type\":\"WebSite\",\"@id\":\"https:\/\/puertointerior.guanajuato.gob.mx\/blog\/#website\",\"url\":\"https:\/\/puertointerior.guanajuato.gob.mx\/blog\/\",\"name\":\"Blog | GPI NEWS\",\"description\":\"Guanajuato Puerto Interior\",\"potentialAction\":[{\"@type\":\"SearchAction\",\"target\":{\"@type\":\"EntryPoint\",\"urlTemplate\":\"https:\/\/puertointerior.guanajuato.gob.mx\/blog\/?s={search_term_string}\"},\"query-input\":{\"@type\":\"PropertyValueSpecification\",\"valueRequired\":true,\"valueName\":\"search_term_string\"}}],\"inLanguage\":\"es\"},{\"@type\":\"Person\",\"@id\":\"https:\/\/puertointerior.guanajuato.gob.mx\/blog\/#\/schema\/person\/f4851bb8a48c32d7fba5285caf4ef1c4\",\"name\":\"GPI NEWS\",\"image\":{\"@type\":\"ImageObject\",\"inLanguage\":\"es\",\"@id\":\"https:\/\/puertointerior.guanajuato.gob.mx\/blog\/#\/schema\/person\/image\/\",\"url\":\"https:\/\/secure.gravatar.com\/avatar\/612aca53a708cefc5ebe15ab0bc63c51a8ba58563e45c17848fa400e627e2717?s=96&d=mm&r=g\",\"contentUrl\":\"https:\/\/secure.gravatar.com\/avatar\/612aca53a708cefc5ebe15ab0bc63c51a8ba58563e45c17848fa400e627e2717?s=96&d=mm&r=g\",\"caption\":\"GPI NEWS\"},\"url\":\"https:\/\/puertointerior.guanajuato.gob.mx\/blog\/author\/rafa-jacinto\/\"}]}<\/script>\n<!-- \/ Yoast SEO plugin. -->","yoast_head_json":{"title":"Guanajuato busca ser la regi\u00f3n automotriz m\u00e1s importante de Am\u00e9rica Latina - Blog | GPI NEWS","robots":{"index":"index","follow":"follow","max-snippet":"max-snippet:-1","max-image-preview":"max-image-preview:large","max-video-preview":"max-video-preview:-1"},"canonical":"https:\/\/puertointerior.guanajuato.gob.mx\/blog\/2023\/01\/17\/guanajuato-busca-ser-la-region-automotriz-mas-importante-de-america-latina\/","og_locale":"es_MX","og_type":"article","og_title":"Guanajuato busca ser la regi\u00f3n automotriz m\u00e1s importante de Am\u00e9rica Latina - Blog | GPI NEWS","og_description":"La entidad ya super\u00f3 su meta de 5 mil millones de d\u00f3lares en inversi\u00f3n en este sexenio y busca ser fundamental en la industria de semiconductores en Norteam\u00e9rica. Ram\u00f3n Alfaro, secretario de Desarrollo Econ\u00f3mico de Guanajuato, platica en entrevista con Publimetro sobre lo que viene para este 2023 Ram\u00f3n Alfaro G\u00f3mez\u00a0es\u00a0secretario de Desarrollo Econ\u00f3mico Sustentable [&hellip;]","og_url":"https:\/\/puertointerior.guanajuato.gob.mx\/blog\/2023\/01\/17\/guanajuato-busca-ser-la-region-automotriz-mas-importante-de-america-latina\/","og_site_name":"Blog | GPI NEWS","article_published_time":"2023-01-17T17:05:26+00:00","og_image":[{"width":2560,"height":1707,"url":"https:\/\/puertointerior.guanajuato.gob.mx\/blog\/wp-content\/uploads\/2023\/01\/BAV6CUMPEZFXTEAKWBDYXNOOVY-scaled.jpg","type":"image\/jpeg"}],"author":"GPI NEWS","twitter_card":"summary_large_image","twitter_misc":{"Escrito por":"GPI NEWS","Tiempo de lectura":"6 minutos"},"schema":{"@context":"https:\/\/schema.org","@graph":[{"@type":"WebPage","@id":"https:\/\/puertointerior.guanajuato.gob.mx\/blog\/2023\/01\/17\/guanajuato-busca-ser-la-region-automotriz-mas-importante-de-america-latina\/","url":"https:\/\/puertointerior.guanajuato.gob.mx\/blog\/2023\/01\/17\/guanajuato-busca-ser-la-region-automotriz-mas-importante-de-america-latina\/","name":"Guanajuato busca ser la regi\u00f3n automotriz m\u00e1s importante de Am\u00e9rica Latina - Blog | GPI NEWS","isPartOf":{"@id":"https:\/\/puertointerior.guanajuato.gob.mx\/blog\/#website"},"primaryImageOfPage":{"@id":"https:\/\/puertointerior.guanajuato.gob.mx\/blog\/2023\/01\/17\/guanajuato-busca-ser-la-region-automotriz-mas-importante-de-america-latina\/#primaryimage"},"image":{"@id":"https:\/\/puertointerior.guanajuato.gob.mx\/blog\/2023\/01\/17\/guanajuato-busca-ser-la-region-automotriz-mas-importante-de-america-latina\/#primaryimage"},"thumbnailUrl":"https:\/\/puertointerior.guanajuato.gob.mx\/blog\/wp-content\/uploads\/2023\/01\/BAV6CUMPEZFXTEAKWBDYXNOOVY-scaled.jpg","datePublished":"2023-01-17T17:05:26+00:00","author":{"@id":"https:\/\/puertointerior.guanajuato.gob.mx\/blog\/#\/schema\/person\/f4851bb8a48c32d7fba5285caf4ef1c4"},"breadcrumb":{"@id":"https:\/\/puertointerior.guanajuato.gob.mx\/blog\/2023\/01\/17\/guanajuato-busca-ser-la-region-automotriz-mas-importante-de-america-latina\/#breadcrumb"},"inLanguage":"es","potentialAction":[{"@type":"ReadAction","target":["https:\/\/puertointerior.guanajuato.gob.mx\/blog\/2023\/01\/17\/guanajuato-busca-ser-la-region-automotriz-mas-importante-de-america-latina\/"]}]},{"@type":"ImageObject","inLanguage":"es","@id":"https:\/\/puertointerior.guanajuato.gob.mx\/blog\/2023\/01\/17\/guanajuato-busca-ser-la-region-automotriz-mas-importante-de-america-latina\/#primaryimage","url":"https:\/\/puertointerior.guanajuato.gob.mx\/blog\/wp-content\/uploads\/2023\/01\/BAV6CUMPEZFXTEAKWBDYXNOOVY-scaled.jpg","contentUrl":"https:\/\/puertointerior.guanajuato.gob.mx\/blog\/wp-content\/uploads\/2023\/01\/BAV6CUMPEZFXTEAKWBDYXNOOVY-scaled.jpg","width":2560,"height":1707},{"@type":"BreadcrumbList","@id":"https:\/\/puertointerior.guanajuato.gob.mx\/blog\/2023\/01\/17\/guanajuato-busca-ser-la-region-automotriz-mas-importante-de-america-latina\/#breadcrumb","itemListElement":[{"@type":"ListItem","position":1,"name":"Inicio","item":"https:\/\/puertointerior.guanajuato.gob.mx\/blog\/"},{"@type":"ListItem","position":2,"name":"Guanajuato busca ser la regi\u00f3n automotriz m\u00e1s importante de Am\u00e9rica Latina"}]},{"@type":"WebSite","@id":"https:\/\/puertointerior.guanajuato.gob.mx\/blog\/#website","url":"https:\/\/puertointerior.guanajuato.gob.mx\/blog\/","name":"Blog | GPI NEWS","description":"Guanajuato Puerto Interior","potentialAction":[{"@type":"SearchAction","target":{"@type":"EntryPoint","urlTemplate":"https:\/\/puertointerior.guanajuato.gob.mx\/blog\/?s={search_term_string}"},"query-input":{"@type":"PropertyValueSpecification","valueRequired":true,"valueName":"search_term_string"}}],"inLanguage":"es"},{"@type":"Person","@id":"https:\/\/puertointerior.guanajuato.gob.mx\/blog\/#\/schema\/person\/f4851bb8a48c32d7fba5285caf4ef1c4","name":"GPI NEWS","image":{"@type":"ImageObject","inLanguage":"es","@id":"https:\/\/puertointerior.guanajuato.gob.mx\/blog\/#\/schema\/person\/image\/","url":"https:\/\/secure.gravatar.com\/avatar\/612aca53a708cefc5ebe15ab0bc63c51a8ba58563e45c17848fa400e627e2717?s=96&d=mm&r=g","contentUrl":"https:\/\/secure.gravatar.com\/avatar\/612aca53a708cefc5ebe15ab0bc63c51a8ba58563e45c17848fa400e627e2717?s=96&d=mm&r=g","caption":"GPI NEWS"},"url":"https:\/\/puertointerior.guanajuato.gob.mx\/blog\/author\/rafa-jacinto\/"}]}},"jetpack_featured_media_url":"https:\/\/puertointerior.guanajuato.gob.mx\/blog\/wp-content\/uploads\/2023\/01\/BAV6CUMPEZFXTEAKWBDYXNOOVY-scaled.jpg","jetpack_sharing_enabled":true,"jetpack_shortlink":"https:\/\/wp.me\/pcnMPA-Cx","_links":{"self":[{"href":"https:\/\/puertointerior.guanajuato.gob.mx\/blog\/wp-json\/wp\/v2\/posts\/2389","targetHints":{"allow":["GET"]}}],"collection":[{"href":"https:\/\/puertointerior.guanajuato.gob.mx\/blog\/wp-json\/wp\/v2\/posts"}],"about":[{"href":"https:\/\/puertointerior.guanajuato.gob.mx\/blog\/wp-json\/wp\/v2\/types\/post"}],"author":[{"embeddable":true,"href":"https:\/\/puertointerior.guanajuato.gob.mx\/blog\/wp-json\/wp\/v2\/users\/2"}],"replies":[{"embeddable":true,"href":"https:\/\/puertointerior.guanajuato.gob.mx\/blog\/wp-json\/wp\/v2\/comments?post=2389"}],"version-history":[{"count":1,"href":"https:\/\/puertointerior.guanajuato.gob.mx\/blog\/wp-json\/wp\/v2\/posts\/2389\/revisions"}],"predecessor-version":[{"id":2391,"href":"https:\/\/puertointerior.guanajuato.gob.mx\/blog\/wp-json\/wp\/v2\/posts\/2389\/revisions\/2391"}],"wp:featuredmedia":[{"embeddable":true,"href":"https:\/\/puertointerior.guanajuato.gob.mx\/blog\/wp-json\/wp\/v2\/media\/2390"}],"wp:attachment":[{"href":"https:\/\/puertointerior.guanajuato.gob.mx\/blog\/wp-json\/wp\/v2\/media?parent=2389"}],"wp:term":[{"taxonomy":"category","embeddable":true,"href":"https:\/\/puertointerior.guanajuato.gob.mx\/blog\/wp-json\/wp\/v2\/categories?post=2389"},{"taxonomy":"post_tag","embeddable":true,"href":"https:\/\/puertointerior.guanajuato.gob.mx\/blog\/wp-json\/wp\/v2\/tags?post=2389"}],"curies":[{"name":"wp","href":"https:\/\/api.w.org\/{rel}","templated":true}]}}