{"id":24188,"date":"2026-04-01T14:16:26","date_gmt":"2026-04-01T19:16:26","guid":{"rendered":"https:\/\/puertointerior.guanajuato.gob.mx\/blog\/?p=24188"},"modified":"2026-04-01T14:16:26","modified_gmt":"2026-04-01T19:16:26","slug":"impulsan-capacitacion-de-trabajadores-de-industria-de-autopartes","status":"publish","type":"post","link":"https:\/\/puertointerior.guanajuato.gob.mx\/blog\/2026\/04\/01\/impulsan-capacitacion-de-trabajadores-de-industria-de-autopartes\/","title":{"rendered":"Impulsan capacitaci\u00f3n de trabajadores de industria de autopartes"},"content":{"rendered":"<p style=\"text-align: justify\">Ceneval e INA firmaron un convenio de colaboraci\u00f3n que tambi\u00e9n abarca evaluaci\u00f3n y certificaci\u00f3n del personal<\/p>\n<p style=\"text-align: justify\">El\u00a0<strong>Centro Nacional de Evaluaci\u00f3n para la Educaci\u00f3n Superior (Ceneval)<\/strong>\u00a0y la\u00a0<strong>Industria Nacional de Autopartes (INA)<\/strong>\u00a0firmaron un\u00a0<strong>convenio de colaboraci\u00f3n<\/strong>, con el objeto de fortalecer la formaci\u00f3n, evaluaci\u00f3n y certificaci\u00f3n de\u00a0<strong>competencias laborales<\/strong>\u00a0en la<strong>\u00a0industria de autopartes\u00a0<\/strong>de M\u00e9xico.<\/p>\n<p style=\"text-align: justify\">El acuerdo establece una ruta para dise\u00f1ar\u00a0<strong>esquemas de capacitaci\u00f3n continua<\/strong>\u00a0y\u00a0<strong>mecanismos de evaluaci\u00f3n<\/strong>\u00a0alineados con las necesidades reales de la industria.<\/p>\n<p style=\"text-align: justify\">El convenio considera la\u00a0<strong>validaci\u00f3n de modelos de evaluaci\u00f3n<\/strong>\u00a0con expertos del sector, la definici\u00f3n de niveles de desempe\u00f1o y la aplicaci\u00f3n de\u00a0<strong>sistemas de retroalimentaci\u00f3n\u00a0<\/strong>para\u00a0<strong>mejorar las habilidades del personal<\/strong>, inform\u00f3\u00a0INA\u00a0en un comunicado.<\/p>\n<p style=\"text-align: justify\">Adem\u00e1s, se prev\u00e9 la\u00a0<strong>difusi\u00f3n de estos programas entre empresas afiliadas\u00a0<\/strong>y otras organizaciones interesadas, con el objeto de ampliar su alcance.<\/p>\n<p style=\"text-align: justify\">El modelo promover\u00e1 el<strong>\u00a0uso de microcredenciales<\/strong>, que permitir\u00e1n reconocer de manera concreta los\u00a0<strong>conocimientos y capacidades de los trabajadores\u00a0<\/strong>en \u00e1reas espec\u00edficas.<\/p>\n<p style=\"text-align: justify\">La directora general del Ceneval, Carmen Enedina Rodr\u00edguez Armenta, explic\u00f3 que el\u00a0<strong>desarrollo de talento ya no puede centrarse solo en habilidades t\u00e9cnicas<\/strong>.<\/p>\n<blockquote>\n<p style=\"text-align: justify\"><em>\u201cHoy se requieren personas que, adem\u00e1s de dominar procesos, cuenten con\u00a0<strong>habilidades transversales: an\u00e1lisis, colaboraci\u00f3n, comunicaci\u00f3n y toma de decisiones<\/strong>\u201d, refiri\u00f3 la funcionaria, citada por el comunicado.<\/em><\/p>\n<\/blockquote>\n<p style=\"text-align: justify\">Asimismo, el presidente ejecutivo de la INA, Francisco Nicol\u00e1s Gonz\u00e1lez D\u00edaz, destac\u00f3 que el capital humano es clave para sostener la competitividad de la industria automotriz, sobre todo cuando la\u00a0<strong>industria de autopartes\u00a0<\/strong>alcanza un\u00a0<strong>valor de producci\u00f3n de 121,000 millones de d\u00f3lares (mdd)<\/strong>\u00a0y emplea a m\u00e1s de\u00a0<strong>850,000 personas<\/strong>.<\/p>\n<p style=\"text-align: justify\">El convenio tendr\u00e1 una\u00a0<strong>vigencia de cuatro a\u00f1os<\/strong>\u00a0y pretende responder a los cambios que enfrenta la industria, marcada por tendencias como la\u00a0<strong>electromovilidad, la inteligencia artificial y la manufactura avanzada<\/strong>.<\/p>\n<p style=\"text-align: justify\">La intenci\u00f3n consiste en preparar talento con\u00a0<strong>habilidades t\u00e9cnicas\u00a0<\/strong>y tambi\u00e9n con\u00a0<strong>capacidades profesionales\u00a0<\/strong>que le permitan adaptarse a un entorno industrial cada vez m\u00e1s cambiante.<\/p>\n<div class=\"ad-container\">\n<div class=\"ad-serving\" data-post-id=\"div-gpt-ad-fyp-is-b-05-d1e1dd82-d572-4303-b188-fc9eeab68480\" data-tag=\"fyp-is-b-05\" data-refresh=\"false\">\n<div style=\"text-align: justify\">Publicado originalmente por:\u00a0<a href=\"https:\/\/fortunaypoder.com\/emprendedor\/impulsan-capacitacion-de-trabajadores-de-industria-de-autopartes\">https:\/\/fortunaypoder.com\/emprendedor\/impulsan-capacitacion-de-trabajadores-de-industria-de-autopartes<\/a><\/div>\n<\/div>\n<\/div>\n","protected":false},"excerpt":{"rendered":"<p>Ceneval e INA firmaron un convenio de colaboraci\u00f3n que tambi\u00e9n abarca evaluaci\u00f3n y certificaci\u00f3n del personal El\u00a0Centro Nacional de Evaluaci\u00f3n para la Educaci\u00f3n Superior (Ceneval)\u00a0y la\u00a0Industria Nacional de Autopartes (INA)\u00a0firmaron un\u00a0convenio de colaboraci\u00f3n, con el objeto de fortalecer la formaci\u00f3n, evaluaci\u00f3n y certificaci\u00f3n de\u00a0competencias laborales\u00a0en la\u00a0industria de autopartes\u00a0de M\u00e9xico. El acuerdo establece una ruta para [&hellip;]<\/p>\n","protected":false},"author":2,"featured_media":24189,"comment_status":"closed","ping_status":"open","sticky":false,"template":"","format":"standard","meta":{"jetpack_post_was_ever_published":false,"_jetpack_newsletter_access":"","_jetpack_dont_email_post_to_subs":false,"_jetpack_newsletter_tier_id":0,"_jetpack_memberships_contains_paywalled_content":false,"_jetpack_memberships_contains_paid_content":false,"footnotes":""},"categories":[3],"tags":[],"class_list":["post-24188","post","type-post","status-publish","format-standard","has-post-thumbnail","hentry","category-manufacturing"],"yoast_head":"<!-- This site is optimized with the Yoast SEO plugin v25.7 - https:\/\/yoast.com\/wordpress\/plugins\/seo\/ -->\n<title>Impulsan capacitaci\u00f3n de trabajadores de industria de autopartes - Blog | GPI NEWS<\/title>\n<meta name=\"robots\" content=\"index, follow, max-snippet:-1, max-image-preview:large, max-video-preview:-1\" \/>\n<link rel=\"canonical\" href=\"https:\/\/puertointerior.guanajuato.gob.mx\/blog\/2026\/04\/01\/impulsan-capacitacion-de-trabajadores-de-industria-de-autopartes\/\" \/>\n<meta property=\"og:locale\" content=\"es_MX\" \/>\n<meta property=\"og:type\" content=\"article\" \/>\n<meta property=\"og:title\" content=\"Impulsan capacitaci\u00f3n de trabajadores de industria de autopartes - Blog | GPI NEWS\" \/>\n<meta property=\"og:description\" content=\"Ceneval e INA firmaron un convenio de colaboraci\u00f3n que tambi\u00e9n abarca evaluaci\u00f3n y certificaci\u00f3n del personal El\u00a0Centro Nacional de Evaluaci\u00f3n para la Educaci\u00f3n Superior (Ceneval)\u00a0y la\u00a0Industria Nacional de Autopartes (INA)\u00a0firmaron un\u00a0convenio de colaboraci\u00f3n, con el objeto de fortalecer la formaci\u00f3n, evaluaci\u00f3n y certificaci\u00f3n de\u00a0competencias laborales\u00a0en la\u00a0industria de autopartes\u00a0de M\u00e9xico. El acuerdo establece una ruta para [&hellip;]\" \/>\n<meta property=\"og:url\" content=\"https:\/\/puertointerior.guanajuato.gob.mx\/blog\/2026\/04\/01\/impulsan-capacitacion-de-trabajadores-de-industria-de-autopartes\/\" \/>\n<meta property=\"og:site_name\" content=\"Blog | GPI NEWS\" \/>\n<meta property=\"article:published_time\" content=\"2026-04-01T19:16:26+00:00\" \/>\n<meta property=\"og:image\" content=\"https:\/\/puertointerior.guanajuato.gob.mx\/blog\/wp-content\/uploads\/2026\/04\/HEXnTwbXYAAmoRS-768x522-1.jpg\" \/>\n\t<meta property=\"og:image:width\" content=\"768\" \/>\n\t<meta property=\"og:image:height\" content=\"522\" \/>\n\t<meta property=\"og:image:type\" content=\"image\/jpeg\" \/>\n<meta name=\"author\" content=\"GPI NEWS\" \/>\n<meta name=\"twitter:card\" content=\"summary_large_image\" \/>\n<meta name=\"twitter:label1\" content=\"Escrito por\" \/>\n\t<meta name=\"twitter:data1\" content=\"GPI NEWS\" \/>\n\t<meta name=\"twitter:label2\" content=\"Tiempo de lectura\" \/>\n\t<meta name=\"twitter:data2\" content=\"1 minuto\" \/>\n<script type=\"application\/ld+json\" class=\"yoast-schema-graph\">{\"@context\":\"https:\/\/schema.org\",\"@graph\":[{\"@type\":\"WebPage\",\"@id\":\"https:\/\/puertointerior.guanajuato.gob.mx\/blog\/2026\/04\/01\/impulsan-capacitacion-de-trabajadores-de-industria-de-autopartes\/\",\"url\":\"https:\/\/puertointerior.guanajuato.gob.mx\/blog\/2026\/04\/01\/impulsan-capacitacion-de-trabajadores-de-industria-de-autopartes\/\",\"name\":\"Impulsan capacitaci\u00f3n de trabajadores de industria de autopartes - Blog | GPI NEWS\",\"isPartOf\":{\"@id\":\"https:\/\/puertointerior.guanajuato.gob.mx\/blog\/#website\"},\"primaryImageOfPage\":{\"@id\":\"https:\/\/puertointerior.guanajuato.gob.mx\/blog\/2026\/04\/01\/impulsan-capacitacion-de-trabajadores-de-industria-de-autopartes\/#primaryimage\"},\"image\":{\"@id\":\"https:\/\/puertointerior.guanajuato.gob.mx\/blog\/2026\/04\/01\/impulsan-capacitacion-de-trabajadores-de-industria-de-autopartes\/#primaryimage\"},\"thumbnailUrl\":\"https:\/\/puertointerior.guanajuato.gob.mx\/blog\/wp-content\/uploads\/2026\/04\/HEXnTwbXYAAmoRS-768x522-1.jpg\",\"datePublished\":\"2026-04-01T19:16:26+00:00\",\"author\":{\"@id\":\"https:\/\/puertointerior.guanajuato.gob.mx\/blog\/#\/schema\/person\/f4851bb8a48c32d7fba5285caf4ef1c4\"},\"breadcrumb\":{\"@id\":\"https:\/\/puertointerior.guanajuato.gob.mx\/blog\/2026\/04\/01\/impulsan-capacitacion-de-trabajadores-de-industria-de-autopartes\/#breadcrumb\"},\"inLanguage\":\"es\",\"potentialAction\":[{\"@type\":\"ReadAction\",\"target\":[\"https:\/\/puertointerior.guanajuato.gob.mx\/blog\/2026\/04\/01\/impulsan-capacitacion-de-trabajadores-de-industria-de-autopartes\/\"]}]},{\"@type\":\"ImageObject\",\"inLanguage\":\"es\",\"@id\":\"https:\/\/puertointerior.guanajuato.gob.mx\/blog\/2026\/04\/01\/impulsan-capacitacion-de-trabajadores-de-industria-de-autopartes\/#primaryimage\",\"url\":\"https:\/\/puertointerior.guanajuato.gob.mx\/blog\/wp-content\/uploads\/2026\/04\/HEXnTwbXYAAmoRS-768x522-1.jpg\",\"contentUrl\":\"https:\/\/puertointerior.guanajuato.gob.mx\/blog\/wp-content\/uploads\/2026\/04\/HEXnTwbXYAAmoRS-768x522-1.jpg\",\"width\":768,\"height\":522},{\"@type\":\"BreadcrumbList\",\"@id\":\"https:\/\/puertointerior.guanajuato.gob.mx\/blog\/2026\/04\/01\/impulsan-capacitacion-de-trabajadores-de-industria-de-autopartes\/#breadcrumb\",\"itemListElement\":[{\"@type\":\"ListItem\",\"position\":1,\"name\":\"Inicio\",\"item\":\"https:\/\/puertointerior.guanajuato.gob.mx\/blog\/\"},{\"@type\":\"ListItem\",\"position\":2,\"name\":\"Impulsan capacitaci\u00f3n de trabajadores de industria de autopartes\"}]},{\"@type\":\"WebSite\",\"@id\":\"https:\/\/puertointerior.guanajuato.gob.mx\/blog\/#website\",\"url\":\"https:\/\/puertointerior.guanajuato.gob.mx\/blog\/\",\"name\":\"Blog | GPI NEWS\",\"description\":\"Guanajuato Puerto Interior\",\"potentialAction\":[{\"@type\":\"SearchAction\",\"target\":{\"@type\":\"EntryPoint\",\"urlTemplate\":\"https:\/\/puertointerior.guanajuato.gob.mx\/blog\/?s={search_term_string}\"},\"query-input\":{\"@type\":\"PropertyValueSpecification\",\"valueRequired\":true,\"valueName\":\"search_term_string\"}}],\"inLanguage\":\"es\"},{\"@type\":\"Person\",\"@id\":\"https:\/\/puertointerior.guanajuato.gob.mx\/blog\/#\/schema\/person\/f4851bb8a48c32d7fba5285caf4ef1c4\",\"name\":\"GPI NEWS\",\"image\":{\"@type\":\"ImageObject\",\"inLanguage\":\"es\",\"@id\":\"https:\/\/puertointerior.guanajuato.gob.mx\/blog\/#\/schema\/person\/image\/\",\"url\":\"https:\/\/secure.gravatar.com\/avatar\/612aca53a708cefc5ebe15ab0bc63c51a8ba58563e45c17848fa400e627e2717?s=96&d=mm&r=g\",\"contentUrl\":\"https:\/\/secure.gravatar.com\/avatar\/612aca53a708cefc5ebe15ab0bc63c51a8ba58563e45c17848fa400e627e2717?s=96&d=mm&r=g\",\"caption\":\"GPI NEWS\"},\"url\":\"https:\/\/puertointerior.guanajuato.gob.mx\/blog\/author\/rafa-jacinto\/\"}]}<\/script>\n<!-- \/ Yoast SEO plugin. -->","yoast_head_json":{"title":"Impulsan capacitaci\u00f3n de trabajadores de industria de autopartes - Blog | GPI NEWS","robots":{"index":"index","follow":"follow","max-snippet":"max-snippet:-1","max-image-preview":"max-image-preview:large","max-video-preview":"max-video-preview:-1"},"canonical":"https:\/\/puertointerior.guanajuato.gob.mx\/blog\/2026\/04\/01\/impulsan-capacitacion-de-trabajadores-de-industria-de-autopartes\/","og_locale":"es_MX","og_type":"article","og_title":"Impulsan capacitaci\u00f3n de trabajadores de industria de autopartes - Blog | GPI NEWS","og_description":"Ceneval e INA firmaron un convenio de colaboraci\u00f3n que tambi\u00e9n abarca evaluaci\u00f3n y certificaci\u00f3n del personal El\u00a0Centro Nacional de Evaluaci\u00f3n para la Educaci\u00f3n Superior (Ceneval)\u00a0y la\u00a0Industria Nacional de Autopartes (INA)\u00a0firmaron un\u00a0convenio de colaboraci\u00f3n, con el objeto de fortalecer la formaci\u00f3n, evaluaci\u00f3n y certificaci\u00f3n de\u00a0competencias laborales\u00a0en la\u00a0industria de autopartes\u00a0de M\u00e9xico. El acuerdo establece una ruta para [&hellip;]","og_url":"https:\/\/puertointerior.guanajuato.gob.mx\/blog\/2026\/04\/01\/impulsan-capacitacion-de-trabajadores-de-industria-de-autopartes\/","og_site_name":"Blog | GPI NEWS","article_published_time":"2026-04-01T19:16:26+00:00","og_image":[{"width":768,"height":522,"url":"https:\/\/puertointerior.guanajuato.gob.mx\/blog\/wp-content\/uploads\/2026\/04\/HEXnTwbXYAAmoRS-768x522-1.jpg","type":"image\/jpeg"}],"author":"GPI NEWS","twitter_card":"summary_large_image","twitter_misc":{"Escrito por":"GPI NEWS","Tiempo de lectura":"1 minuto"},"schema":{"@context":"https:\/\/schema.org","@graph":[{"@type":"WebPage","@id":"https:\/\/puertointerior.guanajuato.gob.mx\/blog\/2026\/04\/01\/impulsan-capacitacion-de-trabajadores-de-industria-de-autopartes\/","url":"https:\/\/puertointerior.guanajuato.gob.mx\/blog\/2026\/04\/01\/impulsan-capacitacion-de-trabajadores-de-industria-de-autopartes\/","name":"Impulsan capacitaci\u00f3n de trabajadores de industria de autopartes - Blog | GPI NEWS","isPartOf":{"@id":"https:\/\/puertointerior.guanajuato.gob.mx\/blog\/#website"},"primaryImageOfPage":{"@id":"https:\/\/puertointerior.guanajuato.gob.mx\/blog\/2026\/04\/01\/impulsan-capacitacion-de-trabajadores-de-industria-de-autopartes\/#primaryimage"},"image":{"@id":"https:\/\/puertointerior.guanajuato.gob.mx\/blog\/2026\/04\/01\/impulsan-capacitacion-de-trabajadores-de-industria-de-autopartes\/#primaryimage"},"thumbnailUrl":"https:\/\/puertointerior.guanajuato.gob.mx\/blog\/wp-content\/uploads\/2026\/04\/HEXnTwbXYAAmoRS-768x522-1.jpg","datePublished":"2026-04-01T19:16:26+00:00","author":{"@id":"https:\/\/puertointerior.guanajuato.gob.mx\/blog\/#\/schema\/person\/f4851bb8a48c32d7fba5285caf4ef1c4"},"breadcrumb":{"@id":"https:\/\/puertointerior.guanajuato.gob.mx\/blog\/2026\/04\/01\/impulsan-capacitacion-de-trabajadores-de-industria-de-autopartes\/#breadcrumb"},"inLanguage":"es","potentialAction":[{"@type":"ReadAction","target":["https:\/\/puertointerior.guanajuato.gob.mx\/blog\/2026\/04\/01\/impulsan-capacitacion-de-trabajadores-de-industria-de-autopartes\/"]}]},{"@type":"ImageObject","inLanguage":"es","@id":"https:\/\/puertointerior.guanajuato.gob.mx\/blog\/2026\/04\/01\/impulsan-capacitacion-de-trabajadores-de-industria-de-autopartes\/#primaryimage","url":"https:\/\/puertointerior.guanajuato.gob.mx\/blog\/wp-content\/uploads\/2026\/04\/HEXnTwbXYAAmoRS-768x522-1.jpg","contentUrl":"https:\/\/puertointerior.guanajuato.gob.mx\/blog\/wp-content\/uploads\/2026\/04\/HEXnTwbXYAAmoRS-768x522-1.jpg","width":768,"height":522},{"@type":"BreadcrumbList","@id":"https:\/\/puertointerior.guanajuato.gob.mx\/blog\/2026\/04\/01\/impulsan-capacitacion-de-trabajadores-de-industria-de-autopartes\/#breadcrumb","itemListElement":[{"@type":"ListItem","position":1,"name":"Inicio","item":"https:\/\/puertointerior.guanajuato.gob.mx\/blog\/"},{"@type":"ListItem","position":2,"name":"Impulsan capacitaci\u00f3n de trabajadores de industria de autopartes"}]},{"@type":"WebSite","@id":"https:\/\/puertointerior.guanajuato.gob.mx\/blog\/#website","url":"https:\/\/puertointerior.guanajuato.gob.mx\/blog\/","name":"Blog | GPI NEWS","description":"Guanajuato Puerto Interior","potentialAction":[{"@type":"SearchAction","target":{"@type":"EntryPoint","urlTemplate":"https:\/\/puertointerior.guanajuato.gob.mx\/blog\/?s={search_term_string}"},"query-input":{"@type":"PropertyValueSpecification","valueRequired":true,"valueName":"search_term_string"}}],"inLanguage":"es"},{"@type":"Person","@id":"https:\/\/puertointerior.guanajuato.gob.mx\/blog\/#\/schema\/person\/f4851bb8a48c32d7fba5285caf4ef1c4","name":"GPI NEWS","image":{"@type":"ImageObject","inLanguage":"es","@id":"https:\/\/puertointerior.guanajuato.gob.mx\/blog\/#\/schema\/person\/image\/","url":"https:\/\/secure.gravatar.com\/avatar\/612aca53a708cefc5ebe15ab0bc63c51a8ba58563e45c17848fa400e627e2717?s=96&d=mm&r=g","contentUrl":"https:\/\/secure.gravatar.com\/avatar\/612aca53a708cefc5ebe15ab0bc63c51a8ba58563e45c17848fa400e627e2717?s=96&d=mm&r=g","caption":"GPI NEWS"},"url":"https:\/\/puertointerior.guanajuato.gob.mx\/blog\/author\/rafa-jacinto\/"}]}},"jetpack_featured_media_url":"https:\/\/puertointerior.guanajuato.gob.mx\/blog\/wp-content\/uploads\/2026\/04\/HEXnTwbXYAAmoRS-768x522-1.jpg","jetpack_sharing_enabled":true,"jetpack_shortlink":"https:\/\/wp.me\/pcnMPA-6i8","_links":{"self":[{"href":"https:\/\/puertointerior.guanajuato.gob.mx\/blog\/wp-json\/wp\/v2\/posts\/24188","targetHints":{"allow":["GET"]}}],"collection":[{"href":"https:\/\/puertointerior.guanajuato.gob.mx\/blog\/wp-json\/wp\/v2\/posts"}],"about":[{"href":"https:\/\/puertointerior.guanajuato.gob.mx\/blog\/wp-json\/wp\/v2\/types\/post"}],"author":[{"embeddable":true,"href":"https:\/\/puertointerior.guanajuato.gob.mx\/blog\/wp-json\/wp\/v2\/users\/2"}],"replies":[{"embeddable":true,"href":"https:\/\/puertointerior.guanajuato.gob.mx\/blog\/wp-json\/wp\/v2\/comments?post=24188"}],"version-history":[{"count":1,"href":"https:\/\/puertointerior.guanajuato.gob.mx\/blog\/wp-json\/wp\/v2\/posts\/24188\/revisions"}],"predecessor-version":[{"id":24190,"href":"https:\/\/puertointerior.guanajuato.gob.mx\/blog\/wp-json\/wp\/v2\/posts\/24188\/revisions\/24190"}],"wp:featuredmedia":[{"embeddable":true,"href":"https:\/\/puertointerior.guanajuato.gob.mx\/blog\/wp-json\/wp\/v2\/media\/24189"}],"wp:attachment":[{"href":"https:\/\/puertointerior.guanajuato.gob.mx\/blog\/wp-json\/wp\/v2\/media?parent=24188"}],"wp:term":[{"taxonomy":"category","embeddable":true,"href":"https:\/\/puertointerior.guanajuato.gob.mx\/blog\/wp-json\/wp\/v2\/categories?post=24188"},{"taxonomy":"post_tag","embeddable":true,"href":"https:\/\/puertointerior.guanajuato.gob.mx\/blog\/wp-json\/wp\/v2\/tags?post=24188"}],"curies":[{"name":"wp","href":"https:\/\/api.w.org\/{rel}","templated":true}]}}