{"id":24619,"date":"2026-04-24T20:22:08","date_gmt":"2026-04-25T01:22:08","guid":{"rendered":"https:\/\/puertointerior.guanajuato.gob.mx\/blog\/?p=24619"},"modified":"2026-04-24T20:22:30","modified_gmt":"2026-04-25T01:22:30","slug":"sector-automotriz-mexicano-potencia-global-en-medio-de-turbulencia-comercial","status":"publish","type":"post","link":"https:\/\/puertointerior.guanajuato.gob.mx\/blog\/2026\/04\/24\/sector-automotriz-mexicano-potencia-global-en-medio-de-turbulencia-comercial\/","title":{"rendered":"Sector automotriz mexicano, potencia global en medio de turbulencia comercial"},"content":{"rendered":"<p style=\"text-align: justify\">En medio de crecientes tensiones comerciales y en la antesala de la revisi\u00f3n del <strong>Tratado entre M\u00e9xico, Estados Unidos y Canad\u00e1 (<\/strong><strong>T-MEC)<\/strong>, el sector automotriz mexicano enfrenta uno de los momentos m\u00e1s complejos y, a la vez, decisivos de su historia reciente.<\/p>\n<p style=\"text-align: justify\">Durante la conferencia <strong>Estado del sector automotriz mexicano: T-MEC, aranceles y estad\u00edsticas<\/strong>, Alberto Bustamante, presidente de la Agencia Nacional de Proveedores del Sector Automotriz (Anapsa), deline\u00f3 un panorama en el que convergen la presi\u00f3n arancelaria de Estados Unidos, el endurecimiento de las reglas comerciales y, al mismo tiempo, una ventana de oportunidad para consolidar a M\u00e9xico como potencia global.<\/p>\n<p style=\"text-align: justify\">El punto de partida fue que <strong>M\u00e9xico ya no es un actor secundario<\/strong>. Con exportaciones a m\u00e1s de 100 pa\u00edses y una producci\u00f3n de alrededor de 4.2 millones de veh\u00edculos al a\u00f1o, el pa\u00eds se ha consolidado como el segundo fabricante en Norteam\u00e9rica, superando a Canad\u00e1, cuya participaci\u00f3n ha venido disminuyendo de forma sostenida.<\/p>\n<p style=\"text-align: justify\">Para Bustamante, este cambio no es casualidad, sino el resultado directo de la integraci\u00f3n comercial desde 1994.<\/p>\n<blockquote><p>\u201cEl \u00fanico ganador ha sido M\u00e9xico\u201d, afirm\u00f3.<\/p><\/blockquote>\n<p style=\"text-align: justify\">Sin embargo, la relevancia del sector no se limita al volumen de producci\u00f3n. La industria automotriz representa cerca del <strong>22% del empleo manufacturero del pa\u00eds<\/strong> y ha construido una red de proveedur\u00eda que supera los 900 mil empleos directos en autopartes.<\/p>\n<p style=\"text-align: justify\">Este ecosistema no solo sostiene a las armadoras, sino que multiplica el impacto econ\u00f3mico, que por cada empleo en una planta ensambladora, se generan m\u00faltiples posiciones en la cadena de suministro.<\/p>\n<p style=\"text-align: justify\">El verdadero peso del sector se refleja en su balanza comercial. Con un <strong>super\u00e1vit cercano a los 108 mil millones de d\u00f3lares (mdd)<\/strong>, el automotriz supera, incluso de forma conjunta, a industrias como remesas, turismo y petr\u00f3leo.<\/p>\n<p style=\"text-align: justify\">Esta fortaleza se explica, en buena medida, por el <strong>papel estrat\u00e9gico de M\u00e9xico<\/strong> como proveedor de autopartes para Estados Unidos. Hoy, el <strong>43% de las importaciones estadounidenses en este rubro provienen de M\u00e9xico<\/strong>, una ventaja que coloca al pa\u00eds muy por encima de otros socios como Canad\u00e1.<\/p>\n<blockquote><p>Esa interdependencia ha generado una realidad contundente: ning\u00fan veh\u00edculo de combusti\u00f3n interna en Estados Unidos puede fabricarse sin componentes mexicanos.<\/p><\/blockquote>\n<p style=\"text-align: justify\">Cada unidad producida en ese pa\u00eds incorpora, en promedio, m\u00e1s de<strong> 10 mil d\u00f3lares en autopartes<\/strong> <strong>provenientes de M\u00e9xico<\/strong>.\u00a0Pero esta misma relevancia es la que ha colocado al sector en el centro de la disputa comercial.<\/p>\n<h4 style=\"text-align: justify\"><strong>Rumbo a la revisi\u00f3n del T-MEC<\/strong><\/h4>\n<p style=\"text-align: justify\">De cara a la revisi\u00f3n del tratado comercial, Estados Unidos busca endurecer las reglas del juego. La propuesta incluye <strong>elevar<\/strong> <strong>el contenido regional de los veh\u00edculos de 75% a 85%<\/strong>, exigir que al menos la mitad de los componentes provengan directamente de territorio estadounidense y reforzar las disposiciones laborales.<\/p>\n<p style=\"text-align: justify\">A esto se suma una estrategia m\u00e1s amplia orientada a reducir la dependencia de Asia, particularmente de China.<\/p>\n<p style=\"text-align: justify\">En paralelo, el entorno arancelario se ha vuelto m\u00e1s agresivo. Aunque el T-MEC permite exportaciones con tarifas preferenciales, diversas medidas impulsadas desde Washington han derivado en aranceles de hasta 25% para ciertos veh\u00edculos y componentes, especialmente aquellos con alto contenido de acero, aluminio o cobre.<\/p>\n<blockquote><p>\u201cEl sector automotriz est\u00e1 en el ojo del hurac\u00e1n\u201d, advirti\u00f3 Bustamante.<\/p><\/blockquote>\n<p style=\"text-align: justify\">M\u00e9xico, por su parte, ha comenzado a tomar medidas en la misma l\u00f3gica geopol\u00edtica. <strong>La imposici\u00f3n de aranceles de hasta<\/strong> <strong>50% a productos provenientes de pa\u00edses sin tratado comercial<\/strong>, en particular China, busca fortalecer la integraci\u00f3n regional.<\/p>\n<p style=\"text-align: justify\">No obstante, la industria ha manifestado preocupaciones cuando estas medidas alcanzan materias primas esenciales para la manufactura, como el pl\u00e1stico, lo que podr\u00eda encarecer la producci\u00f3n local.<\/p>\n<p style=\"text-align: justify\">En este contexto, la pr\u00f3xima revisi\u00f3n del T-MEC, que iniciar\u00e1 formalmente en julio, se perfila como un punto de inflexi\u00f3n. Desde Anapsa, el llamado es a asegurar condiciones de certidumbre y proteger al sector frente a medidas unilaterales.<\/p>\n<p style=\"text-align: justify\">Entre las propuestas destaca la firma de acuerdos paralelos que <strong>blinden a la industria automotriz<\/strong> de nuevos aranceles, as\u00ed como el fortalecimiento del Estado de derecho y la seguridad, factores que inciden directamente en la competitividad.<\/p>\n<p style=\"text-align: justify\">A pesar del entorno adverso, el diagn\u00f3stico no es pesimista, por el contrario, Bustamante anticip\u00f3 que M\u00e9xico se encamina a una nueva etapa de expansi\u00f3n.<\/p>\n<p style=\"text-align: justify\">En los pr\u00f3ximos a\u00f1os, <strong>el pa\u00eds podr\u00eda posicionarse como el cuarto productor mundial de veh\u00edculos ligeros<\/strong> y el tercero en autopartes, impulsado por una mayor integraci\u00f3n regional y nuevas inversiones, muchas de las cuales, asegur\u00f3, ya est\u00e1n ocurriendo, aunque con menor visibilidad p\u00fablica.<\/p>\n<blockquote><p>\u201cSe vienen tiempos de turbulencia\u201d, reconoci\u00f3.<\/p><\/blockquote>\n<p style=\"text-align: justify\">Pero tambi\u00e9n dej\u00f3 claro que el sector ha construido una base lo suficientemente s\u00f3lida como para no solo resistir, sino crecer.<\/p>\n<p style=\"text-align: justify\">La industria automotriz mexicana, que tard\u00f3 m\u00e1s de dos d\u00e9cadas en consolidarse, <strong>enfrenta ahora su siguiente gran prueba de adaptarse a un entorno m\u00e1s restrictivo<\/strong> sin perder su lugar como uno de los pilares econ\u00f3micos del pa\u00eds y socio indispensable para Norteam\u00e9rica.<\/p>\n<p style=\"text-align: justify\">Publicado originalmente por:\u00a0<a href=\"https:\/\/t21.com.mx\/sector-automotriz-mexicano-potencia-global-en-medio-de-turbulencia-comercial\/\">https:\/\/t21.com.mx\/sector-automotriz-mexicano-potencia-global-en-medio-de-turbulencia-comercial\/<\/a><\/p>\n","protected":false},"excerpt":{"rendered":"<p>En medio de crecientes tensiones comerciales y en la antesala de la revisi\u00f3n del Tratado entre M\u00e9xico, Estados Unidos y Canad\u00e1 (T-MEC), el sector automotriz mexicano enfrenta uno de los momentos m\u00e1s complejos y, a la vez, decisivos de su historia reciente. Durante la conferencia Estado del sector automotriz mexicano: T-MEC, aranceles y estad\u00edsticas, Alberto [&hellip;]<\/p>\n","protected":false},"author":2,"featured_media":24620,"comment_status":"closed","ping_status":"open","sticky":false,"template":"","format":"standard","meta":{"jetpack_post_was_ever_published":false,"_jetpack_newsletter_access":"","_jetpack_dont_email_post_to_subs":false,"_jetpack_newsletter_tier_id":0,"_jetpack_memberships_contains_paywalled_content":false,"_jetpack_memberships_contains_paid_content":false,"footnotes":""},"categories":[20],"tags":[],"class_list":["post-24619","post","type-post","status-publish","format-standard","has-post-thumbnail","hentry","category-economic-development"],"yoast_head":"<!-- This site is optimized with the Yoast SEO plugin v25.7 - https:\/\/yoast.com\/wordpress\/plugins\/seo\/ -->\n<title>Sector automotriz mexicano, potencia global en medio de turbulencia comercial - Blog | GPI NEWS<\/title>\n<meta name=\"robots\" content=\"index, follow, max-snippet:-1, max-image-preview:large, max-video-preview:-1\" \/>\n<link rel=\"canonical\" href=\"https:\/\/puertointerior.guanajuato.gob.mx\/blog\/2026\/04\/24\/sector-automotriz-mexicano-potencia-global-en-medio-de-turbulencia-comercial\/\" \/>\n<meta property=\"og:locale\" content=\"es_MX\" \/>\n<meta property=\"og:type\" content=\"article\" \/>\n<meta property=\"og:title\" content=\"Sector automotriz mexicano, potencia global en medio de turbulencia comercial - Blog | GPI NEWS\" \/>\n<meta property=\"og:description\" content=\"En medio de crecientes tensiones comerciales y en la antesala de la revisi\u00f3n del Tratado entre M\u00e9xico, Estados Unidos y Canad\u00e1 (T-MEC), el sector automotriz mexicano enfrenta uno de los momentos m\u00e1s complejos y, a la vez, decisivos de su historia reciente. Durante la conferencia Estado del sector automotriz mexicano: T-MEC, aranceles y estad\u00edsticas, Alberto [&hellip;]\" \/>\n<meta property=\"og:url\" content=\"https:\/\/puertointerior.guanajuato.gob.mx\/blog\/2026\/04\/24\/sector-automotriz-mexicano-potencia-global-en-medio-de-turbulencia-comercial\/\" \/>\n<meta property=\"og:site_name\" content=\"Blog | GPI NEWS\" \/>\n<meta property=\"article:published_time\" content=\"2026-04-25T01:22:08+00:00\" \/>\n<meta property=\"article:modified_time\" content=\"2026-04-25T01:22:30+00:00\" \/>\n<meta property=\"og:image\" content=\"https:\/\/puertointerior.guanajuato.gob.mx\/blog\/wp-content\/uploads\/2026\/04\/ca322299-f567-4af3-b7e4-abf6f46a77e7.jpeg\" \/>\n\t<meta property=\"og:image:width\" content=\"1170\" \/>\n\t<meta property=\"og:image:height\" content=\"700\" \/>\n\t<meta property=\"og:image:type\" content=\"image\/jpeg\" \/>\n<meta name=\"author\" content=\"GPI NEWS\" \/>\n<meta name=\"twitter:card\" content=\"summary_large_image\" \/>\n<meta name=\"twitter:label1\" content=\"Escrito por\" \/>\n\t<meta name=\"twitter:data1\" content=\"GPI NEWS\" \/>\n\t<meta name=\"twitter:label2\" content=\"Tiempo de lectura\" \/>\n\t<meta name=\"twitter:data2\" content=\"4 minutos\" \/>\n<script type=\"application\/ld+json\" class=\"yoast-schema-graph\">{\"@context\":\"https:\/\/schema.org\",\"@graph\":[{\"@type\":\"WebPage\",\"@id\":\"https:\/\/puertointerior.guanajuato.gob.mx\/blog\/2026\/04\/24\/sector-automotriz-mexicano-potencia-global-en-medio-de-turbulencia-comercial\/\",\"url\":\"https:\/\/puertointerior.guanajuato.gob.mx\/blog\/2026\/04\/24\/sector-automotriz-mexicano-potencia-global-en-medio-de-turbulencia-comercial\/\",\"name\":\"Sector automotriz mexicano, potencia global en medio de turbulencia comercial - Blog | GPI NEWS\",\"isPartOf\":{\"@id\":\"https:\/\/puertointerior.guanajuato.gob.mx\/blog\/#website\"},\"primaryImageOfPage\":{\"@id\":\"https:\/\/puertointerior.guanajuato.gob.mx\/blog\/2026\/04\/24\/sector-automotriz-mexicano-potencia-global-en-medio-de-turbulencia-comercial\/#primaryimage\"},\"image\":{\"@id\":\"https:\/\/puertointerior.guanajuato.gob.mx\/blog\/2026\/04\/24\/sector-automotriz-mexicano-potencia-global-en-medio-de-turbulencia-comercial\/#primaryimage\"},\"thumbnailUrl\":\"https:\/\/puertointerior.guanajuato.gob.mx\/blog\/wp-content\/uploads\/2026\/04\/ca322299-f567-4af3-b7e4-abf6f46a77e7.jpeg\",\"datePublished\":\"2026-04-25T01:22:08+00:00\",\"dateModified\":\"2026-04-25T01:22:30+00:00\",\"author\":{\"@id\":\"https:\/\/puertointerior.guanajuato.gob.mx\/blog\/#\/schema\/person\/f4851bb8a48c32d7fba5285caf4ef1c4\"},\"breadcrumb\":{\"@id\":\"https:\/\/puertointerior.guanajuato.gob.mx\/blog\/2026\/04\/24\/sector-automotriz-mexicano-potencia-global-en-medio-de-turbulencia-comercial\/#breadcrumb\"},\"inLanguage\":\"es\",\"potentialAction\":[{\"@type\":\"ReadAction\",\"target\":[\"https:\/\/puertointerior.guanajuato.gob.mx\/blog\/2026\/04\/24\/sector-automotriz-mexicano-potencia-global-en-medio-de-turbulencia-comercial\/\"]}]},{\"@type\":\"ImageObject\",\"inLanguage\":\"es\",\"@id\":\"https:\/\/puertointerior.guanajuato.gob.mx\/blog\/2026\/04\/24\/sector-automotriz-mexicano-potencia-global-en-medio-de-turbulencia-comercial\/#primaryimage\",\"url\":\"https:\/\/puertointerior.guanajuato.gob.mx\/blog\/wp-content\/uploads\/2026\/04\/ca322299-f567-4af3-b7e4-abf6f46a77e7.jpeg\",\"contentUrl\":\"https:\/\/puertointerior.guanajuato.gob.mx\/blog\/wp-content\/uploads\/2026\/04\/ca322299-f567-4af3-b7e4-abf6f46a77e7.jpeg\",\"width\":1170,\"height\":700},{\"@type\":\"BreadcrumbList\",\"@id\":\"https:\/\/puertointerior.guanajuato.gob.mx\/blog\/2026\/04\/24\/sector-automotriz-mexicano-potencia-global-en-medio-de-turbulencia-comercial\/#breadcrumb\",\"itemListElement\":[{\"@type\":\"ListItem\",\"position\":1,\"name\":\"Inicio\",\"item\":\"https:\/\/puertointerior.guanajuato.gob.mx\/blog\/\"},{\"@type\":\"ListItem\",\"position\":2,\"name\":\"Sector automotriz mexicano, potencia global en medio de turbulencia comercial\"}]},{\"@type\":\"WebSite\",\"@id\":\"https:\/\/puertointerior.guanajuato.gob.mx\/blog\/#website\",\"url\":\"https:\/\/puertointerior.guanajuato.gob.mx\/blog\/\",\"name\":\"Blog | GPI NEWS\",\"description\":\"Guanajuato Puerto Interior\",\"potentialAction\":[{\"@type\":\"SearchAction\",\"target\":{\"@type\":\"EntryPoint\",\"urlTemplate\":\"https:\/\/puertointerior.guanajuato.gob.mx\/blog\/?s={search_term_string}\"},\"query-input\":{\"@type\":\"PropertyValueSpecification\",\"valueRequired\":true,\"valueName\":\"search_term_string\"}}],\"inLanguage\":\"es\"},{\"@type\":\"Person\",\"@id\":\"https:\/\/puertointerior.guanajuato.gob.mx\/blog\/#\/schema\/person\/f4851bb8a48c32d7fba5285caf4ef1c4\",\"name\":\"GPI NEWS\",\"image\":{\"@type\":\"ImageObject\",\"inLanguage\":\"es\",\"@id\":\"https:\/\/puertointerior.guanajuato.gob.mx\/blog\/#\/schema\/person\/image\/\",\"url\":\"https:\/\/secure.gravatar.com\/avatar\/612aca53a708cefc5ebe15ab0bc63c51a8ba58563e45c17848fa400e627e2717?s=96&d=mm&r=g\",\"contentUrl\":\"https:\/\/secure.gravatar.com\/avatar\/612aca53a708cefc5ebe15ab0bc63c51a8ba58563e45c17848fa400e627e2717?s=96&d=mm&r=g\",\"caption\":\"GPI NEWS\"},\"url\":\"https:\/\/puertointerior.guanajuato.gob.mx\/blog\/author\/rafa-jacinto\/\"}]}<\/script>\n<!-- \/ Yoast SEO plugin. -->","yoast_head_json":{"title":"Sector automotriz mexicano, potencia global en medio de turbulencia comercial - Blog | GPI NEWS","robots":{"index":"index","follow":"follow","max-snippet":"max-snippet:-1","max-image-preview":"max-image-preview:large","max-video-preview":"max-video-preview:-1"},"canonical":"https:\/\/puertointerior.guanajuato.gob.mx\/blog\/2026\/04\/24\/sector-automotriz-mexicano-potencia-global-en-medio-de-turbulencia-comercial\/","og_locale":"es_MX","og_type":"article","og_title":"Sector automotriz mexicano, potencia global en medio de turbulencia comercial - Blog | GPI NEWS","og_description":"En medio de crecientes tensiones comerciales y en la antesala de la revisi\u00f3n del Tratado entre M\u00e9xico, Estados Unidos y Canad\u00e1 (T-MEC), el sector automotriz mexicano enfrenta uno de los momentos m\u00e1s complejos y, a la vez, decisivos de su historia reciente. Durante la conferencia Estado del sector automotriz mexicano: T-MEC, aranceles y estad\u00edsticas, Alberto [&hellip;]","og_url":"https:\/\/puertointerior.guanajuato.gob.mx\/blog\/2026\/04\/24\/sector-automotriz-mexicano-potencia-global-en-medio-de-turbulencia-comercial\/","og_site_name":"Blog | GPI NEWS","article_published_time":"2026-04-25T01:22:08+00:00","article_modified_time":"2026-04-25T01:22:30+00:00","og_image":[{"width":1170,"height":700,"url":"https:\/\/puertointerior.guanajuato.gob.mx\/blog\/wp-content\/uploads\/2026\/04\/ca322299-f567-4af3-b7e4-abf6f46a77e7.jpeg","type":"image\/jpeg"}],"author":"GPI NEWS","twitter_card":"summary_large_image","twitter_misc":{"Escrito por":"GPI NEWS","Tiempo de lectura":"4 minutos"},"schema":{"@context":"https:\/\/schema.org","@graph":[{"@type":"WebPage","@id":"https:\/\/puertointerior.guanajuato.gob.mx\/blog\/2026\/04\/24\/sector-automotriz-mexicano-potencia-global-en-medio-de-turbulencia-comercial\/","url":"https:\/\/puertointerior.guanajuato.gob.mx\/blog\/2026\/04\/24\/sector-automotriz-mexicano-potencia-global-en-medio-de-turbulencia-comercial\/","name":"Sector automotriz mexicano, potencia global en medio de turbulencia comercial - Blog | GPI NEWS","isPartOf":{"@id":"https:\/\/puertointerior.guanajuato.gob.mx\/blog\/#website"},"primaryImageOfPage":{"@id":"https:\/\/puertointerior.guanajuato.gob.mx\/blog\/2026\/04\/24\/sector-automotriz-mexicano-potencia-global-en-medio-de-turbulencia-comercial\/#primaryimage"},"image":{"@id":"https:\/\/puertointerior.guanajuato.gob.mx\/blog\/2026\/04\/24\/sector-automotriz-mexicano-potencia-global-en-medio-de-turbulencia-comercial\/#primaryimage"},"thumbnailUrl":"https:\/\/puertointerior.guanajuato.gob.mx\/blog\/wp-content\/uploads\/2026\/04\/ca322299-f567-4af3-b7e4-abf6f46a77e7.jpeg","datePublished":"2026-04-25T01:22:08+00:00","dateModified":"2026-04-25T01:22:30+00:00","author":{"@id":"https:\/\/puertointerior.guanajuato.gob.mx\/blog\/#\/schema\/person\/f4851bb8a48c32d7fba5285caf4ef1c4"},"breadcrumb":{"@id":"https:\/\/puertointerior.guanajuato.gob.mx\/blog\/2026\/04\/24\/sector-automotriz-mexicano-potencia-global-en-medio-de-turbulencia-comercial\/#breadcrumb"},"inLanguage":"es","potentialAction":[{"@type":"ReadAction","target":["https:\/\/puertointerior.guanajuato.gob.mx\/blog\/2026\/04\/24\/sector-automotriz-mexicano-potencia-global-en-medio-de-turbulencia-comercial\/"]}]},{"@type":"ImageObject","inLanguage":"es","@id":"https:\/\/puertointerior.guanajuato.gob.mx\/blog\/2026\/04\/24\/sector-automotriz-mexicano-potencia-global-en-medio-de-turbulencia-comercial\/#primaryimage","url":"https:\/\/puertointerior.guanajuato.gob.mx\/blog\/wp-content\/uploads\/2026\/04\/ca322299-f567-4af3-b7e4-abf6f46a77e7.jpeg","contentUrl":"https:\/\/puertointerior.guanajuato.gob.mx\/blog\/wp-content\/uploads\/2026\/04\/ca322299-f567-4af3-b7e4-abf6f46a77e7.jpeg","width":1170,"height":700},{"@type":"BreadcrumbList","@id":"https:\/\/puertointerior.guanajuato.gob.mx\/blog\/2026\/04\/24\/sector-automotriz-mexicano-potencia-global-en-medio-de-turbulencia-comercial\/#breadcrumb","itemListElement":[{"@type":"ListItem","position":1,"name":"Inicio","item":"https:\/\/puertointerior.guanajuato.gob.mx\/blog\/"},{"@type":"ListItem","position":2,"name":"Sector automotriz mexicano, potencia global en medio de turbulencia comercial"}]},{"@type":"WebSite","@id":"https:\/\/puertointerior.guanajuato.gob.mx\/blog\/#website","url":"https:\/\/puertointerior.guanajuato.gob.mx\/blog\/","name":"Blog | GPI NEWS","description":"Guanajuato Puerto Interior","potentialAction":[{"@type":"SearchAction","target":{"@type":"EntryPoint","urlTemplate":"https:\/\/puertointerior.guanajuato.gob.mx\/blog\/?s={search_term_string}"},"query-input":{"@type":"PropertyValueSpecification","valueRequired":true,"valueName":"search_term_string"}}],"inLanguage":"es"},{"@type":"Person","@id":"https:\/\/puertointerior.guanajuato.gob.mx\/blog\/#\/schema\/person\/f4851bb8a48c32d7fba5285caf4ef1c4","name":"GPI NEWS","image":{"@type":"ImageObject","inLanguage":"es","@id":"https:\/\/puertointerior.guanajuato.gob.mx\/blog\/#\/schema\/person\/image\/","url":"https:\/\/secure.gravatar.com\/avatar\/612aca53a708cefc5ebe15ab0bc63c51a8ba58563e45c17848fa400e627e2717?s=96&d=mm&r=g","contentUrl":"https:\/\/secure.gravatar.com\/avatar\/612aca53a708cefc5ebe15ab0bc63c51a8ba58563e45c17848fa400e627e2717?s=96&d=mm&r=g","caption":"GPI NEWS"},"url":"https:\/\/puertointerior.guanajuato.gob.mx\/blog\/author\/rafa-jacinto\/"}]}},"jetpack_featured_media_url":"https:\/\/puertointerior.guanajuato.gob.mx\/blog\/wp-content\/uploads\/2026\/04\/ca322299-f567-4af3-b7e4-abf6f46a77e7.jpeg","jetpack_sharing_enabled":true,"jetpack_shortlink":"https:\/\/wp.me\/pcnMPA-6p5","_links":{"self":[{"href":"https:\/\/puertointerior.guanajuato.gob.mx\/blog\/wp-json\/wp\/v2\/posts\/24619","targetHints":{"allow":["GET"]}}],"collection":[{"href":"https:\/\/puertointerior.guanajuato.gob.mx\/blog\/wp-json\/wp\/v2\/posts"}],"about":[{"href":"https:\/\/puertointerior.guanajuato.gob.mx\/blog\/wp-json\/wp\/v2\/types\/post"}],"author":[{"embeddable":true,"href":"https:\/\/puertointerior.guanajuato.gob.mx\/blog\/wp-json\/wp\/v2\/users\/2"}],"replies":[{"embeddable":true,"href":"https:\/\/puertointerior.guanajuato.gob.mx\/blog\/wp-json\/wp\/v2\/comments?post=24619"}],"version-history":[{"count":1,"href":"https:\/\/puertointerior.guanajuato.gob.mx\/blog\/wp-json\/wp\/v2\/posts\/24619\/revisions"}],"predecessor-version":[{"id":24621,"href":"https:\/\/puertointerior.guanajuato.gob.mx\/blog\/wp-json\/wp\/v2\/posts\/24619\/revisions\/24621"}],"wp:featuredmedia":[{"embeddable":true,"href":"https:\/\/puertointerior.guanajuato.gob.mx\/blog\/wp-json\/wp\/v2\/media\/24620"}],"wp:attachment":[{"href":"https:\/\/puertointerior.guanajuato.gob.mx\/blog\/wp-json\/wp\/v2\/media?parent=24619"}],"wp:term":[{"taxonomy":"category","embeddable":true,"href":"https:\/\/puertointerior.guanajuato.gob.mx\/blog\/wp-json\/wp\/v2\/categories?post=24619"},{"taxonomy":"post_tag","embeddable":true,"href":"https:\/\/puertointerior.guanajuato.gob.mx\/blog\/wp-json\/wp\/v2\/tags?post=24619"}],"curies":[{"name":"wp","href":"https:\/\/api.w.org\/{rel}","templated":true}]}}