{"id":24625,"date":"2026-04-24T20:34:12","date_gmt":"2026-04-25T01:34:12","guid":{"rendered":"https:\/\/puertointerior.guanajuato.gob.mx\/blog\/?p=24625"},"modified":"2026-04-24T20:34:12","modified_gmt":"2026-04-25T01:34:12","slug":"que-tienen-en-comun-el-arte-la-logistica-y-la-sostenibilidad-asi-promueve-semarnat-la-economia-circular","status":"publish","type":"post","link":"https:\/\/puertointerior.guanajuato.gob.mx\/blog\/2026\/04\/24\/que-tienen-en-comun-el-arte-la-logistica-y-la-sostenibilidad-asi-promueve-semarnat-la-economia-circular\/","title":{"rendered":"\u00bfQu\u00e9 tienen en com\u00fan el arte, la log\u00edstica y la sostenibilidad? As\u00ed promueve Semarnat la econom\u00eda circular"},"content":{"rendered":"<p style=\"text-align: justify\">La muestra del artista franc\u00e9s Andr\u00e9-Jacques Bodin propone repensar el uso de los recursos mediante una experiencia que conecta arte, log\u00edstica y sostenibilidad, impulsando el modelo de econom\u00eda circular en M\u00e9xico.<\/p>\n<p style=\"text-align: justify\">La Secretar\u00eda del Medio Ambiente y Recursos Naturales (<strong>Semarnat), en colaboraci\u00f3n con CHEP<\/strong>, empresa global especializada en soluciones para la cadena de suministro, inaugur\u00f3 el\u00a0 20 de abril la exposici\u00f3n\u00a0<strong>\u201cCiclo sin fin: Creaci\u00f3n y econom\u00eda circular\u201d<\/strong>,\u00a0del\u00a0<strong>artista franc\u00e9s Andr\u00e9-Jacques Bodin.<\/strong>\u00a0El objetivo de la propuesta es busca sensibilizar al p\u00fablico sobre el\u00a0<strong>aprovechamiento sostenible de los recursos\u00a0<\/strong>a trav\u00e9s de una experiencia que\u00a0<strong>fusiona arte, industria y conciencia ambiental.<\/strong><\/p>\n<h2 style=\"text-align: justify\">Econom\u00eda circular: el cambio de paradigma que impulsa M\u00e9xico<\/h2>\n<p style=\"text-align: justify\">En la inauguraci\u00f3n, y en representaci\u00f3n de la secretaria\u00a0<strong>Alicia B\u00e1rcena Ibarra<\/strong>, el\u00a0<strong>director del Centro de Educaci\u00f3n y Capacitaci\u00f3n para el Desarrollo Sustentable, Luis Mingo Nyssen,<\/strong>\u00a0se\u00f1al\u00f3 que..<\/p>\n<aside class=\"htmlinline\">\n<div id=\"div-gpt-ad-interarticle(1)\" data-google-query-id=\"CPyNspjth5QDFWWJOgUdRngRRA\">\n<div id=\"google_ads_iframe_\/21791093160\/interarticle(1)_0__container__\"><\/div>\n<\/div>\n<\/aside>\n<blockquote><p>durante muchos a\u00f1os tratamos a los materiales como objetos: se fabrican, se usan, se desechan, punto, en otras palabras, es econom\u00eda lineal. Esta l\u00f3gica construy\u00f3 infraestructura e industria, pero tambi\u00e9n un modelo ineficiente que solo funciona mientras los recursos parezcan infinitos, y mientras alguien m\u00e1s absorbe el costo de lo que se desecha: el territorio, el municipio, el contribuyente y, sobre todo, el capital natural del pa\u00eds&#8221;.<\/p><\/blockquote>\n<p style=\"text-align: justify\"><strong>Paola Floris, CEO de CHEP<\/strong>\u00a0<strong>Latinoam\u00e9rica<\/strong>, subray\u00f3 que la econom\u00eda circular va m\u00e1s all\u00e1 de un modelo, pues implica replantear la\u00a0<strong>forma en que se producen, utilizan y reaprovechan los recursos.\u00a0<\/strong>Iniciativas como\u00a0<strong>\u201cCiclo sin fin: Creaci\u00f3n y econom\u00eda circular\u201d\u00a0<\/strong>permiten acercar estos conceptos a las personas de una\u00a0<strong>manera tangible,\u00a0<\/strong>mostrando c\u00f3mo los materiales pueden mantenerse en uso dentro de\u00a0<strong>sistemas eficientes y colaborativos\u201d<\/strong>.<\/p>\n<h2 style=\"text-align: justify\">Arte y log\u00edstica: una instalaci\u00f3n que da vida al concepto circular<\/h2>\n<p style=\"text-align: justify\">De acuerdo con el artista\u00a0\u00a0<strong>Andr\u00e9-Jacques Bodin\u00a0<\/strong>explic\u00f3 que&#8230;<\/p>\n<blockquote>\n<p style=\"text-align: justify\">la obra celebra un futuro donde aquello que hoy parece descartado puede transformarse en algo nuevo y seguir generando valor. Como sucede en el mundo real, cada pallet utilizado en la obra representa una historia de intercambio y transformaci\u00f3n, es testigo del movimiento de productos y del pulso de la naturaleza\u201d.<\/p>\n<\/blockquote>\n<p><img decoding=\"async\" src=\"https:\/\/heraldodemexico.com.mx\/u\/fotografias\/m\/2026\/4\/23\/f768x400-1275707_1319610_5050.jpg\" \/><\/p>\n<p style=\"text-align: justify\">La instalaci\u00f3n est\u00e1\u00a0compuesta por\u00a0<strong>pallets azules<\/strong>, distintivos de\u00a0<strong>CHEP<\/strong>\u00a0que fueron retirados temporalmente de su uso log\u00edstico para convertirse en una pieza de arte conceptual. Al finalizar la exhibici\u00f3n,\u00a0estas tarimas regresar\u00e1n a su funci\u00f3n original, completando as\u00ed el ciclo que inspira la obra.<\/p>\n<h2 style=\"text-align: justify\">Retos y oportunidades para escalar la econom\u00eda circular en M\u00e9xico<\/h2>\n<p style=\"text-align: justify\">En un espacio de di\u00e1logo se llev\u00f3 a cabo el conversatorio<strong>\u00a0\u201cEconom\u00eda circular en acci\u00f3n: de la experiencia a la escala\u201d\u00a0<\/strong>un espacio de conversaci\u00f3n entre personas que ya est\u00e1n poniendo en pr\u00e1ctica modelos circulares en M\u00e9xico, con la intenci\u00f3n de\u00a0<strong>entender qu\u00e9 se necesita para fortalecerlos y llevarlos m\u00e1s lejos.<\/strong>\u00a0Durante el encuentro se compartieron los retos del d\u00eda a d\u00eda, las claves para\u00a0<strong>crecer y el valor econ\u00f3mico, ambiental y social\u00a0<\/strong>que estos modelos ya est\u00e1n generando en las cadenas productivas del pa\u00eds.<\/p>\n<h2 style=\"text-align: justify\">Semarnat\u00a0apuesta por la econom\u00eda circular como motor de desarrollo sostenible<\/h2>\n<p style=\"text-align: justify\">Finalmente, se puso sobre la mesa que llevar la econom\u00eda circular al siguiente nivel no es autom\u00e1tico: requiere\u00a0<strong>alinear incentivos, fortalecer capacidades en toda la cadena de valor y consolidar esquemas<\/strong>\u00a0que conviertan la sostenibilidad en una ventaja real para\u00a0<strong>competir y atraer inversi\u00f3n.<\/strong><\/p>\n<p style=\"text-align: justify\">Con iniciativas como esta, la\u00a0<strong>Semarnat<\/strong>\u00a0refrenda su apuesta por un modelo de desarrollo que\u00a0<strong>aproveche mejor los recursos\u00a0<\/strong>y se construya a partir de la colaboraci\u00f3n entre\u00a0<strong>gobierno, empresas y sociedad.<\/strong><\/p>\n<p style=\"text-align: justify\">Publicado originalmente por:\u00a0<a href=\"https:\/\/heraldodemexico.com.mx\/nacional\/2026\/4\/23\/que-tienen-en-comun-el-arte-la-logistica-la-sostenibilidad-asi-promueve-semarnat-la-economia-circular-800937.html\">https:\/\/heraldodemexico.com.mx\/nacional\/2026\/4\/23\/que-tienen-en-comun-el-arte-la-logistica-la-sostenibilidad-asi-promueve-semarnat-la-economia-circular-800937.html<\/a><\/p>\n","protected":false},"excerpt":{"rendered":"<p>La muestra del artista franc\u00e9s Andr\u00e9-Jacques Bodin propone repensar el uso de los recursos mediante una experiencia que conecta arte, log\u00edstica y sostenibilidad, impulsando el modelo de econom\u00eda circular en M\u00e9xico. La Secretar\u00eda del Medio Ambiente y Recursos Naturales (Semarnat), en colaboraci\u00f3n con CHEP, empresa global especializada en soluciones para la cadena de suministro, inaugur\u00f3 [&hellip;]<\/p>\n","protected":false},"author":2,"featured_media":24626,"comment_status":"closed","ping_status":"open","sticky":false,"template":"","format":"standard","meta":{"jetpack_post_was_ever_published":false,"_jetpack_newsletter_access":"","_jetpack_dont_email_post_to_subs":false,"_jetpack_newsletter_tier_id":0,"_jetpack_memberships_contains_paywalled_content":false,"_jetpack_memberships_contains_paid_content":false,"footnotes":""},"categories":[6],"tags":[],"class_list":["post-24625","post","type-post","status-publish","format-standard","has-post-thumbnail","hentry","category-innovation"],"yoast_head":"<!-- This site is optimized with the Yoast SEO plugin v25.7 - https:\/\/yoast.com\/wordpress\/plugins\/seo\/ -->\n<title>\u00bfQu\u00e9 tienen en com\u00fan el arte, la log\u00edstica y la sostenibilidad? As\u00ed promueve Semarnat la econom\u00eda circular - Blog | GPI NEWS<\/title>\n<meta name=\"robots\" content=\"index, follow, max-snippet:-1, max-image-preview:large, max-video-preview:-1\" \/>\n<link rel=\"canonical\" href=\"https:\/\/puertointerior.guanajuato.gob.mx\/blog\/2026\/04\/24\/que-tienen-en-comun-el-arte-la-logistica-y-la-sostenibilidad-asi-promueve-semarnat-la-economia-circular\/\" \/>\n<meta property=\"og:locale\" content=\"es_MX\" \/>\n<meta property=\"og:type\" content=\"article\" \/>\n<meta property=\"og:title\" content=\"\u00bfQu\u00e9 tienen en com\u00fan el arte, la log\u00edstica y la sostenibilidad? As\u00ed promueve Semarnat la econom\u00eda circular - Blog | GPI NEWS\" \/>\n<meta property=\"og:description\" content=\"La muestra del artista franc\u00e9s Andr\u00e9-Jacques Bodin propone repensar el uso de los recursos mediante una experiencia que conecta arte, log\u00edstica y sostenibilidad, impulsando el modelo de econom\u00eda circular en M\u00e9xico. La Secretar\u00eda del Medio Ambiente y Recursos Naturales (Semarnat), en colaboraci\u00f3n con CHEP, empresa global especializada en soluciones para la cadena de suministro, inaugur\u00f3 [&hellip;]\" \/>\n<meta property=\"og:url\" content=\"https:\/\/puertointerior.guanajuato.gob.mx\/blog\/2026\/04\/24\/que-tienen-en-comun-el-arte-la-logistica-y-la-sostenibilidad-asi-promueve-semarnat-la-economia-circular\/\" \/>\n<meta property=\"og:site_name\" content=\"Blog | GPI NEWS\" \/>\n<meta property=\"article:published_time\" content=\"2026-04-25T01:34:12+00:00\" \/>\n<meta property=\"og:image\" content=\"https:\/\/puertointerior.guanajuato.gob.mx\/blog\/wp-content\/uploads\/2026\/04\/f848x477-1275704_1333507_5050.jpg\" \/>\n\t<meta property=\"og:image:width\" content=\"848\" \/>\n\t<meta property=\"og:image:height\" content=\"477\" \/>\n\t<meta property=\"og:image:type\" content=\"image\/jpeg\" \/>\n<meta name=\"author\" content=\"GPI NEWS\" \/>\n<meta name=\"twitter:card\" content=\"summary_large_image\" \/>\n<meta name=\"twitter:label1\" content=\"Escrito por\" \/>\n\t<meta name=\"twitter:data1\" content=\"GPI NEWS\" \/>\n\t<meta name=\"twitter:label2\" content=\"Tiempo de lectura\" \/>\n\t<meta name=\"twitter:data2\" content=\"1 minuto\" \/>\n<script type=\"application\/ld+json\" class=\"yoast-schema-graph\">{\"@context\":\"https:\/\/schema.org\",\"@graph\":[{\"@type\":\"WebPage\",\"@id\":\"https:\/\/puertointerior.guanajuato.gob.mx\/blog\/2026\/04\/24\/que-tienen-en-comun-el-arte-la-logistica-y-la-sostenibilidad-asi-promueve-semarnat-la-economia-circular\/\",\"url\":\"https:\/\/puertointerior.guanajuato.gob.mx\/blog\/2026\/04\/24\/que-tienen-en-comun-el-arte-la-logistica-y-la-sostenibilidad-asi-promueve-semarnat-la-economia-circular\/\",\"name\":\"\u00bfQu\u00e9 tienen en com\u00fan el arte, la log\u00edstica y la sostenibilidad? As\u00ed promueve Semarnat la econom\u00eda circular - Blog | GPI NEWS\",\"isPartOf\":{\"@id\":\"https:\/\/puertointerior.guanajuato.gob.mx\/blog\/#website\"},\"primaryImageOfPage\":{\"@id\":\"https:\/\/puertointerior.guanajuato.gob.mx\/blog\/2026\/04\/24\/que-tienen-en-comun-el-arte-la-logistica-y-la-sostenibilidad-asi-promueve-semarnat-la-economia-circular\/#primaryimage\"},\"image\":{\"@id\":\"https:\/\/puertointerior.guanajuato.gob.mx\/blog\/2026\/04\/24\/que-tienen-en-comun-el-arte-la-logistica-y-la-sostenibilidad-asi-promueve-semarnat-la-economia-circular\/#primaryimage\"},\"thumbnailUrl\":\"https:\/\/puertointerior.guanajuato.gob.mx\/blog\/wp-content\/uploads\/2026\/04\/f848x477-1275704_1333507_5050.jpg\",\"datePublished\":\"2026-04-25T01:34:12+00:00\",\"author\":{\"@id\":\"https:\/\/puertointerior.guanajuato.gob.mx\/blog\/#\/schema\/person\/f4851bb8a48c32d7fba5285caf4ef1c4\"},\"breadcrumb\":{\"@id\":\"https:\/\/puertointerior.guanajuato.gob.mx\/blog\/2026\/04\/24\/que-tienen-en-comun-el-arte-la-logistica-y-la-sostenibilidad-asi-promueve-semarnat-la-economia-circular\/#breadcrumb\"},\"inLanguage\":\"es\",\"potentialAction\":[{\"@type\":\"ReadAction\",\"target\":[\"https:\/\/puertointerior.guanajuato.gob.mx\/blog\/2026\/04\/24\/que-tienen-en-comun-el-arte-la-logistica-y-la-sostenibilidad-asi-promueve-semarnat-la-economia-circular\/\"]}]},{\"@type\":\"ImageObject\",\"inLanguage\":\"es\",\"@id\":\"https:\/\/puertointerior.guanajuato.gob.mx\/blog\/2026\/04\/24\/que-tienen-en-comun-el-arte-la-logistica-y-la-sostenibilidad-asi-promueve-semarnat-la-economia-circular\/#primaryimage\",\"url\":\"https:\/\/puertointerior.guanajuato.gob.mx\/blog\/wp-content\/uploads\/2026\/04\/f848x477-1275704_1333507_5050.jpg\",\"contentUrl\":\"https:\/\/puertointerior.guanajuato.gob.mx\/blog\/wp-content\/uploads\/2026\/04\/f848x477-1275704_1333507_5050.jpg\",\"width\":848,\"height\":477},{\"@type\":\"BreadcrumbList\",\"@id\":\"https:\/\/puertointerior.guanajuato.gob.mx\/blog\/2026\/04\/24\/que-tienen-en-comun-el-arte-la-logistica-y-la-sostenibilidad-asi-promueve-semarnat-la-economia-circular\/#breadcrumb\",\"itemListElement\":[{\"@type\":\"ListItem\",\"position\":1,\"name\":\"Inicio\",\"item\":\"https:\/\/puertointerior.guanajuato.gob.mx\/blog\/\"},{\"@type\":\"ListItem\",\"position\":2,\"name\":\"\u00bfQu\u00e9 tienen en com\u00fan el arte, la log\u00edstica y la sostenibilidad? As\u00ed promueve Semarnat la econom\u00eda circular\"}]},{\"@type\":\"WebSite\",\"@id\":\"https:\/\/puertointerior.guanajuato.gob.mx\/blog\/#website\",\"url\":\"https:\/\/puertointerior.guanajuato.gob.mx\/blog\/\",\"name\":\"Blog | GPI NEWS\",\"description\":\"Guanajuato Puerto Interior\",\"potentialAction\":[{\"@type\":\"SearchAction\",\"target\":{\"@type\":\"EntryPoint\",\"urlTemplate\":\"https:\/\/puertointerior.guanajuato.gob.mx\/blog\/?s={search_term_string}\"},\"query-input\":{\"@type\":\"PropertyValueSpecification\",\"valueRequired\":true,\"valueName\":\"search_term_string\"}}],\"inLanguage\":\"es\"},{\"@type\":\"Person\",\"@id\":\"https:\/\/puertointerior.guanajuato.gob.mx\/blog\/#\/schema\/person\/f4851bb8a48c32d7fba5285caf4ef1c4\",\"name\":\"GPI NEWS\",\"image\":{\"@type\":\"ImageObject\",\"inLanguage\":\"es\",\"@id\":\"https:\/\/puertointerior.guanajuato.gob.mx\/blog\/#\/schema\/person\/image\/\",\"url\":\"https:\/\/secure.gravatar.com\/avatar\/612aca53a708cefc5ebe15ab0bc63c51a8ba58563e45c17848fa400e627e2717?s=96&d=mm&r=g\",\"contentUrl\":\"https:\/\/secure.gravatar.com\/avatar\/612aca53a708cefc5ebe15ab0bc63c51a8ba58563e45c17848fa400e627e2717?s=96&d=mm&r=g\",\"caption\":\"GPI NEWS\"},\"url\":\"https:\/\/puertointerior.guanajuato.gob.mx\/blog\/author\/rafa-jacinto\/\"}]}<\/script>\n<!-- \/ Yoast SEO plugin. -->","yoast_head_json":{"title":"\u00bfQu\u00e9 tienen en com\u00fan el arte, la log\u00edstica y la sostenibilidad? As\u00ed promueve Semarnat la econom\u00eda circular - Blog | GPI NEWS","robots":{"index":"index","follow":"follow","max-snippet":"max-snippet:-1","max-image-preview":"max-image-preview:large","max-video-preview":"max-video-preview:-1"},"canonical":"https:\/\/puertointerior.guanajuato.gob.mx\/blog\/2026\/04\/24\/que-tienen-en-comun-el-arte-la-logistica-y-la-sostenibilidad-asi-promueve-semarnat-la-economia-circular\/","og_locale":"es_MX","og_type":"article","og_title":"\u00bfQu\u00e9 tienen en com\u00fan el arte, la log\u00edstica y la sostenibilidad? As\u00ed promueve Semarnat la econom\u00eda circular - Blog | GPI NEWS","og_description":"La muestra del artista franc\u00e9s Andr\u00e9-Jacques Bodin propone repensar el uso de los recursos mediante una experiencia que conecta arte, log\u00edstica y sostenibilidad, impulsando el modelo de econom\u00eda circular en M\u00e9xico. La Secretar\u00eda del Medio Ambiente y Recursos Naturales (Semarnat), en colaboraci\u00f3n con CHEP, empresa global especializada en soluciones para la cadena de suministro, inaugur\u00f3 [&hellip;]","og_url":"https:\/\/puertointerior.guanajuato.gob.mx\/blog\/2026\/04\/24\/que-tienen-en-comun-el-arte-la-logistica-y-la-sostenibilidad-asi-promueve-semarnat-la-economia-circular\/","og_site_name":"Blog | GPI NEWS","article_published_time":"2026-04-25T01:34:12+00:00","og_image":[{"width":848,"height":477,"url":"https:\/\/puertointerior.guanajuato.gob.mx\/blog\/wp-content\/uploads\/2026\/04\/f848x477-1275704_1333507_5050.jpg","type":"image\/jpeg"}],"author":"GPI NEWS","twitter_card":"summary_large_image","twitter_misc":{"Escrito por":"GPI NEWS","Tiempo de lectura":"1 minuto"},"schema":{"@context":"https:\/\/schema.org","@graph":[{"@type":"WebPage","@id":"https:\/\/puertointerior.guanajuato.gob.mx\/blog\/2026\/04\/24\/que-tienen-en-comun-el-arte-la-logistica-y-la-sostenibilidad-asi-promueve-semarnat-la-economia-circular\/","url":"https:\/\/puertointerior.guanajuato.gob.mx\/blog\/2026\/04\/24\/que-tienen-en-comun-el-arte-la-logistica-y-la-sostenibilidad-asi-promueve-semarnat-la-economia-circular\/","name":"\u00bfQu\u00e9 tienen en com\u00fan el arte, la log\u00edstica y la sostenibilidad? As\u00ed promueve Semarnat la econom\u00eda circular - Blog | GPI NEWS","isPartOf":{"@id":"https:\/\/puertointerior.guanajuato.gob.mx\/blog\/#website"},"primaryImageOfPage":{"@id":"https:\/\/puertointerior.guanajuato.gob.mx\/blog\/2026\/04\/24\/que-tienen-en-comun-el-arte-la-logistica-y-la-sostenibilidad-asi-promueve-semarnat-la-economia-circular\/#primaryimage"},"image":{"@id":"https:\/\/puertointerior.guanajuato.gob.mx\/blog\/2026\/04\/24\/que-tienen-en-comun-el-arte-la-logistica-y-la-sostenibilidad-asi-promueve-semarnat-la-economia-circular\/#primaryimage"},"thumbnailUrl":"https:\/\/puertointerior.guanajuato.gob.mx\/blog\/wp-content\/uploads\/2026\/04\/f848x477-1275704_1333507_5050.jpg","datePublished":"2026-04-25T01:34:12+00:00","author":{"@id":"https:\/\/puertointerior.guanajuato.gob.mx\/blog\/#\/schema\/person\/f4851bb8a48c32d7fba5285caf4ef1c4"},"breadcrumb":{"@id":"https:\/\/puertointerior.guanajuato.gob.mx\/blog\/2026\/04\/24\/que-tienen-en-comun-el-arte-la-logistica-y-la-sostenibilidad-asi-promueve-semarnat-la-economia-circular\/#breadcrumb"},"inLanguage":"es","potentialAction":[{"@type":"ReadAction","target":["https:\/\/puertointerior.guanajuato.gob.mx\/blog\/2026\/04\/24\/que-tienen-en-comun-el-arte-la-logistica-y-la-sostenibilidad-asi-promueve-semarnat-la-economia-circular\/"]}]},{"@type":"ImageObject","inLanguage":"es","@id":"https:\/\/puertointerior.guanajuato.gob.mx\/blog\/2026\/04\/24\/que-tienen-en-comun-el-arte-la-logistica-y-la-sostenibilidad-asi-promueve-semarnat-la-economia-circular\/#primaryimage","url":"https:\/\/puertointerior.guanajuato.gob.mx\/blog\/wp-content\/uploads\/2026\/04\/f848x477-1275704_1333507_5050.jpg","contentUrl":"https:\/\/puertointerior.guanajuato.gob.mx\/blog\/wp-content\/uploads\/2026\/04\/f848x477-1275704_1333507_5050.jpg","width":848,"height":477},{"@type":"BreadcrumbList","@id":"https:\/\/puertointerior.guanajuato.gob.mx\/blog\/2026\/04\/24\/que-tienen-en-comun-el-arte-la-logistica-y-la-sostenibilidad-asi-promueve-semarnat-la-economia-circular\/#breadcrumb","itemListElement":[{"@type":"ListItem","position":1,"name":"Inicio","item":"https:\/\/puertointerior.guanajuato.gob.mx\/blog\/"},{"@type":"ListItem","position":2,"name":"\u00bfQu\u00e9 tienen en com\u00fan el arte, la log\u00edstica y la sostenibilidad? As\u00ed promueve Semarnat la econom\u00eda circular"}]},{"@type":"WebSite","@id":"https:\/\/puertointerior.guanajuato.gob.mx\/blog\/#website","url":"https:\/\/puertointerior.guanajuato.gob.mx\/blog\/","name":"Blog | GPI NEWS","description":"Guanajuato Puerto Interior","potentialAction":[{"@type":"SearchAction","target":{"@type":"EntryPoint","urlTemplate":"https:\/\/puertointerior.guanajuato.gob.mx\/blog\/?s={search_term_string}"},"query-input":{"@type":"PropertyValueSpecification","valueRequired":true,"valueName":"search_term_string"}}],"inLanguage":"es"},{"@type":"Person","@id":"https:\/\/puertointerior.guanajuato.gob.mx\/blog\/#\/schema\/person\/f4851bb8a48c32d7fba5285caf4ef1c4","name":"GPI NEWS","image":{"@type":"ImageObject","inLanguage":"es","@id":"https:\/\/puertointerior.guanajuato.gob.mx\/blog\/#\/schema\/person\/image\/","url":"https:\/\/secure.gravatar.com\/avatar\/612aca53a708cefc5ebe15ab0bc63c51a8ba58563e45c17848fa400e627e2717?s=96&d=mm&r=g","contentUrl":"https:\/\/secure.gravatar.com\/avatar\/612aca53a708cefc5ebe15ab0bc63c51a8ba58563e45c17848fa400e627e2717?s=96&d=mm&r=g","caption":"GPI NEWS"},"url":"https:\/\/puertointerior.guanajuato.gob.mx\/blog\/author\/rafa-jacinto\/"}]}},"jetpack_featured_media_url":"https:\/\/puertointerior.guanajuato.gob.mx\/blog\/wp-content\/uploads\/2026\/04\/f848x477-1275704_1333507_5050.jpg","jetpack_sharing_enabled":true,"jetpack_shortlink":"https:\/\/wp.me\/pcnMPA-6pb","_links":{"self":[{"href":"https:\/\/puertointerior.guanajuato.gob.mx\/blog\/wp-json\/wp\/v2\/posts\/24625","targetHints":{"allow":["GET"]}}],"collection":[{"href":"https:\/\/puertointerior.guanajuato.gob.mx\/blog\/wp-json\/wp\/v2\/posts"}],"about":[{"href":"https:\/\/puertointerior.guanajuato.gob.mx\/blog\/wp-json\/wp\/v2\/types\/post"}],"author":[{"embeddable":true,"href":"https:\/\/puertointerior.guanajuato.gob.mx\/blog\/wp-json\/wp\/v2\/users\/2"}],"replies":[{"embeddable":true,"href":"https:\/\/puertointerior.guanajuato.gob.mx\/blog\/wp-json\/wp\/v2\/comments?post=24625"}],"version-history":[{"count":1,"href":"https:\/\/puertointerior.guanajuato.gob.mx\/blog\/wp-json\/wp\/v2\/posts\/24625\/revisions"}],"predecessor-version":[{"id":24627,"href":"https:\/\/puertointerior.guanajuato.gob.mx\/blog\/wp-json\/wp\/v2\/posts\/24625\/revisions\/24627"}],"wp:featuredmedia":[{"embeddable":true,"href":"https:\/\/puertointerior.guanajuato.gob.mx\/blog\/wp-json\/wp\/v2\/media\/24626"}],"wp:attachment":[{"href":"https:\/\/puertointerior.guanajuato.gob.mx\/blog\/wp-json\/wp\/v2\/media?parent=24625"}],"wp:term":[{"taxonomy":"category","embeddable":true,"href":"https:\/\/puertointerior.guanajuato.gob.mx\/blog\/wp-json\/wp\/v2\/categories?post=24625"},{"taxonomy":"post_tag","embeddable":true,"href":"https:\/\/puertointerior.guanajuato.gob.mx\/blog\/wp-json\/wp\/v2\/tags?post=24625"}],"curies":[{"name":"wp","href":"https:\/\/api.w.org\/{rel}","templated":true}]}}