{"id":24658,"date":"2026-04-27T12:06:57","date_gmt":"2026-04-27T17:06:57","guid":{"rendered":"https:\/\/puertointerior.guanajuato.gob.mx\/blog\/?p=24658"},"modified":"2026-04-27T12:07:12","modified_gmt":"2026-04-27T17:07:12","slug":"profesion-logistica-que-se-necesita-para-entrar-que-se-necesita-para-crecer","status":"publish","type":"post","link":"https:\/\/puertointerior.guanajuato.gob.mx\/blog\/2026\/04\/27\/profesion-logistica-que-se-necesita-para-entrar-que-se-necesita-para-crecer\/","title":{"rendered":"Profesi\u00f3n log\u00edstica: qu\u00e9 se necesita para entrar, qu\u00e9 se necesita para crecer"},"content":{"rendered":"<p style=\"text-align: justify\">Melina Rottchen, referente en recursos humanos, analiza la rotaci\u00f3n en el sector log\u00edstico, qu\u00e9 define a un buen l\u00edder de equipo y por qu\u00e9 la formaci\u00f3n t\u00e9cnica sigue siendo clave para crecer.<\/p>\n<blockquote>\n<p style=\"text-align: justify\"><b>\u201cLa gente sigue el ejemplo, no sigue t\u00edtulos\u201d<\/b>. Con esa convicci\u00f3n, Melina recorre los desaf\u00edos de gestionar talento en el\u00a0sector log\u00edstico: desde la rotaci\u00f3n sin prop\u00f3sito hasta las habilidades que necesita quien lidera operaciones hoy. Una mirada que cruza el trabajo de campo con la formaci\u00f3n y los cambios que trajo el nuevo modelo de trabajo.<\/p>\n<\/blockquote>\n<h2 id=\"que-habilidades-deberia-tener-hoy-alguien-que-lidera-equipos-en-logistica\" class=\"header headline-class-h2 headline\" style=\"text-align: justify\">\u00bfQu\u00e9 habilidades deber\u00eda tener hoy alguien que lidera equipos en log\u00edstica?<\/h2>\n<p class=\"paragraph\" style=\"text-align: justify\" data-mrf-recirculation=\"Links inline\">En principio,\u00a0<b>habilidades blandas<\/b>: saber comunicar, saber escuchar,\u00a0ser organizado y estructurado, porque el rubro lo necesita. Y entendiendo la \u00e9poca en la que estamos, tambi\u00e9n es importante tener alg\u00fan tipo de\u00a0<b>acercamiento con la inteligencia artificial<\/b>, poder incorporar automatizaci\u00f3n, estructuras y procesos. Que incorpore la tecnolog\u00eda en el crecimiento de la operaci\u00f3n. Creo que son las habilidades que m\u00e1s se necesitan hoy.<\/p>\n<h2 id=\"que-problema-identificas-en-los-equipos-sin-importar-la-industria\" class=\"header headline-class-h2 headline\" style=\"text-align: justify\">\u00bfQu\u00e9 problema identific\u00e1s en los equipos, sin importar la industria?<\/h2>\n<p class=\"paragraph\" style=\"text-align: justify\" data-mrf-recirculation=\"Links inline\">El com\u00fan denominador en todas las empresas, sin importar el rubro, es la\u00a0<b>rotaci\u00f3n de personal<\/b>. Y la mayor\u00eda de las veces viene por problemas de falta de una buena relaci\u00f3n humana dentro del equipo o conflictos directos con los jefes o l\u00edderes. La\u00a0<b>falta de liderazgo<\/b>\u00a0corrompe muchos equipos y genera niveles alt\u00edsimos de rotaci\u00f3n. Creo que los problemas de liderazgo son la principal causa de conflicto.<\/p>\n<h2 id=\"que-define-a-un-buen-lider-en-un-contexto-que-cambia-todo-el-tiempo\" class=\"header headline-class-h2 headline\" style=\"text-align: justify\">\u00bfQu\u00e9 define a un buen l\u00edder en un contexto que cambia todo el tiempo?<\/h2>\n<p class=\"paragraph\" style=\"text-align: justify\" data-mrf-recirculation=\"Links inline\">Primero, que tenga habilidades blandas, que quiera liderar y\u00a0<b>que sepa adaptar su estilo<\/b>\u00a0seg\u00fan el equipo y el contexto. A lo largo de mi carrera tuve tres equipos muy diferentes. En el primero, el liderazgo era muy emp\u00e1tico y contenedor, porque la empresa estaba en conflicto y el objetivo era retener a las personas.<\/p>\n<p style=\"text-align: justify\" data-mrf-recirculation=\"Links inline\">En el segundo, tuve que adoptar un estilo m\u00e1s estructurado y duro: era la primera empleada mujer y la m\u00e1s joven, y el contexto lo necesitaba. Igual\u00a0<b>mantuve mi forma de ser<\/b>: explicaba el porqu\u00e9 de cada decisi\u00f3n.<\/p>\n<p style=\"text-align: justify\" data-mrf-recirculation=\"Links inline\">En el tercero, que es el equipo que tengo ahora, soy mucho m\u00e1s<b>\u00a0motivadora y cercana<\/b>. Les digo siempre: s\u00e1quenme todo lo que saben, crezcamos juntos. La capacidad de adaptar el liderazgo es lo que hace que un equipo funcione o deje de funcionar.<\/p>\n<p style=\"text-align: justify\" data-mrf-recirculation=\"Links inline\"><img decoding=\"async\" class=\"alignleft\" src=\"https:\/\/www.infobae.com\/resizer\/v2\/BMNWINODCZHHNI2BJTY64KQZKM.jpg?auth=b82cdb625c9927fff661b621f976beef4586fab0b49dc85fb3faa2c5385a0505&amp;smart=true&amp;width=350&amp;height=233&amp;quality=85\" alt=\"L\u00edder en log\u00edstica\" \/><\/p>\n<div class=\"visual__image\" style=\"text-align: justify\">&#8220;La persona que ocupa un rol de liderazgo tiene que ser un ejemplo a seguir&#8221;, asegura Melina (Foto: Shutterstock)<\/div>\n<h2 id=\"el-liderazgo-se-puede-aprender-o-hay-personas-que-simplemente-no-estan-hechas-para-ese-rol\" class=\"header headline-class-h2 headline\" style=\"text-align: justify\">\u00bfEl liderazgo se puede aprender o hay personas que simplemente no est\u00e1n hechas para ese rol?<\/h2>\n<p class=\"paragraph\" style=\"text-align: justify\" data-mrf-recirculation=\"Links inline\">No todas las personas tienen\u00a0<b>potencial para ser l\u00edder<\/b>. Hay gente que tiene los conocimientos t\u00e9cnicos, que sabe hacer muy bien su trabajo, pero le falta la otra parte: las habilidades blandas que requiere el rol. Empat\u00eda, buena comunicaci\u00f3n, ser un referente.<\/p>\n<p class=\"paragraph\" style=\"text-align: justify\" data-mrf-recirculation=\"Links inline\">La persona que ocupa un rol de liderazgo<b>\u00a0tiene que ser un ejemplo a seguir<\/b>. No puedo pedirle a un equipo que haga algo que el responsable del equipo no hace. La gente sigue el ejemplo, no sigue t\u00edtulos. Y el liderazgo no es un premio a un buen trabajo, sino un\u00a0<b>rol adicional<\/b>\u00a0que uno puede ocupar o no.<\/p>\n<h2 id=\"que-tan-importante-es-la-formacion-para-crecer-en-logistica-o-comercio-exterior\" class=\"header headline-class-h2 headline\" style=\"text-align: justify\">\u00bfQu\u00e9 tan importante es la formaci\u00f3n para crecer en log\u00edstica o comercio exterior?<\/h2>\n<p class=\"paragraph\" style=\"text-align: justify\" data-mrf-recirculation=\"Links inline\">Es algo que me preguntan mucho: si el t\u00edtulo es importante para trabajar en log\u00edstica o en comercio exterior. La realidad es que para ingresar al sector\u00a0<b>no es dif\u00edcil sin un t\u00edtulo<\/b>. Pero para crecer, ya sea en mandos medios o altos, te lo van a pedir. As\u00ed que\u00a0<b>no abandonar\u00eda la posibilidad de profesionalizarse<\/b>\u00a0en lo que uno ya sabe hacer.<\/p>\n<p class=\"paragraph\" style=\"text-align: justify\" data-mrf-recirculation=\"Links inline\">Lo mismo con el\u00a0<b>idioma ingl\u00e9s<\/b>: muchos me dicen que como ya arrancaron a trabajar, no lo necesitan.\u00a0<b>Pero para crecer es necesario<\/b>, y m\u00e1s si uno piensa en trabajar para afuera. El idioma viene de la mano del crecimiento.<\/p>\n<h2 id=\"que-es-lo-que-mas-te-llama-la-atencion-hoy-en-dia-del-mercado-laboral\" class=\"header headline-class-h2 headline\" style=\"text-align: justify\">\u00bfQu\u00e9 es lo que m\u00e1s te llama la atenci\u00f3n hoy en d\u00eda del mercado laboral?<\/h2>\n<p class=\"paragraph\" style=\"text-align: justify\" data-mrf-recirculation=\"Links inline\">Lo que m\u00e1s me sorprende es el\u00a0<b>movimiento constante<\/b>\u00a0de personas hacia nuevos empleos, pero\u00a0<b>sin un prop\u00f3sito<\/b>. Veo que la gente va pasando de una empresa a la otra sin un objetivo claro. Me pasa mucho en entrevistas: cuando pregunto qu\u00e9 es \u201calgo mejor\u201d que est\u00e1n buscando, suele haber un vac\u00edo.<\/p>\n<p class=\"paragraph\" style=\"text-align: justify\" data-mrf-recirculation=\"Links inline\">Muy pocas personas tienen el autoconocimiento para saber qu\u00e9 es lo mejor para s\u00ed mismas. No hay empresa que se pueda definir como la mejor en t\u00e9rminos generales. Empezar a\u00a0<b>definir qu\u00e9 es lo mejor para uno<\/b>\u00a0es un trabajo de autoconocimiento que es un paso clave a la hora de pensar la carrera profesional.<\/p>\n<p style=\"text-align: justify\" data-mrf-recirculation=\"Links inline\">Publicado originalmente por:\u00a0<a href=\"https:\/\/www.infobae.com\/movant\/2026\/04\/24\/profesion-logistica-que-se-necesita-para-entrar-que-se-necesita-para-crecer\/\">https:\/\/www.infobae.com\/movant\/2026\/04\/24\/profesion-logistica-que-se-necesita-para-entrar-que-se-necesita-para-crecer\/<\/a><\/p>\n<p style=\"text-align: justify\">\n","protected":false},"excerpt":{"rendered":"<p>Melina Rottchen, referente en recursos humanos, analiza la rotaci\u00f3n en el sector log\u00edstico, qu\u00e9 define a un buen l\u00edder de equipo y por qu\u00e9 la formaci\u00f3n t\u00e9cnica sigue siendo clave para crecer. \u201cLa gente sigue el ejemplo, no sigue t\u00edtulos\u201d. Con esa convicci\u00f3n, Melina recorre los desaf\u00edos de gestionar talento en el\u00a0sector log\u00edstico: desde la [&hellip;]<\/p>\n","protected":false},"author":2,"featured_media":24659,"comment_status":"closed","ping_status":"open","sticky":false,"template":"","format":"standard","meta":{"jetpack_post_was_ever_published":false,"_jetpack_newsletter_access":"","_jetpack_dont_email_post_to_subs":false,"_jetpack_newsletter_tier_id":0,"_jetpack_memberships_contains_paywalled_content":false,"_jetpack_memberships_contains_paid_content":false,"footnotes":""},"categories":[4],"tags":[],"class_list":["post-24658","post","type-post","status-publish","format-standard","has-post-thumbnail","hentry","category-logistics"],"yoast_head":"<!-- This site is optimized with the Yoast SEO plugin v25.7 - https:\/\/yoast.com\/wordpress\/plugins\/seo\/ -->\n<title>Profesi\u00f3n log\u00edstica: qu\u00e9 se necesita para entrar, qu\u00e9 se necesita para crecer - Blog | GPI NEWS<\/title>\n<meta name=\"robots\" content=\"index, follow, max-snippet:-1, max-image-preview:large, max-video-preview:-1\" \/>\n<link rel=\"canonical\" href=\"https:\/\/puertointerior.guanajuato.gob.mx\/blog\/2026\/04\/27\/profesion-logistica-que-se-necesita-para-entrar-que-se-necesita-para-crecer\/\" \/>\n<meta property=\"og:locale\" content=\"es_MX\" \/>\n<meta property=\"og:type\" content=\"article\" \/>\n<meta property=\"og:title\" content=\"Profesi\u00f3n log\u00edstica: qu\u00e9 se necesita para entrar, qu\u00e9 se necesita para crecer - Blog | GPI NEWS\" \/>\n<meta property=\"og:description\" content=\"Melina Rottchen, referente en recursos humanos, analiza la rotaci\u00f3n en el sector log\u00edstico, qu\u00e9 define a un buen l\u00edder de equipo y por qu\u00e9 la formaci\u00f3n t\u00e9cnica sigue siendo clave para crecer. \u201cLa gente sigue el ejemplo, no sigue t\u00edtulos\u201d. Con esa convicci\u00f3n, Melina recorre los desaf\u00edos de gestionar talento en el\u00a0sector log\u00edstico: desde la [&hellip;]\" \/>\n<meta property=\"og:url\" content=\"https:\/\/puertointerior.guanajuato.gob.mx\/blog\/2026\/04\/27\/profesion-logistica-que-se-necesita-para-entrar-que-se-necesita-para-crecer\/\" \/>\n<meta property=\"og:site_name\" content=\"Blog | GPI NEWS\" \/>\n<meta property=\"article:published_time\" content=\"2026-04-27T17:06:57+00:00\" \/>\n<meta property=\"article:modified_time\" content=\"2026-04-27T17:07:12+00:00\" \/>\n<meta name=\"author\" content=\"GPI NEWS\" \/>\n<meta name=\"twitter:card\" content=\"summary_large_image\" \/>\n<meta name=\"twitter:label1\" content=\"Escrito por\" \/>\n\t<meta name=\"twitter:data1\" content=\"GPI NEWS\" \/>\n\t<meta name=\"twitter:label2\" content=\"Tiempo de lectura\" \/>\n\t<meta name=\"twitter:data2\" content=\"4 minutos\" \/>\n<script type=\"application\/ld+json\" class=\"yoast-schema-graph\">{\"@context\":\"https:\/\/schema.org\",\"@graph\":[{\"@type\":\"WebPage\",\"@id\":\"https:\/\/puertointerior.guanajuato.gob.mx\/blog\/2026\/04\/27\/profesion-logistica-que-se-necesita-para-entrar-que-se-necesita-para-crecer\/\",\"url\":\"https:\/\/puertointerior.guanajuato.gob.mx\/blog\/2026\/04\/27\/profesion-logistica-que-se-necesita-para-entrar-que-se-necesita-para-crecer\/\",\"name\":\"Profesi\u00f3n log\u00edstica: qu\u00e9 se necesita para entrar, qu\u00e9 se necesita para crecer - Blog | GPI NEWS\",\"isPartOf\":{\"@id\":\"https:\/\/puertointerior.guanajuato.gob.mx\/blog\/#website\"},\"primaryImageOfPage\":{\"@id\":\"https:\/\/puertointerior.guanajuato.gob.mx\/blog\/2026\/04\/27\/profesion-logistica-que-se-necesita-para-entrar-que-se-necesita-para-crecer\/#primaryimage\"},\"image\":{\"@id\":\"https:\/\/puertointerior.guanajuato.gob.mx\/blog\/2026\/04\/27\/profesion-logistica-que-se-necesita-para-entrar-que-se-necesita-para-crecer\/#primaryimage\"},\"thumbnailUrl\":\"https:\/\/puertointerior.guanajuato.gob.mx\/blog\/wp-content\/uploads\/2026\/04\/LCMUUCBSMBG55P4ZU4BYUP4VSQ.avif\",\"datePublished\":\"2026-04-27T17:06:57+00:00\",\"dateModified\":\"2026-04-27T17:07:12+00:00\",\"author\":{\"@id\":\"https:\/\/puertointerior.guanajuato.gob.mx\/blog\/#\/schema\/person\/f4851bb8a48c32d7fba5285caf4ef1c4\"},\"breadcrumb\":{\"@id\":\"https:\/\/puertointerior.guanajuato.gob.mx\/blog\/2026\/04\/27\/profesion-logistica-que-se-necesita-para-entrar-que-se-necesita-para-crecer\/#breadcrumb\"},\"inLanguage\":\"es\",\"potentialAction\":[{\"@type\":\"ReadAction\",\"target\":[\"https:\/\/puertointerior.guanajuato.gob.mx\/blog\/2026\/04\/27\/profesion-logistica-que-se-necesita-para-entrar-que-se-necesita-para-crecer\/\"]}]},{\"@type\":\"ImageObject\",\"inLanguage\":\"es\",\"@id\":\"https:\/\/puertointerior.guanajuato.gob.mx\/blog\/2026\/04\/27\/profesion-logistica-que-se-necesita-para-entrar-que-se-necesita-para-crecer\/#primaryimage\",\"url\":\"https:\/\/puertointerior.guanajuato.gob.mx\/blog\/wp-content\/uploads\/2026\/04\/LCMUUCBSMBG55P4ZU4BYUP4VSQ.avif\",\"contentUrl\":\"https:\/\/puertointerior.guanajuato.gob.mx\/blog\/wp-content\/uploads\/2026\/04\/LCMUUCBSMBG55P4ZU4BYUP4VSQ.avif\",\"width\":992,\"height\":558},{\"@type\":\"BreadcrumbList\",\"@id\":\"https:\/\/puertointerior.guanajuato.gob.mx\/blog\/2026\/04\/27\/profesion-logistica-que-se-necesita-para-entrar-que-se-necesita-para-crecer\/#breadcrumb\",\"itemListElement\":[{\"@type\":\"ListItem\",\"position\":1,\"name\":\"Inicio\",\"item\":\"https:\/\/puertointerior.guanajuato.gob.mx\/blog\/\"},{\"@type\":\"ListItem\",\"position\":2,\"name\":\"Profesi\u00f3n log\u00edstica: qu\u00e9 se necesita para entrar, qu\u00e9 se necesita para crecer\"}]},{\"@type\":\"WebSite\",\"@id\":\"https:\/\/puertointerior.guanajuato.gob.mx\/blog\/#website\",\"url\":\"https:\/\/puertointerior.guanajuato.gob.mx\/blog\/\",\"name\":\"Blog | GPI NEWS\",\"description\":\"Guanajuato Puerto Interior\",\"potentialAction\":[{\"@type\":\"SearchAction\",\"target\":{\"@type\":\"EntryPoint\",\"urlTemplate\":\"https:\/\/puertointerior.guanajuato.gob.mx\/blog\/?s={search_term_string}\"},\"query-input\":{\"@type\":\"PropertyValueSpecification\",\"valueRequired\":true,\"valueName\":\"search_term_string\"}}],\"inLanguage\":\"es\"},{\"@type\":\"Person\",\"@id\":\"https:\/\/puertointerior.guanajuato.gob.mx\/blog\/#\/schema\/person\/f4851bb8a48c32d7fba5285caf4ef1c4\",\"name\":\"GPI NEWS\",\"image\":{\"@type\":\"ImageObject\",\"inLanguage\":\"es\",\"@id\":\"https:\/\/puertointerior.guanajuato.gob.mx\/blog\/#\/schema\/person\/image\/\",\"url\":\"https:\/\/secure.gravatar.com\/avatar\/612aca53a708cefc5ebe15ab0bc63c51a8ba58563e45c17848fa400e627e2717?s=96&d=mm&r=g\",\"contentUrl\":\"https:\/\/secure.gravatar.com\/avatar\/612aca53a708cefc5ebe15ab0bc63c51a8ba58563e45c17848fa400e627e2717?s=96&d=mm&r=g\",\"caption\":\"GPI NEWS\"},\"url\":\"https:\/\/puertointerior.guanajuato.gob.mx\/blog\/author\/rafa-jacinto\/\"}]}<\/script>\n<!-- \/ Yoast SEO plugin. -->","yoast_head_json":{"title":"Profesi\u00f3n log\u00edstica: qu\u00e9 se necesita para entrar, qu\u00e9 se necesita para crecer - Blog | GPI NEWS","robots":{"index":"index","follow":"follow","max-snippet":"max-snippet:-1","max-image-preview":"max-image-preview:large","max-video-preview":"max-video-preview:-1"},"canonical":"https:\/\/puertointerior.guanajuato.gob.mx\/blog\/2026\/04\/27\/profesion-logistica-que-se-necesita-para-entrar-que-se-necesita-para-crecer\/","og_locale":"es_MX","og_type":"article","og_title":"Profesi\u00f3n log\u00edstica: qu\u00e9 se necesita para entrar, qu\u00e9 se necesita para crecer - Blog | GPI NEWS","og_description":"Melina Rottchen, referente en recursos humanos, analiza la rotaci\u00f3n en el sector log\u00edstico, qu\u00e9 define a un buen l\u00edder de equipo y por qu\u00e9 la formaci\u00f3n t\u00e9cnica sigue siendo clave para crecer. \u201cLa gente sigue el ejemplo, no sigue t\u00edtulos\u201d. Con esa convicci\u00f3n, Melina recorre los desaf\u00edos de gestionar talento en el\u00a0sector log\u00edstico: desde la [&hellip;]","og_url":"https:\/\/puertointerior.guanajuato.gob.mx\/blog\/2026\/04\/27\/profesion-logistica-que-se-necesita-para-entrar-que-se-necesita-para-crecer\/","og_site_name":"Blog | GPI NEWS","article_published_time":"2026-04-27T17:06:57+00:00","article_modified_time":"2026-04-27T17:07:12+00:00","author":"GPI NEWS","twitter_card":"summary_large_image","twitter_misc":{"Escrito por":"GPI NEWS","Tiempo de lectura":"4 minutos"},"schema":{"@context":"https:\/\/schema.org","@graph":[{"@type":"WebPage","@id":"https:\/\/puertointerior.guanajuato.gob.mx\/blog\/2026\/04\/27\/profesion-logistica-que-se-necesita-para-entrar-que-se-necesita-para-crecer\/","url":"https:\/\/puertointerior.guanajuato.gob.mx\/blog\/2026\/04\/27\/profesion-logistica-que-se-necesita-para-entrar-que-se-necesita-para-crecer\/","name":"Profesi\u00f3n log\u00edstica: qu\u00e9 se necesita para entrar, qu\u00e9 se necesita para crecer - Blog | GPI NEWS","isPartOf":{"@id":"https:\/\/puertointerior.guanajuato.gob.mx\/blog\/#website"},"primaryImageOfPage":{"@id":"https:\/\/puertointerior.guanajuato.gob.mx\/blog\/2026\/04\/27\/profesion-logistica-que-se-necesita-para-entrar-que-se-necesita-para-crecer\/#primaryimage"},"image":{"@id":"https:\/\/puertointerior.guanajuato.gob.mx\/blog\/2026\/04\/27\/profesion-logistica-que-se-necesita-para-entrar-que-se-necesita-para-crecer\/#primaryimage"},"thumbnailUrl":"https:\/\/puertointerior.guanajuato.gob.mx\/blog\/wp-content\/uploads\/2026\/04\/LCMUUCBSMBG55P4ZU4BYUP4VSQ.avif","datePublished":"2026-04-27T17:06:57+00:00","dateModified":"2026-04-27T17:07:12+00:00","author":{"@id":"https:\/\/puertointerior.guanajuato.gob.mx\/blog\/#\/schema\/person\/f4851bb8a48c32d7fba5285caf4ef1c4"},"breadcrumb":{"@id":"https:\/\/puertointerior.guanajuato.gob.mx\/blog\/2026\/04\/27\/profesion-logistica-que-se-necesita-para-entrar-que-se-necesita-para-crecer\/#breadcrumb"},"inLanguage":"es","potentialAction":[{"@type":"ReadAction","target":["https:\/\/puertointerior.guanajuato.gob.mx\/blog\/2026\/04\/27\/profesion-logistica-que-se-necesita-para-entrar-que-se-necesita-para-crecer\/"]}]},{"@type":"ImageObject","inLanguage":"es","@id":"https:\/\/puertointerior.guanajuato.gob.mx\/blog\/2026\/04\/27\/profesion-logistica-que-se-necesita-para-entrar-que-se-necesita-para-crecer\/#primaryimage","url":"https:\/\/puertointerior.guanajuato.gob.mx\/blog\/wp-content\/uploads\/2026\/04\/LCMUUCBSMBG55P4ZU4BYUP4VSQ.avif","contentUrl":"https:\/\/puertointerior.guanajuato.gob.mx\/blog\/wp-content\/uploads\/2026\/04\/LCMUUCBSMBG55P4ZU4BYUP4VSQ.avif","width":992,"height":558},{"@type":"BreadcrumbList","@id":"https:\/\/puertointerior.guanajuato.gob.mx\/blog\/2026\/04\/27\/profesion-logistica-que-se-necesita-para-entrar-que-se-necesita-para-crecer\/#breadcrumb","itemListElement":[{"@type":"ListItem","position":1,"name":"Inicio","item":"https:\/\/puertointerior.guanajuato.gob.mx\/blog\/"},{"@type":"ListItem","position":2,"name":"Profesi\u00f3n log\u00edstica: qu\u00e9 se necesita para entrar, qu\u00e9 se necesita para crecer"}]},{"@type":"WebSite","@id":"https:\/\/puertointerior.guanajuato.gob.mx\/blog\/#website","url":"https:\/\/puertointerior.guanajuato.gob.mx\/blog\/","name":"Blog | GPI NEWS","description":"Guanajuato Puerto Interior","potentialAction":[{"@type":"SearchAction","target":{"@type":"EntryPoint","urlTemplate":"https:\/\/puertointerior.guanajuato.gob.mx\/blog\/?s={search_term_string}"},"query-input":{"@type":"PropertyValueSpecification","valueRequired":true,"valueName":"search_term_string"}}],"inLanguage":"es"},{"@type":"Person","@id":"https:\/\/puertointerior.guanajuato.gob.mx\/blog\/#\/schema\/person\/f4851bb8a48c32d7fba5285caf4ef1c4","name":"GPI NEWS","image":{"@type":"ImageObject","inLanguage":"es","@id":"https:\/\/puertointerior.guanajuato.gob.mx\/blog\/#\/schema\/person\/image\/","url":"https:\/\/secure.gravatar.com\/avatar\/612aca53a708cefc5ebe15ab0bc63c51a8ba58563e45c17848fa400e627e2717?s=96&d=mm&r=g","contentUrl":"https:\/\/secure.gravatar.com\/avatar\/612aca53a708cefc5ebe15ab0bc63c51a8ba58563e45c17848fa400e627e2717?s=96&d=mm&r=g","caption":"GPI NEWS"},"url":"https:\/\/puertointerior.guanajuato.gob.mx\/blog\/author\/rafa-jacinto\/"}]}},"jetpack_featured_media_url":"https:\/\/puertointerior.guanajuato.gob.mx\/blog\/wp-content\/uploads\/2026\/04\/LCMUUCBSMBG55P4ZU4BYUP4VSQ.avif","jetpack_sharing_enabled":true,"jetpack_shortlink":"https:\/\/wp.me\/pcnMPA-6pI","_links":{"self":[{"href":"https:\/\/puertointerior.guanajuato.gob.mx\/blog\/wp-json\/wp\/v2\/posts\/24658","targetHints":{"allow":["GET"]}}],"collection":[{"href":"https:\/\/puertointerior.guanajuato.gob.mx\/blog\/wp-json\/wp\/v2\/posts"}],"about":[{"href":"https:\/\/puertointerior.guanajuato.gob.mx\/blog\/wp-json\/wp\/v2\/types\/post"}],"author":[{"embeddable":true,"href":"https:\/\/puertointerior.guanajuato.gob.mx\/blog\/wp-json\/wp\/v2\/users\/2"}],"replies":[{"embeddable":true,"href":"https:\/\/puertointerior.guanajuato.gob.mx\/blog\/wp-json\/wp\/v2\/comments?post=24658"}],"version-history":[{"count":1,"href":"https:\/\/puertointerior.guanajuato.gob.mx\/blog\/wp-json\/wp\/v2\/posts\/24658\/revisions"}],"predecessor-version":[{"id":24660,"href":"https:\/\/puertointerior.guanajuato.gob.mx\/blog\/wp-json\/wp\/v2\/posts\/24658\/revisions\/24660"}],"wp:featuredmedia":[{"embeddable":true,"href":"https:\/\/puertointerior.guanajuato.gob.mx\/blog\/wp-json\/wp\/v2\/media\/24659"}],"wp:attachment":[{"href":"https:\/\/puertointerior.guanajuato.gob.mx\/blog\/wp-json\/wp\/v2\/media?parent=24658"}],"wp:term":[{"taxonomy":"category","embeddable":true,"href":"https:\/\/puertointerior.guanajuato.gob.mx\/blog\/wp-json\/wp\/v2\/categories?post=24658"},{"taxonomy":"post_tag","embeddable":true,"href":"https:\/\/puertointerior.guanajuato.gob.mx\/blog\/wp-json\/wp\/v2\/tags?post=24658"}],"curies":[{"name":"wp","href":"https:\/\/api.w.org\/{rel}","templated":true}]}}