{"id":24673,"date":"2026-04-28T11:00:46","date_gmt":"2026-04-28T16:00:46","guid":{"rendered":"https:\/\/puertointerior.guanajuato.gob.mx\/blog\/?p=24673"},"modified":"2026-04-28T11:00:46","modified_gmt":"2026-04-28T16:00:46","slug":"guanajuato-se-perfila-como-hub-de-manufactura-avanzada-en-industria-automotriz","status":"publish","type":"post","link":"https:\/\/puertointerior.guanajuato.gob.mx\/blog\/2026\/04\/28\/guanajuato-se-perfila-como-hub-de-manufactura-avanzada-en-industria-automotriz\/","title":{"rendered":"Guanajuato se perfila como hub de manufactura avanzada en industria automotriz"},"content":{"rendered":"<p style=\"text-align: justify\">El sector enfrenta una reestructuraci\u00f3n global con cambios en manufactura y energ\u00eda.<\/p>\n<p style=\"text-align: justify\"><span class=\"AnnotatedMarkup-module-scss-module__Fm5DXG__drop-caps\">L<\/span>e\u00f3n, Gto. La\u00a0<b class=\"bold\">industria automotriz en Guanajuato<\/b>\u00a0atraviesa un proceso de transformaci\u00f3n global que impacta desde las cadenas de suministro hasta la fabricaci\u00f3n de veh\u00edculos, con cambios que marcar\u00e1n su desarrollo en los pr\u00f3ximos a\u00f1os.<\/p>\n<p style=\"text-align: justify\">En este contexto, el director general del\u00a0<b class=\"bold\">Cl\u00faster Automotriz de Guanajuato<\/b>\u00a0(CLAUGTO), Alfredo Arzola, manifest\u00f3 que actualmente, el sector\u00a0<b class=\"bold\">automotor local<\/b>\u00a0vive una reconfiguraci\u00f3n a nivel mundial, donde no solo se ajustan las cadenas de suministro, sino tambi\u00e9n la forma en que se dise\u00f1an y producen los veh\u00edculos.<\/p>\n<p class=\"Typography-module-scss-module__vrMMka__text-default Typography-module-scss-module__vrMMka__weight-normal Typography-module-scss-module__vrMMka__text-default Typography-module-scss-module__vrMMka__weight-normal\" style=\"text-align: justify\">Por lo que este proceso implica una evoluci\u00f3n hacia unidades m\u00e1s complejas, lo que obliga a modificar los sistemas tradicionales de manufactura y adaptarlos a nuevas exigencias tecnol\u00f3gicas.<\/p>\n<blockquote>\n<p class=\"Typography-module-scss-module__vrMMka__text-default Typography-module-scss-module__vrMMka__weight-normal Typography-module-scss-module__vrMMka__text-default Typography-module-scss-module__vrMMka__weight-normal\" style=\"text-align: justify\">\u201c<i class=\"italic\">Hoy la industria atraviesa un proceso de\u00a0<b class=\"bold\">reestructuraci\u00f3n global<\/b>\u00a0donde se replantean las cadenas de suministro. El veh\u00edculo se vuelve m\u00e1s complejo y requiere un sistema diferente de manufactura<\/i>\u201d, dijo.<\/p>\n<\/blockquote>\n<p class=\"Typography-module-scss-module__vrMMka__text-default Typography-module-scss-module__vrMMka__weight-normal Typography-module-scss-module__vrMMka__text-default Typography-module-scss-module__vrMMka__weight-normal\" style=\"text-align: justify\">Adem\u00e1s, se\u00f1al\u00f3 que actualmente se vive un ciclo de adaptaci\u00f3n tecnol\u00f3gica que ocurre cada tres o cuatro a\u00f1os, periodo en el que se integran nuevas herramientas y liderazgos en los procesos productivos dentro de M\u00e9xico, sin importar la marca o ensambladora.<\/p>\n<h3 class=\"Typography-module-scss-module__vrMMka__text-xl Typography-module-scss-module__vrMMka__weight-normal SubHead-module-scss-module__HbmEHG__sub-head\" style=\"text-align: justify\">Nuevas tecnolog\u00edas y automatizaci\u00f3n<\/h3>\n<p class=\"Typography-module-scss-module__vrMMka__text-default Typography-module-scss-module__vrMMka__weight-normal Typography-module-scss-module__vrMMka__text-default Typography-module-scss-module__vrMMka__weight-normal\" style=\"text-align: justify\">Manifest\u00f3 que el desarrollo tecnol\u00f3gico ser\u00e1 uno de los principales motores de cambio en la\u00a0<b class=\"bold\">industria automotriz<\/b>, especialmente con la llegada de nuevas herramientas y procesos que transformar\u00e1n la producci\u00f3n en los pr\u00f3ximos a\u00f1os.<\/p>\n<p class=\"Typography-module-scss-module__vrMMka__text-default Typography-module-scss-module__vrMMka__weight-normal Typography-module-scss-module__vrMMka__text-default Typography-module-scss-module__vrMMka__weight-normal\" style=\"text-align: justify\">Este avance incluye la incorporaci\u00f3n de sistemas m\u00e1s sofisticados y la evoluci\u00f3n constante de los modelos de fabricaci\u00f3n.<\/p>\n<p class=\"Typography-module-scss-module__vrMMka__text-default Typography-module-scss-module__vrMMka__weight-normal Typography-module-scss-module__vrMMka__text-default Typography-module-scss-module__vrMMka__weight-normal\" style=\"text-align: justify\">En ese sentido, Alfredo Arzola indic\u00f3 que a partir de 2030 se prev\u00e9 un impulso importante en\u00a0<b class=\"bold\">tecnolog\u00edas relacionadas con la autonom\u00eda de los veh\u00edculos<\/b>, las cuales ya forman parte del enfoque de las ensambladoras a nivel global.<\/p>\n<blockquote>\n<p class=\"Typography-module-scss-module__vrMMka__text-default Typography-module-scss-module__vrMMka__weight-normal Typography-module-scss-module__vrMMka__text-default Typography-module-scss-module__vrMMka__weight-normal\" style=\"text-align: justify\">\u201c<i class=\"italic\">Viene un proceso muy fuerte de dinamizar la parte aut\u00f3noma del veh\u00edculo. Las ensambladoras integran este ADN y veremos nuevas tecnolog\u00edas en los procesos de manufactura en M\u00e9xico<\/i>\u201d, asegur\u00f3.<\/p>\n<\/blockquote>\n<p class=\"Typography-module-scss-module__vrMMka__text-default Typography-module-scss-module__vrMMka__weight-normal Typography-module-scss-module__vrMMka__text-default Typography-module-scss-module__vrMMka__weight-normal\" style=\"text-align: justify\">Destac\u00f3 que en los pr\u00f3ximos tres a\u00f1os se observar\u00e1 la integraci\u00f3n de manufactura avanzada en Am\u00e9rica del Norte, as\u00ed como una mayor automatizaci\u00f3n en los procesos productivos, lo que marcar\u00e1 una evoluci\u00f3n importante en la industria.<\/p>\n<h3 class=\"Typography-module-scss-module__vrMMka__text-xl Typography-module-scss-module__vrMMka__weight-normal SubHead-module-scss-module__HbmEHG__sub-head\" style=\"text-align: justify\">Reformas y competitividad<\/h3>\n<p class=\"Typography-module-scss-module__vrMMka__text-default Typography-module-scss-module__vrMMka__weight-normal Typography-module-scss-module__vrMMka__text-default Typography-module-scss-module__vrMMka__weight-normal\" style=\"text-align: justify\">Adem\u00e1s,\u00a0el entorno de la\u00a0<b class=\"bold\">industria automotriz<\/b>\u00a0tambi\u00e9n estar\u00e1 determinado por factores como el consumo de energ\u00eda y los cambios en el marco laboral, ya que estas variables influir\u00e1n directamente en la competitividad de las empresas y en su capacidad para adaptarse a un entorno m\u00e1s exigente.<\/p>\n<p class=\"Typography-module-scss-module__vrMMka__text-default Typography-module-scss-module__vrMMka__weight-normal Typography-module-scss-module__vrMMka__text-default Typography-module-scss-module__vrMMka__weight-normal\" style=\"text-align: justify\">Al respecto, Alfredo Arzola se\u00f1al\u00f3 que el consumo energ\u00e9tico ser\u00e1 un elemento clave, al igual que la implementaci\u00f3n de nuevas reformas laborales tanto en M\u00e9xico como en el marco de la renegociaci\u00f3n del\u00a0<b class=\"bold\">Tratado entre M\u00e9xico, Estados Unidos y Canad\u00e1 (T-MEC)<\/b>, lo que obligar\u00e1 a las empresas a ajustarse a nuevas condiciones.<\/p>\n<p style=\"text-align: justify\"><img decoding=\"async\" src=\"https:\/\/oem.com.mx\/elsoldeleon\/img\/29604822\/1776791526\/BASE_LANDSCAPE\/1200\/image.webp\" alt=\"Alfredo Arzola, director general del CLAUGTO\" \/><span class=\"Typography-module-scss-module__vrMMka__text-default Typography-module-scss-module__vrMMka__weight-normal Typography-module-scss-module__vrMMka__text-xs Typography-module-scss-module__vrMMka__weight-normal\"><b class=\"bold\">Alfredo Arzola, director general del CLAUGTO<\/b><\/span>\u00a0\/\u00a0<span class=\"Typography-module-scss-module__vrMMka__text-default Typography-module-scss-module__vrMMka__weight-normal Typography-module-scss-module__vrMMka__text-xs Typography-module-scss-module__vrMMka__weight-normal\">Mary E. Castro<\/span><\/p>\n<blockquote>\n<p class=\"Typography-module-scss-module__vrMMka__text-default Typography-module-scss-module__vrMMka__weight-normal Typography-module-scss-module__vrMMka__text-default Typography-module-scss-module__vrMMka__weight-normal\" style=\"text-align: justify\">\u201c<i class=\"italic\">Veremos automatizaci\u00f3n amplia, el consumo de energ\u00eda como variable de competitividad y nuevas reformas laborales en el marco del T-MEC que llevar\u00e1n a una industria m\u00e1s preparada\u201d<\/i>, coment\u00f3.<\/p>\n<\/blockquote>\n<p class=\"Typography-module-scss-module__vrMMka__text-default Typography-module-scss-module__vrMMka__weight-normal Typography-module-scss-module__vrMMka__text-default Typography-module-scss-module__vrMMka__weight-normal\" style=\"text-align: justify\">Asegurando que estos cambios permitir\u00e1n visualizar un sector m\u00e1s competitivo, con mayor capacidad de adaptaci\u00f3n ante un entorno tecnol\u00f3gico cada vez m\u00e1s complejo.<\/p>\n<h3 class=\"Typography-module-scss-module__vrMMka__text-xl Typography-module-scss-module__vrMMka__weight-normal SubHead-module-scss-module__HbmEHG__sub-head\" style=\"text-align: justify\">Hub de manufactura avanzada<\/h3>\n<p class=\"Typography-module-scss-module__vrMMka__text-default Typography-module-scss-module__vrMMka__weight-normal Typography-module-scss-module__vrMMka__text-default Typography-module-scss-module__vrMMka__weight-normal\" style=\"text-align: justify\">Dentro de este panorama, afirm\u00f3 que Guanajuato se consolida como un punto estrat\u00e9gico para la manufactura avanzada en la regi\u00f3n, por su desarrollo industrial y la implementaci\u00f3n de nuevos procesos lo posicionan como un actor relevante en la\u00a0<b class=\"bold\">industria automotriz<\/b>.<\/p>\n<p class=\"Typography-module-scss-module__vrMMka__text-default Typography-module-scss-module__vrMMka__weight-normal Typography-module-scss-module__vrMMka__text-default Typography-module-scss-module__vrMMka__weight-normal\" style=\"text-align: justify\">El director general del\u00a0<b class=\"bold\">CLAUGTO\u00a0<\/b>afirm\u00f3 que el estado se perfila como un centro clave de producci\u00f3n, con perspectivas positivas en los pr\u00f3ximos a\u00f1os impulsadas por la llegada de inversiones, pero a su vez, estas expectativas est\u00e1n sujetas a la definici\u00f3n de variables geopol\u00edticas, que influir\u00e1n en la din\u00e1mica de inversi\u00f3n y en la consolidaci\u00f3n del sector en el pa\u00eds.<\/p>\n<blockquote>\n<p class=\"Typography-module-scss-module__vrMMka__text-default Typography-module-scss-module__vrMMka__weight-normal Typography-module-scss-module__vrMMka__text-default Typography-module-scss-module__vrMMka__weight-normal\" style=\"text-align: justify\"><i class=\"italic\">\u201cGuanajuato se convierte en un\u00a0<b class=\"bold\">hub de manufactura avanzada<\/b>. Para 2027 se visualizan indicadores positivos y nuevas inversiones en M\u00e9xico\u201d<\/i>, asegur\u00f3.<\/p>\n<\/blockquote>\n<h3 class=\"Typography-module-scss-module__vrMMka__text-xl Typography-module-scss-module__vrMMka__weight-normal SubHead-module-scss-module__HbmEHG__sub-head\" style=\"text-align: justify\">Capacitaci\u00f3n y fortalecimiento del talento<\/h3>\n<p class=\"Typography-module-scss-module__vrMMka__text-default Typography-module-scss-module__vrMMka__weight-normal Typography-module-scss-module__vrMMka__text-default Typography-module-scss-module__vrMMka__weight-normal\" style=\"text-align: justify\">Ante este panorama, el desarrollo de talento es un elemento fundamental para sostener el crecimiento de la\u00a0<b class=\"bold\">industria automotriz<\/b>\u00a0en el estado, por lo que la formaci\u00f3n t\u00e9cnica y la capacitaci\u00f3n constante permiten responder a las nuevas demandas del sector productivo.<\/p>\n<p class=\"Typography-module-scss-module__vrMMka__text-default Typography-module-scss-module__vrMMka__weight-normal Typography-module-scss-module__vrMMka__text-default Typography-module-scss-module__vrMMka__weight-normal\" style=\"text-align: justify\">En este sentido, Salom\u00f3n Ceballos Ochoa, director general del Instituto Estatal de Capacitaci\u00f3n (IECA), explic\u00f3 que existe un sistema de capacitaci\u00f3n permanente en Guanajuato, con cobertura en distintos sectores y presencia en m\u00faltiples municipios.<\/p>\n<blockquote>\n<p class=\"Typography-module-scss-module__vrMMka__text-default Typography-module-scss-module__vrMMka__weight-normal Typography-module-scss-module__vrMMka__text-default Typography-module-scss-module__vrMMka__weight-normal\" style=\"text-align: justify\">\u201c<i class=\"italic\">Se tiene capacitaci\u00f3n en 32 campos formativos y una red de m\u00e1s de mil instructores certificados que elevan el nivel de la mano de obra en Guanajuato\u201d<\/i>, expres\u00f3.<\/p>\n<\/blockquote>\n<p class=\"Typography-module-scss-module__vrMMka__text-default Typography-module-scss-module__vrMMka__weight-normal Typography-module-scss-module__vrMMka__text-default Typography-module-scss-module__vrMMka__weight-normal\" style=\"text-align: justify\">Detall\u00f3 que esta formaci\u00f3n se ofrece a\u00a0<b class=\"bold\">trav\u00e9s de distintos programas que permiten mejorar las habilidades de los trabajadores<\/b>\u00a0y adaptarlos a los requerimientos actuales de la industria.<\/p>\n<h3 class=\"Typography-module-scss-module__vrMMka__text-xl Typography-module-scss-module__vrMMka__weight-normal SubHead-module-scss-module__HbmEHG__sub-head\" style=\"text-align: justify\">Formaci\u00f3n r\u00e1pida y accesible<\/h3>\n<p class=\"Typography-module-scss-module__vrMMka__text-default Typography-module-scss-module__vrMMka__weight-normal Typography-module-scss-module__vrMMka__text-default Typography-module-scss-module__vrMMka__weight-normal\" style=\"text-align: justify\">Uno de los aspectos destacados del modelo de\u00a0<b class=\"bold\">capacitaci\u00f3n\u00a0<\/b>es la posibilidad de formar mano de obra calificada en periodos cortos, lo que facilita la incorporaci\u00f3n de trabajadores al sector industrial en menor tiempo.<\/p>\n<p class=\"Typography-module-scss-module__vrMMka__text-default Typography-module-scss-module__vrMMka__weight-normal Typography-module-scss-module__vrMMka__text-default Typography-module-scss-module__vrMMka__weight-normal\" style=\"text-align: justify\"><b class=\"bold\">Salom\u00f3n Ceballos Ochoa<\/b>\u00a0se\u00f1al\u00f3 que los programas pueden ir desde cursos breves hasta capacitaciones m\u00e1s extensas, lo que permite cubrir las necesidades del mercado laboral de manera \u00e1gil, por lo que esta estrategia permite incluir a j\u00f3venes sin estudios previos, quienes pueden adquirir habilidades t\u00e9cnicas y acceder a oportunidades laborales dentro de la industria.<\/p>\n<blockquote>\n<p class=\"Typography-module-scss-module__vrMMka__text-default Typography-module-scss-module__vrMMka__weight-normal Typography-module-scss-module__vrMMka__text-default Typography-module-scss-module__vrMMka__weight-normal\" style=\"text-align: justify\">\u201cS<i class=\"italic\">e pueden tomar cursos desde 8 horas hasta programas de 220 horas. En semanas se puede tener mano de obra calificada sin esperar a\u00f1os de formaci\u00f3n<\/i>\u201d, coment\u00f3.<\/p>\n<\/blockquote>\n<h3 class=\"Typography-module-scss-module__vrMMka__text-xl Typography-module-scss-module__vrMMka__weight-normal SubHead-module-scss-module__HbmEHG__sub-head\" style=\"text-align: justify\">Talento con alcance<\/h3>\n<p class=\"Typography-module-scss-module__vrMMka__text-default Typography-module-scss-module__vrMMka__weight-normal Typography-module-scss-module__vrMMka__text-default Typography-module-scss-module__vrMMka__weight-normal\" style=\"text-align: justify\">Adem\u00e1s, el talento formado en\u00a0<b class=\"bold\">Guanajuato\u00a0<\/b>ha logrado posicionarse como un referente, no solo dentro del estado, sino tambi\u00e9n en otras regiones del pa\u00eds e incluso en el extranjero, expresando que se debe a la calidad de la capacitaci\u00f3n y a la vinculaci\u00f3n con el sector empresarial.<\/p>\n<p class=\"Typography-module-scss-module__vrMMka__text-default Typography-module-scss-module__vrMMka__weight-normal Typography-module-scss-module__vrMMka__text-default Typography-module-scss-module__vrMMka__weight-normal\" style=\"text-align: justify\">Destac\u00f3 que tanto estudiantes como instructores participan en procesos de formaci\u00f3n fuera de Guanajuato, lo que refleja el nivel alcanzado en la entidad.<\/p>\n<blockquote>\n<p class=\"Typography-module-scss-module__vrMMka__text-default Typography-module-scss-module__vrMMka__weight-normal Typography-module-scss-module__vrMMka__text-default Typography-module-scss-module__vrMMka__weight-normal\" style=\"text-align: justify\">\u201c<b class=\"bold\"><i class=\"italic\">El talento en Guanajuato es referente nacional.<\/i><\/b>\u00a0Instructores del IECA capacitan en Estados Unidos, en Espa\u00f1a y en otros pa\u00edses del mundo\u201d, expres\u00f3.<\/p>\n<\/blockquote>\n<p class=\"Typography-module-scss-module__vrMMka__text-default Typography-module-scss-module__vrMMka__weight-normal Typography-module-scss-module__vrMMka__text-default Typography-module-scss-module__vrMMka__weight-normal\" style=\"text-align: justify\">Subray\u00f3 la importancia de la relaci\u00f3n con empresas del sector automotriz, donde se mantiene una capacitaci\u00f3n constante durante todo el a\u00f1o.<\/p>\n<h3 class=\"Typography-module-scss-module__vrMMka__text-xl Typography-module-scss-module__vrMMka__weight-normal SubHead-module-scss-module__HbmEHG__sub-head\" style=\"text-align: justify\">Especializaci\u00f3n<\/h3>\n<p class=\"Typography-module-scss-module__vrMMka__text-default Typography-module-scss-module__vrMMka__weight-normal Typography-module-scss-module__vrMMka__text-default Typography-module-scss-module__vrMMka__weight-normal\" style=\"text-align: justify\">Finalmente, destac\u00f3 que la percepci\u00f3n de M\u00e9xico como un pa\u00eds de mano de obra barata ha cambiado, debido a las exigencias actuales de la industria y a la evoluci\u00f3n del talento en el pa\u00eds.<\/p>\n<p class=\"Typography-module-scss-module__vrMMka__text-default Typography-module-scss-module__vrMMka__weight-normal Typography-module-scss-module__vrMMka__text-default Typography-module-scss-module__vrMMka__weight-normal\" style=\"text-align: justify\">Salom\u00f3n Ceballos Ochoa afirm\u00f3 que el nivel de especializaci\u00f3n ha sido clave para que M\u00e9xico compita en mercados internacionales y deje atr\u00e1s esa idea.<\/p>\n<blockquote>\n<p class=\"Typography-module-scss-module__vrMMka__text-default Typography-module-scss-module__vrMMka__weight-normal Typography-module-scss-module__vrMMka__text-default Typography-module-scss-module__vrMMka__weight-normal\" style=\"text-align: justify\">\u201c<i class=\"italic\">Ya no es mano de obra barata. Los est\u00e1ndares internacionales<b class=\"bold\">\u00a0exigen especializaci\u00f3n y M\u00e9xico ha apostado por ello<\/b>\u00a0desde hace a\u00f1os. Vamos por m\u00e1s especializaci\u00f3n para competir en las grandes ligas<\/i>\u201d,<\/p>\n<\/blockquote>\n<p style=\"text-align: justify\">Concluy\u00f3 diciendo que este cambio refleja una transici\u00f3n hacia una industria m\u00e1s preparada, con personal capacitado para enfrentar los retos tecnol\u00f3gicos y productivos del futuro.<\/p>\n<p style=\"text-align: justify\">Publicado originalmente por:\u00a0<a href=\"https:\/\/oem.com.mx\/elsoldeleon\/local\/guanajuato-como-hub-de-manufactura-avanzada-el-futuro-de-la-industria-automotriz-29697316\">https:\/\/oem.com.mx\/elsoldeleon\/local\/guanajuato-como-hub-de-manufactura-avanzada-el-futuro-de-la-industria-automotriz-29697316<\/a><\/p>\n","protected":false},"excerpt":{"rendered":"<p>El sector enfrenta una reestructuraci\u00f3n global con cambios en manufactura y energ\u00eda. Le\u00f3n, Gto. La\u00a0industria automotriz en Guanajuato\u00a0atraviesa un proceso de transformaci\u00f3n global que impacta desde las cadenas de suministro hasta la fabricaci\u00f3n de veh\u00edculos, con cambios que marcar\u00e1n su desarrollo en los pr\u00f3ximos a\u00f1os. En este contexto, el director general del\u00a0Cl\u00faster Automotriz de Guanajuato\u00a0(CLAUGTO), [&hellip;]<\/p>\n","protected":false},"author":2,"featured_media":24674,"comment_status":"closed","ping_status":"open","sticky":false,"template":"","format":"standard","meta":{"jetpack_post_was_ever_published":false,"_jetpack_newsletter_access":"","_jetpack_dont_email_post_to_subs":false,"_jetpack_newsletter_tier_id":0,"_jetpack_memberships_contains_paywalled_content":false,"_jetpack_memberships_contains_paid_content":false,"footnotes":""},"categories":[20],"tags":[],"class_list":["post-24673","post","type-post","status-publish","format-standard","has-post-thumbnail","hentry","category-economic-development"],"yoast_head":"<!-- This site is optimized with the Yoast SEO plugin v25.7 - https:\/\/yoast.com\/wordpress\/plugins\/seo\/ -->\n<title>Guanajuato se perfila como hub de manufactura avanzada en industria automotriz - Blog | GPI NEWS<\/title>\n<meta name=\"robots\" content=\"index, follow, max-snippet:-1, max-image-preview:large, max-video-preview:-1\" \/>\n<link rel=\"canonical\" href=\"https:\/\/puertointerior.guanajuato.gob.mx\/blog\/2026\/04\/28\/guanajuato-se-perfila-como-hub-de-manufactura-avanzada-en-industria-automotriz\/\" \/>\n<meta property=\"og:locale\" content=\"es_MX\" \/>\n<meta property=\"og:type\" content=\"article\" \/>\n<meta property=\"og:title\" content=\"Guanajuato se perfila como hub de manufactura avanzada en industria automotriz - Blog | GPI NEWS\" \/>\n<meta property=\"og:description\" content=\"El sector enfrenta una reestructuraci\u00f3n global con cambios en manufactura y energ\u00eda. Le\u00f3n, Gto. La\u00a0industria automotriz en Guanajuato\u00a0atraviesa un proceso de transformaci\u00f3n global que impacta desde las cadenas de suministro hasta la fabricaci\u00f3n de veh\u00edculos, con cambios que marcar\u00e1n su desarrollo en los pr\u00f3ximos a\u00f1os. En este contexto, el director general del\u00a0Cl\u00faster Automotriz de Guanajuato\u00a0(CLAUGTO), [&hellip;]\" \/>\n<meta property=\"og:url\" content=\"https:\/\/puertointerior.guanajuato.gob.mx\/blog\/2026\/04\/28\/guanajuato-se-perfila-como-hub-de-manufactura-avanzada-en-industria-automotriz\/\" \/>\n<meta property=\"og:site_name\" content=\"Blog | GPI NEWS\" \/>\n<meta property=\"article:published_time\" content=\"2026-04-28T16:00:46+00:00\" \/>\n<meta property=\"og:image\" content=\"https:\/\/puertointerior.guanajuato.gob.mx\/blog\/wp-content\/uploads\/2026\/04\/image-2026-04-28T095526.735.webp\" \/>\n\t<meta property=\"og:image:width\" content=\"1200\" \/>\n\t<meta property=\"og:image:height\" content=\"675\" \/>\n\t<meta property=\"og:image:type\" content=\"image\/webp\" \/>\n<meta name=\"author\" content=\"GPI NEWS\" \/>\n<meta name=\"twitter:card\" content=\"summary_large_image\" \/>\n<meta name=\"twitter:label1\" content=\"Escrito por\" \/>\n\t<meta name=\"twitter:data1\" content=\"GPI NEWS\" \/>\n\t<meta name=\"twitter:label2\" content=\"Tiempo de lectura\" \/>\n\t<meta name=\"twitter:data2\" content=\"1 minuto\" \/>\n<script type=\"application\/ld+json\" class=\"yoast-schema-graph\">{\"@context\":\"https:\/\/schema.org\",\"@graph\":[{\"@type\":\"WebPage\",\"@id\":\"https:\/\/puertointerior.guanajuato.gob.mx\/blog\/2026\/04\/28\/guanajuato-se-perfila-como-hub-de-manufactura-avanzada-en-industria-automotriz\/\",\"url\":\"https:\/\/puertointerior.guanajuato.gob.mx\/blog\/2026\/04\/28\/guanajuato-se-perfila-como-hub-de-manufactura-avanzada-en-industria-automotriz\/\",\"name\":\"Guanajuato se perfila como hub de manufactura avanzada en industria automotriz - Blog | GPI NEWS\",\"isPartOf\":{\"@id\":\"https:\/\/puertointerior.guanajuato.gob.mx\/blog\/#website\"},\"primaryImageOfPage\":{\"@id\":\"https:\/\/puertointerior.guanajuato.gob.mx\/blog\/2026\/04\/28\/guanajuato-se-perfila-como-hub-de-manufactura-avanzada-en-industria-automotriz\/#primaryimage\"},\"image\":{\"@id\":\"https:\/\/puertointerior.guanajuato.gob.mx\/blog\/2026\/04\/28\/guanajuato-se-perfila-como-hub-de-manufactura-avanzada-en-industria-automotriz\/#primaryimage\"},\"thumbnailUrl\":\"https:\/\/puertointerior.guanajuato.gob.mx\/blog\/wp-content\/uploads\/2026\/04\/image-2026-04-28T095526.735.webp\",\"datePublished\":\"2026-04-28T16:00:46+00:00\",\"author\":{\"@id\":\"https:\/\/puertointerior.guanajuato.gob.mx\/blog\/#\/schema\/person\/f4851bb8a48c32d7fba5285caf4ef1c4\"},\"breadcrumb\":{\"@id\":\"https:\/\/puertointerior.guanajuato.gob.mx\/blog\/2026\/04\/28\/guanajuato-se-perfila-como-hub-de-manufactura-avanzada-en-industria-automotriz\/#breadcrumb\"},\"inLanguage\":\"es\",\"potentialAction\":[{\"@type\":\"ReadAction\",\"target\":[\"https:\/\/puertointerior.guanajuato.gob.mx\/blog\/2026\/04\/28\/guanajuato-se-perfila-como-hub-de-manufactura-avanzada-en-industria-automotriz\/\"]}]},{\"@type\":\"ImageObject\",\"inLanguage\":\"es\",\"@id\":\"https:\/\/puertointerior.guanajuato.gob.mx\/blog\/2026\/04\/28\/guanajuato-se-perfila-como-hub-de-manufactura-avanzada-en-industria-automotriz\/#primaryimage\",\"url\":\"https:\/\/puertointerior.guanajuato.gob.mx\/blog\/wp-content\/uploads\/2026\/04\/image-2026-04-28T095526.735.webp\",\"contentUrl\":\"https:\/\/puertointerior.guanajuato.gob.mx\/blog\/wp-content\/uploads\/2026\/04\/image-2026-04-28T095526.735.webp\",\"width\":1200,\"height\":675},{\"@type\":\"BreadcrumbList\",\"@id\":\"https:\/\/puertointerior.guanajuato.gob.mx\/blog\/2026\/04\/28\/guanajuato-se-perfila-como-hub-de-manufactura-avanzada-en-industria-automotriz\/#breadcrumb\",\"itemListElement\":[{\"@type\":\"ListItem\",\"position\":1,\"name\":\"Inicio\",\"item\":\"https:\/\/puertointerior.guanajuato.gob.mx\/blog\/\"},{\"@type\":\"ListItem\",\"position\":2,\"name\":\"Guanajuato se perfila como hub de manufactura avanzada en industria automotriz\"}]},{\"@type\":\"WebSite\",\"@id\":\"https:\/\/puertointerior.guanajuato.gob.mx\/blog\/#website\",\"url\":\"https:\/\/puertointerior.guanajuato.gob.mx\/blog\/\",\"name\":\"Blog | GPI NEWS\",\"description\":\"Guanajuato Puerto Interior\",\"potentialAction\":[{\"@type\":\"SearchAction\",\"target\":{\"@type\":\"EntryPoint\",\"urlTemplate\":\"https:\/\/puertointerior.guanajuato.gob.mx\/blog\/?s={search_term_string}\"},\"query-input\":{\"@type\":\"PropertyValueSpecification\",\"valueRequired\":true,\"valueName\":\"search_term_string\"}}],\"inLanguage\":\"es\"},{\"@type\":\"Person\",\"@id\":\"https:\/\/puertointerior.guanajuato.gob.mx\/blog\/#\/schema\/person\/f4851bb8a48c32d7fba5285caf4ef1c4\",\"name\":\"GPI NEWS\",\"image\":{\"@type\":\"ImageObject\",\"inLanguage\":\"es\",\"@id\":\"https:\/\/puertointerior.guanajuato.gob.mx\/blog\/#\/schema\/person\/image\/\",\"url\":\"https:\/\/secure.gravatar.com\/avatar\/612aca53a708cefc5ebe15ab0bc63c51a8ba58563e45c17848fa400e627e2717?s=96&d=mm&r=g\",\"contentUrl\":\"https:\/\/secure.gravatar.com\/avatar\/612aca53a708cefc5ebe15ab0bc63c51a8ba58563e45c17848fa400e627e2717?s=96&d=mm&r=g\",\"caption\":\"GPI NEWS\"},\"url\":\"https:\/\/puertointerior.guanajuato.gob.mx\/blog\/author\/rafa-jacinto\/\"}]}<\/script>\n<!-- \/ Yoast SEO plugin. -->","yoast_head_json":{"title":"Guanajuato se perfila como hub de manufactura avanzada en industria automotriz - Blog | GPI NEWS","robots":{"index":"index","follow":"follow","max-snippet":"max-snippet:-1","max-image-preview":"max-image-preview:large","max-video-preview":"max-video-preview:-1"},"canonical":"https:\/\/puertointerior.guanajuato.gob.mx\/blog\/2026\/04\/28\/guanajuato-se-perfila-como-hub-de-manufactura-avanzada-en-industria-automotriz\/","og_locale":"es_MX","og_type":"article","og_title":"Guanajuato se perfila como hub de manufactura avanzada en industria automotriz - Blog | GPI NEWS","og_description":"El sector enfrenta una reestructuraci\u00f3n global con cambios en manufactura y energ\u00eda. Le\u00f3n, Gto. La\u00a0industria automotriz en Guanajuato\u00a0atraviesa un proceso de transformaci\u00f3n global que impacta desde las cadenas de suministro hasta la fabricaci\u00f3n de veh\u00edculos, con cambios que marcar\u00e1n su desarrollo en los pr\u00f3ximos a\u00f1os. En este contexto, el director general del\u00a0Cl\u00faster Automotriz de Guanajuato\u00a0(CLAUGTO), [&hellip;]","og_url":"https:\/\/puertointerior.guanajuato.gob.mx\/blog\/2026\/04\/28\/guanajuato-se-perfila-como-hub-de-manufactura-avanzada-en-industria-automotriz\/","og_site_name":"Blog | GPI NEWS","article_published_time":"2026-04-28T16:00:46+00:00","og_image":[{"width":1200,"height":675,"url":"https:\/\/puertointerior.guanajuato.gob.mx\/blog\/wp-content\/uploads\/2026\/04\/image-2026-04-28T095526.735.webp","type":"image\/webp"}],"author":"GPI NEWS","twitter_card":"summary_large_image","twitter_misc":{"Escrito por":"GPI NEWS","Tiempo de lectura":"1 minuto"},"schema":{"@context":"https:\/\/schema.org","@graph":[{"@type":"WebPage","@id":"https:\/\/puertointerior.guanajuato.gob.mx\/blog\/2026\/04\/28\/guanajuato-se-perfila-como-hub-de-manufactura-avanzada-en-industria-automotriz\/","url":"https:\/\/puertointerior.guanajuato.gob.mx\/blog\/2026\/04\/28\/guanajuato-se-perfila-como-hub-de-manufactura-avanzada-en-industria-automotriz\/","name":"Guanajuato se perfila como hub de manufactura avanzada en industria automotriz - Blog | GPI NEWS","isPartOf":{"@id":"https:\/\/puertointerior.guanajuato.gob.mx\/blog\/#website"},"primaryImageOfPage":{"@id":"https:\/\/puertointerior.guanajuato.gob.mx\/blog\/2026\/04\/28\/guanajuato-se-perfila-como-hub-de-manufactura-avanzada-en-industria-automotriz\/#primaryimage"},"image":{"@id":"https:\/\/puertointerior.guanajuato.gob.mx\/blog\/2026\/04\/28\/guanajuato-se-perfila-como-hub-de-manufactura-avanzada-en-industria-automotriz\/#primaryimage"},"thumbnailUrl":"https:\/\/puertointerior.guanajuato.gob.mx\/blog\/wp-content\/uploads\/2026\/04\/image-2026-04-28T095526.735.webp","datePublished":"2026-04-28T16:00:46+00:00","author":{"@id":"https:\/\/puertointerior.guanajuato.gob.mx\/blog\/#\/schema\/person\/f4851bb8a48c32d7fba5285caf4ef1c4"},"breadcrumb":{"@id":"https:\/\/puertointerior.guanajuato.gob.mx\/blog\/2026\/04\/28\/guanajuato-se-perfila-como-hub-de-manufactura-avanzada-en-industria-automotriz\/#breadcrumb"},"inLanguage":"es","potentialAction":[{"@type":"ReadAction","target":["https:\/\/puertointerior.guanajuato.gob.mx\/blog\/2026\/04\/28\/guanajuato-se-perfila-como-hub-de-manufactura-avanzada-en-industria-automotriz\/"]}]},{"@type":"ImageObject","inLanguage":"es","@id":"https:\/\/puertointerior.guanajuato.gob.mx\/blog\/2026\/04\/28\/guanajuato-se-perfila-como-hub-de-manufactura-avanzada-en-industria-automotriz\/#primaryimage","url":"https:\/\/puertointerior.guanajuato.gob.mx\/blog\/wp-content\/uploads\/2026\/04\/image-2026-04-28T095526.735.webp","contentUrl":"https:\/\/puertointerior.guanajuato.gob.mx\/blog\/wp-content\/uploads\/2026\/04\/image-2026-04-28T095526.735.webp","width":1200,"height":675},{"@type":"BreadcrumbList","@id":"https:\/\/puertointerior.guanajuato.gob.mx\/blog\/2026\/04\/28\/guanajuato-se-perfila-como-hub-de-manufactura-avanzada-en-industria-automotriz\/#breadcrumb","itemListElement":[{"@type":"ListItem","position":1,"name":"Inicio","item":"https:\/\/puertointerior.guanajuato.gob.mx\/blog\/"},{"@type":"ListItem","position":2,"name":"Guanajuato se perfila como hub de manufactura avanzada en industria automotriz"}]},{"@type":"WebSite","@id":"https:\/\/puertointerior.guanajuato.gob.mx\/blog\/#website","url":"https:\/\/puertointerior.guanajuato.gob.mx\/blog\/","name":"Blog | GPI NEWS","description":"Guanajuato Puerto Interior","potentialAction":[{"@type":"SearchAction","target":{"@type":"EntryPoint","urlTemplate":"https:\/\/puertointerior.guanajuato.gob.mx\/blog\/?s={search_term_string}"},"query-input":{"@type":"PropertyValueSpecification","valueRequired":true,"valueName":"search_term_string"}}],"inLanguage":"es"},{"@type":"Person","@id":"https:\/\/puertointerior.guanajuato.gob.mx\/blog\/#\/schema\/person\/f4851bb8a48c32d7fba5285caf4ef1c4","name":"GPI NEWS","image":{"@type":"ImageObject","inLanguage":"es","@id":"https:\/\/puertointerior.guanajuato.gob.mx\/blog\/#\/schema\/person\/image\/","url":"https:\/\/secure.gravatar.com\/avatar\/612aca53a708cefc5ebe15ab0bc63c51a8ba58563e45c17848fa400e627e2717?s=96&d=mm&r=g","contentUrl":"https:\/\/secure.gravatar.com\/avatar\/612aca53a708cefc5ebe15ab0bc63c51a8ba58563e45c17848fa400e627e2717?s=96&d=mm&r=g","caption":"GPI NEWS"},"url":"https:\/\/puertointerior.guanajuato.gob.mx\/blog\/author\/rafa-jacinto\/"}]}},"jetpack_featured_media_url":"https:\/\/puertointerior.guanajuato.gob.mx\/blog\/wp-content\/uploads\/2026\/04\/image-2026-04-28T095526.735.webp","jetpack_sharing_enabled":true,"jetpack_shortlink":"https:\/\/wp.me\/pcnMPA-6pX","_links":{"self":[{"href":"https:\/\/puertointerior.guanajuato.gob.mx\/blog\/wp-json\/wp\/v2\/posts\/24673","targetHints":{"allow":["GET"]}}],"collection":[{"href":"https:\/\/puertointerior.guanajuato.gob.mx\/blog\/wp-json\/wp\/v2\/posts"}],"about":[{"href":"https:\/\/puertointerior.guanajuato.gob.mx\/blog\/wp-json\/wp\/v2\/types\/post"}],"author":[{"embeddable":true,"href":"https:\/\/puertointerior.guanajuato.gob.mx\/blog\/wp-json\/wp\/v2\/users\/2"}],"replies":[{"embeddable":true,"href":"https:\/\/puertointerior.guanajuato.gob.mx\/blog\/wp-json\/wp\/v2\/comments?post=24673"}],"version-history":[{"count":1,"href":"https:\/\/puertointerior.guanajuato.gob.mx\/blog\/wp-json\/wp\/v2\/posts\/24673\/revisions"}],"predecessor-version":[{"id":24675,"href":"https:\/\/puertointerior.guanajuato.gob.mx\/blog\/wp-json\/wp\/v2\/posts\/24673\/revisions\/24675"}],"wp:featuredmedia":[{"embeddable":true,"href":"https:\/\/puertointerior.guanajuato.gob.mx\/blog\/wp-json\/wp\/v2\/media\/24674"}],"wp:attachment":[{"href":"https:\/\/puertointerior.guanajuato.gob.mx\/blog\/wp-json\/wp\/v2\/media?parent=24673"}],"wp:term":[{"taxonomy":"category","embeddable":true,"href":"https:\/\/puertointerior.guanajuato.gob.mx\/blog\/wp-json\/wp\/v2\/categories?post=24673"},{"taxonomy":"post_tag","embeddable":true,"href":"https:\/\/puertointerior.guanajuato.gob.mx\/blog\/wp-json\/wp\/v2\/tags?post=24673"}],"curies":[{"name":"wp","href":"https:\/\/api.w.org\/{rel}","templated":true}]}}