{"id":24676,"date":"2026-04-28T11:05:51","date_gmt":"2026-04-28T16:05:51","guid":{"rendered":"https:\/\/puertointerior.guanajuato.gob.mx\/blog\/?p=24676"},"modified":"2026-04-28T11:06:01","modified_gmt":"2026-04-28T16:06:01","slug":"en-su-75-aniversario-amia-reafirma-su-compromiso-con-la-industria-automotriz-nacional","status":"publish","type":"post","link":"https:\/\/puertointerior.guanajuato.gob.mx\/blog\/2026\/04\/28\/en-su-75-aniversario-amia-reafirma-su-compromiso-con-la-industria-automotriz-nacional\/","title":{"rendered":"En su 75 aniversario, AMIA reafirma su compromiso con la industria automotriz nacional"},"content":{"rendered":"<h2 class=\"entry-sub-title\" style=\"text-align: justify\">La AMIA subray\u00f3 la relevancia del sector para la econom\u00eda mexicana. Actualmente, M\u00e9xico se posiciona como el s\u00e9ptimo productor de veh\u00edculos a nivel global y el quinto exportador de veh\u00edculos ligeros.<\/h2>\n<p style=\"text-align: justify\">En el marco de su 75 aniversario, la Asociaci\u00f3n Mexicana de la Industria Automotriz (AMIA) realiz\u00f3 un c\u00f3ctel conmemorativo y el corte de list\u00f3n oficial de sus nuevas oficinas, d\u00f3nde reafirmaron su compromiso con el desarrollo de la industria automotriz y de M\u00e9xico.<\/p>\n<p style=\"text-align: justify\">Durante el evento, la AMIA destac\u00f3 que, a lo largo de estos a\u00f1os, ha impulsado el crecimiento y consolidaci\u00f3n de la industria automotriz, evolucionando para enfrentar los retos actuales en materia de movilidad, as\u00ed como la coyuntura internacional, a trav\u00e9s del di\u00e1logo con autoridades, la innovaci\u00f3n y la colaboraci\u00f3n sectorial.<\/p>\n<p style=\"text-align: justify\">La AMIA subray\u00f3 la relevancia del sector para la econom\u00eda mexicana. Actualmente, M\u00e9xico se posiciona como el s\u00e9ptimo productor de veh\u00edculos a nivel global y el quinto exportador de veh\u00edculos ligeros.<\/p>\n<p style=\"text-align: justify\">Adem\u00e1s, el sector representa cerca del 30% de las exportaciones del pa\u00eds y contribuye con el 4.6% del Producto Interno Bruto nacional. De igual manera se mantiene como el principal generador de inversi\u00f3n extranjera directa en el sector manufacturero y el mayor empleador dentro de esta industria, con el salario promedio m\u00e1s alto.<\/p>\n<p style=\"text-align: justify\">Rogelio Garza Garza, presidente ejecutivo de la AMIA, reafirm\u00f3 el compromiso de la asociaci\u00f3n con el desarrollo de la industria automotriz en M\u00e9xico, y reiter\u00f3 que seguir\u00e1 siendo un pilar fundamental para la industria en momentos como los que hoy enfrenta. Expres\u00f3 que la AMIA est\u00e1 lista de cara a la revisi\u00f3n del T-MEC y con la seguridad de que se encontrar\u00e1n los instrumentos necesarios que le permitan a esta industria mantenerse como pilar para M\u00e9xico y para la regi\u00f3n.<\/p>\n<p style=\"text-align: justify\">Por su parte, el subsecretario de Industria y Comercio de la Secretar\u00eda de Econom\u00eda, Vidal Llerenas Morales afirm\u00f3, en representaci\u00f3n del secretario de Econom\u00eda, Marcelo Ebrard: \u00abTenemos que pasar por este momento de incertidumbre, viendo alternativas y los retos a futuro. Esta industria es parte fundamental de la manufactura mexicana y de la econom\u00eda del pa\u00eds, vamos a continuar trabajando para hacer crecer el mercado nacional de autos y para seguir exportando\u00bb.<\/p>\n<p style=\"text-align: justify\">El corte de list\u00f3n tambi\u00e9n cont\u00f3 con la presencia de autoridades de REPUVE, STPS, SEMARNAT, ANAM, Guardia Nacional e INEGI, as\u00ed como Odracir Barquera, director general de la AMIA.<\/p>\n<p style=\"text-align: justify\">Publicado originalmente por:\u00a0<a href=\"https:\/\/oem.com.mx\/elsoldeleon\/local\/guanajuato-como-hub-de-manufactura-avanzada-el-futuro-de-la-industria-automotriz-29697316\">https:\/\/oem.com.mx\/elsoldeleon\/local\/guanajuato-como-hub-de-manufactura-avanzada-el-futuro-de-la-industria-automotriz-29697316<\/a><\/p>\n","protected":false},"excerpt":{"rendered":"<p>La AMIA subray\u00f3 la relevancia del sector para la econom\u00eda mexicana. Actualmente, M\u00e9xico se posiciona como el s\u00e9ptimo productor de veh\u00edculos a nivel global y el quinto exportador de veh\u00edculos ligeros. En el marco de su 75 aniversario, la Asociaci\u00f3n Mexicana de la Industria Automotriz (AMIA) realiz\u00f3 un c\u00f3ctel conmemorativo y el corte de list\u00f3n [&hellip;]<\/p>\n","protected":false},"author":2,"featured_media":24677,"comment_status":"closed","ping_status":"open","sticky":false,"template":"","format":"standard","meta":{"jetpack_post_was_ever_published":false,"_jetpack_newsletter_access":"","_jetpack_dont_email_post_to_subs":false,"_jetpack_newsletter_tier_id":0,"_jetpack_memberships_contains_paywalled_content":false,"_jetpack_memberships_contains_paid_content":false,"footnotes":""},"categories":[20],"tags":[],"class_list":["post-24676","post","type-post","status-publish","format-standard","has-post-thumbnail","hentry","category-economic-development"],"yoast_head":"<!-- This site is optimized with the Yoast SEO plugin v25.7 - https:\/\/yoast.com\/wordpress\/plugins\/seo\/ -->\n<title>En su 75 aniversario, AMIA reafirma su compromiso con la industria automotriz nacional - Blog | GPI NEWS<\/title>\n<meta name=\"robots\" content=\"index, follow, max-snippet:-1, max-image-preview:large, max-video-preview:-1\" \/>\n<link rel=\"canonical\" href=\"https:\/\/puertointerior.guanajuato.gob.mx\/blog\/2026\/04\/28\/en-su-75-aniversario-amia-reafirma-su-compromiso-con-la-industria-automotriz-nacional\/\" \/>\n<meta property=\"og:locale\" content=\"es_MX\" \/>\n<meta property=\"og:type\" content=\"article\" \/>\n<meta property=\"og:title\" content=\"En su 75 aniversario, AMIA reafirma su compromiso con la industria automotriz nacional - Blog | GPI NEWS\" \/>\n<meta property=\"og:description\" content=\"La AMIA subray\u00f3 la relevancia del sector para la econom\u00eda mexicana. Actualmente, M\u00e9xico se posiciona como el s\u00e9ptimo productor de veh\u00edculos a nivel global y el quinto exportador de veh\u00edculos ligeros. En el marco de su 75 aniversario, la Asociaci\u00f3n Mexicana de la Industria Automotriz (AMIA) realiz\u00f3 un c\u00f3ctel conmemorativo y el corte de list\u00f3n [&hellip;]\" \/>\n<meta property=\"og:url\" content=\"https:\/\/puertointerior.guanajuato.gob.mx\/blog\/2026\/04\/28\/en-su-75-aniversario-amia-reafirma-su-compromiso-con-la-industria-automotriz-nacional\/\" \/>\n<meta property=\"og:site_name\" content=\"Blog | GPI NEWS\" \/>\n<meta property=\"article:published_time\" content=\"2026-04-28T16:05:51+00:00\" \/>\n<meta property=\"article:modified_time\" content=\"2026-04-28T16:06:01+00:00\" \/>\n<meta property=\"og:image\" content=\"https:\/\/puertointerior.guanajuato.gob.mx\/blog\/wp-content\/uploads\/2026\/04\/imgn1AMIA.jpeg\" \/>\n\t<meta property=\"og:image:width\" content=\"1100\" \/>\n\t<meta property=\"og:image:height\" content=\"662\" \/>\n\t<meta property=\"og:image:type\" content=\"image\/jpeg\" \/>\n<meta name=\"author\" content=\"GPI NEWS\" \/>\n<meta name=\"twitter:card\" content=\"summary_large_image\" \/>\n<meta name=\"twitter:label1\" content=\"Escrito por\" \/>\n\t<meta name=\"twitter:data1\" content=\"GPI NEWS\" \/>\n\t<meta name=\"twitter:label2\" content=\"Tiempo de lectura\" \/>\n\t<meta name=\"twitter:data2\" content=\"3 minutos\" \/>\n<script type=\"application\/ld+json\" class=\"yoast-schema-graph\">{\"@context\":\"https:\/\/schema.org\",\"@graph\":[{\"@type\":\"WebPage\",\"@id\":\"https:\/\/puertointerior.guanajuato.gob.mx\/blog\/2026\/04\/28\/en-su-75-aniversario-amia-reafirma-su-compromiso-con-la-industria-automotriz-nacional\/\",\"url\":\"https:\/\/puertointerior.guanajuato.gob.mx\/blog\/2026\/04\/28\/en-su-75-aniversario-amia-reafirma-su-compromiso-con-la-industria-automotriz-nacional\/\",\"name\":\"En su 75 aniversario, AMIA reafirma su compromiso con la industria automotriz nacional - Blog | GPI NEWS\",\"isPartOf\":{\"@id\":\"https:\/\/puertointerior.guanajuato.gob.mx\/blog\/#website\"},\"primaryImageOfPage\":{\"@id\":\"https:\/\/puertointerior.guanajuato.gob.mx\/blog\/2026\/04\/28\/en-su-75-aniversario-amia-reafirma-su-compromiso-con-la-industria-automotriz-nacional\/#primaryimage\"},\"image\":{\"@id\":\"https:\/\/puertointerior.guanajuato.gob.mx\/blog\/2026\/04\/28\/en-su-75-aniversario-amia-reafirma-su-compromiso-con-la-industria-automotriz-nacional\/#primaryimage\"},\"thumbnailUrl\":\"https:\/\/puertointerior.guanajuato.gob.mx\/blog\/wp-content\/uploads\/2026\/04\/imgn1AMIA.jpeg\",\"datePublished\":\"2026-04-28T16:05:51+00:00\",\"dateModified\":\"2026-04-28T16:06:01+00:00\",\"author\":{\"@id\":\"https:\/\/puertointerior.guanajuato.gob.mx\/blog\/#\/schema\/person\/f4851bb8a48c32d7fba5285caf4ef1c4\"},\"breadcrumb\":{\"@id\":\"https:\/\/puertointerior.guanajuato.gob.mx\/blog\/2026\/04\/28\/en-su-75-aniversario-amia-reafirma-su-compromiso-con-la-industria-automotriz-nacional\/#breadcrumb\"},\"inLanguage\":\"es\",\"potentialAction\":[{\"@type\":\"ReadAction\",\"target\":[\"https:\/\/puertointerior.guanajuato.gob.mx\/blog\/2026\/04\/28\/en-su-75-aniversario-amia-reafirma-su-compromiso-con-la-industria-automotriz-nacional\/\"]}]},{\"@type\":\"ImageObject\",\"inLanguage\":\"es\",\"@id\":\"https:\/\/puertointerior.guanajuato.gob.mx\/blog\/2026\/04\/28\/en-su-75-aniversario-amia-reafirma-su-compromiso-con-la-industria-automotriz-nacional\/#primaryimage\",\"url\":\"https:\/\/puertointerior.guanajuato.gob.mx\/blog\/wp-content\/uploads\/2026\/04\/imgn1AMIA.jpeg\",\"contentUrl\":\"https:\/\/puertointerior.guanajuato.gob.mx\/blog\/wp-content\/uploads\/2026\/04\/imgn1AMIA.jpeg\",\"width\":1100,\"height\":662},{\"@type\":\"BreadcrumbList\",\"@id\":\"https:\/\/puertointerior.guanajuato.gob.mx\/blog\/2026\/04\/28\/en-su-75-aniversario-amia-reafirma-su-compromiso-con-la-industria-automotriz-nacional\/#breadcrumb\",\"itemListElement\":[{\"@type\":\"ListItem\",\"position\":1,\"name\":\"Inicio\",\"item\":\"https:\/\/puertointerior.guanajuato.gob.mx\/blog\/\"},{\"@type\":\"ListItem\",\"position\":2,\"name\":\"En su 75 aniversario, AMIA reafirma su compromiso con la industria automotriz nacional\"}]},{\"@type\":\"WebSite\",\"@id\":\"https:\/\/puertointerior.guanajuato.gob.mx\/blog\/#website\",\"url\":\"https:\/\/puertointerior.guanajuato.gob.mx\/blog\/\",\"name\":\"Blog | GPI NEWS\",\"description\":\"Guanajuato Puerto Interior\",\"potentialAction\":[{\"@type\":\"SearchAction\",\"target\":{\"@type\":\"EntryPoint\",\"urlTemplate\":\"https:\/\/puertointerior.guanajuato.gob.mx\/blog\/?s={search_term_string}\"},\"query-input\":{\"@type\":\"PropertyValueSpecification\",\"valueRequired\":true,\"valueName\":\"search_term_string\"}}],\"inLanguage\":\"es\"},{\"@type\":\"Person\",\"@id\":\"https:\/\/puertointerior.guanajuato.gob.mx\/blog\/#\/schema\/person\/f4851bb8a48c32d7fba5285caf4ef1c4\",\"name\":\"GPI NEWS\",\"image\":{\"@type\":\"ImageObject\",\"inLanguage\":\"es\",\"@id\":\"https:\/\/puertointerior.guanajuato.gob.mx\/blog\/#\/schema\/person\/image\/\",\"url\":\"https:\/\/secure.gravatar.com\/avatar\/612aca53a708cefc5ebe15ab0bc63c51a8ba58563e45c17848fa400e627e2717?s=96&d=mm&r=g\",\"contentUrl\":\"https:\/\/secure.gravatar.com\/avatar\/612aca53a708cefc5ebe15ab0bc63c51a8ba58563e45c17848fa400e627e2717?s=96&d=mm&r=g\",\"caption\":\"GPI NEWS\"},\"url\":\"https:\/\/puertointerior.guanajuato.gob.mx\/blog\/author\/rafa-jacinto\/\"}]}<\/script>\n<!-- \/ Yoast SEO plugin. -->","yoast_head_json":{"title":"En su 75 aniversario, AMIA reafirma su compromiso con la industria automotriz nacional - Blog | GPI NEWS","robots":{"index":"index","follow":"follow","max-snippet":"max-snippet:-1","max-image-preview":"max-image-preview:large","max-video-preview":"max-video-preview:-1"},"canonical":"https:\/\/puertointerior.guanajuato.gob.mx\/blog\/2026\/04\/28\/en-su-75-aniversario-amia-reafirma-su-compromiso-con-la-industria-automotriz-nacional\/","og_locale":"es_MX","og_type":"article","og_title":"En su 75 aniversario, AMIA reafirma su compromiso con la industria automotriz nacional - Blog | GPI NEWS","og_description":"La AMIA subray\u00f3 la relevancia del sector para la econom\u00eda mexicana. Actualmente, M\u00e9xico se posiciona como el s\u00e9ptimo productor de veh\u00edculos a nivel global y el quinto exportador de veh\u00edculos ligeros. En el marco de su 75 aniversario, la Asociaci\u00f3n Mexicana de la Industria Automotriz (AMIA) realiz\u00f3 un c\u00f3ctel conmemorativo y el corte de list\u00f3n [&hellip;]","og_url":"https:\/\/puertointerior.guanajuato.gob.mx\/blog\/2026\/04\/28\/en-su-75-aniversario-amia-reafirma-su-compromiso-con-la-industria-automotriz-nacional\/","og_site_name":"Blog | GPI NEWS","article_published_time":"2026-04-28T16:05:51+00:00","article_modified_time":"2026-04-28T16:06:01+00:00","og_image":[{"width":1100,"height":662,"url":"https:\/\/puertointerior.guanajuato.gob.mx\/blog\/wp-content\/uploads\/2026\/04\/imgn1AMIA.jpeg","type":"image\/jpeg"}],"author":"GPI NEWS","twitter_card":"summary_large_image","twitter_misc":{"Escrito por":"GPI NEWS","Tiempo de lectura":"3 minutos"},"schema":{"@context":"https:\/\/schema.org","@graph":[{"@type":"WebPage","@id":"https:\/\/puertointerior.guanajuato.gob.mx\/blog\/2026\/04\/28\/en-su-75-aniversario-amia-reafirma-su-compromiso-con-la-industria-automotriz-nacional\/","url":"https:\/\/puertointerior.guanajuato.gob.mx\/blog\/2026\/04\/28\/en-su-75-aniversario-amia-reafirma-su-compromiso-con-la-industria-automotriz-nacional\/","name":"En su 75 aniversario, AMIA reafirma su compromiso con la industria automotriz nacional - Blog | GPI NEWS","isPartOf":{"@id":"https:\/\/puertointerior.guanajuato.gob.mx\/blog\/#website"},"primaryImageOfPage":{"@id":"https:\/\/puertointerior.guanajuato.gob.mx\/blog\/2026\/04\/28\/en-su-75-aniversario-amia-reafirma-su-compromiso-con-la-industria-automotriz-nacional\/#primaryimage"},"image":{"@id":"https:\/\/puertointerior.guanajuato.gob.mx\/blog\/2026\/04\/28\/en-su-75-aniversario-amia-reafirma-su-compromiso-con-la-industria-automotriz-nacional\/#primaryimage"},"thumbnailUrl":"https:\/\/puertointerior.guanajuato.gob.mx\/blog\/wp-content\/uploads\/2026\/04\/imgn1AMIA.jpeg","datePublished":"2026-04-28T16:05:51+00:00","dateModified":"2026-04-28T16:06:01+00:00","author":{"@id":"https:\/\/puertointerior.guanajuato.gob.mx\/blog\/#\/schema\/person\/f4851bb8a48c32d7fba5285caf4ef1c4"},"breadcrumb":{"@id":"https:\/\/puertointerior.guanajuato.gob.mx\/blog\/2026\/04\/28\/en-su-75-aniversario-amia-reafirma-su-compromiso-con-la-industria-automotriz-nacional\/#breadcrumb"},"inLanguage":"es","potentialAction":[{"@type":"ReadAction","target":["https:\/\/puertointerior.guanajuato.gob.mx\/blog\/2026\/04\/28\/en-su-75-aniversario-amia-reafirma-su-compromiso-con-la-industria-automotriz-nacional\/"]}]},{"@type":"ImageObject","inLanguage":"es","@id":"https:\/\/puertointerior.guanajuato.gob.mx\/blog\/2026\/04\/28\/en-su-75-aniversario-amia-reafirma-su-compromiso-con-la-industria-automotriz-nacional\/#primaryimage","url":"https:\/\/puertointerior.guanajuato.gob.mx\/blog\/wp-content\/uploads\/2026\/04\/imgn1AMIA.jpeg","contentUrl":"https:\/\/puertointerior.guanajuato.gob.mx\/blog\/wp-content\/uploads\/2026\/04\/imgn1AMIA.jpeg","width":1100,"height":662},{"@type":"BreadcrumbList","@id":"https:\/\/puertointerior.guanajuato.gob.mx\/blog\/2026\/04\/28\/en-su-75-aniversario-amia-reafirma-su-compromiso-con-la-industria-automotriz-nacional\/#breadcrumb","itemListElement":[{"@type":"ListItem","position":1,"name":"Inicio","item":"https:\/\/puertointerior.guanajuato.gob.mx\/blog\/"},{"@type":"ListItem","position":2,"name":"En su 75 aniversario, AMIA reafirma su compromiso con la industria automotriz nacional"}]},{"@type":"WebSite","@id":"https:\/\/puertointerior.guanajuato.gob.mx\/blog\/#website","url":"https:\/\/puertointerior.guanajuato.gob.mx\/blog\/","name":"Blog | GPI NEWS","description":"Guanajuato Puerto Interior","potentialAction":[{"@type":"SearchAction","target":{"@type":"EntryPoint","urlTemplate":"https:\/\/puertointerior.guanajuato.gob.mx\/blog\/?s={search_term_string}"},"query-input":{"@type":"PropertyValueSpecification","valueRequired":true,"valueName":"search_term_string"}}],"inLanguage":"es"},{"@type":"Person","@id":"https:\/\/puertointerior.guanajuato.gob.mx\/blog\/#\/schema\/person\/f4851bb8a48c32d7fba5285caf4ef1c4","name":"GPI NEWS","image":{"@type":"ImageObject","inLanguage":"es","@id":"https:\/\/puertointerior.guanajuato.gob.mx\/blog\/#\/schema\/person\/image\/","url":"https:\/\/secure.gravatar.com\/avatar\/612aca53a708cefc5ebe15ab0bc63c51a8ba58563e45c17848fa400e627e2717?s=96&d=mm&r=g","contentUrl":"https:\/\/secure.gravatar.com\/avatar\/612aca53a708cefc5ebe15ab0bc63c51a8ba58563e45c17848fa400e627e2717?s=96&d=mm&r=g","caption":"GPI NEWS"},"url":"https:\/\/puertointerior.guanajuato.gob.mx\/blog\/author\/rafa-jacinto\/"}]}},"jetpack_featured_media_url":"https:\/\/puertointerior.guanajuato.gob.mx\/blog\/wp-content\/uploads\/2026\/04\/imgn1AMIA.jpeg","jetpack_sharing_enabled":true,"jetpack_shortlink":"https:\/\/wp.me\/pcnMPA-6q0","_links":{"self":[{"href":"https:\/\/puertointerior.guanajuato.gob.mx\/blog\/wp-json\/wp\/v2\/posts\/24676","targetHints":{"allow":["GET"]}}],"collection":[{"href":"https:\/\/puertointerior.guanajuato.gob.mx\/blog\/wp-json\/wp\/v2\/posts"}],"about":[{"href":"https:\/\/puertointerior.guanajuato.gob.mx\/blog\/wp-json\/wp\/v2\/types\/post"}],"author":[{"embeddable":true,"href":"https:\/\/puertointerior.guanajuato.gob.mx\/blog\/wp-json\/wp\/v2\/users\/2"}],"replies":[{"embeddable":true,"href":"https:\/\/puertointerior.guanajuato.gob.mx\/blog\/wp-json\/wp\/v2\/comments?post=24676"}],"version-history":[{"count":2,"href":"https:\/\/puertointerior.guanajuato.gob.mx\/blog\/wp-json\/wp\/v2\/posts\/24676\/revisions"}],"predecessor-version":[{"id":24679,"href":"https:\/\/puertointerior.guanajuato.gob.mx\/blog\/wp-json\/wp\/v2\/posts\/24676\/revisions\/24679"}],"wp:featuredmedia":[{"embeddable":true,"href":"https:\/\/puertointerior.guanajuato.gob.mx\/blog\/wp-json\/wp\/v2\/media\/24677"}],"wp:attachment":[{"href":"https:\/\/puertointerior.guanajuato.gob.mx\/blog\/wp-json\/wp\/v2\/media?parent=24676"}],"wp:term":[{"taxonomy":"category","embeddable":true,"href":"https:\/\/puertointerior.guanajuato.gob.mx\/blog\/wp-json\/wp\/v2\/categories?post=24676"},{"taxonomy":"post_tag","embeddable":true,"href":"https:\/\/puertointerior.guanajuato.gob.mx\/blog\/wp-json\/wp\/v2\/tags?post=24676"}],"curies":[{"name":"wp","href":"https:\/\/api.w.org\/{rel}","templated":true}]}}