{"id":24712,"date":"2026-04-30T11:29:26","date_gmt":"2026-04-30T16:29:26","guid":{"rendered":"https:\/\/puertointerior.guanajuato.gob.mx\/blog\/?p=24712"},"modified":"2026-04-30T11:29:26","modified_gmt":"2026-04-30T16:29:26","slug":"mexico-y-apec-el-giro-de-timon-que-redefine-la-logistica-asia-pacifico","status":"publish","type":"post","link":"https:\/\/puertointerior.guanajuato.gob.mx\/blog\/2026\/04\/30\/mexico-y-apec-el-giro-de-timon-que-redefine-la-logistica-asia-pacifico\/","title":{"rendered":"M\u00e9xico y APEC: el giro de tim\u00f3n que redefine la log\u00edstica Asia-Pac\u00edfico"},"content":{"rendered":"<p style=\"text-align: justify\">La entrada de M\u00e9xico al Foro de\u00a0Cooperaci\u00f3n Econ\u00f3mica Asia-Pac\u00edfico (APEC por sus siglas en ingl\u00e9s) en 1993 signific\u00f3 un nuevo cap\u00edtulo para la log\u00edstica del pa\u00eds, que se tradujo en una reconfiguraci\u00f3n portuaria y econ\u00f3mica al poner en el mapa las relaciones diplom\u00e1ticas y comerciales de M\u00e9xico con las naciones de esa regi\u00f3n.<\/p>\n<p style=\"text-align: justify\">Y es que el giro m\u00e1s importante no solo fue la incorporaci\u00f3n formal, sino el hecho de que M\u00e9xico empez\u00f3 a virar el tim\u00f3n hacia los pa\u00edses de ese bloque econ\u00f3mico, lo que deton\u00f3 una transformaci\u00f3n en la manera en que se organizaban las <strong>cadenas log\u00edsticas en el Pac\u00edfico<\/strong>.<\/p>\n<blockquote><p>\u201cA partir de que nosotros nos integramos al esquema de Asia-Pac\u00edfico, que fue en 1993, pero sobre todo, cuando volteamos a ver hacia Asia-Pac\u00edfico, hubo una reconfiguraci\u00f3n de la log\u00edstica en el Pac\u00edfico\u201d, enfatiz\u00f3 Sergio Ley, miembro titular del Consejo Asesor de Negocios de APEC (ABAC por sus siglas en ingl\u00e9s).<\/p><\/blockquote>\n<p style=\"text-align: justify\">Para dimensionar este giro, Ley comparti\u00f3 que en los a\u00f1os 90 y principios de la d\u00e9cada del 2000, el punto de entrada m\u00e1s importante para los productos asi\u00e1ticos en M\u00e9xico era Ciudad Ju\u00e1rez.<\/p>\n<blockquote><p>\u201c\u00bfCu\u00e1l era el puerto que recib\u00eda m\u00e1s importaciones de Asia? Pudiera decirte que era Manzanillo o cualquier puerto del Pac\u00edfico, pero no, el puerto que m\u00e1s recib\u00eda mercanc\u00edas de Asia era Ciudad Ju\u00e1rez\u201d, puntualiz\u00f3 el especialista en entrevista con T21.<\/p><\/blockquote>\n<p style=\"text-align: justify\">En la d\u00e9cada de 1990 la log\u00edstica mexicana se caracterizaba por una creciente demanda de servicios, impulsada por el entonces <strong>Tratado de Libre Comercio de Am\u00e9rica del Norte (TLCAN)<\/strong>, que entr\u00f3 en vigor en 1994, y el comercio transfronterizo. Sin embargo, aunque la infraestructura log\u00edstica hab\u00eda mejorado \u2014sobre todo con obras carreteras\u2014, a\u00fan segu\u00eda siendo insuficiente.<\/p>\n<p style=\"text-align: justify\">Ley record\u00f3 que desde el punto de vista log\u00edstico,<strong>\u00a0los nav\u00edos que ven\u00edan de Asia\u00a0no tocaban ning\u00fan puerto mexicano o lo hac\u00edan espor\u00e1dicamente<\/strong>, \u201centonces, ten\u00edamos que utilizar el de Long Beach, en su mayor\u00eda, pero tambi\u00e9n otros puertos norteamericanos, adem\u00e1s del tren\u201d.<\/p>\n<blockquote><p>Con la integraci\u00f3n de M\u00e9xico al esquema Asia-Pac\u00edfico y la apertura de embajadas en la regi\u00f3n, <strong>se impuls\u00f3 una reconfiguraci\u00f3n del esquema log\u00edstico de toda la zona<\/strong>. \u201cAhora, ya recibimos una cantidad muy importante de nav\u00edos en los puertos mexicanos como L\u00e1zaro C\u00e1rdenas, Manzanillo, Mazatl\u00e1n, y tambi\u00e9n, hasta cierto punto, en Ensenada\u201d.<\/p><\/blockquote>\n<p style=\"text-align: justify\">Paralelamente, Baja California se consolid\u00f3 como un<em> hub<\/em> manufacturero estrat\u00e9gico. En ciudades como Tijuana y Mexicali, los insumos provenientes de Asia eran ensamblados y posteriormente exportados a Estados Unidos y otras regiones, coment\u00f3 Ley.<\/p>\n<p style=\"text-align: justify\">Actualmente, la entidad tiene una fuerte vocaci\u00f3n exportadora y manufacturera.\u00a0<strong>El sector maquilador alcanz\u00f3 r\u00e9cord de exportaciones en 2025, con 390 mil 972.9 millones de pesos (mdp)<\/strong>, lo que signific\u00f3 un alza de 14.7% respecto a 2024, de acuerdo con cifras del\u00a0Instituto Nacional de Estad\u00edstica y Geograf\u00eda (Inegi).<\/p>\n<p style=\"text-align: justify\">Para Sergio Ley, <strong>la reconfiguraci\u00f3n log\u00edstica del pa\u00eds que se inici\u00f3 con la integraci\u00f3n de M\u00e9xico a APEC continuar\u00e1<\/strong> pese a ciertas fricciones entre el comercio con la regi\u00f3n asi\u00e1tica, <strong>\u201cpero yo creo que esto ser\u00e1 hasta cierto punto pasajero\u00a0porque es imposible que nosotros dejemos de mirar hacia ese lado del mundo\u201d<\/strong>, expuso.<\/p>\n<p style=\"text-align: justify\">Cabe recordar que M\u00e9xico implement\u00f3 una serie de diversas acciones, como la <strong>Ley de los Impuestos Generales de Importaci\u00f3n y de Exportaci\u00f3n (LIGIE)<\/strong>, que entr\u00f3 en vigor en enero de este a\u00f1o, para cobrar aranceles a mil 463 fracciones de bienes y servicios importados de naciones con las que el pa\u00eds no tiene alg\u00fan acuerdo comercial, entre ellas China, India, Tailandia, Indonesia y Corea del Sur.<\/p>\n<blockquote><p>Uno de los aspectos que consider\u00f3 Ley para seguir avanzando en la integraci\u00f3n log\u00edstica de M\u00e9xico y APEC es que \u201c<strong>el centro de gravedad econ\u00f3mico del mundo ya se traslad\u00f3 del Atl\u00e1ntico al Pac\u00edfico<\/strong>. Hay infinitamente m\u00e1s negocio que se mueve en el Pac\u00edfico que en el Atl\u00e1ntico en estos momentos\u201d, enfatiz\u00f3.<\/p><\/blockquote>\n<p style=\"text-align: justify\">Las 21 econom\u00edas de la regi\u00f3n Asia-Pac\u00edfico que integran APEC representan aproximadamente el 60% del PIB mundial y concentran cerca del 50% del comercio global, por lo que es un bloque comercialmente din\u00e1mico.<\/p>\n<p style=\"text-align: justify\">As\u00ed, la reconfiguraci\u00f3n log\u00edstica Asia-Pac\u00edfico no es solo un ajuste operativo, sino un redise\u00f1o profundo de las rutas del comercio global. <strong>M\u00e9xico, al reposicionarse en este eje, no solo redefine su log\u00edstica, sino tambi\u00e9n su papel en la econom\u00eda mundial<\/strong>.<\/p>\n<p style=\"text-align: justify\">Publicado originalmente por:\u00a0<a href=\"https:\/\/t21.com.mx\/mexico-y-apec-el-giro-de-timon-que-redefine-la-logistica-asia-pacifico\/\">https:\/\/t21.com.mx\/mexico-y-apec-el-giro-de-timon-que-redefine-la-logistica-asia-pacifico\/<\/a><\/p>\n","protected":false},"excerpt":{"rendered":"<p>La entrada de M\u00e9xico al Foro de\u00a0Cooperaci\u00f3n Econ\u00f3mica Asia-Pac\u00edfico (APEC por sus siglas en ingl\u00e9s) en 1993 signific\u00f3 un nuevo cap\u00edtulo para la log\u00edstica del pa\u00eds, que se tradujo en una reconfiguraci\u00f3n portuaria y econ\u00f3mica al poner en el mapa las relaciones diplom\u00e1ticas y comerciales de M\u00e9xico con las naciones de esa regi\u00f3n. Y es [&hellip;]<\/p>\n","protected":false},"author":2,"featured_media":24713,"comment_status":"closed","ping_status":"open","sticky":false,"template":"","format":"standard","meta":{"jetpack_post_was_ever_published":false,"_jetpack_newsletter_access":"","_jetpack_dont_email_post_to_subs":false,"_jetpack_newsletter_tier_id":0,"_jetpack_memberships_contains_paywalled_content":false,"_jetpack_memberships_contains_paid_content":false,"footnotes":""},"categories":[4],"tags":[],"class_list":["post-24712","post","type-post","status-publish","format-standard","has-post-thumbnail","hentry","category-logistics"],"yoast_head":"<!-- This site is optimized with the Yoast SEO plugin v25.7 - https:\/\/yoast.com\/wordpress\/plugins\/seo\/ -->\n<title>M\u00e9xico y APEC: el giro de tim\u00f3n que redefine la log\u00edstica Asia-Pac\u00edfico - Blog | GPI NEWS<\/title>\n<meta name=\"robots\" content=\"index, follow, max-snippet:-1, max-image-preview:large, max-video-preview:-1\" \/>\n<link rel=\"canonical\" href=\"https:\/\/puertointerior.guanajuato.gob.mx\/blog\/2026\/04\/30\/mexico-y-apec-el-giro-de-timon-que-redefine-la-logistica-asia-pacifico\/\" \/>\n<meta property=\"og:locale\" content=\"es_MX\" \/>\n<meta property=\"og:type\" content=\"article\" \/>\n<meta property=\"og:title\" content=\"M\u00e9xico y APEC: el giro de tim\u00f3n que redefine la log\u00edstica Asia-Pac\u00edfico - Blog | GPI NEWS\" \/>\n<meta property=\"og:description\" content=\"La entrada de M\u00e9xico al Foro de\u00a0Cooperaci\u00f3n Econ\u00f3mica Asia-Pac\u00edfico (APEC por sus siglas en ingl\u00e9s) en 1993 signific\u00f3 un nuevo cap\u00edtulo para la log\u00edstica del pa\u00eds, que se tradujo en una reconfiguraci\u00f3n portuaria y econ\u00f3mica al poner en el mapa las relaciones diplom\u00e1ticas y comerciales de M\u00e9xico con las naciones de esa regi\u00f3n. Y es [&hellip;]\" \/>\n<meta property=\"og:url\" content=\"https:\/\/puertointerior.guanajuato.gob.mx\/blog\/2026\/04\/30\/mexico-y-apec-el-giro-de-timon-que-redefine-la-logistica-asia-pacifico\/\" \/>\n<meta property=\"og:site_name\" content=\"Blog | GPI NEWS\" \/>\n<meta property=\"article:published_time\" content=\"2026-04-30T16:29:26+00:00\" \/>\n<meta property=\"og:image\" content=\"https:\/\/puertointerior.guanajuato.gob.mx\/blog\/wp-content\/uploads\/2026\/04\/WhatsApp-Image-2026-04-27-at-22.09.34.jpeg\" \/>\n\t<meta property=\"og:image:width\" content=\"1170\" \/>\n\t<meta property=\"og:image:height\" content=\"700\" \/>\n\t<meta property=\"og:image:type\" content=\"image\/jpeg\" \/>\n<meta name=\"author\" content=\"GPI NEWS\" \/>\n<meta name=\"twitter:card\" content=\"summary_large_image\" \/>\n<meta name=\"twitter:label1\" content=\"Escrito por\" \/>\n\t<meta name=\"twitter:data1\" content=\"GPI NEWS\" \/>\n\t<meta name=\"twitter:label2\" content=\"Tiempo de lectura\" \/>\n\t<meta name=\"twitter:data2\" content=\"1 minuto\" \/>\n<script type=\"application\/ld+json\" class=\"yoast-schema-graph\">{\"@context\":\"https:\/\/schema.org\",\"@graph\":[{\"@type\":\"WebPage\",\"@id\":\"https:\/\/puertointerior.guanajuato.gob.mx\/blog\/2026\/04\/30\/mexico-y-apec-el-giro-de-timon-que-redefine-la-logistica-asia-pacifico\/\",\"url\":\"https:\/\/puertointerior.guanajuato.gob.mx\/blog\/2026\/04\/30\/mexico-y-apec-el-giro-de-timon-que-redefine-la-logistica-asia-pacifico\/\",\"name\":\"M\u00e9xico y APEC: el giro de tim\u00f3n que redefine la log\u00edstica Asia-Pac\u00edfico - Blog | GPI NEWS\",\"isPartOf\":{\"@id\":\"https:\/\/puertointerior.guanajuato.gob.mx\/blog\/#website\"},\"primaryImageOfPage\":{\"@id\":\"https:\/\/puertointerior.guanajuato.gob.mx\/blog\/2026\/04\/30\/mexico-y-apec-el-giro-de-timon-que-redefine-la-logistica-asia-pacifico\/#primaryimage\"},\"image\":{\"@id\":\"https:\/\/puertointerior.guanajuato.gob.mx\/blog\/2026\/04\/30\/mexico-y-apec-el-giro-de-timon-que-redefine-la-logistica-asia-pacifico\/#primaryimage\"},\"thumbnailUrl\":\"https:\/\/puertointerior.guanajuato.gob.mx\/blog\/wp-content\/uploads\/2026\/04\/WhatsApp-Image-2026-04-27-at-22.09.34.jpeg\",\"datePublished\":\"2026-04-30T16:29:26+00:00\",\"author\":{\"@id\":\"https:\/\/puertointerior.guanajuato.gob.mx\/blog\/#\/schema\/person\/f4851bb8a48c32d7fba5285caf4ef1c4\"},\"breadcrumb\":{\"@id\":\"https:\/\/puertointerior.guanajuato.gob.mx\/blog\/2026\/04\/30\/mexico-y-apec-el-giro-de-timon-que-redefine-la-logistica-asia-pacifico\/#breadcrumb\"},\"inLanguage\":\"es\",\"potentialAction\":[{\"@type\":\"ReadAction\",\"target\":[\"https:\/\/puertointerior.guanajuato.gob.mx\/blog\/2026\/04\/30\/mexico-y-apec-el-giro-de-timon-que-redefine-la-logistica-asia-pacifico\/\"]}]},{\"@type\":\"ImageObject\",\"inLanguage\":\"es\",\"@id\":\"https:\/\/puertointerior.guanajuato.gob.mx\/blog\/2026\/04\/30\/mexico-y-apec-el-giro-de-timon-que-redefine-la-logistica-asia-pacifico\/#primaryimage\",\"url\":\"https:\/\/puertointerior.guanajuato.gob.mx\/blog\/wp-content\/uploads\/2026\/04\/WhatsApp-Image-2026-04-27-at-22.09.34.jpeg\",\"contentUrl\":\"https:\/\/puertointerior.guanajuato.gob.mx\/blog\/wp-content\/uploads\/2026\/04\/WhatsApp-Image-2026-04-27-at-22.09.34.jpeg\",\"width\":1170,\"height\":700},{\"@type\":\"BreadcrumbList\",\"@id\":\"https:\/\/puertointerior.guanajuato.gob.mx\/blog\/2026\/04\/30\/mexico-y-apec-el-giro-de-timon-que-redefine-la-logistica-asia-pacifico\/#breadcrumb\",\"itemListElement\":[{\"@type\":\"ListItem\",\"position\":1,\"name\":\"Inicio\",\"item\":\"https:\/\/puertointerior.guanajuato.gob.mx\/blog\/\"},{\"@type\":\"ListItem\",\"position\":2,\"name\":\"M\u00e9xico y APEC: el giro de tim\u00f3n que redefine la log\u00edstica Asia-Pac\u00edfico\"}]},{\"@type\":\"WebSite\",\"@id\":\"https:\/\/puertointerior.guanajuato.gob.mx\/blog\/#website\",\"url\":\"https:\/\/puertointerior.guanajuato.gob.mx\/blog\/\",\"name\":\"Blog | GPI NEWS\",\"description\":\"Guanajuato Puerto Interior\",\"potentialAction\":[{\"@type\":\"SearchAction\",\"target\":{\"@type\":\"EntryPoint\",\"urlTemplate\":\"https:\/\/puertointerior.guanajuato.gob.mx\/blog\/?s={search_term_string}\"},\"query-input\":{\"@type\":\"PropertyValueSpecification\",\"valueRequired\":true,\"valueName\":\"search_term_string\"}}],\"inLanguage\":\"es\"},{\"@type\":\"Person\",\"@id\":\"https:\/\/puertointerior.guanajuato.gob.mx\/blog\/#\/schema\/person\/f4851bb8a48c32d7fba5285caf4ef1c4\",\"name\":\"GPI NEWS\",\"image\":{\"@type\":\"ImageObject\",\"inLanguage\":\"es\",\"@id\":\"https:\/\/puertointerior.guanajuato.gob.mx\/blog\/#\/schema\/person\/image\/\",\"url\":\"https:\/\/secure.gravatar.com\/avatar\/612aca53a708cefc5ebe15ab0bc63c51a8ba58563e45c17848fa400e627e2717?s=96&d=mm&r=g\",\"contentUrl\":\"https:\/\/secure.gravatar.com\/avatar\/612aca53a708cefc5ebe15ab0bc63c51a8ba58563e45c17848fa400e627e2717?s=96&d=mm&r=g\",\"caption\":\"GPI NEWS\"},\"url\":\"https:\/\/puertointerior.guanajuato.gob.mx\/blog\/author\/rafa-jacinto\/\"}]}<\/script>\n<!-- \/ Yoast SEO plugin. -->","yoast_head_json":{"title":"M\u00e9xico y APEC: el giro de tim\u00f3n que redefine la log\u00edstica Asia-Pac\u00edfico - Blog | GPI NEWS","robots":{"index":"index","follow":"follow","max-snippet":"max-snippet:-1","max-image-preview":"max-image-preview:large","max-video-preview":"max-video-preview:-1"},"canonical":"https:\/\/puertointerior.guanajuato.gob.mx\/blog\/2026\/04\/30\/mexico-y-apec-el-giro-de-timon-que-redefine-la-logistica-asia-pacifico\/","og_locale":"es_MX","og_type":"article","og_title":"M\u00e9xico y APEC: el giro de tim\u00f3n que redefine la log\u00edstica Asia-Pac\u00edfico - Blog | GPI NEWS","og_description":"La entrada de M\u00e9xico al Foro de\u00a0Cooperaci\u00f3n Econ\u00f3mica Asia-Pac\u00edfico (APEC por sus siglas en ingl\u00e9s) en 1993 signific\u00f3 un nuevo cap\u00edtulo para la log\u00edstica del pa\u00eds, que se tradujo en una reconfiguraci\u00f3n portuaria y econ\u00f3mica al poner en el mapa las relaciones diplom\u00e1ticas y comerciales de M\u00e9xico con las naciones de esa regi\u00f3n. Y es [&hellip;]","og_url":"https:\/\/puertointerior.guanajuato.gob.mx\/blog\/2026\/04\/30\/mexico-y-apec-el-giro-de-timon-que-redefine-la-logistica-asia-pacifico\/","og_site_name":"Blog | GPI NEWS","article_published_time":"2026-04-30T16:29:26+00:00","og_image":[{"width":1170,"height":700,"url":"https:\/\/puertointerior.guanajuato.gob.mx\/blog\/wp-content\/uploads\/2026\/04\/WhatsApp-Image-2026-04-27-at-22.09.34.jpeg","type":"image\/jpeg"}],"author":"GPI NEWS","twitter_card":"summary_large_image","twitter_misc":{"Escrito por":"GPI NEWS","Tiempo de lectura":"1 minuto"},"schema":{"@context":"https:\/\/schema.org","@graph":[{"@type":"WebPage","@id":"https:\/\/puertointerior.guanajuato.gob.mx\/blog\/2026\/04\/30\/mexico-y-apec-el-giro-de-timon-que-redefine-la-logistica-asia-pacifico\/","url":"https:\/\/puertointerior.guanajuato.gob.mx\/blog\/2026\/04\/30\/mexico-y-apec-el-giro-de-timon-que-redefine-la-logistica-asia-pacifico\/","name":"M\u00e9xico y APEC: el giro de tim\u00f3n que redefine la log\u00edstica Asia-Pac\u00edfico - Blog | GPI NEWS","isPartOf":{"@id":"https:\/\/puertointerior.guanajuato.gob.mx\/blog\/#website"},"primaryImageOfPage":{"@id":"https:\/\/puertointerior.guanajuato.gob.mx\/blog\/2026\/04\/30\/mexico-y-apec-el-giro-de-timon-que-redefine-la-logistica-asia-pacifico\/#primaryimage"},"image":{"@id":"https:\/\/puertointerior.guanajuato.gob.mx\/blog\/2026\/04\/30\/mexico-y-apec-el-giro-de-timon-que-redefine-la-logistica-asia-pacifico\/#primaryimage"},"thumbnailUrl":"https:\/\/puertointerior.guanajuato.gob.mx\/blog\/wp-content\/uploads\/2026\/04\/WhatsApp-Image-2026-04-27-at-22.09.34.jpeg","datePublished":"2026-04-30T16:29:26+00:00","author":{"@id":"https:\/\/puertointerior.guanajuato.gob.mx\/blog\/#\/schema\/person\/f4851bb8a48c32d7fba5285caf4ef1c4"},"breadcrumb":{"@id":"https:\/\/puertointerior.guanajuato.gob.mx\/blog\/2026\/04\/30\/mexico-y-apec-el-giro-de-timon-que-redefine-la-logistica-asia-pacifico\/#breadcrumb"},"inLanguage":"es","potentialAction":[{"@type":"ReadAction","target":["https:\/\/puertointerior.guanajuato.gob.mx\/blog\/2026\/04\/30\/mexico-y-apec-el-giro-de-timon-que-redefine-la-logistica-asia-pacifico\/"]}]},{"@type":"ImageObject","inLanguage":"es","@id":"https:\/\/puertointerior.guanajuato.gob.mx\/blog\/2026\/04\/30\/mexico-y-apec-el-giro-de-timon-que-redefine-la-logistica-asia-pacifico\/#primaryimage","url":"https:\/\/puertointerior.guanajuato.gob.mx\/blog\/wp-content\/uploads\/2026\/04\/WhatsApp-Image-2026-04-27-at-22.09.34.jpeg","contentUrl":"https:\/\/puertointerior.guanajuato.gob.mx\/blog\/wp-content\/uploads\/2026\/04\/WhatsApp-Image-2026-04-27-at-22.09.34.jpeg","width":1170,"height":700},{"@type":"BreadcrumbList","@id":"https:\/\/puertointerior.guanajuato.gob.mx\/blog\/2026\/04\/30\/mexico-y-apec-el-giro-de-timon-que-redefine-la-logistica-asia-pacifico\/#breadcrumb","itemListElement":[{"@type":"ListItem","position":1,"name":"Inicio","item":"https:\/\/puertointerior.guanajuato.gob.mx\/blog\/"},{"@type":"ListItem","position":2,"name":"M\u00e9xico y APEC: el giro de tim\u00f3n que redefine la log\u00edstica Asia-Pac\u00edfico"}]},{"@type":"WebSite","@id":"https:\/\/puertointerior.guanajuato.gob.mx\/blog\/#website","url":"https:\/\/puertointerior.guanajuato.gob.mx\/blog\/","name":"Blog | GPI NEWS","description":"Guanajuato Puerto Interior","potentialAction":[{"@type":"SearchAction","target":{"@type":"EntryPoint","urlTemplate":"https:\/\/puertointerior.guanajuato.gob.mx\/blog\/?s={search_term_string}"},"query-input":{"@type":"PropertyValueSpecification","valueRequired":true,"valueName":"search_term_string"}}],"inLanguage":"es"},{"@type":"Person","@id":"https:\/\/puertointerior.guanajuato.gob.mx\/blog\/#\/schema\/person\/f4851bb8a48c32d7fba5285caf4ef1c4","name":"GPI NEWS","image":{"@type":"ImageObject","inLanguage":"es","@id":"https:\/\/puertointerior.guanajuato.gob.mx\/blog\/#\/schema\/person\/image\/","url":"https:\/\/secure.gravatar.com\/avatar\/612aca53a708cefc5ebe15ab0bc63c51a8ba58563e45c17848fa400e627e2717?s=96&d=mm&r=g","contentUrl":"https:\/\/secure.gravatar.com\/avatar\/612aca53a708cefc5ebe15ab0bc63c51a8ba58563e45c17848fa400e627e2717?s=96&d=mm&r=g","caption":"GPI NEWS"},"url":"https:\/\/puertointerior.guanajuato.gob.mx\/blog\/author\/rafa-jacinto\/"}]}},"jetpack_featured_media_url":"https:\/\/puertointerior.guanajuato.gob.mx\/blog\/wp-content\/uploads\/2026\/04\/WhatsApp-Image-2026-04-27-at-22.09.34.jpeg","jetpack_sharing_enabled":true,"jetpack_shortlink":"https:\/\/wp.me\/pcnMPA-6qA","_links":{"self":[{"href":"https:\/\/puertointerior.guanajuato.gob.mx\/blog\/wp-json\/wp\/v2\/posts\/24712","targetHints":{"allow":["GET"]}}],"collection":[{"href":"https:\/\/puertointerior.guanajuato.gob.mx\/blog\/wp-json\/wp\/v2\/posts"}],"about":[{"href":"https:\/\/puertointerior.guanajuato.gob.mx\/blog\/wp-json\/wp\/v2\/types\/post"}],"author":[{"embeddable":true,"href":"https:\/\/puertointerior.guanajuato.gob.mx\/blog\/wp-json\/wp\/v2\/users\/2"}],"replies":[{"embeddable":true,"href":"https:\/\/puertointerior.guanajuato.gob.mx\/blog\/wp-json\/wp\/v2\/comments?post=24712"}],"version-history":[{"count":1,"href":"https:\/\/puertointerior.guanajuato.gob.mx\/blog\/wp-json\/wp\/v2\/posts\/24712\/revisions"}],"predecessor-version":[{"id":24714,"href":"https:\/\/puertointerior.guanajuato.gob.mx\/blog\/wp-json\/wp\/v2\/posts\/24712\/revisions\/24714"}],"wp:featuredmedia":[{"embeddable":true,"href":"https:\/\/puertointerior.guanajuato.gob.mx\/blog\/wp-json\/wp\/v2\/media\/24713"}],"wp:attachment":[{"href":"https:\/\/puertointerior.guanajuato.gob.mx\/blog\/wp-json\/wp\/v2\/media?parent=24712"}],"wp:term":[{"taxonomy":"category","embeddable":true,"href":"https:\/\/puertointerior.guanajuato.gob.mx\/blog\/wp-json\/wp\/v2\/categories?post=24712"},{"taxonomy":"post_tag","embeddable":true,"href":"https:\/\/puertointerior.guanajuato.gob.mx\/blog\/wp-json\/wp\/v2\/tags?post=24712"}],"curies":[{"name":"wp","href":"https:\/\/api.w.org\/{rel}","templated":true}]}}