{"id":2664,"date":"2023-02-17T17:02:28","date_gmt":"2023-02-17T22:02:28","guid":{"rendered":"https:\/\/puertointerior.guanajuato.gob.mx\/blog\/?p=2664"},"modified":"2023-02-17T17:06:02","modified_gmt":"2023-02-17T22:06:02","slug":"bmw-vuelve-a-confiar-en-mexico","status":"publish","type":"post","link":"https:\/\/puertointerior.guanajuato.gob.mx\/blog\/2023\/02\/17\/bmw-vuelve-a-confiar-en-mexico\/","title":{"rendered":"BMW vuelve a confiar en M\u00e9xico"},"content":{"rendered":"<p>Con una inversi\u00f3n de alrededor de 800 millones de euros, la automotriz alemana construir\u00e1 una nueva planta en San Luis Potos\u00ed, donde se fabricar\u00e1n los modelos el\u00e9ctricos de \u00faltima generaci\u00f3n.<\/p>\n<p>La marca b\u00e1vara confirma una importante inversi\u00f3n para el mercado nacional, con el emplazamiento de una nueva f\u00e1brica.<\/p>\n<p>Hace un par de a\u00f1os BMW coloc\u00f3 su nueva planta armadora de coches de lujo en M\u00e9xico, espec\u00edficamente en San Luis Potos\u00ed, donde manos y talento mexicano dan vida a productos que se exportan a nivel global, como el Serie 3 o el Serie 2, incluyendo a la versi\u00f3n m\u00e1s capaz de este \u00faltimo: el M2.<\/p>\n<p>Los resultados que ha obtenido la firma alemana son m\u00e1s que positivos y es por ello que decidieron volver a confiar en nuestro pa\u00eds, con el anuncio de la\u00a0<strong>inversi\u00f3n de alrededor de 800 millones de euros<\/strong>\u00a0para la construcci\u00f3n de una factor\u00eda m\u00e1s.<\/p>\n<p><strong>Las instalaciones se colocar\u00e1n en el mismo terreno de su planta\u00a0potosina, esta vez en un espacio aleda\u00f1o que comenzar\u00e1 a construirse en breve y desde donde saldr\u00e1n nuevos modelos el\u00e9ctricos de \u00faltima generaci\u00f3n,<\/strong>\u00a0mejor conocidos por BMW como \u201cNeue Klasse\u201d.<\/p>\n<p>Este paso es parte de la estrategia de la firma europea, que busca que sus ventas de coches con impulso el\u00e9ctrico crezcan, con la meta de colocar alrededor del 50% de sus ventas totales para el 2030.<\/p>\n<p>La nueva productora de coches el\u00e9ctricos ya comenz\u00f3 con los primeros pasos para su emplazamiento y, aunque no se sabe a ciencia cierta cu\u00e1les ser\u00e1n los productos ah\u00ed fabricados, s\u00ed se sabe que servir\u00e1n para su exportaci\u00f3n global y que\u00a0<strong>crear\u00e1 alrededor de mil nuevos empleos directos.<\/strong><\/p>\n<p><strong>Las primeras unidades de las nuevas l\u00edneas de ensamble deber\u00edan comenzar a salir a partir del 2027,\u00a0<\/strong>aunque faltan varios detalles por conocer y ser confirmados.<\/p>\n<p>Publicado originalmente por:\u00a0<a href=\"https:\/\/www.informador.mx\/economia\/BMW-vuelve-a-confiar-en-Mexico-20230211-0022.html\">https:\/\/www.informador.mx\/economia\/BMW-vuelve-a-confiar-en-Mexico-20230211-0022.html<\/a><\/p>\n","protected":false},"excerpt":{"rendered":"<p>Con una inversi\u00f3n de alrededor de 800 millones de euros, la automotriz alemana construir\u00e1 una nueva planta en San Luis Potos\u00ed, donde se fabricar\u00e1n los modelos el\u00e9ctricos de \u00faltima generaci\u00f3n. La marca b\u00e1vara confirma una importante inversi\u00f3n para el mercado nacional, con el emplazamiento de una nueva f\u00e1brica. Hace un par de a\u00f1os BMW coloc\u00f3 [&hellip;]<\/p>\n","protected":false},"author":2,"featured_media":2665,"comment_status":"closed","ping_status":"open","sticky":false,"template":"","format":"standard","meta":{"jetpack_post_was_ever_published":false,"_jetpack_newsletter_access":"","_jetpack_dont_email_post_to_subs":false,"_jetpack_newsletter_tier_id":0,"_jetpack_memberships_contains_paywalled_content":false,"_jetpack_memberships_contains_paid_content":false,"footnotes":""},"categories":[20],"tags":[],"class_list":["post-2664","post","type-post","status-publish","format-standard","has-post-thumbnail","hentry","category-economic-development"],"yoast_head":"<!-- This site is optimized with the Yoast SEO plugin v25.7 - https:\/\/yoast.com\/wordpress\/plugins\/seo\/ -->\n<title>BMW vuelve a confiar en M\u00e9xico - Blog | GPI NEWS<\/title>\n<meta name=\"robots\" content=\"index, follow, max-snippet:-1, max-image-preview:large, max-video-preview:-1\" \/>\n<link rel=\"canonical\" href=\"https:\/\/puertointerior.guanajuato.gob.mx\/blog\/2023\/02\/17\/bmw-vuelve-a-confiar-en-mexico\/\" \/>\n<meta property=\"og:locale\" content=\"es_MX\" \/>\n<meta property=\"og:type\" content=\"article\" \/>\n<meta property=\"og:title\" content=\"BMW vuelve a confiar en M\u00e9xico - Blog | GPI NEWS\" \/>\n<meta property=\"og:description\" content=\"Con una inversi\u00f3n de alrededor de 800 millones de euros, la automotriz alemana construir\u00e1 una nueva planta en San Luis Potos\u00ed, donde se fabricar\u00e1n los modelos el\u00e9ctricos de \u00faltima generaci\u00f3n. La marca b\u00e1vara confirma una importante inversi\u00f3n para el mercado nacional, con el emplazamiento de una nueva f\u00e1brica. Hace un par de a\u00f1os BMW coloc\u00f3 [&hellip;]\" \/>\n<meta property=\"og:url\" content=\"https:\/\/puertointerior.guanajuato.gob.mx\/blog\/2023\/02\/17\/bmw-vuelve-a-confiar-en-mexico\/\" \/>\n<meta property=\"og:site_name\" content=\"Blog | GPI NEWS\" \/>\n<meta property=\"article:published_time\" content=\"2023-02-17T22:02:28+00:00\" \/>\n<meta property=\"article:modified_time\" content=\"2023-02-17T22:06:02+00:00\" \/>\n<meta property=\"og:image\" content=\"https:\/\/puertointerior.guanajuato.gob.mx\/blog\/wp-content\/uploads\/2023\/02\/imagen_imagen_bmw_crop1676105520930.jpg_1970638775.jpg\" \/>\n\t<meta property=\"og:image:width\" content=\"770\" \/>\n\t<meta property=\"og:image:height\" content=\"485\" \/>\n\t<meta property=\"og:image:type\" content=\"image\/jpeg\" \/>\n<meta name=\"author\" content=\"GPI NEWS\" \/>\n<meta name=\"twitter:card\" content=\"summary_large_image\" \/>\n<meta name=\"twitter:label1\" content=\"Escrito por\" \/>\n\t<meta name=\"twitter:data1\" content=\"GPI NEWS\" \/>\n\t<meta name=\"twitter:label2\" content=\"Tiempo de lectura\" \/>\n\t<meta name=\"twitter:data2\" content=\"2 minutos\" \/>\n<script type=\"application\/ld+json\" class=\"yoast-schema-graph\">{\"@context\":\"https:\/\/schema.org\",\"@graph\":[{\"@type\":\"WebPage\",\"@id\":\"https:\/\/puertointerior.guanajuato.gob.mx\/blog\/2023\/02\/17\/bmw-vuelve-a-confiar-en-mexico\/\",\"url\":\"https:\/\/puertointerior.guanajuato.gob.mx\/blog\/2023\/02\/17\/bmw-vuelve-a-confiar-en-mexico\/\",\"name\":\"BMW vuelve a confiar en M\u00e9xico - Blog | GPI NEWS\",\"isPartOf\":{\"@id\":\"https:\/\/puertointerior.guanajuato.gob.mx\/blog\/#website\"},\"primaryImageOfPage\":{\"@id\":\"https:\/\/puertointerior.guanajuato.gob.mx\/blog\/2023\/02\/17\/bmw-vuelve-a-confiar-en-mexico\/#primaryimage\"},\"image\":{\"@id\":\"https:\/\/puertointerior.guanajuato.gob.mx\/blog\/2023\/02\/17\/bmw-vuelve-a-confiar-en-mexico\/#primaryimage\"},\"thumbnailUrl\":\"https:\/\/puertointerior.guanajuato.gob.mx\/blog\/wp-content\/uploads\/2023\/02\/imagen_imagen_bmw_crop1676105520930.jpg_1970638775.jpg\",\"datePublished\":\"2023-02-17T22:02:28+00:00\",\"dateModified\":\"2023-02-17T22:06:02+00:00\",\"author\":{\"@id\":\"https:\/\/puertointerior.guanajuato.gob.mx\/blog\/#\/schema\/person\/f4851bb8a48c32d7fba5285caf4ef1c4\"},\"breadcrumb\":{\"@id\":\"https:\/\/puertointerior.guanajuato.gob.mx\/blog\/2023\/02\/17\/bmw-vuelve-a-confiar-en-mexico\/#breadcrumb\"},\"inLanguage\":\"es\",\"potentialAction\":[{\"@type\":\"ReadAction\",\"target\":[\"https:\/\/puertointerior.guanajuato.gob.mx\/blog\/2023\/02\/17\/bmw-vuelve-a-confiar-en-mexico\/\"]}]},{\"@type\":\"ImageObject\",\"inLanguage\":\"es\",\"@id\":\"https:\/\/puertointerior.guanajuato.gob.mx\/blog\/2023\/02\/17\/bmw-vuelve-a-confiar-en-mexico\/#primaryimage\",\"url\":\"https:\/\/puertointerior.guanajuato.gob.mx\/blog\/wp-content\/uploads\/2023\/02\/imagen_imagen_bmw_crop1676105520930.jpg_1970638775.jpg\",\"contentUrl\":\"https:\/\/puertointerior.guanajuato.gob.mx\/blog\/wp-content\/uploads\/2023\/02\/imagen_imagen_bmw_crop1676105520930.jpg_1970638775.jpg\",\"width\":770,\"height\":485},{\"@type\":\"BreadcrumbList\",\"@id\":\"https:\/\/puertointerior.guanajuato.gob.mx\/blog\/2023\/02\/17\/bmw-vuelve-a-confiar-en-mexico\/#breadcrumb\",\"itemListElement\":[{\"@type\":\"ListItem\",\"position\":1,\"name\":\"Inicio\",\"item\":\"https:\/\/puertointerior.guanajuato.gob.mx\/blog\/\"},{\"@type\":\"ListItem\",\"position\":2,\"name\":\"BMW vuelve a confiar en M\u00e9xico\"}]},{\"@type\":\"WebSite\",\"@id\":\"https:\/\/puertointerior.guanajuato.gob.mx\/blog\/#website\",\"url\":\"https:\/\/puertointerior.guanajuato.gob.mx\/blog\/\",\"name\":\"Blog | GPI NEWS\",\"description\":\"Guanajuato Puerto Interior\",\"potentialAction\":[{\"@type\":\"SearchAction\",\"target\":{\"@type\":\"EntryPoint\",\"urlTemplate\":\"https:\/\/puertointerior.guanajuato.gob.mx\/blog\/?s={search_term_string}\"},\"query-input\":{\"@type\":\"PropertyValueSpecification\",\"valueRequired\":true,\"valueName\":\"search_term_string\"}}],\"inLanguage\":\"es\"},{\"@type\":\"Person\",\"@id\":\"https:\/\/puertointerior.guanajuato.gob.mx\/blog\/#\/schema\/person\/f4851bb8a48c32d7fba5285caf4ef1c4\",\"name\":\"GPI NEWS\",\"image\":{\"@type\":\"ImageObject\",\"inLanguage\":\"es\",\"@id\":\"https:\/\/puertointerior.guanajuato.gob.mx\/blog\/#\/schema\/person\/image\/\",\"url\":\"https:\/\/secure.gravatar.com\/avatar\/612aca53a708cefc5ebe15ab0bc63c51a8ba58563e45c17848fa400e627e2717?s=96&d=mm&r=g\",\"contentUrl\":\"https:\/\/secure.gravatar.com\/avatar\/612aca53a708cefc5ebe15ab0bc63c51a8ba58563e45c17848fa400e627e2717?s=96&d=mm&r=g\",\"caption\":\"GPI NEWS\"},\"url\":\"https:\/\/puertointerior.guanajuato.gob.mx\/blog\/author\/rafa-jacinto\/\"}]}<\/script>\n<!-- \/ Yoast SEO plugin. -->","yoast_head_json":{"title":"BMW vuelve a confiar en M\u00e9xico - Blog | GPI NEWS","robots":{"index":"index","follow":"follow","max-snippet":"max-snippet:-1","max-image-preview":"max-image-preview:large","max-video-preview":"max-video-preview:-1"},"canonical":"https:\/\/puertointerior.guanajuato.gob.mx\/blog\/2023\/02\/17\/bmw-vuelve-a-confiar-en-mexico\/","og_locale":"es_MX","og_type":"article","og_title":"BMW vuelve a confiar en M\u00e9xico - Blog | GPI NEWS","og_description":"Con una inversi\u00f3n de alrededor de 800 millones de euros, la automotriz alemana construir\u00e1 una nueva planta en San Luis Potos\u00ed, donde se fabricar\u00e1n los modelos el\u00e9ctricos de \u00faltima generaci\u00f3n. La marca b\u00e1vara confirma una importante inversi\u00f3n para el mercado nacional, con el emplazamiento de una nueva f\u00e1brica. Hace un par de a\u00f1os BMW coloc\u00f3 [&hellip;]","og_url":"https:\/\/puertointerior.guanajuato.gob.mx\/blog\/2023\/02\/17\/bmw-vuelve-a-confiar-en-mexico\/","og_site_name":"Blog | GPI NEWS","article_published_time":"2023-02-17T22:02:28+00:00","article_modified_time":"2023-02-17T22:06:02+00:00","og_image":[{"width":770,"height":485,"url":"https:\/\/puertointerior.guanajuato.gob.mx\/blog\/wp-content\/uploads\/2023\/02\/imagen_imagen_bmw_crop1676105520930.jpg_1970638775.jpg","type":"image\/jpeg"}],"author":"GPI NEWS","twitter_card":"summary_large_image","twitter_misc":{"Escrito por":"GPI NEWS","Tiempo de lectura":"2 minutos"},"schema":{"@context":"https:\/\/schema.org","@graph":[{"@type":"WebPage","@id":"https:\/\/puertointerior.guanajuato.gob.mx\/blog\/2023\/02\/17\/bmw-vuelve-a-confiar-en-mexico\/","url":"https:\/\/puertointerior.guanajuato.gob.mx\/blog\/2023\/02\/17\/bmw-vuelve-a-confiar-en-mexico\/","name":"BMW vuelve a confiar en M\u00e9xico - Blog | GPI NEWS","isPartOf":{"@id":"https:\/\/puertointerior.guanajuato.gob.mx\/blog\/#website"},"primaryImageOfPage":{"@id":"https:\/\/puertointerior.guanajuato.gob.mx\/blog\/2023\/02\/17\/bmw-vuelve-a-confiar-en-mexico\/#primaryimage"},"image":{"@id":"https:\/\/puertointerior.guanajuato.gob.mx\/blog\/2023\/02\/17\/bmw-vuelve-a-confiar-en-mexico\/#primaryimage"},"thumbnailUrl":"https:\/\/puertointerior.guanajuato.gob.mx\/blog\/wp-content\/uploads\/2023\/02\/imagen_imagen_bmw_crop1676105520930.jpg_1970638775.jpg","datePublished":"2023-02-17T22:02:28+00:00","dateModified":"2023-02-17T22:06:02+00:00","author":{"@id":"https:\/\/puertointerior.guanajuato.gob.mx\/blog\/#\/schema\/person\/f4851bb8a48c32d7fba5285caf4ef1c4"},"breadcrumb":{"@id":"https:\/\/puertointerior.guanajuato.gob.mx\/blog\/2023\/02\/17\/bmw-vuelve-a-confiar-en-mexico\/#breadcrumb"},"inLanguage":"es","potentialAction":[{"@type":"ReadAction","target":["https:\/\/puertointerior.guanajuato.gob.mx\/blog\/2023\/02\/17\/bmw-vuelve-a-confiar-en-mexico\/"]}]},{"@type":"ImageObject","inLanguage":"es","@id":"https:\/\/puertointerior.guanajuato.gob.mx\/blog\/2023\/02\/17\/bmw-vuelve-a-confiar-en-mexico\/#primaryimage","url":"https:\/\/puertointerior.guanajuato.gob.mx\/blog\/wp-content\/uploads\/2023\/02\/imagen_imagen_bmw_crop1676105520930.jpg_1970638775.jpg","contentUrl":"https:\/\/puertointerior.guanajuato.gob.mx\/blog\/wp-content\/uploads\/2023\/02\/imagen_imagen_bmw_crop1676105520930.jpg_1970638775.jpg","width":770,"height":485},{"@type":"BreadcrumbList","@id":"https:\/\/puertointerior.guanajuato.gob.mx\/blog\/2023\/02\/17\/bmw-vuelve-a-confiar-en-mexico\/#breadcrumb","itemListElement":[{"@type":"ListItem","position":1,"name":"Inicio","item":"https:\/\/puertointerior.guanajuato.gob.mx\/blog\/"},{"@type":"ListItem","position":2,"name":"BMW vuelve a confiar en M\u00e9xico"}]},{"@type":"WebSite","@id":"https:\/\/puertointerior.guanajuato.gob.mx\/blog\/#website","url":"https:\/\/puertointerior.guanajuato.gob.mx\/blog\/","name":"Blog | GPI NEWS","description":"Guanajuato Puerto Interior","potentialAction":[{"@type":"SearchAction","target":{"@type":"EntryPoint","urlTemplate":"https:\/\/puertointerior.guanajuato.gob.mx\/blog\/?s={search_term_string}"},"query-input":{"@type":"PropertyValueSpecification","valueRequired":true,"valueName":"search_term_string"}}],"inLanguage":"es"},{"@type":"Person","@id":"https:\/\/puertointerior.guanajuato.gob.mx\/blog\/#\/schema\/person\/f4851bb8a48c32d7fba5285caf4ef1c4","name":"GPI NEWS","image":{"@type":"ImageObject","inLanguage":"es","@id":"https:\/\/puertointerior.guanajuato.gob.mx\/blog\/#\/schema\/person\/image\/","url":"https:\/\/secure.gravatar.com\/avatar\/612aca53a708cefc5ebe15ab0bc63c51a8ba58563e45c17848fa400e627e2717?s=96&d=mm&r=g","contentUrl":"https:\/\/secure.gravatar.com\/avatar\/612aca53a708cefc5ebe15ab0bc63c51a8ba58563e45c17848fa400e627e2717?s=96&d=mm&r=g","caption":"GPI NEWS"},"url":"https:\/\/puertointerior.guanajuato.gob.mx\/blog\/author\/rafa-jacinto\/"}]}},"jetpack_featured_media_url":"https:\/\/puertointerior.guanajuato.gob.mx\/blog\/wp-content\/uploads\/2023\/02\/imagen_imagen_bmw_crop1676105520930.jpg_1970638775.jpg","jetpack_sharing_enabled":true,"jetpack_shortlink":"https:\/\/wp.me\/pcnMPA-GY","_links":{"self":[{"href":"https:\/\/puertointerior.guanajuato.gob.mx\/blog\/wp-json\/wp\/v2\/posts\/2664","targetHints":{"allow":["GET"]}}],"collection":[{"href":"https:\/\/puertointerior.guanajuato.gob.mx\/blog\/wp-json\/wp\/v2\/posts"}],"about":[{"href":"https:\/\/puertointerior.guanajuato.gob.mx\/blog\/wp-json\/wp\/v2\/types\/post"}],"author":[{"embeddable":true,"href":"https:\/\/puertointerior.guanajuato.gob.mx\/blog\/wp-json\/wp\/v2\/users\/2"}],"replies":[{"embeddable":true,"href":"https:\/\/puertointerior.guanajuato.gob.mx\/blog\/wp-json\/wp\/v2\/comments?post=2664"}],"version-history":[{"count":1,"href":"https:\/\/puertointerior.guanajuato.gob.mx\/blog\/wp-json\/wp\/v2\/posts\/2664\/revisions"}],"predecessor-version":[{"id":2666,"href":"https:\/\/puertointerior.guanajuato.gob.mx\/blog\/wp-json\/wp\/v2\/posts\/2664\/revisions\/2666"}],"wp:featuredmedia":[{"embeddable":true,"href":"https:\/\/puertointerior.guanajuato.gob.mx\/blog\/wp-json\/wp\/v2\/media\/2665"}],"wp:attachment":[{"href":"https:\/\/puertointerior.guanajuato.gob.mx\/blog\/wp-json\/wp\/v2\/media?parent=2664"}],"wp:term":[{"taxonomy":"category","embeddable":true,"href":"https:\/\/puertointerior.guanajuato.gob.mx\/blog\/wp-json\/wp\/v2\/categories?post=2664"},{"taxonomy":"post_tag","embeddable":true,"href":"https:\/\/puertointerior.guanajuato.gob.mx\/blog\/wp-json\/wp\/v2\/tags?post=2664"}],"curies":[{"name":"wp","href":"https:\/\/api.w.org\/{rel}","templated":true}]}}