{"id":2688,"date":"2023-02-20T11:18:51","date_gmt":"2023-02-20T16:18:51","guid":{"rendered":"https:\/\/puertointerior.guanajuato.gob.mx\/blog\/?p=2688"},"modified":"2023-02-20T11:18:51","modified_gmt":"2023-02-20T16:18:51","slug":"gomez-tamez-se-va-a-la-direccion-general-de-concamin","status":"publish","type":"post","link":"https:\/\/puertointerior.guanajuato.gob.mx\/blog\/2023\/02\/20\/gomez-tamez-se-va-a-la-direccion-general-de-concamin\/","title":{"rendered":"G\u00f3mez Tamez se va a la direcci\u00f3n general de Concamin"},"content":{"rendered":"<p>Le\u00f3n, Gto.-<b>\u00a0Tras 12 a\u00f1os al frente de la C\u00e1mara de la Industria del Calzado en el Estado de Guanajuato como presidente ejecutivo<\/b>, el doctor en econom\u00eda\u00a0<b>Alejandro G\u00f3mez Tamez dej\u00f3 el cargo para migrar a la direcci\u00f3n general de la Confederaci\u00f3n de C\u00e1maras de Industriales en la Ciudad de M\u00e9xico.<\/b><\/p>\n<p><b>Lo anterior dio a conocer el propio presidente de la Concamin nacional, el empresario zapatero de esta ciudad Jos\u00e9 Abugaber Andonie,<\/b> quien en su cuenta de tuiter felicit\u00f3 a G\u00f3mez Tam\u00e9z por su nuevo encargo.<\/p>\n<p>Explic\u00f3 que el economista fue seleccionado en la\u00a0<b>Sesi\u00f3n de Consejo Directivo integrado por las c\u00e1maras asociadas a la Concamin nacional.<\/b><\/p>\n<p><b><i>\u201cFelicito a Alejandro G\u00f3mez Tamez, quien fue elegido durante la Sesi\u00f3n de Consejo Directivo por las C\u00e1maras y Asociaciones para ocupar el cargo de director general de la Concamin. \u00a1Enhorabuena!\u201d, especific\u00f3.<\/i><\/b><\/p>\n<p><b>G\u00f3mez Tam\u00e9z lleg\u00f3 al cargo al frente de la c\u00e1mara del sector calzado en 2011\u00a0<\/b>para estar dirigiendo todo lo referente a la industria en\u00a0<b>Guanajuato.\u00a0<\/b>Actualmente colabora en el\u00a0<b>Centro de Inteligencia de la Concamin nacional dirigida por Jos\u00e9 Abugaber.<\/b><\/p>\n<p>Asimismo, es integrante del<b>\u00a0Grupo de Asesores en Econom\u00eda y Administraci\u00f3n P\u00fablica, GAEAP,<\/b>\u00a0donde es responsable de la coordinaci\u00f3n de los diferentes estudios e investigaciones que realiza el despacho, como estudios de an\u00e1lisis sectorial, proyecci\u00f3n de variables financieras y de la econom\u00eda real, diagn\u00f3sticos de las econom\u00edas regionales y estatales, entre otros.<\/p>\n<p>En la<b>\u00a0C\u00e1mara del Calzado ser\u00e1 hasta el pr\u00f3ximo lunes que se podr\u00eda ofrecer informaci\u00f3n oficial sobre el nuevo presidente ejecutivo<\/b>\u00a0del organismo empresarial del cual, el empresario zapatero\u00a0<b>Alfredo Padilla es el actual presidente del Consejo.<\/b><\/p>\n<p><b>G\u00f3mez Tamez<\/b>\u00a0ha sido director de\u00a0<b>An\u00e1lisis y Consulta de Informaci\u00f3n en el Gobierno del Estado de Guanajuato de 1997 a 2003,\u00a0<\/b>donde fue responsable de todo el an\u00e1lisis de informaci\u00f3n estad\u00edstica del estado de\u00a0<b>Guanajuato.<\/b>\u00a0Desarrollo de estudios de investigaci\u00f3n econ\u00f3mica y financiera. Desarrollo de modelos econom\u00e9tricos.<\/p>\n<p><b>Con el PRI fue regidor en el 2000, y pas\u00f3 a ser contralor municipal en 2003.\u00a0<\/b>Tambi\u00e9n ocup\u00f3 el cargo de director t\u00e9cnico de la\u00a0<b>Unidad de Inversi\u00f3n y Banco de Proyectos del Municipio de Le\u00f3n en 2009, hasta integrarse a la CICEG en 2011.<\/b><\/p>\n<p>Publicado originalmente por:\u00a0<a href=\"https:\/\/www.elsoldeleon.com.mx\/local\/gomez-tamez-se-va-a-la-direccion-general-de-concamin-9636843.html\">https:\/\/www.elsoldeleon.com.mx\/local\/gomez-tamez-se-va-a-la-direccion-general-de-concamin-9636843.html<\/a><\/p>\n","protected":false},"excerpt":{"rendered":"<p>Le\u00f3n, Gto.-\u00a0Tras 12 a\u00f1os al frente de la C\u00e1mara de la Industria del Calzado en el Estado de Guanajuato como presidente ejecutivo, el doctor en econom\u00eda\u00a0Alejandro G\u00f3mez Tamez dej\u00f3 el cargo para migrar a la direcci\u00f3n general de la Confederaci\u00f3n de C\u00e1maras de Industriales en la Ciudad de M\u00e9xico. Lo anterior dio a conocer el [&hellip;]<\/p>\n","protected":false},"author":2,"featured_media":2689,"comment_status":"closed","ping_status":"open","sticky":false,"template":"","format":"standard","meta":{"jetpack_post_was_ever_published":false,"_jetpack_newsletter_access":"","_jetpack_dont_email_post_to_subs":false,"_jetpack_newsletter_tier_id":0,"_jetpack_memberships_contains_paywalled_content":false,"_jetpack_memberships_contains_paid_content":false,"footnotes":""},"categories":[20],"tags":[],"class_list":["post-2688","post","type-post","status-publish","format-standard","has-post-thumbnail","hentry","category-economic-development"],"yoast_head":"<!-- This site is optimized with the Yoast SEO plugin v25.7 - https:\/\/yoast.com\/wordpress\/plugins\/seo\/ -->\n<title>G\u00f3mez Tamez se va a la direcci\u00f3n general de Concamin - Blog | GPI NEWS<\/title>\n<meta name=\"robots\" content=\"index, follow, max-snippet:-1, max-image-preview:large, max-video-preview:-1\" \/>\n<link rel=\"canonical\" href=\"https:\/\/puertointerior.guanajuato.gob.mx\/blog\/2023\/02\/20\/gomez-tamez-se-va-a-la-direccion-general-de-concamin\/\" \/>\n<meta property=\"og:locale\" content=\"es_MX\" \/>\n<meta property=\"og:type\" content=\"article\" \/>\n<meta property=\"og:title\" content=\"G\u00f3mez Tamez se va a la direcci\u00f3n general de Concamin - Blog | GPI NEWS\" \/>\n<meta property=\"og:description\" content=\"Le\u00f3n, Gto.-\u00a0Tras 12 a\u00f1os al frente de la C\u00e1mara de la Industria del Calzado en el Estado de Guanajuato como presidente ejecutivo, el doctor en econom\u00eda\u00a0Alejandro G\u00f3mez Tamez dej\u00f3 el cargo para migrar a la direcci\u00f3n general de la Confederaci\u00f3n de C\u00e1maras de Industriales en la Ciudad de M\u00e9xico. Lo anterior dio a conocer el [&hellip;]\" \/>\n<meta property=\"og:url\" content=\"https:\/\/puertointerior.guanajuato.gob.mx\/blog\/2023\/02\/20\/gomez-tamez-se-va-a-la-direccion-general-de-concamin\/\" \/>\n<meta property=\"og:site_name\" content=\"Blog | GPI NEWS\" \/>\n<meta property=\"article:published_time\" content=\"2023-02-20T16:18:51+00:00\" \/>\n<meta property=\"og:image\" content=\"https:\/\/puertointerior.guanajuato.gob.mx\/blog\/wp-content\/uploads\/2023\/02\/GOMEZ-TAMEZ.jpg\" \/>\n\t<meta property=\"og:image:width\" content=\"768\" \/>\n\t<meta property=\"og:image:height\" content=\"479\" \/>\n\t<meta property=\"og:image:type\" content=\"image\/jpeg\" \/>\n<meta name=\"author\" content=\"GPI NEWS\" \/>\n<meta name=\"twitter:card\" content=\"summary_large_image\" \/>\n<meta name=\"twitter:label1\" content=\"Escrito por\" \/>\n\t<meta name=\"twitter:data1\" content=\"GPI NEWS\" \/>\n\t<meta name=\"twitter:label2\" content=\"Tiempo de lectura\" \/>\n\t<meta name=\"twitter:data2\" content=\"2 minutos\" \/>\n<script type=\"application\/ld+json\" class=\"yoast-schema-graph\">{\"@context\":\"https:\/\/schema.org\",\"@graph\":[{\"@type\":\"WebPage\",\"@id\":\"https:\/\/puertointerior.guanajuato.gob.mx\/blog\/2023\/02\/20\/gomez-tamez-se-va-a-la-direccion-general-de-concamin\/\",\"url\":\"https:\/\/puertointerior.guanajuato.gob.mx\/blog\/2023\/02\/20\/gomez-tamez-se-va-a-la-direccion-general-de-concamin\/\",\"name\":\"G\u00f3mez Tamez se va a la direcci\u00f3n general de Concamin - Blog | GPI NEWS\",\"isPartOf\":{\"@id\":\"https:\/\/puertointerior.guanajuato.gob.mx\/blog\/#website\"},\"primaryImageOfPage\":{\"@id\":\"https:\/\/puertointerior.guanajuato.gob.mx\/blog\/2023\/02\/20\/gomez-tamez-se-va-a-la-direccion-general-de-concamin\/#primaryimage\"},\"image\":{\"@id\":\"https:\/\/puertointerior.guanajuato.gob.mx\/blog\/2023\/02\/20\/gomez-tamez-se-va-a-la-direccion-general-de-concamin\/#primaryimage\"},\"thumbnailUrl\":\"https:\/\/puertointerior.guanajuato.gob.mx\/blog\/wp-content\/uploads\/2023\/02\/GOMEZ-TAMEZ.jpg\",\"datePublished\":\"2023-02-20T16:18:51+00:00\",\"author\":{\"@id\":\"https:\/\/puertointerior.guanajuato.gob.mx\/blog\/#\/schema\/person\/f4851bb8a48c32d7fba5285caf4ef1c4\"},\"breadcrumb\":{\"@id\":\"https:\/\/puertointerior.guanajuato.gob.mx\/blog\/2023\/02\/20\/gomez-tamez-se-va-a-la-direccion-general-de-concamin\/#breadcrumb\"},\"inLanguage\":\"es\",\"potentialAction\":[{\"@type\":\"ReadAction\",\"target\":[\"https:\/\/puertointerior.guanajuato.gob.mx\/blog\/2023\/02\/20\/gomez-tamez-se-va-a-la-direccion-general-de-concamin\/\"]}]},{\"@type\":\"ImageObject\",\"inLanguage\":\"es\",\"@id\":\"https:\/\/puertointerior.guanajuato.gob.mx\/blog\/2023\/02\/20\/gomez-tamez-se-va-a-la-direccion-general-de-concamin\/#primaryimage\",\"url\":\"https:\/\/puertointerior.guanajuato.gob.mx\/blog\/wp-content\/uploads\/2023\/02\/GOMEZ-TAMEZ.jpg\",\"contentUrl\":\"https:\/\/puertointerior.guanajuato.gob.mx\/blog\/wp-content\/uploads\/2023\/02\/GOMEZ-TAMEZ.jpg\",\"width\":768,\"height\":479},{\"@type\":\"BreadcrumbList\",\"@id\":\"https:\/\/puertointerior.guanajuato.gob.mx\/blog\/2023\/02\/20\/gomez-tamez-se-va-a-la-direccion-general-de-concamin\/#breadcrumb\",\"itemListElement\":[{\"@type\":\"ListItem\",\"position\":1,\"name\":\"Inicio\",\"item\":\"https:\/\/puertointerior.guanajuato.gob.mx\/blog\/\"},{\"@type\":\"ListItem\",\"position\":2,\"name\":\"G\u00f3mez Tamez se va a la direcci\u00f3n general de Concamin\"}]},{\"@type\":\"WebSite\",\"@id\":\"https:\/\/puertointerior.guanajuato.gob.mx\/blog\/#website\",\"url\":\"https:\/\/puertointerior.guanajuato.gob.mx\/blog\/\",\"name\":\"Blog | GPI NEWS\",\"description\":\"Guanajuato Puerto Interior\",\"potentialAction\":[{\"@type\":\"SearchAction\",\"target\":{\"@type\":\"EntryPoint\",\"urlTemplate\":\"https:\/\/puertointerior.guanajuato.gob.mx\/blog\/?s={search_term_string}\"},\"query-input\":{\"@type\":\"PropertyValueSpecification\",\"valueRequired\":true,\"valueName\":\"search_term_string\"}}],\"inLanguage\":\"es\"},{\"@type\":\"Person\",\"@id\":\"https:\/\/puertointerior.guanajuato.gob.mx\/blog\/#\/schema\/person\/f4851bb8a48c32d7fba5285caf4ef1c4\",\"name\":\"GPI NEWS\",\"image\":{\"@type\":\"ImageObject\",\"inLanguage\":\"es\",\"@id\":\"https:\/\/puertointerior.guanajuato.gob.mx\/blog\/#\/schema\/person\/image\/\",\"url\":\"https:\/\/secure.gravatar.com\/avatar\/612aca53a708cefc5ebe15ab0bc63c51a8ba58563e45c17848fa400e627e2717?s=96&d=mm&r=g\",\"contentUrl\":\"https:\/\/secure.gravatar.com\/avatar\/612aca53a708cefc5ebe15ab0bc63c51a8ba58563e45c17848fa400e627e2717?s=96&d=mm&r=g\",\"caption\":\"GPI NEWS\"},\"url\":\"https:\/\/puertointerior.guanajuato.gob.mx\/blog\/author\/rafa-jacinto\/\"}]}<\/script>\n<!-- \/ Yoast SEO plugin. -->","yoast_head_json":{"title":"G\u00f3mez Tamez se va a la direcci\u00f3n general de Concamin - Blog | GPI NEWS","robots":{"index":"index","follow":"follow","max-snippet":"max-snippet:-1","max-image-preview":"max-image-preview:large","max-video-preview":"max-video-preview:-1"},"canonical":"https:\/\/puertointerior.guanajuato.gob.mx\/blog\/2023\/02\/20\/gomez-tamez-se-va-a-la-direccion-general-de-concamin\/","og_locale":"es_MX","og_type":"article","og_title":"G\u00f3mez Tamez se va a la direcci\u00f3n general de Concamin - Blog | GPI NEWS","og_description":"Le\u00f3n, Gto.-\u00a0Tras 12 a\u00f1os al frente de la C\u00e1mara de la Industria del Calzado en el Estado de Guanajuato como presidente ejecutivo, el doctor en econom\u00eda\u00a0Alejandro G\u00f3mez Tamez dej\u00f3 el cargo para migrar a la direcci\u00f3n general de la Confederaci\u00f3n de C\u00e1maras de Industriales en la Ciudad de M\u00e9xico. Lo anterior dio a conocer el [&hellip;]","og_url":"https:\/\/puertointerior.guanajuato.gob.mx\/blog\/2023\/02\/20\/gomez-tamez-se-va-a-la-direccion-general-de-concamin\/","og_site_name":"Blog | GPI NEWS","article_published_time":"2023-02-20T16:18:51+00:00","og_image":[{"width":768,"height":479,"url":"https:\/\/puertointerior.guanajuato.gob.mx\/blog\/wp-content\/uploads\/2023\/02\/GOMEZ-TAMEZ.jpg","type":"image\/jpeg"}],"author":"GPI NEWS","twitter_card":"summary_large_image","twitter_misc":{"Escrito por":"GPI NEWS","Tiempo de lectura":"2 minutos"},"schema":{"@context":"https:\/\/schema.org","@graph":[{"@type":"WebPage","@id":"https:\/\/puertointerior.guanajuato.gob.mx\/blog\/2023\/02\/20\/gomez-tamez-se-va-a-la-direccion-general-de-concamin\/","url":"https:\/\/puertointerior.guanajuato.gob.mx\/blog\/2023\/02\/20\/gomez-tamez-se-va-a-la-direccion-general-de-concamin\/","name":"G\u00f3mez Tamez se va a la direcci\u00f3n general de Concamin - Blog | GPI NEWS","isPartOf":{"@id":"https:\/\/puertointerior.guanajuato.gob.mx\/blog\/#website"},"primaryImageOfPage":{"@id":"https:\/\/puertointerior.guanajuato.gob.mx\/blog\/2023\/02\/20\/gomez-tamez-se-va-a-la-direccion-general-de-concamin\/#primaryimage"},"image":{"@id":"https:\/\/puertointerior.guanajuato.gob.mx\/blog\/2023\/02\/20\/gomez-tamez-se-va-a-la-direccion-general-de-concamin\/#primaryimage"},"thumbnailUrl":"https:\/\/puertointerior.guanajuato.gob.mx\/blog\/wp-content\/uploads\/2023\/02\/GOMEZ-TAMEZ.jpg","datePublished":"2023-02-20T16:18:51+00:00","author":{"@id":"https:\/\/puertointerior.guanajuato.gob.mx\/blog\/#\/schema\/person\/f4851bb8a48c32d7fba5285caf4ef1c4"},"breadcrumb":{"@id":"https:\/\/puertointerior.guanajuato.gob.mx\/blog\/2023\/02\/20\/gomez-tamez-se-va-a-la-direccion-general-de-concamin\/#breadcrumb"},"inLanguage":"es","potentialAction":[{"@type":"ReadAction","target":["https:\/\/puertointerior.guanajuato.gob.mx\/blog\/2023\/02\/20\/gomez-tamez-se-va-a-la-direccion-general-de-concamin\/"]}]},{"@type":"ImageObject","inLanguage":"es","@id":"https:\/\/puertointerior.guanajuato.gob.mx\/blog\/2023\/02\/20\/gomez-tamez-se-va-a-la-direccion-general-de-concamin\/#primaryimage","url":"https:\/\/puertointerior.guanajuato.gob.mx\/blog\/wp-content\/uploads\/2023\/02\/GOMEZ-TAMEZ.jpg","contentUrl":"https:\/\/puertointerior.guanajuato.gob.mx\/blog\/wp-content\/uploads\/2023\/02\/GOMEZ-TAMEZ.jpg","width":768,"height":479},{"@type":"BreadcrumbList","@id":"https:\/\/puertointerior.guanajuato.gob.mx\/blog\/2023\/02\/20\/gomez-tamez-se-va-a-la-direccion-general-de-concamin\/#breadcrumb","itemListElement":[{"@type":"ListItem","position":1,"name":"Inicio","item":"https:\/\/puertointerior.guanajuato.gob.mx\/blog\/"},{"@type":"ListItem","position":2,"name":"G\u00f3mez Tamez se va a la direcci\u00f3n general de Concamin"}]},{"@type":"WebSite","@id":"https:\/\/puertointerior.guanajuato.gob.mx\/blog\/#website","url":"https:\/\/puertointerior.guanajuato.gob.mx\/blog\/","name":"Blog | GPI NEWS","description":"Guanajuato Puerto Interior","potentialAction":[{"@type":"SearchAction","target":{"@type":"EntryPoint","urlTemplate":"https:\/\/puertointerior.guanajuato.gob.mx\/blog\/?s={search_term_string}"},"query-input":{"@type":"PropertyValueSpecification","valueRequired":true,"valueName":"search_term_string"}}],"inLanguage":"es"},{"@type":"Person","@id":"https:\/\/puertointerior.guanajuato.gob.mx\/blog\/#\/schema\/person\/f4851bb8a48c32d7fba5285caf4ef1c4","name":"GPI NEWS","image":{"@type":"ImageObject","inLanguage":"es","@id":"https:\/\/puertointerior.guanajuato.gob.mx\/blog\/#\/schema\/person\/image\/","url":"https:\/\/secure.gravatar.com\/avatar\/612aca53a708cefc5ebe15ab0bc63c51a8ba58563e45c17848fa400e627e2717?s=96&d=mm&r=g","contentUrl":"https:\/\/secure.gravatar.com\/avatar\/612aca53a708cefc5ebe15ab0bc63c51a8ba58563e45c17848fa400e627e2717?s=96&d=mm&r=g","caption":"GPI NEWS"},"url":"https:\/\/puertointerior.guanajuato.gob.mx\/blog\/author\/rafa-jacinto\/"}]}},"jetpack_featured_media_url":"https:\/\/puertointerior.guanajuato.gob.mx\/blog\/wp-content\/uploads\/2023\/02\/GOMEZ-TAMEZ.jpg","jetpack_sharing_enabled":true,"jetpack_shortlink":"https:\/\/wp.me\/pcnMPA-Hm","_links":{"self":[{"href":"https:\/\/puertointerior.guanajuato.gob.mx\/blog\/wp-json\/wp\/v2\/posts\/2688","targetHints":{"allow":["GET"]}}],"collection":[{"href":"https:\/\/puertointerior.guanajuato.gob.mx\/blog\/wp-json\/wp\/v2\/posts"}],"about":[{"href":"https:\/\/puertointerior.guanajuato.gob.mx\/blog\/wp-json\/wp\/v2\/types\/post"}],"author":[{"embeddable":true,"href":"https:\/\/puertointerior.guanajuato.gob.mx\/blog\/wp-json\/wp\/v2\/users\/2"}],"replies":[{"embeddable":true,"href":"https:\/\/puertointerior.guanajuato.gob.mx\/blog\/wp-json\/wp\/v2\/comments?post=2688"}],"version-history":[{"count":1,"href":"https:\/\/puertointerior.guanajuato.gob.mx\/blog\/wp-json\/wp\/v2\/posts\/2688\/revisions"}],"predecessor-version":[{"id":2690,"href":"https:\/\/puertointerior.guanajuato.gob.mx\/blog\/wp-json\/wp\/v2\/posts\/2688\/revisions\/2690"}],"wp:featuredmedia":[{"embeddable":true,"href":"https:\/\/puertointerior.guanajuato.gob.mx\/blog\/wp-json\/wp\/v2\/media\/2689"}],"wp:attachment":[{"href":"https:\/\/puertointerior.guanajuato.gob.mx\/blog\/wp-json\/wp\/v2\/media?parent=2688"}],"wp:term":[{"taxonomy":"category","embeddable":true,"href":"https:\/\/puertointerior.guanajuato.gob.mx\/blog\/wp-json\/wp\/v2\/categories?post=2688"},{"taxonomy":"post_tag","embeddable":true,"href":"https:\/\/puertointerior.guanajuato.gob.mx\/blog\/wp-json\/wp\/v2\/tags?post=2688"}],"curies":[{"name":"wp","href":"https:\/\/api.w.org\/{rel}","templated":true}]}}