{"id":2700,"date":"2023-02-20T11:54:59","date_gmt":"2023-02-20T16:54:59","guid":{"rendered":"https:\/\/puertointerior.guanajuato.gob.mx\/blog\/?p=2700"},"modified":"2023-02-20T11:54:59","modified_gmt":"2023-02-20T16:54:59","slug":"tiene-pirelli-mexico-nuevo-ceo-para-planta-de-silao","status":"publish","type":"post","link":"https:\/\/puertointerior.guanajuato.gob.mx\/blog\/2023\/02\/20\/tiene-pirelli-mexico-nuevo-ceo-para-planta-de-silao\/","title":{"rendered":"TIENE PIRELLI M\u00c9XICO NUEVO CEO PARA PLANTA DE SILAO"},"content":{"rendered":"<p>Pirelli Neum\u00e1ticos M\u00e9xico anunci\u00f3 a Enrique Verdino como el nuevo CEO y Director General de la empresa<\/p>\n<p>Verdino, de origen italiano, registra una\u00a0<strong>trayectoria de 36 a\u00f1os en Pirelli<\/strong>\u00a0y se ha desempe\u00f1ado en distintos puestos dentro de la empresa, tanto en oficinas corporativas en Italia como en el extranjero.<\/p>\n<p>El nuevo CEO destac\u00f3 que es un honor unirse a Pirelli M\u00e9xico y resalt\u00f3 los avances que se han registrado en la planta de Silao hasta convertirse en\u00a0<strong>uno de los sitios tecnol\u00f3gicamente m\u00e1s avanzados y competitivos del Grupo<\/strong>.<\/p>\n<p>Fue en octubre del a\u00f1o pasado, cuando Pirelli anunci\u00f3 una\u00a0<strong>nueva inversi\u00f3n de 114 millones de euros<\/strong>\u00a0y se coloc\u00f3 la primera piedra de la nave donde se fabricar\u00e1n las llantas Pirelli en su planta ubicada en Silao; de esta manera la empresa\u00a0<strong>celebr\u00f3 sus diez a\u00f1os en el estado y 150 a nivel global<\/strong>.<\/p>\n<p>Pirelli se ubica en el parque industrial Guanajuato Puerto Interior desde 2012 y actualmente tiene alrededor 2 mil 800 empleados y una capacidad de producci\u00f3n de\u00a0<strong>7.2 millones de neum\u00e1ticos\u00a0al\u00a0a\u00f1o<\/strong>.<\/p>\n<p>Publicado originalmente por:\u00a0<a href=\"https:\/\/tv4noticias.com\/guanajuato\/tiene-pirelli-mexico-nuevo-ceo-para-planta-de-silao\">https:\/\/tv4noticias.com\/guanajuato\/tiene-pirelli-mexico-nuevo-ceo-para-planta-de-silao<\/a><\/p>\n","protected":false},"excerpt":{"rendered":"<p>Pirelli Neum\u00e1ticos M\u00e9xico anunci\u00f3 a Enrique Verdino como el nuevo CEO y Director General de la empresa Verdino, de origen italiano, registra una\u00a0trayectoria de 36 a\u00f1os en Pirelli\u00a0y se ha desempe\u00f1ado en distintos puestos dentro de la empresa, tanto en oficinas corporativas en Italia como en el extranjero. El nuevo CEO destac\u00f3 que es un [&hellip;]<\/p>\n","protected":false},"author":2,"featured_media":2701,"comment_status":"closed","ping_status":"open","sticky":false,"template":"","format":"standard","meta":{"jetpack_post_was_ever_published":false,"_jetpack_newsletter_access":"","_jetpack_dont_email_post_to_subs":false,"_jetpack_newsletter_tier_id":0,"_jetpack_memberships_contains_paywalled_content":false,"_jetpack_memberships_contains_paid_content":false,"footnotes":""},"categories":[20],"tags":[],"class_list":["post-2700","post","type-post","status-publish","format-standard","has-post-thumbnail","hentry","category-economic-development"],"yoast_head":"<!-- This site is optimized with the Yoast SEO plugin v25.7 - https:\/\/yoast.com\/wordpress\/plugins\/seo\/ -->\n<title>TIENE PIRELLI M\u00c9XICO NUEVO CEO PARA PLANTA DE SILAO - Blog | GPI NEWS<\/title>\n<meta name=\"robots\" content=\"index, follow, max-snippet:-1, max-image-preview:large, max-video-preview:-1\" \/>\n<link rel=\"canonical\" href=\"https:\/\/puertointerior.guanajuato.gob.mx\/blog\/2023\/02\/20\/tiene-pirelli-mexico-nuevo-ceo-para-planta-de-silao\/\" \/>\n<meta property=\"og:locale\" content=\"es_MX\" \/>\n<meta property=\"og:type\" content=\"article\" \/>\n<meta property=\"og:title\" content=\"TIENE PIRELLI M\u00c9XICO NUEVO CEO PARA PLANTA DE SILAO - Blog | GPI NEWS\" \/>\n<meta property=\"og:description\" content=\"Pirelli Neum\u00e1ticos M\u00e9xico anunci\u00f3 a Enrique Verdino como el nuevo CEO y Director General de la empresa Verdino, de origen italiano, registra una\u00a0trayectoria de 36 a\u00f1os en Pirelli\u00a0y se ha desempe\u00f1ado en distintos puestos dentro de la empresa, tanto en oficinas corporativas en Italia como en el extranjero. El nuevo CEO destac\u00f3 que es un [&hellip;]\" \/>\n<meta property=\"og:url\" content=\"https:\/\/puertointerior.guanajuato.gob.mx\/blog\/2023\/02\/20\/tiene-pirelli-mexico-nuevo-ceo-para-planta-de-silao\/\" \/>\n<meta property=\"og:site_name\" content=\"Blog | GPI NEWS\" \/>\n<meta property=\"article:published_time\" content=\"2023-02-20T16:54:59+00:00\" \/>\n<meta property=\"og:image\" content=\"https:\/\/puertointerior.guanajuato.gob.mx\/blog\/wp-content\/uploads\/2023\/02\/Diseno-sin-titulo-2023-02-17T184200.682.jpg\" \/>\n\t<meta property=\"og:image:width\" content=\"1024\" \/>\n\t<meta property=\"og:image:height\" content=\"680\" \/>\n\t<meta property=\"og:image:type\" content=\"image\/jpeg\" \/>\n<meta name=\"author\" content=\"GPI NEWS\" \/>\n<meta name=\"twitter:card\" content=\"summary_large_image\" \/>\n<meta name=\"twitter:label1\" content=\"Escrito por\" \/>\n\t<meta name=\"twitter:data1\" content=\"GPI NEWS\" \/>\n\t<meta name=\"twitter:label2\" content=\"Tiempo de lectura\" \/>\n\t<meta name=\"twitter:data2\" content=\"1 minuto\" \/>\n<script type=\"application\/ld+json\" class=\"yoast-schema-graph\">{\"@context\":\"https:\/\/schema.org\",\"@graph\":[{\"@type\":\"WebPage\",\"@id\":\"https:\/\/puertointerior.guanajuato.gob.mx\/blog\/2023\/02\/20\/tiene-pirelli-mexico-nuevo-ceo-para-planta-de-silao\/\",\"url\":\"https:\/\/puertointerior.guanajuato.gob.mx\/blog\/2023\/02\/20\/tiene-pirelli-mexico-nuevo-ceo-para-planta-de-silao\/\",\"name\":\"TIENE PIRELLI M\u00c9XICO NUEVO CEO PARA PLANTA DE SILAO - Blog | GPI NEWS\",\"isPartOf\":{\"@id\":\"https:\/\/puertointerior.guanajuato.gob.mx\/blog\/#website\"},\"primaryImageOfPage\":{\"@id\":\"https:\/\/puertointerior.guanajuato.gob.mx\/blog\/2023\/02\/20\/tiene-pirelli-mexico-nuevo-ceo-para-planta-de-silao\/#primaryimage\"},\"image\":{\"@id\":\"https:\/\/puertointerior.guanajuato.gob.mx\/blog\/2023\/02\/20\/tiene-pirelli-mexico-nuevo-ceo-para-planta-de-silao\/#primaryimage\"},\"thumbnailUrl\":\"https:\/\/puertointerior.guanajuato.gob.mx\/blog\/wp-content\/uploads\/2023\/02\/Diseno-sin-titulo-2023-02-17T184200.682.jpg\",\"datePublished\":\"2023-02-20T16:54:59+00:00\",\"author\":{\"@id\":\"https:\/\/puertointerior.guanajuato.gob.mx\/blog\/#\/schema\/person\/f4851bb8a48c32d7fba5285caf4ef1c4\"},\"breadcrumb\":{\"@id\":\"https:\/\/puertointerior.guanajuato.gob.mx\/blog\/2023\/02\/20\/tiene-pirelli-mexico-nuevo-ceo-para-planta-de-silao\/#breadcrumb\"},\"inLanguage\":\"es\",\"potentialAction\":[{\"@type\":\"ReadAction\",\"target\":[\"https:\/\/puertointerior.guanajuato.gob.mx\/blog\/2023\/02\/20\/tiene-pirelli-mexico-nuevo-ceo-para-planta-de-silao\/\"]}]},{\"@type\":\"ImageObject\",\"inLanguage\":\"es\",\"@id\":\"https:\/\/puertointerior.guanajuato.gob.mx\/blog\/2023\/02\/20\/tiene-pirelli-mexico-nuevo-ceo-para-planta-de-silao\/#primaryimage\",\"url\":\"https:\/\/puertointerior.guanajuato.gob.mx\/blog\/wp-content\/uploads\/2023\/02\/Diseno-sin-titulo-2023-02-17T184200.682.jpg\",\"contentUrl\":\"https:\/\/puertointerior.guanajuato.gob.mx\/blog\/wp-content\/uploads\/2023\/02\/Diseno-sin-titulo-2023-02-17T184200.682.jpg\",\"width\":1024,\"height\":680},{\"@type\":\"BreadcrumbList\",\"@id\":\"https:\/\/puertointerior.guanajuato.gob.mx\/blog\/2023\/02\/20\/tiene-pirelli-mexico-nuevo-ceo-para-planta-de-silao\/#breadcrumb\",\"itemListElement\":[{\"@type\":\"ListItem\",\"position\":1,\"name\":\"Inicio\",\"item\":\"https:\/\/puertointerior.guanajuato.gob.mx\/blog\/\"},{\"@type\":\"ListItem\",\"position\":2,\"name\":\"TIENE PIRELLI M\u00c9XICO NUEVO CEO PARA PLANTA DE SILAO\"}]},{\"@type\":\"WebSite\",\"@id\":\"https:\/\/puertointerior.guanajuato.gob.mx\/blog\/#website\",\"url\":\"https:\/\/puertointerior.guanajuato.gob.mx\/blog\/\",\"name\":\"Blog | GPI NEWS\",\"description\":\"Guanajuato Puerto Interior\",\"potentialAction\":[{\"@type\":\"SearchAction\",\"target\":{\"@type\":\"EntryPoint\",\"urlTemplate\":\"https:\/\/puertointerior.guanajuato.gob.mx\/blog\/?s={search_term_string}\"},\"query-input\":{\"@type\":\"PropertyValueSpecification\",\"valueRequired\":true,\"valueName\":\"search_term_string\"}}],\"inLanguage\":\"es\"},{\"@type\":\"Person\",\"@id\":\"https:\/\/puertointerior.guanajuato.gob.mx\/blog\/#\/schema\/person\/f4851bb8a48c32d7fba5285caf4ef1c4\",\"name\":\"GPI NEWS\",\"image\":{\"@type\":\"ImageObject\",\"inLanguage\":\"es\",\"@id\":\"https:\/\/puertointerior.guanajuato.gob.mx\/blog\/#\/schema\/person\/image\/\",\"url\":\"https:\/\/secure.gravatar.com\/avatar\/612aca53a708cefc5ebe15ab0bc63c51a8ba58563e45c17848fa400e627e2717?s=96&d=mm&r=g\",\"contentUrl\":\"https:\/\/secure.gravatar.com\/avatar\/612aca53a708cefc5ebe15ab0bc63c51a8ba58563e45c17848fa400e627e2717?s=96&d=mm&r=g\",\"caption\":\"GPI NEWS\"},\"url\":\"https:\/\/puertointerior.guanajuato.gob.mx\/blog\/author\/rafa-jacinto\/\"}]}<\/script>\n<!-- \/ Yoast SEO plugin. -->","yoast_head_json":{"title":"TIENE PIRELLI M\u00c9XICO NUEVO CEO PARA PLANTA DE SILAO - Blog | GPI NEWS","robots":{"index":"index","follow":"follow","max-snippet":"max-snippet:-1","max-image-preview":"max-image-preview:large","max-video-preview":"max-video-preview:-1"},"canonical":"https:\/\/puertointerior.guanajuato.gob.mx\/blog\/2023\/02\/20\/tiene-pirelli-mexico-nuevo-ceo-para-planta-de-silao\/","og_locale":"es_MX","og_type":"article","og_title":"TIENE PIRELLI M\u00c9XICO NUEVO CEO PARA PLANTA DE SILAO - Blog | GPI NEWS","og_description":"Pirelli Neum\u00e1ticos M\u00e9xico anunci\u00f3 a Enrique Verdino como el nuevo CEO y Director General de la empresa Verdino, de origen italiano, registra una\u00a0trayectoria de 36 a\u00f1os en Pirelli\u00a0y se ha desempe\u00f1ado en distintos puestos dentro de la empresa, tanto en oficinas corporativas en Italia como en el extranjero. El nuevo CEO destac\u00f3 que es un [&hellip;]","og_url":"https:\/\/puertointerior.guanajuato.gob.mx\/blog\/2023\/02\/20\/tiene-pirelli-mexico-nuevo-ceo-para-planta-de-silao\/","og_site_name":"Blog | GPI NEWS","article_published_time":"2023-02-20T16:54:59+00:00","og_image":[{"width":1024,"height":680,"url":"https:\/\/puertointerior.guanajuato.gob.mx\/blog\/wp-content\/uploads\/2023\/02\/Diseno-sin-titulo-2023-02-17T184200.682.jpg","type":"image\/jpeg"}],"author":"GPI NEWS","twitter_card":"summary_large_image","twitter_misc":{"Escrito por":"GPI NEWS","Tiempo de lectura":"1 minuto"},"schema":{"@context":"https:\/\/schema.org","@graph":[{"@type":"WebPage","@id":"https:\/\/puertointerior.guanajuato.gob.mx\/blog\/2023\/02\/20\/tiene-pirelli-mexico-nuevo-ceo-para-planta-de-silao\/","url":"https:\/\/puertointerior.guanajuato.gob.mx\/blog\/2023\/02\/20\/tiene-pirelli-mexico-nuevo-ceo-para-planta-de-silao\/","name":"TIENE PIRELLI M\u00c9XICO NUEVO CEO PARA PLANTA DE SILAO - Blog | GPI NEWS","isPartOf":{"@id":"https:\/\/puertointerior.guanajuato.gob.mx\/blog\/#website"},"primaryImageOfPage":{"@id":"https:\/\/puertointerior.guanajuato.gob.mx\/blog\/2023\/02\/20\/tiene-pirelli-mexico-nuevo-ceo-para-planta-de-silao\/#primaryimage"},"image":{"@id":"https:\/\/puertointerior.guanajuato.gob.mx\/blog\/2023\/02\/20\/tiene-pirelli-mexico-nuevo-ceo-para-planta-de-silao\/#primaryimage"},"thumbnailUrl":"https:\/\/puertointerior.guanajuato.gob.mx\/blog\/wp-content\/uploads\/2023\/02\/Diseno-sin-titulo-2023-02-17T184200.682.jpg","datePublished":"2023-02-20T16:54:59+00:00","author":{"@id":"https:\/\/puertointerior.guanajuato.gob.mx\/blog\/#\/schema\/person\/f4851bb8a48c32d7fba5285caf4ef1c4"},"breadcrumb":{"@id":"https:\/\/puertointerior.guanajuato.gob.mx\/blog\/2023\/02\/20\/tiene-pirelli-mexico-nuevo-ceo-para-planta-de-silao\/#breadcrumb"},"inLanguage":"es","potentialAction":[{"@type":"ReadAction","target":["https:\/\/puertointerior.guanajuato.gob.mx\/blog\/2023\/02\/20\/tiene-pirelli-mexico-nuevo-ceo-para-planta-de-silao\/"]}]},{"@type":"ImageObject","inLanguage":"es","@id":"https:\/\/puertointerior.guanajuato.gob.mx\/blog\/2023\/02\/20\/tiene-pirelli-mexico-nuevo-ceo-para-planta-de-silao\/#primaryimage","url":"https:\/\/puertointerior.guanajuato.gob.mx\/blog\/wp-content\/uploads\/2023\/02\/Diseno-sin-titulo-2023-02-17T184200.682.jpg","contentUrl":"https:\/\/puertointerior.guanajuato.gob.mx\/blog\/wp-content\/uploads\/2023\/02\/Diseno-sin-titulo-2023-02-17T184200.682.jpg","width":1024,"height":680},{"@type":"BreadcrumbList","@id":"https:\/\/puertointerior.guanajuato.gob.mx\/blog\/2023\/02\/20\/tiene-pirelli-mexico-nuevo-ceo-para-planta-de-silao\/#breadcrumb","itemListElement":[{"@type":"ListItem","position":1,"name":"Inicio","item":"https:\/\/puertointerior.guanajuato.gob.mx\/blog\/"},{"@type":"ListItem","position":2,"name":"TIENE PIRELLI M\u00c9XICO NUEVO CEO PARA PLANTA DE SILAO"}]},{"@type":"WebSite","@id":"https:\/\/puertointerior.guanajuato.gob.mx\/blog\/#website","url":"https:\/\/puertointerior.guanajuato.gob.mx\/blog\/","name":"Blog | GPI NEWS","description":"Guanajuato Puerto Interior","potentialAction":[{"@type":"SearchAction","target":{"@type":"EntryPoint","urlTemplate":"https:\/\/puertointerior.guanajuato.gob.mx\/blog\/?s={search_term_string}"},"query-input":{"@type":"PropertyValueSpecification","valueRequired":true,"valueName":"search_term_string"}}],"inLanguage":"es"},{"@type":"Person","@id":"https:\/\/puertointerior.guanajuato.gob.mx\/blog\/#\/schema\/person\/f4851bb8a48c32d7fba5285caf4ef1c4","name":"GPI NEWS","image":{"@type":"ImageObject","inLanguage":"es","@id":"https:\/\/puertointerior.guanajuato.gob.mx\/blog\/#\/schema\/person\/image\/","url":"https:\/\/secure.gravatar.com\/avatar\/612aca53a708cefc5ebe15ab0bc63c51a8ba58563e45c17848fa400e627e2717?s=96&d=mm&r=g","contentUrl":"https:\/\/secure.gravatar.com\/avatar\/612aca53a708cefc5ebe15ab0bc63c51a8ba58563e45c17848fa400e627e2717?s=96&d=mm&r=g","caption":"GPI NEWS"},"url":"https:\/\/puertointerior.guanajuato.gob.mx\/blog\/author\/rafa-jacinto\/"}]}},"jetpack_featured_media_url":"https:\/\/puertointerior.guanajuato.gob.mx\/blog\/wp-content\/uploads\/2023\/02\/Diseno-sin-titulo-2023-02-17T184200.682.jpg","jetpack_sharing_enabled":true,"jetpack_shortlink":"https:\/\/wp.me\/pcnMPA-Hy","_links":{"self":[{"href":"https:\/\/puertointerior.guanajuato.gob.mx\/blog\/wp-json\/wp\/v2\/posts\/2700","targetHints":{"allow":["GET"]}}],"collection":[{"href":"https:\/\/puertointerior.guanajuato.gob.mx\/blog\/wp-json\/wp\/v2\/posts"}],"about":[{"href":"https:\/\/puertointerior.guanajuato.gob.mx\/blog\/wp-json\/wp\/v2\/types\/post"}],"author":[{"embeddable":true,"href":"https:\/\/puertointerior.guanajuato.gob.mx\/blog\/wp-json\/wp\/v2\/users\/2"}],"replies":[{"embeddable":true,"href":"https:\/\/puertointerior.guanajuato.gob.mx\/blog\/wp-json\/wp\/v2\/comments?post=2700"}],"version-history":[{"count":1,"href":"https:\/\/puertointerior.guanajuato.gob.mx\/blog\/wp-json\/wp\/v2\/posts\/2700\/revisions"}],"predecessor-version":[{"id":2702,"href":"https:\/\/puertointerior.guanajuato.gob.mx\/blog\/wp-json\/wp\/v2\/posts\/2700\/revisions\/2702"}],"wp:featuredmedia":[{"embeddable":true,"href":"https:\/\/puertointerior.guanajuato.gob.mx\/blog\/wp-json\/wp\/v2\/media\/2701"}],"wp:attachment":[{"href":"https:\/\/puertointerior.guanajuato.gob.mx\/blog\/wp-json\/wp\/v2\/media?parent=2700"}],"wp:term":[{"taxonomy":"category","embeddable":true,"href":"https:\/\/puertointerior.guanajuato.gob.mx\/blog\/wp-json\/wp\/v2\/categories?post=2700"},{"taxonomy":"post_tag","embeddable":true,"href":"https:\/\/puertointerior.guanajuato.gob.mx\/blog\/wp-json\/wp\/v2\/tags?post=2700"}],"curies":[{"name":"wp","href":"https:\/\/api.w.org\/{rel}","templated":true}]}}