{"id":27184,"date":"2026-08-31T13:50:03","date_gmt":"2026-08-31T18:50:03","guid":{"rendered":"https:\/\/puertointerior.guanajuato.gob.mx\/blog\/?p=27184"},"modified":"2026-08-31T13:59:43","modified_gmt":"2026-08-31T18:59:43","slug":"ieca-y-generation-mexico-impulsan-capacitacion-para-operadores-de-tractocamion-2","status":"publish","type":"post","link":"https:\/\/puertointerior.guanajuato.gob.mx\/blog\/2026\/08\/31\/ieca-y-generation-mexico-impulsan-capacitacion-para-operadores-de-tractocamion-2\/","title":{"rendered":"IECA y Generation M\u00e9xico impulsan capacitaci\u00f3n para operadores de tractocami\u00f3n"},"content":{"rendered":"<p class=\"wp-block-paragraph\" style=\"text-align: justify\">\u2022 El programa se realiza por primera vez en\u00a0<strong>Guanajuato<\/strong>\u00a0y busca acercar capacitaci\u00f3n y empleo a j\u00f3venes interesados en el sector del autotransporte.<\/p>\n<p class=\"wp-block-paragraph\" style=\"text-align: justify\">\u2022 Para lo que resta de 2026 se proyectan tres grupos de capacitaci\u00f3n.<\/p>\n<p class=\"wp-block-paragraph\" style=\"text-align: justify\"><strong>Le\u00f3n, Guanajuato, a 27 de agosto de 2026<\/strong>. Como parte de la visi\u00f3n de\u00a0<strong>la gobernadora Libia Dennise Garc\u00eda Mu\u00f1oz Ledo<\/strong>\u00a0para que el crecimiento econ\u00f3mico se traduzca en mejores oportunidades para las familias, el\u00a0<strong>Instituto Estatal de Capacitaci\u00f3n (IECA)\u00a0<\/strong>y\u00a0<strong>Generation M\u00e9xico<\/strong>\u00a0firmaron un convenio para impulsar la formaci\u00f3n de operadores de tractocami\u00f3n de quinta rueda.<\/p>\n<p style=\"text-align: justify\"><img loading=\"lazy\" decoding=\"async\" data-attachment-id=\"27186\" data-permalink=\"https:\/\/puertointerior.guanajuato.gob.mx\/blog\/2026\/08\/31\/ieca-y-generation-mexico-impulsan-capacitacion-para-operadores-de-tractocamion-2\/foto-general-convenio-ieca-generation-scaled\/\" data-orig-file=\"https:\/\/puertointerior.guanajuato.gob.mx\/blog\/wp-content\/uploads\/2026\/08\/FOTO-GENERAL-CONVENIO-IECA-GENERATION-scaled-1.jpeg\" data-orig-size=\"2560,1707\" data-comments-opened=\"0\" data-image-meta=\"{&quot;aperture&quot;:&quot;0&quot;,&quot;credit&quot;:&quot;&quot;,&quot;camera&quot;:&quot;&quot;,&quot;caption&quot;:&quot;&quot;,&quot;created_timestamp&quot;:&quot;0&quot;,&quot;copyright&quot;:&quot;&quot;,&quot;focal_length&quot;:&quot;0&quot;,&quot;iso&quot;:&quot;0&quot;,&quot;shutter_speed&quot;:&quot;0&quot;,&quot;title&quot;:&quot;&quot;,&quot;orientation&quot;:&quot;0&quot;}\" data-image-title=\"FOTO-GENERAL-CONVENIO-IECA-GENERATION-scaled\" data-image-description=\"\" data-image-caption=\"\" data-medium-file=\"https:\/\/puertointerior.guanajuato.gob.mx\/blog\/wp-content\/uploads\/2026\/08\/FOTO-GENERAL-CONVENIO-IECA-GENERATION-scaled-1-300x200.jpeg\" data-large-file=\"https:\/\/puertointerior.guanajuato.gob.mx\/blog\/wp-content\/uploads\/2026\/08\/FOTO-GENERAL-CONVENIO-IECA-GENERATION-scaled-1-1024x683.jpeg\" class=\"size-medium wp-image-27186 alignleft\" src=\"https:\/\/puertointerior.guanajuato.gob.mx\/blog\/wp-content\/uploads\/2026\/08\/FOTO-GENERAL-CONVENIO-IECA-GENERATION-scaled-1-300x200.jpeg\" alt=\"\" width=\"300\" height=\"200\" srcset=\"https:\/\/puertointerior.guanajuato.gob.mx\/blog\/wp-content\/uploads\/2026\/08\/FOTO-GENERAL-CONVENIO-IECA-GENERATION-scaled-1-300x200.jpeg 300w, https:\/\/puertointerior.guanajuato.gob.mx\/blog\/wp-content\/uploads\/2026\/08\/FOTO-GENERAL-CONVENIO-IECA-GENERATION-scaled-1-1024x683.jpeg 1024w, https:\/\/puertointerior.guanajuato.gob.mx\/blog\/wp-content\/uploads\/2026\/08\/FOTO-GENERAL-CONVENIO-IECA-GENERATION-scaled-1-768x512.jpeg 768w, https:\/\/puertointerior.guanajuato.gob.mx\/blog\/wp-content\/uploads\/2026\/08\/FOTO-GENERAL-CONVENIO-IECA-GENERATION-scaled-1-1536x1024.jpeg 1536w, https:\/\/puertointerior.guanajuato.gob.mx\/blog\/wp-content\/uploads\/2026\/08\/FOTO-GENERAL-CONVENIO-IECA-GENERATION-scaled-1-2048x1366.jpeg 2048w, https:\/\/puertointerior.guanajuato.gob.mx\/blog\/wp-content\/uploads\/2026\/08\/FOTO-GENERAL-CONVENIO-IECA-GENERATION-scaled-1-1080x720.jpeg 1080w\" sizes=\"auto, (max-width: 300px) 100vw, 300px\" \/>Esta acci\u00f3n forma parte de\u00a0<strong>Guanajuato SUMA<\/strong>, Un Nuevo Rumbo para Nuestra Gente, que busca fortalecer las capacidades de las personas y acercarlas a mejores oportunidades de empleo e ingresos.<\/p>\n<p class=\"wp-block-paragraph\" style=\"text-align: justify\">Los resultados del\u00a0<strong>INEGI<\/strong>\u00a0del segundo trimestre de 2026 muestran que la pobreza laboral en\u00a0<strong>Guanajuato<\/strong>\u00a0disminuy\u00f3 1.4 por ciento respecto al a\u00f1o anterior, mientras que el ingreso laboral por persona aument\u00f3 20.3 por ciento. En el sector transporte, los ingresos laborales crecieron 14 por ciento.<\/p>\n<p class=\"wp-block-paragraph\" style=\"text-align: justify\">En este contexto, el<strong>\u00a0IECA\u00a0<\/strong>busca contribuir a que m\u00e1s personas cuenten con las habilidades que requieren las empresas y puedan acceder a mejores oportunidades laborales.<\/p>\n<p class=\"wp-block-paragraph\" style=\"text-align: justify\">El\u00a0<strong>director general del IECA, Salom\u00f3n Ceballos Ochoa<\/strong>, destac\u00f3 que la capacitaci\u00f3n debe estar relacionada con las necesidades de las empresas y convertirse en una herramienta para mejorar las oportunidades de las personas.<\/p>\n<blockquote>\n<p class=\"wp-block-paragraph\" style=\"text-align: justify\">\u201cUstedes saben que cuando hay capacitaci\u00f3n hay un antes y un despu\u00e9s se abona mucho a la profesionalizaci\u00f3n cuando las personas apuestan a su capacitaci\u00f3n, cuando una empresa le apuesta tambi\u00e9n a la profesionalizaci\u00f3n de su personal, hay mayor crecimiento, productividad, hay mayor competitividad y esto se logra no en cuesti\u00f3n de a\u00f1os, si no de semanas\u201d, afirm\u00f3\u00a0<strong>Ceballos Ochoa.<\/strong><\/p>\n<\/blockquote>\n<p class=\"wp-block-paragraph\" style=\"text-align: justify\">El\u00a0<strong>Programa de Capacitaci\u00f3n para Conductor de Tractocami\u00f3n de 5.\u00aa Rueda<\/strong>\u00a0ofrecer\u00e1 formaci\u00f3n principalmente pr\u00e1ctica, adem\u00e1s de conocimientos t\u00e9cnicos, ingl\u00e9s y habilidades socioemocionales. Para lo que resta de 2026 se proyectan tres grupos, con una meta de 45 j\u00f3venes capacitados.<\/p>\n<p class=\"wp-block-paragraph\" style=\"text-align: justify\">Al concluir su preparaci\u00f3n,\u00a0<strong>Generation M\u00e9xico<\/strong>\u00a0y\u00a0<strong>Qu\u00e1litas<\/strong>\u00a0apoyar\u00e1n a las y los participantes en la b\u00fasqueda de oportunidades de empleo.<\/p>\n<blockquote>\n<p class=\"wp-block-paragraph\" style=\"text-align: justify\">\u201cGenerar nuevas oportunidades para las personas, ayudar a las empresas a encontrar el talento que necesitan y contribuir a transformar la realidad de muchas familias a trav\u00e9s del empleo. M\u00e9xico enfrenta un reto importante en el sector del transporte necesitamos m\u00e1s talento preparado para responder a las necesidades de la industria\u201d afirm\u00f3\u00a0<strong>Aleysha Serrato<\/strong>,\u00a0<strong>Directora de Alianzas y Desarrollo de Negocios Generation M\u00e9xico.<\/strong><\/p>\n<\/blockquote>\n<p class=\"wp-block-paragraph\" style=\"text-align: justify\">A esta colaboraci\u00f3n se suman<strong>\u00a0Qu\u00e1litas<\/strong>\u00a0y\u00a0<strong>CANACAR<\/strong>\u00a0como aliados estrat\u00e9gicos, con el prop\u00f3sito de fortalecer la formaci\u00f3n de talento y contribuir al crecimiento del sector del autotransporte en Guanajuato.<\/p>\n<p class=\"wp-block-paragraph\" style=\"text-align: justify\">Esta es la primera vez que el programa se desarrolla en Guanajuato. Anteriormente se ha implementado en Nuevo Le\u00f3n, Hidalgo y Estado de M\u00e9xico.<\/p>\n<p class=\"wp-block-paragraph\" style=\"text-align: justify\">El\u00a0<strong>IECA\u00a0<\/strong>y\u00a0<strong>CANACAR<\/strong>\u00a0mantienen una relaci\u00f3n de trabajo desde 2013, periodo en el que han contribuido a la formaci\u00f3n de 330 personas para incorporarse al sector del autotransporte.<\/p>\n<p class=\"wp-block-paragraph\" style=\"text-align: justify\">Con esta alianza, el\u00a0<strong>Gobierno de la Gente<\/strong>\u00a0fortalece una ruta clara: m\u00e1s capacitaci\u00f3n, mejores habilidades, mejores oportunidades laborales y mayores ingresos para las familias.<\/p>\n<p class=\"wp-block-paragraph\" style=\"text-align: justify\">A trav\u00e9s de Guanajuato\u00a0<strong>SUMA<\/strong>, el\u00a0<strong>IECA<\/strong>\u00a0contin\u00faa trabajando para que el crecimiento econ\u00f3mico del estado se traduzca en oportunidades para las personas.<\/p>\n<p class=\"wp-block-paragraph\" style=\"text-align: justify\">Te capacitamos para que llegues m\u00e1s lejos.<\/p>\n<p style=\"text-align: justify\">\n","protected":false},"excerpt":{"rendered":"<p>\u2022 El programa se realiza por primera vez en\u00a0Guanajuato\u00a0y busca acercar capacitaci\u00f3n y empleo a j\u00f3venes interesados en el sector del autotransporte. \u2022 Para lo que resta de 2026 se proyectan tres grupos de capacitaci\u00f3n. Le\u00f3n, Guanajuato, a 27 de agosto de 2026. Como parte de la visi\u00f3n de\u00a0la gobernadora Libia Dennise Garc\u00eda Mu\u00f1oz Ledo\u00a0para [&hellip;]<\/p>\n","protected":false},"author":2,"featured_media":27185,"comment_status":"closed","ping_status":"open","sticky":false,"template":"","format":"standard","meta":{"jetpack_post_was_ever_published":false,"_jetpack_newsletter_access":"","_jetpack_dont_email_post_to_subs":false,"_jetpack_newsletter_tier_id":0,"_jetpack_memberships_contains_paywalled_content":false,"_jetpack_memberships_contains_paid_content":false,"footnotes":""},"categories":[6],"tags":[],"class_list":["post-27184","post","type-post","status-publish","format-standard","has-post-thumbnail","hentry","category-innovation"],"yoast_head":"<!-- This site is optimized with the Yoast SEO plugin v25.7 - https:\/\/yoast.com\/wordpress\/plugins\/seo\/ -->\n<title>IECA y Generation M\u00e9xico impulsan capacitaci\u00f3n para operadores de tractocami\u00f3n - Blog | GPI NEWS<\/title>\n<meta name=\"robots\" content=\"index, follow, max-snippet:-1, max-image-preview:large, max-video-preview:-1\" \/>\n<link rel=\"canonical\" href=\"https:\/\/puertointerior.guanajuato.gob.mx\/blog\/2026\/08\/31\/ieca-y-generation-mexico-impulsan-capacitacion-para-operadores-de-tractocamion-2\/\" \/>\n<meta property=\"og:locale\" content=\"es_MX\" \/>\n<meta property=\"og:type\" content=\"article\" \/>\n<meta property=\"og:title\" content=\"IECA y Generation M\u00e9xico impulsan capacitaci\u00f3n para operadores de tractocami\u00f3n - Blog | GPI NEWS\" \/>\n<meta property=\"og:description\" content=\"\u2022 El programa se realiza por primera vez en\u00a0Guanajuato\u00a0y busca acercar capacitaci\u00f3n y empleo a j\u00f3venes interesados en el sector del autotransporte. \u2022 Para lo que resta de 2026 se proyectan tres grupos de capacitaci\u00f3n. Le\u00f3n, Guanajuato, a 27 de agosto de 2026. Como parte de la visi\u00f3n de\u00a0la gobernadora Libia Dennise Garc\u00eda Mu\u00f1oz Ledo\u00a0para [&hellip;]\" \/>\n<meta property=\"og:url\" content=\"https:\/\/puertointerior.guanajuato.gob.mx\/blog\/2026\/08\/31\/ieca-y-generation-mexico-impulsan-capacitacion-para-operadores-de-tractocamion-2\/\" \/>\n<meta property=\"og:site_name\" content=\"Blog | GPI NEWS\" \/>\n<meta property=\"article:published_time\" content=\"2026-08-31T18:50:03+00:00\" \/>\n<meta property=\"article:modified_time\" content=\"2026-08-31T18:59:43+00:00\" \/>\n<meta property=\"og:image\" content=\"https:\/\/puertointerior.guanajuato.gob.mx\/blog\/wp-content\/uploads\/2026\/08\/FIRMA-CONVENIO-4-1536x1024-1.jpg\" \/>\n\t<meta property=\"og:image:width\" content=\"1536\" \/>\n\t<meta property=\"og:image:height\" content=\"1024\" \/>\n\t<meta property=\"og:image:type\" content=\"image\/jpeg\" \/>\n<meta name=\"author\" content=\"GPI NEWS\" \/>\n<meta name=\"twitter:card\" content=\"summary_large_image\" \/>\n<meta name=\"twitter:label1\" content=\"Escrito por\" \/>\n\t<meta name=\"twitter:data1\" content=\"GPI NEWS\" \/>\n\t<meta name=\"twitter:label2\" content=\"Tiempo de lectura\" \/>\n\t<meta name=\"twitter:data2\" content=\"3 minutos\" \/>\n<script type=\"application\/ld+json\" class=\"yoast-schema-graph\">{\"@context\":\"https:\/\/schema.org\",\"@graph\":[{\"@type\":\"WebPage\",\"@id\":\"https:\/\/puertointerior.guanajuato.gob.mx\/blog\/2026\/08\/31\/ieca-y-generation-mexico-impulsan-capacitacion-para-operadores-de-tractocamion-2\/\",\"url\":\"https:\/\/puertointerior.guanajuato.gob.mx\/blog\/2026\/08\/31\/ieca-y-generation-mexico-impulsan-capacitacion-para-operadores-de-tractocamion-2\/\",\"name\":\"IECA y Generation M\u00e9xico impulsan capacitaci\u00f3n para operadores de tractocami\u00f3n - Blog | GPI NEWS\",\"isPartOf\":{\"@id\":\"https:\/\/puertointerior.guanajuato.gob.mx\/blog\/#website\"},\"primaryImageOfPage\":{\"@id\":\"https:\/\/puertointerior.guanajuato.gob.mx\/blog\/2026\/08\/31\/ieca-y-generation-mexico-impulsan-capacitacion-para-operadores-de-tractocamion-2\/#primaryimage\"},\"image\":{\"@id\":\"https:\/\/puertointerior.guanajuato.gob.mx\/blog\/2026\/08\/31\/ieca-y-generation-mexico-impulsan-capacitacion-para-operadores-de-tractocamion-2\/#primaryimage\"},\"thumbnailUrl\":\"https:\/\/puertointerior.guanajuato.gob.mx\/blog\/wp-content\/uploads\/2026\/08\/FIRMA-CONVENIO-4-1536x1024-1.jpg\",\"datePublished\":\"2026-08-31T18:50:03+00:00\",\"dateModified\":\"2026-08-31T18:59:43+00:00\",\"author\":{\"@id\":\"https:\/\/puertointerior.guanajuato.gob.mx\/blog\/#\/schema\/person\/f4851bb8a48c32d7fba5285caf4ef1c4\"},\"breadcrumb\":{\"@id\":\"https:\/\/puertointerior.guanajuato.gob.mx\/blog\/2026\/08\/31\/ieca-y-generation-mexico-impulsan-capacitacion-para-operadores-de-tractocamion-2\/#breadcrumb\"},\"inLanguage\":\"es\",\"potentialAction\":[{\"@type\":\"ReadAction\",\"target\":[\"https:\/\/puertointerior.guanajuato.gob.mx\/blog\/2026\/08\/31\/ieca-y-generation-mexico-impulsan-capacitacion-para-operadores-de-tractocamion-2\/\"]}]},{\"@type\":\"ImageObject\",\"inLanguage\":\"es\",\"@id\":\"https:\/\/puertointerior.guanajuato.gob.mx\/blog\/2026\/08\/31\/ieca-y-generation-mexico-impulsan-capacitacion-para-operadores-de-tractocamion-2\/#primaryimage\",\"url\":\"https:\/\/puertointerior.guanajuato.gob.mx\/blog\/wp-content\/uploads\/2026\/08\/FIRMA-CONVENIO-4-1536x1024-1.jpg\",\"contentUrl\":\"https:\/\/puertointerior.guanajuato.gob.mx\/blog\/wp-content\/uploads\/2026\/08\/FIRMA-CONVENIO-4-1536x1024-1.jpg\",\"width\":1536,\"height\":1024},{\"@type\":\"BreadcrumbList\",\"@id\":\"https:\/\/puertointerior.guanajuato.gob.mx\/blog\/2026\/08\/31\/ieca-y-generation-mexico-impulsan-capacitacion-para-operadores-de-tractocamion-2\/#breadcrumb\",\"itemListElement\":[{\"@type\":\"ListItem\",\"position\":1,\"name\":\"Inicio\",\"item\":\"https:\/\/puertointerior.guanajuato.gob.mx\/blog\/\"},{\"@type\":\"ListItem\",\"position\":2,\"name\":\"IECA y Generation M\u00e9xico impulsan capacitaci\u00f3n para operadores de tractocami\u00f3n\"}]},{\"@type\":\"WebSite\",\"@id\":\"https:\/\/puertointerior.guanajuato.gob.mx\/blog\/#website\",\"url\":\"https:\/\/puertointerior.guanajuato.gob.mx\/blog\/\",\"name\":\"Blog | GPI NEWS\",\"description\":\"Guanajuato Puerto Interior\",\"potentialAction\":[{\"@type\":\"SearchAction\",\"target\":{\"@type\":\"EntryPoint\",\"urlTemplate\":\"https:\/\/puertointerior.guanajuato.gob.mx\/blog\/?s={search_term_string}\"},\"query-input\":{\"@type\":\"PropertyValueSpecification\",\"valueRequired\":true,\"valueName\":\"search_term_string\"}}],\"inLanguage\":\"es\"},{\"@type\":\"Person\",\"@id\":\"https:\/\/puertointerior.guanajuato.gob.mx\/blog\/#\/schema\/person\/f4851bb8a48c32d7fba5285caf4ef1c4\",\"name\":\"GPI NEWS\",\"image\":{\"@type\":\"ImageObject\",\"inLanguage\":\"es\",\"@id\":\"https:\/\/puertointerior.guanajuato.gob.mx\/blog\/#\/schema\/person\/image\/\",\"url\":\"https:\/\/secure.gravatar.com\/avatar\/612aca53a708cefc5ebe15ab0bc63c51a8ba58563e45c17848fa400e627e2717?s=96&d=mm&r=g\",\"contentUrl\":\"https:\/\/secure.gravatar.com\/avatar\/612aca53a708cefc5ebe15ab0bc63c51a8ba58563e45c17848fa400e627e2717?s=96&d=mm&r=g\",\"caption\":\"GPI NEWS\"},\"url\":\"https:\/\/puertointerior.guanajuato.gob.mx\/blog\/author\/rafa-jacinto\/\"}]}<\/script>\n<!-- \/ Yoast SEO plugin. -->","yoast_head_json":{"title":"IECA y Generation M\u00e9xico impulsan capacitaci\u00f3n para operadores de tractocami\u00f3n - Blog | GPI NEWS","robots":{"index":"index","follow":"follow","max-snippet":"max-snippet:-1","max-image-preview":"max-image-preview:large","max-video-preview":"max-video-preview:-1"},"canonical":"https:\/\/puertointerior.guanajuato.gob.mx\/blog\/2026\/08\/31\/ieca-y-generation-mexico-impulsan-capacitacion-para-operadores-de-tractocamion-2\/","og_locale":"es_MX","og_type":"article","og_title":"IECA y Generation M\u00e9xico impulsan capacitaci\u00f3n para operadores de tractocami\u00f3n - Blog | GPI NEWS","og_description":"\u2022 El programa se realiza por primera vez en\u00a0Guanajuato\u00a0y busca acercar capacitaci\u00f3n y empleo a j\u00f3venes interesados en el sector del autotransporte. \u2022 Para lo que resta de 2026 se proyectan tres grupos de capacitaci\u00f3n. Le\u00f3n, Guanajuato, a 27 de agosto de 2026. Como parte de la visi\u00f3n de\u00a0la gobernadora Libia Dennise Garc\u00eda Mu\u00f1oz Ledo\u00a0para [&hellip;]","og_url":"https:\/\/puertointerior.guanajuato.gob.mx\/blog\/2026\/08\/31\/ieca-y-generation-mexico-impulsan-capacitacion-para-operadores-de-tractocamion-2\/","og_site_name":"Blog | GPI NEWS","article_published_time":"2026-08-31T18:50:03+00:00","article_modified_time":"2026-08-31T18:59:43+00:00","og_image":[{"width":1536,"height":1024,"url":"https:\/\/puertointerior.guanajuato.gob.mx\/blog\/wp-content\/uploads\/2026\/08\/FIRMA-CONVENIO-4-1536x1024-1.jpg","type":"image\/jpeg"}],"author":"GPI NEWS","twitter_card":"summary_large_image","twitter_misc":{"Escrito por":"GPI NEWS","Tiempo de lectura":"3 minutos"},"schema":{"@context":"https:\/\/schema.org","@graph":[{"@type":"WebPage","@id":"https:\/\/puertointerior.guanajuato.gob.mx\/blog\/2026\/08\/31\/ieca-y-generation-mexico-impulsan-capacitacion-para-operadores-de-tractocamion-2\/","url":"https:\/\/puertointerior.guanajuato.gob.mx\/blog\/2026\/08\/31\/ieca-y-generation-mexico-impulsan-capacitacion-para-operadores-de-tractocamion-2\/","name":"IECA y Generation M\u00e9xico impulsan capacitaci\u00f3n para operadores de tractocami\u00f3n - Blog | GPI NEWS","isPartOf":{"@id":"https:\/\/puertointerior.guanajuato.gob.mx\/blog\/#website"},"primaryImageOfPage":{"@id":"https:\/\/puertointerior.guanajuato.gob.mx\/blog\/2026\/08\/31\/ieca-y-generation-mexico-impulsan-capacitacion-para-operadores-de-tractocamion-2\/#primaryimage"},"image":{"@id":"https:\/\/puertointerior.guanajuato.gob.mx\/blog\/2026\/08\/31\/ieca-y-generation-mexico-impulsan-capacitacion-para-operadores-de-tractocamion-2\/#primaryimage"},"thumbnailUrl":"https:\/\/puertointerior.guanajuato.gob.mx\/blog\/wp-content\/uploads\/2026\/08\/FIRMA-CONVENIO-4-1536x1024-1.jpg","datePublished":"2026-08-31T18:50:03+00:00","dateModified":"2026-08-31T18:59:43+00:00","author":{"@id":"https:\/\/puertointerior.guanajuato.gob.mx\/blog\/#\/schema\/person\/f4851bb8a48c32d7fba5285caf4ef1c4"},"breadcrumb":{"@id":"https:\/\/puertointerior.guanajuato.gob.mx\/blog\/2026\/08\/31\/ieca-y-generation-mexico-impulsan-capacitacion-para-operadores-de-tractocamion-2\/#breadcrumb"},"inLanguage":"es","potentialAction":[{"@type":"ReadAction","target":["https:\/\/puertointerior.guanajuato.gob.mx\/blog\/2026\/08\/31\/ieca-y-generation-mexico-impulsan-capacitacion-para-operadores-de-tractocamion-2\/"]}]},{"@type":"ImageObject","inLanguage":"es","@id":"https:\/\/puertointerior.guanajuato.gob.mx\/blog\/2026\/08\/31\/ieca-y-generation-mexico-impulsan-capacitacion-para-operadores-de-tractocamion-2\/#primaryimage","url":"https:\/\/puertointerior.guanajuato.gob.mx\/blog\/wp-content\/uploads\/2026\/08\/FIRMA-CONVENIO-4-1536x1024-1.jpg","contentUrl":"https:\/\/puertointerior.guanajuato.gob.mx\/blog\/wp-content\/uploads\/2026\/08\/FIRMA-CONVENIO-4-1536x1024-1.jpg","width":1536,"height":1024},{"@type":"BreadcrumbList","@id":"https:\/\/puertointerior.guanajuato.gob.mx\/blog\/2026\/08\/31\/ieca-y-generation-mexico-impulsan-capacitacion-para-operadores-de-tractocamion-2\/#breadcrumb","itemListElement":[{"@type":"ListItem","position":1,"name":"Inicio","item":"https:\/\/puertointerior.guanajuato.gob.mx\/blog\/"},{"@type":"ListItem","position":2,"name":"IECA y Generation M\u00e9xico impulsan capacitaci\u00f3n para operadores de tractocami\u00f3n"}]},{"@type":"WebSite","@id":"https:\/\/puertointerior.guanajuato.gob.mx\/blog\/#website","url":"https:\/\/puertointerior.guanajuato.gob.mx\/blog\/","name":"Blog | GPI NEWS","description":"Guanajuato Puerto Interior","potentialAction":[{"@type":"SearchAction","target":{"@type":"EntryPoint","urlTemplate":"https:\/\/puertointerior.guanajuato.gob.mx\/blog\/?s={search_term_string}"},"query-input":{"@type":"PropertyValueSpecification","valueRequired":true,"valueName":"search_term_string"}}],"inLanguage":"es"},{"@type":"Person","@id":"https:\/\/puertointerior.guanajuato.gob.mx\/blog\/#\/schema\/person\/f4851bb8a48c32d7fba5285caf4ef1c4","name":"GPI NEWS","image":{"@type":"ImageObject","inLanguage":"es","@id":"https:\/\/puertointerior.guanajuato.gob.mx\/blog\/#\/schema\/person\/image\/","url":"https:\/\/secure.gravatar.com\/avatar\/612aca53a708cefc5ebe15ab0bc63c51a8ba58563e45c17848fa400e627e2717?s=96&d=mm&r=g","contentUrl":"https:\/\/secure.gravatar.com\/avatar\/612aca53a708cefc5ebe15ab0bc63c51a8ba58563e45c17848fa400e627e2717?s=96&d=mm&r=g","caption":"GPI NEWS"},"url":"https:\/\/puertointerior.guanajuato.gob.mx\/blog\/author\/rafa-jacinto\/"}]}},"jetpack_featured_media_url":"https:\/\/puertointerior.guanajuato.gob.mx\/blog\/wp-content\/uploads\/2026\/08\/FIRMA-CONVENIO-4-1536x1024-1.jpg","jetpack_sharing_enabled":true,"jetpack_shortlink":"https:\/\/wp.me\/pcnMPA-74s","_links":{"self":[{"href":"https:\/\/puertointerior.guanajuato.gob.mx\/blog\/wp-json\/wp\/v2\/posts\/27184","targetHints":{"allow":["GET"]}}],"collection":[{"href":"https:\/\/puertointerior.guanajuato.gob.mx\/blog\/wp-json\/wp\/v2\/posts"}],"about":[{"href":"https:\/\/puertointerior.guanajuato.gob.mx\/blog\/wp-json\/wp\/v2\/types\/post"}],"author":[{"embeddable":true,"href":"https:\/\/puertointerior.guanajuato.gob.mx\/blog\/wp-json\/wp\/v2\/users\/2"}],"replies":[{"embeddable":true,"href":"https:\/\/puertointerior.guanajuato.gob.mx\/blog\/wp-json\/wp\/v2\/comments?post=27184"}],"version-history":[{"count":1,"href":"https:\/\/puertointerior.guanajuato.gob.mx\/blog\/wp-json\/wp\/v2\/posts\/27184\/revisions"}],"predecessor-version":[{"id":27187,"href":"https:\/\/puertointerior.guanajuato.gob.mx\/blog\/wp-json\/wp\/v2\/posts\/27184\/revisions\/27187"}],"wp:featuredmedia":[{"embeddable":true,"href":"https:\/\/puertointerior.guanajuato.gob.mx\/blog\/wp-json\/wp\/v2\/media\/27185"}],"wp:attachment":[{"href":"https:\/\/puertointerior.guanajuato.gob.mx\/blog\/wp-json\/wp\/v2\/media?parent=27184"}],"wp:term":[{"taxonomy":"category","embeddable":true,"href":"https:\/\/puertointerior.guanajuato.gob.mx\/blog\/wp-json\/wp\/v2\/categories?post=27184"},{"taxonomy":"post_tag","embeddable":true,"href":"https:\/\/puertointerior.guanajuato.gob.mx\/blog\/wp-json\/wp\/v2\/tags?post=27184"}],"curies":[{"name":"wp","href":"https:\/\/api.w.org\/{rel}","templated":true}]}}