{"id":27223,"date":"2026-08-31T19:39:17","date_gmt":"2026-09-01T00:39:17","guid":{"rendered":"https:\/\/puertointerior.guanajuato.gob.mx\/blog\/?p=27223"},"modified":"2026-08-31T19:39:22","modified_gmt":"2026-09-01T00:39:22","slug":"las-10-carreras-en-mexico-con-menor-vinculacion-entre-estudio-y-empleo","status":"publish","type":"post","link":"https:\/\/puertointerior.guanajuato.gob.mx\/blog\/2026\/08\/31\/las-10-carreras-en-mexico-con-menor-vinculacion-entre-estudio-y-empleo\/","title":{"rendered":"Las 10 carreras en M\u00e9xico con menor vinculaci\u00f3n entre estudio y empleo"},"content":{"rendered":"<p style=\"text-align: justify\">El 54% de los profesionistas en M\u00e9xico trabaja fuera del campo que estudi\u00f3, hay carreras donde menos de una cuarta parte de los egresados se emplean en su \u00e1rea de formaci\u00f3n.<\/p>\n<p style=\"text-align: justify\">Las\u00a0carreras con menor vinculaci\u00f3n estudio-empleo\u00a0se caracterizan por tener niveles inferiores a una cuarta parte de los\u00a0<b>egresados ejerciendo su profesi\u00f3n<\/b>, incluso en algunos casos el umbral puede ser por debajo del 10%, de acuerdo con el Compara Carreras 2026 del Instituto Mexicano para la Competitividad (IMCO).<\/p>\n<blockquote>\n<p style=\"text-align: justify\">\u201cLa\u00a0<b>probabilidad de ejercer la carrera cursada var\u00eda<\/b>\u00a0entre programas. Medicina general registra la mayor vinculaci\u00f3n laboral, con 19%. En el extremo opuesto est\u00e1n los Planes generales de ciencias sociales, donde 90% de los profesionistas trabaja en un \u00e1rea distinta a la que estudi\u00f3. Estos planes agrupan programas como Ciencias sociales y desarrollo humano\u201d, destaca la organizaci\u00f3n.<\/p>\n<\/blockquote>\n<p style=\"text-align: justify\">Las carreras con menor vinculaci\u00f3n entre estudio y trabajo, y su proporci\u00f3n de\u00a0egresados que ejerce su profesi\u00f3n\u00a0son:<\/p>\n<ol style=\"text-align: justify\">\n<li>Planes generales de ciencias sociales (8%)<\/li>\n<li>Ciencias computacionales (9%)<\/li>\n<li>Dise\u00f1o curricular y pedagog\u00eda (9%)<\/li>\n<li>Industria de la alimentaci\u00f3n (14%)<\/li>\n<li>Administraci\u00f3n en construcci\u00f3n (16%)<\/li>\n<li>Administraci\u00f3n tur\u00edstica (19%)<\/li>\n<li>Criminolog\u00eda (19%)<\/li>\n<li>Comunicaci\u00f3n y periodismo (21%)<\/li>\n<li>Sociolog\u00eda y antropolog\u00eda (22%)<\/li>\n<li>Ciencias pol\u00edticas (24%)<\/li>\n<\/ol>\n<p style=\"text-align: justify\">Entre las\u00a0<b>10 carreras con mejor tasa de profesionistas ejerciendo su campo<\/b>\u00a0de estudio se encuentran:<\/p>\n<ol style=\"text-align: justify\">\n<li>Medicina general (81%)<\/li>\n<li>Formaci\u00f3n docente de nivel primaria (77%)<\/li>\n<li>Enfermer\u00eda (75%)<\/li>\n<li>Ciencias de la educaci\u00f3n (75%)<\/li>\n<li>Estomatolog\u00eda y odontolog\u00eda (73%)<\/li>\n<li>Medicina de especialidad (71%)<\/li>\n<li>Matem\u00e1ticas (70%)<\/li>\n<li>Formaci\u00f3n docente de nivel preescolar (69%)<\/li>\n<li>Terapia y rehabilitaci\u00f3n (68%)<\/li>\n<li>Electricidad y generaci\u00f3n de energ\u00eda (60%)<\/li>\n<\/ol>\n<p style=\"text-align: justify\">De acuerdo con la investigaci\u00f3n del IMCO, la mayor\u00eda de las carreras donde m\u00e1s se ejerce la licenciatura estudiada se asocian a ocupaciones definidas o con\u00a0<b>requisitos formales para emplearse<\/b>. Por el contrario, estudios como ciencias de la comunicaci\u00f3n o pol\u00edtica, \u201cpermiten desempe\u00f1arse en una mayor variedad de ocupaciones y sectores, por lo que la relaci\u00f3n entre lo estudiado y el puesto de trabajo es menos directa.<\/p>\n<p style=\"text-align: justify\">Por primera vez el Compara Carreras midi\u00f3 la proporci\u00f3n de profesionistas que no ejercen su formaci\u00f3n universitaria y se estima que el\u00a054% de los trabajadores en M\u00e9xico est\u00e1 en esta condici\u00f3n. Aunque esto no necesariamente es un aspecto negativo.<\/p>\n<blockquote>\n<p style=\"text-align: justify\">\u201c<b>Trabajar fuera del campo de estudio no necesariamente refleja problemas<\/b>\u00a0con la inserci\u00f3n laboral. En algunos casos, los profesionistas trasladan conocimientos y habilidades hacia otros sectores, lo que representa una oportunidad de diversificaci\u00f3n. El problema se presenta cuando este desajuste implica\u00a0una sobrecualificaci\u00f3n, es decir, cuando una persona ocupa un puesto que requiere un nivel educativo menor al que posee\u201d, indica el IMCO.<\/p>\n<\/blockquote>\n<p style=\"text-align: justify\">Sin embargo, la mayor\u00eda de los trabajadores en M\u00e9xico que no ejerce su profesi\u00f3n se encuentran en puestos para los que est\u00e1n sobrecalificados. Los\u00a0<b>empleos de apoyo administrativo, ventas y comercio<\/b>\u00a0suelen concentrar a uno de cada cinco profesionistas en esta situaci\u00f3n.<\/p>\n<p style=\"text-align: justify\">Seg\u00fan la investigaci\u00f3n, quienes trabajan fuera de su campo\u00a0<b>ganan en promedio 20% menos<\/b>\u00a0que aquellos que s\u00ed ejercen.<\/p>\n<h2 style=\"text-align: justify\">Beneficios del t\u00edtulo universitario no se eliminan<\/h2>\n<p style=\"text-align: justify\">Aunque ejercer una actividad estando sobrecalificado y no alineada al campo de estudio tiene una afectaci\u00f3n en los ingresos, el\u00a0beneficio de contar con la formaci\u00f3n superior\u00a0sigue presente.<\/p>\n<p style=\"text-align: justify\">Las personas que est\u00e1n en esta condici\u00f3n\u00a0<b>perciben 61% m\u00e1s de ingresos<\/b>\u00a0que quienes tienen s\u00f3lo el bachillerato, tambi\u00e9n registran una menor tasa de informalidad, 26% frente a 49%, lo que evidencia que la educaci\u00f3n superior genera beneficios, a\u00fan cuando no se labora en el campo de estudio.<\/p>\n<blockquote>\n<p style=\"text-align: justify\">\u201cEstudiar una carrera no determina una trayectoria laboral \u00fanica, pero s\u00ed genera beneficios a lo largo de la vida profesional. La educaci\u00f3n superior brinda una base de conocimientos y habilidades que puede aprovecharse en distintos empleos y sectores, incluso fuera del campo de formaci\u00f3n\u201d, destaca el IMCO en el Compara Carreras 2026.<\/p>\n<\/blockquote>\n<p style=\"text-align: justify\">Lo que s\u00ed es recomendable, agrega la organizaci\u00f3n, es que la formaci\u00f3n universitaria se complemente con mecanismos de\u00a0<b>actualizaci\u00f3n y reconversi\u00f3n de habilidades<\/b>\u00a0para facilitar las transiciones laborales y ampliar las oportunidades.<\/p>\n<p style=\"text-align: justify\">Publicado originalmente por:\u00a0<a href=\"https:\/\/www.eleconomista.com.mx\/capital-humano\/10-carreras-mexico-menor-vinculacion-estudio-empleo-20260828-830564.html\">https:\/\/www.eleconomista.com.mx\/capital-humano\/10-carreras-mexico-menor-vinculacion-estudio-empleo-20260828-830564.html<\/a><\/p>\n","protected":false},"excerpt":{"rendered":"<p>El 54% de los profesionistas en M\u00e9xico trabaja fuera del campo que estudi\u00f3, hay carreras donde menos de una cuarta parte de los egresados se emplean en su \u00e1rea de formaci\u00f3n. Las\u00a0carreras con menor vinculaci\u00f3n estudio-empleo\u00a0se caracterizan por tener niveles inferiores a una cuarta parte de los\u00a0egresados ejerciendo su profesi\u00f3n, incluso en algunos casos el [&hellip;]<\/p>\n","protected":false},"author":2,"featured_media":27224,"comment_status":"closed","ping_status":"open","sticky":false,"template":"","format":"standard","meta":{"jetpack_post_was_ever_published":false,"_jetpack_newsletter_access":"","_jetpack_dont_email_post_to_subs":false,"_jetpack_newsletter_tier_id":0,"_jetpack_memberships_contains_paywalled_content":false,"_jetpack_memberships_contains_paid_content":false,"footnotes":""},"categories":[3],"tags":[],"class_list":["post-27223","post","type-post","status-publish","format-standard","has-post-thumbnail","hentry","category-manufacturing"],"yoast_head":"<!-- This site is optimized with the Yoast SEO plugin v25.7 - https:\/\/yoast.com\/wordpress\/plugins\/seo\/ -->\n<title>Las 10 carreras en M\u00e9xico con menor vinculaci\u00f3n entre estudio y empleo - Blog | GPI NEWS<\/title>\n<meta name=\"robots\" content=\"index, follow, max-snippet:-1, max-image-preview:large, max-video-preview:-1\" \/>\n<link rel=\"canonical\" href=\"https:\/\/puertointerior.guanajuato.gob.mx\/blog\/2026\/08\/31\/las-10-carreras-en-mexico-con-menor-vinculacion-entre-estudio-y-empleo\/\" \/>\n<meta property=\"og:locale\" content=\"es_MX\" \/>\n<meta property=\"og:type\" content=\"article\" \/>\n<meta property=\"og:title\" content=\"Las 10 carreras en M\u00e9xico con menor vinculaci\u00f3n entre estudio y empleo - Blog | GPI NEWS\" \/>\n<meta property=\"og:description\" content=\"El 54% de los profesionistas en M\u00e9xico trabaja fuera del campo que estudi\u00f3, hay carreras donde menos de una cuarta parte de los egresados se emplean en su \u00e1rea de formaci\u00f3n. Las\u00a0carreras con menor vinculaci\u00f3n estudio-empleo\u00a0se caracterizan por tener niveles inferiores a una cuarta parte de los\u00a0egresados ejerciendo su profesi\u00f3n, incluso en algunos casos el [&hellip;]\" \/>\n<meta property=\"og:url\" content=\"https:\/\/puertointerior.guanajuato.gob.mx\/blog\/2026\/08\/31\/las-10-carreras-en-mexico-con-menor-vinculacion-entre-estudio-y-empleo\/\" \/>\n<meta property=\"og:site_name\" content=\"Blog | GPI NEWS\" \/>\n<meta property=\"article:published_time\" content=\"2026-09-01T00:39:17+00:00\" \/>\n<meta property=\"article:modified_time\" content=\"2026-09-01T00:39:22+00:00\" \/>\n<meta property=\"og:image\" content=\"https:\/\/puertointerior.guanajuato.gob.mx\/blog\/wp-content\/uploads\/2026\/08\/66e84ab9d4dd7.webp\" \/>\n\t<meta property=\"og:image:width\" content=\"1280\" \/>\n\t<meta property=\"og:image:height\" content=\"720\" \/>\n\t<meta property=\"og:image:type\" content=\"image\/webp\" \/>\n<meta name=\"author\" content=\"GPI NEWS\" \/>\n<meta name=\"twitter:card\" content=\"summary_large_image\" \/>\n<meta name=\"twitter:label1\" content=\"Escrito por\" \/>\n\t<meta name=\"twitter:data1\" content=\"GPI NEWS\" \/>\n\t<meta name=\"twitter:label2\" content=\"Tiempo de lectura\" \/>\n\t<meta name=\"twitter:data2\" content=\"3 minutos\" \/>\n<script type=\"application\/ld+json\" class=\"yoast-schema-graph\">{\"@context\":\"https:\/\/schema.org\",\"@graph\":[{\"@type\":\"WebPage\",\"@id\":\"https:\/\/puertointerior.guanajuato.gob.mx\/blog\/2026\/08\/31\/las-10-carreras-en-mexico-con-menor-vinculacion-entre-estudio-y-empleo\/\",\"url\":\"https:\/\/puertointerior.guanajuato.gob.mx\/blog\/2026\/08\/31\/las-10-carreras-en-mexico-con-menor-vinculacion-entre-estudio-y-empleo\/\",\"name\":\"Las 10 carreras en M\u00e9xico con menor vinculaci\u00f3n entre estudio y empleo - Blog | GPI NEWS\",\"isPartOf\":{\"@id\":\"https:\/\/puertointerior.guanajuato.gob.mx\/blog\/#website\"},\"primaryImageOfPage\":{\"@id\":\"https:\/\/puertointerior.guanajuato.gob.mx\/blog\/2026\/08\/31\/las-10-carreras-en-mexico-con-menor-vinculacion-entre-estudio-y-empleo\/#primaryimage\"},\"image\":{\"@id\":\"https:\/\/puertointerior.guanajuato.gob.mx\/blog\/2026\/08\/31\/las-10-carreras-en-mexico-con-menor-vinculacion-entre-estudio-y-empleo\/#primaryimage\"},\"thumbnailUrl\":\"https:\/\/puertointerior.guanajuato.gob.mx\/blog\/wp-content\/uploads\/2026\/08\/66e84ab9d4dd7.webp\",\"datePublished\":\"2026-09-01T00:39:17+00:00\",\"dateModified\":\"2026-09-01T00:39:22+00:00\",\"author\":{\"@id\":\"https:\/\/puertointerior.guanajuato.gob.mx\/blog\/#\/schema\/person\/f4851bb8a48c32d7fba5285caf4ef1c4\"},\"breadcrumb\":{\"@id\":\"https:\/\/puertointerior.guanajuato.gob.mx\/blog\/2026\/08\/31\/las-10-carreras-en-mexico-con-menor-vinculacion-entre-estudio-y-empleo\/#breadcrumb\"},\"inLanguage\":\"es\",\"potentialAction\":[{\"@type\":\"ReadAction\",\"target\":[\"https:\/\/puertointerior.guanajuato.gob.mx\/blog\/2026\/08\/31\/las-10-carreras-en-mexico-con-menor-vinculacion-entre-estudio-y-empleo\/\"]}]},{\"@type\":\"ImageObject\",\"inLanguage\":\"es\",\"@id\":\"https:\/\/puertointerior.guanajuato.gob.mx\/blog\/2026\/08\/31\/las-10-carreras-en-mexico-con-menor-vinculacion-entre-estudio-y-empleo\/#primaryimage\",\"url\":\"https:\/\/puertointerior.guanajuato.gob.mx\/blog\/wp-content\/uploads\/2026\/08\/66e84ab9d4dd7.webp\",\"contentUrl\":\"https:\/\/puertointerior.guanajuato.gob.mx\/blog\/wp-content\/uploads\/2026\/08\/66e84ab9d4dd7.webp\",\"width\":1280,\"height\":720},{\"@type\":\"BreadcrumbList\",\"@id\":\"https:\/\/puertointerior.guanajuato.gob.mx\/blog\/2026\/08\/31\/las-10-carreras-en-mexico-con-menor-vinculacion-entre-estudio-y-empleo\/#breadcrumb\",\"itemListElement\":[{\"@type\":\"ListItem\",\"position\":1,\"name\":\"Inicio\",\"item\":\"https:\/\/puertointerior.guanajuato.gob.mx\/blog\/\"},{\"@type\":\"ListItem\",\"position\":2,\"name\":\"Las 10 carreras en M\u00e9xico con menor vinculaci\u00f3n entre estudio y empleo\"}]},{\"@type\":\"WebSite\",\"@id\":\"https:\/\/puertointerior.guanajuato.gob.mx\/blog\/#website\",\"url\":\"https:\/\/puertointerior.guanajuato.gob.mx\/blog\/\",\"name\":\"Blog | GPI NEWS\",\"description\":\"Guanajuato Puerto Interior\",\"potentialAction\":[{\"@type\":\"SearchAction\",\"target\":{\"@type\":\"EntryPoint\",\"urlTemplate\":\"https:\/\/puertointerior.guanajuato.gob.mx\/blog\/?s={search_term_string}\"},\"query-input\":{\"@type\":\"PropertyValueSpecification\",\"valueRequired\":true,\"valueName\":\"search_term_string\"}}],\"inLanguage\":\"es\"},{\"@type\":\"Person\",\"@id\":\"https:\/\/puertointerior.guanajuato.gob.mx\/blog\/#\/schema\/person\/f4851bb8a48c32d7fba5285caf4ef1c4\",\"name\":\"GPI NEWS\",\"image\":{\"@type\":\"ImageObject\",\"inLanguage\":\"es\",\"@id\":\"https:\/\/puertointerior.guanajuato.gob.mx\/blog\/#\/schema\/person\/image\/\",\"url\":\"https:\/\/secure.gravatar.com\/avatar\/612aca53a708cefc5ebe15ab0bc63c51a8ba58563e45c17848fa400e627e2717?s=96&d=mm&r=g\",\"contentUrl\":\"https:\/\/secure.gravatar.com\/avatar\/612aca53a708cefc5ebe15ab0bc63c51a8ba58563e45c17848fa400e627e2717?s=96&d=mm&r=g\",\"caption\":\"GPI NEWS\"},\"url\":\"https:\/\/puertointerior.guanajuato.gob.mx\/blog\/author\/rafa-jacinto\/\"}]}<\/script>\n<!-- \/ Yoast SEO plugin. -->","yoast_head_json":{"title":"Las 10 carreras en M\u00e9xico con menor vinculaci\u00f3n entre estudio y empleo - Blog | GPI NEWS","robots":{"index":"index","follow":"follow","max-snippet":"max-snippet:-1","max-image-preview":"max-image-preview:large","max-video-preview":"max-video-preview:-1"},"canonical":"https:\/\/puertointerior.guanajuato.gob.mx\/blog\/2026\/08\/31\/las-10-carreras-en-mexico-con-menor-vinculacion-entre-estudio-y-empleo\/","og_locale":"es_MX","og_type":"article","og_title":"Las 10 carreras en M\u00e9xico con menor vinculaci\u00f3n entre estudio y empleo - Blog | GPI NEWS","og_description":"El 54% de los profesionistas en M\u00e9xico trabaja fuera del campo que estudi\u00f3, hay carreras donde menos de una cuarta parte de los egresados se emplean en su \u00e1rea de formaci\u00f3n. Las\u00a0carreras con menor vinculaci\u00f3n estudio-empleo\u00a0se caracterizan por tener niveles inferiores a una cuarta parte de los\u00a0egresados ejerciendo su profesi\u00f3n, incluso en algunos casos el [&hellip;]","og_url":"https:\/\/puertointerior.guanajuato.gob.mx\/blog\/2026\/08\/31\/las-10-carreras-en-mexico-con-menor-vinculacion-entre-estudio-y-empleo\/","og_site_name":"Blog | GPI NEWS","article_published_time":"2026-09-01T00:39:17+00:00","article_modified_time":"2026-09-01T00:39:22+00:00","og_image":[{"width":1280,"height":720,"url":"https:\/\/puertointerior.guanajuato.gob.mx\/blog\/wp-content\/uploads\/2026\/08\/66e84ab9d4dd7.webp","type":"image\/webp"}],"author":"GPI NEWS","twitter_card":"summary_large_image","twitter_misc":{"Escrito por":"GPI NEWS","Tiempo de lectura":"3 minutos"},"schema":{"@context":"https:\/\/schema.org","@graph":[{"@type":"WebPage","@id":"https:\/\/puertointerior.guanajuato.gob.mx\/blog\/2026\/08\/31\/las-10-carreras-en-mexico-con-menor-vinculacion-entre-estudio-y-empleo\/","url":"https:\/\/puertointerior.guanajuato.gob.mx\/blog\/2026\/08\/31\/las-10-carreras-en-mexico-con-menor-vinculacion-entre-estudio-y-empleo\/","name":"Las 10 carreras en M\u00e9xico con menor vinculaci\u00f3n entre estudio y empleo - Blog | GPI NEWS","isPartOf":{"@id":"https:\/\/puertointerior.guanajuato.gob.mx\/blog\/#website"},"primaryImageOfPage":{"@id":"https:\/\/puertointerior.guanajuato.gob.mx\/blog\/2026\/08\/31\/las-10-carreras-en-mexico-con-menor-vinculacion-entre-estudio-y-empleo\/#primaryimage"},"image":{"@id":"https:\/\/puertointerior.guanajuato.gob.mx\/blog\/2026\/08\/31\/las-10-carreras-en-mexico-con-menor-vinculacion-entre-estudio-y-empleo\/#primaryimage"},"thumbnailUrl":"https:\/\/puertointerior.guanajuato.gob.mx\/blog\/wp-content\/uploads\/2026\/08\/66e84ab9d4dd7.webp","datePublished":"2026-09-01T00:39:17+00:00","dateModified":"2026-09-01T00:39:22+00:00","author":{"@id":"https:\/\/puertointerior.guanajuato.gob.mx\/blog\/#\/schema\/person\/f4851bb8a48c32d7fba5285caf4ef1c4"},"breadcrumb":{"@id":"https:\/\/puertointerior.guanajuato.gob.mx\/blog\/2026\/08\/31\/las-10-carreras-en-mexico-con-menor-vinculacion-entre-estudio-y-empleo\/#breadcrumb"},"inLanguage":"es","potentialAction":[{"@type":"ReadAction","target":["https:\/\/puertointerior.guanajuato.gob.mx\/blog\/2026\/08\/31\/las-10-carreras-en-mexico-con-menor-vinculacion-entre-estudio-y-empleo\/"]}]},{"@type":"ImageObject","inLanguage":"es","@id":"https:\/\/puertointerior.guanajuato.gob.mx\/blog\/2026\/08\/31\/las-10-carreras-en-mexico-con-menor-vinculacion-entre-estudio-y-empleo\/#primaryimage","url":"https:\/\/puertointerior.guanajuato.gob.mx\/blog\/wp-content\/uploads\/2026\/08\/66e84ab9d4dd7.webp","contentUrl":"https:\/\/puertointerior.guanajuato.gob.mx\/blog\/wp-content\/uploads\/2026\/08\/66e84ab9d4dd7.webp","width":1280,"height":720},{"@type":"BreadcrumbList","@id":"https:\/\/puertointerior.guanajuato.gob.mx\/blog\/2026\/08\/31\/las-10-carreras-en-mexico-con-menor-vinculacion-entre-estudio-y-empleo\/#breadcrumb","itemListElement":[{"@type":"ListItem","position":1,"name":"Inicio","item":"https:\/\/puertointerior.guanajuato.gob.mx\/blog\/"},{"@type":"ListItem","position":2,"name":"Las 10 carreras en M\u00e9xico con menor vinculaci\u00f3n entre estudio y empleo"}]},{"@type":"WebSite","@id":"https:\/\/puertointerior.guanajuato.gob.mx\/blog\/#website","url":"https:\/\/puertointerior.guanajuato.gob.mx\/blog\/","name":"Blog | GPI NEWS","description":"Guanajuato Puerto Interior","potentialAction":[{"@type":"SearchAction","target":{"@type":"EntryPoint","urlTemplate":"https:\/\/puertointerior.guanajuato.gob.mx\/blog\/?s={search_term_string}"},"query-input":{"@type":"PropertyValueSpecification","valueRequired":true,"valueName":"search_term_string"}}],"inLanguage":"es"},{"@type":"Person","@id":"https:\/\/puertointerior.guanajuato.gob.mx\/blog\/#\/schema\/person\/f4851bb8a48c32d7fba5285caf4ef1c4","name":"GPI NEWS","image":{"@type":"ImageObject","inLanguage":"es","@id":"https:\/\/puertointerior.guanajuato.gob.mx\/blog\/#\/schema\/person\/image\/","url":"https:\/\/secure.gravatar.com\/avatar\/612aca53a708cefc5ebe15ab0bc63c51a8ba58563e45c17848fa400e627e2717?s=96&d=mm&r=g","contentUrl":"https:\/\/secure.gravatar.com\/avatar\/612aca53a708cefc5ebe15ab0bc63c51a8ba58563e45c17848fa400e627e2717?s=96&d=mm&r=g","caption":"GPI NEWS"},"url":"https:\/\/puertointerior.guanajuato.gob.mx\/blog\/author\/rafa-jacinto\/"}]}},"jetpack_featured_media_url":"https:\/\/puertointerior.guanajuato.gob.mx\/blog\/wp-content\/uploads\/2026\/08\/66e84ab9d4dd7.webp","jetpack_sharing_enabled":true,"jetpack_shortlink":"https:\/\/wp.me\/pcnMPA-755","_links":{"self":[{"href":"https:\/\/puertointerior.guanajuato.gob.mx\/blog\/wp-json\/wp\/v2\/posts\/27223","targetHints":{"allow":["GET"]}}],"collection":[{"href":"https:\/\/puertointerior.guanajuato.gob.mx\/blog\/wp-json\/wp\/v2\/posts"}],"about":[{"href":"https:\/\/puertointerior.guanajuato.gob.mx\/blog\/wp-json\/wp\/v2\/types\/post"}],"author":[{"embeddable":true,"href":"https:\/\/puertointerior.guanajuato.gob.mx\/blog\/wp-json\/wp\/v2\/users\/2"}],"replies":[{"embeddable":true,"href":"https:\/\/puertointerior.guanajuato.gob.mx\/blog\/wp-json\/wp\/v2\/comments?post=27223"}],"version-history":[{"count":1,"href":"https:\/\/puertointerior.guanajuato.gob.mx\/blog\/wp-json\/wp\/v2\/posts\/27223\/revisions"}],"predecessor-version":[{"id":27225,"href":"https:\/\/puertointerior.guanajuato.gob.mx\/blog\/wp-json\/wp\/v2\/posts\/27223\/revisions\/27225"}],"wp:featuredmedia":[{"embeddable":true,"href":"https:\/\/puertointerior.guanajuato.gob.mx\/blog\/wp-json\/wp\/v2\/media\/27224"}],"wp:attachment":[{"href":"https:\/\/puertointerior.guanajuato.gob.mx\/blog\/wp-json\/wp\/v2\/media?parent=27223"}],"wp:term":[{"taxonomy":"category","embeddable":true,"href":"https:\/\/puertointerior.guanajuato.gob.mx\/blog\/wp-json\/wp\/v2\/categories?post=27223"},{"taxonomy":"post_tag","embeddable":true,"href":"https:\/\/puertointerior.guanajuato.gob.mx\/blog\/wp-json\/wp\/v2\/tags?post=27223"}],"curies":[{"name":"wp","href":"https:\/\/api.w.org\/{rel}","templated":true}]}}