{"id":27283,"date":"2026-09-03T12:42:02","date_gmt":"2026-09-03T17:42:02","guid":{"rendered":"https:\/\/puertointerior.guanajuato.gob.mx\/blog\/?p=27283"},"modified":"2026-09-03T12:42:02","modified_gmt":"2026-09-03T17:42:02","slug":"guanajuato-y-alemania-fortalecen-cooperacion-para-impulsar-una-industria-sostenible","status":"publish","type":"post","link":"https:\/\/puertointerior.guanajuato.gob.mx\/blog\/2026\/09\/03\/guanajuato-y-alemania-fortalecen-cooperacion-para-impulsar-una-industria-sostenible\/","title":{"rendered":"Guanajuato y Alemania fortalecen cooperaci\u00f3n para impulsar una industria sostenible"},"content":{"rendered":"<p style=\"text-align: justify\">Guanajuato y Alemania fortalecieron su cooperaci\u00f3n industrial durante la Cumbre Industrial Inteligente y Sostenible 2026.<\/p>\n<p style=\"text-align: justify\"><b>Silao, Guanajuato.-<\/b>\u00a0Este mi\u00e9rcoles se llev\u00f3 a cabo la\u00a0<b>Cumbre Industrial Inteligente y Sostenible 2026<\/b>, cuyo objetivo central es dise\u00f1ar las estrategias que guiar\u00e1n la competitividad industrial mediante la digitalizaci\u00f3n y el respeto al medio ambiente.<\/p>\n<p style=\"text-align: justify\">El encuentro se realiz\u00f3 en\u00a0<b>Guanajuato Puerto Interior (GPI)<\/b>\u00a0y reuni\u00f3 a l\u00edderes empresariales, representantes gubernamentales y expertos de los ecosistemas de innovaci\u00f3n de M\u00e9xico y Alemania. Surgi\u00f3 como una iniciativa conjunta entre la\u00a0<b>Fundaci\u00f3n Konrad Adenauer M\u00e9xico (KAS)<\/b>, la\u00a0<b>Asociaci\u00f3n para el Desarrollo Industrial Sostenible Alemania-Alianza Pac\u00edfico (PAGSID)\u00a0<\/b>y la\u00a0<b>Confederaci\u00f3n de la Industria Alemana (BDI)<\/b>.<\/p>\n<p style=\"text-align: justify\">La agenda busca establecer una plataforma permanente de di\u00e1logo e intercambio tecnol\u00f3gico a largo plazo entre ambas naciones.<\/p>\n<p style=\"text-align: justify\">Durante su mensaje, el subsecretario de Atracci\u00f3n de Inversiones de la\u00a0<b>Secretar\u00eda de Econom\u00eda\u00a0<\/b>del Gobierno estatal,\u00a0<b>Alejandro Hern\u00e1ndez Fonseca<\/b>, resalt\u00f3 que el entendimiento entre la entidad y la naci\u00f3n alemana, as\u00ed como el cierre de esta etapa, permiten fijar los cimientos de la pr\u00f3xima etapa de cooperaci\u00f3n.<\/p>\n<blockquote>\n<p style=\"text-align: justify\"><em>\u201cEl proyecto de PAGSID ha involucrado a m\u00e1s de mil 980 representantes empresariales. El siguiente paso es convertir ese trabajo en relaciones comerciales, desarrollo de proveedores y nuevas oportunidades de inversi\u00f3n, porque cuando una empresa guanajuatense mejora sus procesos y alcanza sus est\u00e1ndares de eficiencia, exige una cadena de suministro global y fortalece la capacidad de todo el Estado para competir\u201d.<\/em><\/p>\n<\/blockquote>\n<p style=\"text-align: justify\">Entre los ejes centrales destacan la transici\u00f3n energ\u00e9tica industrial; las cadenas de suministro sostenibles, enfocadas en reducir la huella ambiental y mitigar los riesgos geopol\u00edticos; as\u00ed como la manufactura inteligente y la inteligencia artificial, a trav\u00e9s de la aplicaci\u00f3n pr\u00e1ctica de la IA y tecnolog\u00edas de automatizaci\u00f3n.<\/p>\n<p style=\"text-align: justify\">Por su parte,\u00a0<b>Johannes H\u00fcgel<\/b>, representante en M\u00e9xico de KAS, destac\u00f3 que se ha alcanzado el prop\u00f3sito de la fundaci\u00f3n de leer la realidad y trabajar hacia un futuro pr\u00f3spero.<\/p>\n<blockquote>\n<p style=\"text-align: justify\"><em>\u201cAlemania y M\u00e9xico cuentan con capacidades distintas, pero profundamente complementarias: Alemania tiene una amplia experiencia industrial y tecnol\u00f3gica, y ha recorrido un camino importante en materia de transformaci\u00f3n energ\u00e9tica y productiva; M\u00e9xico cuenta con una s\u00f3lida base\u00a0\u00a0<span class=\"google-anno-t\">manufacturera<\/span>, la posici\u00f3n estrat\u00e9gica dentro de las cadenas de valor de Norteam\u00e9rica y un enorme potencial para la innovaci\u00f3n y el desarrollo de nuevas inversiones\u201d.<\/em><\/p>\n<\/blockquote>\n<p style=\"text-align: justify\">Mediante este foro,\u00a0<b>Guanajuato\u00a0<\/b>consolida su posici\u00f3n como un nodo clave para la adopci\u00f3n de la Industria 4.0, pues se promueve de manera activa la transferencia de conocimiento t\u00e9cnico y la implementaci\u00f3n de mejores pr\u00e1cticas globales aplicadas al contexto industrial mexicano.<\/p>\n<div class=\"google-anno-skip google-anno-sc\" style=\"text-align: justify\" role=\"link\" aria-label=\"Turismo Guanajuato\" data-google-vignette=\"false\" data-google-interstitial=\"false\">Alemania se encuentra entre los primeros tres socios de Guanajuato en materia de inversi\u00f3n extranjera directa. Suman 70 proyectos que representan una inversi\u00f3n cercana a los 4 mil millones de d\u00f3lares, reflejada en oportunidades de m\u00e1s de 35 mil empleos.<\/div>\n<div role=\"link\" aria-label=\"Turismo Guanajuato\" data-google-vignette=\"false\" data-google-interstitial=\"false\">\n<div class=\"google-anno-skip google-anno-sc\" style=\"text-align: justify\" role=\"link\" aria-label=\"Turismo Guanajuato\" data-google-vignette=\"false\" data-google-interstitial=\"false\"><\/div>\n<p style=\"text-align: justify\">Tambi\u00e9n estuvieron presentes\u00a0<b>Friedolin Strack<\/b>, codirector de Asuntos Internacionales de BDI, as\u00ed como Juan Jos\u00e9 Sierra \u00c1lvarez, presidente de\u00a0<b>Coparmex\u00a0<\/b>Nacional.<\/p>\n<p style=\"text-align: justify\">Publicado originalmente por:\u00a0<a href=\"https:\/\/periodicocorreo.com.mx\/vida-publica\/2026\/sep\/02\/guanajuato-y-alemania-fortalecen-cooperacion-para-impulsar-una-industria-sostenible-165794.html\">https:\/\/periodicocorreo.com.mx\/vida-publica\/2026\/sep\/02\/guanajuato-y-alemania-fortalecen-cooperacion-para-impulsar-una-industria-sostenible-165794.html<\/a><\/p>\n<\/div>\n","protected":false},"excerpt":{"rendered":"<p>Guanajuato y Alemania fortalecieron su cooperaci\u00f3n industrial durante la Cumbre Industrial Inteligente y Sostenible 2026. Silao, Guanajuato.-\u00a0Este mi\u00e9rcoles se llev\u00f3 a cabo la\u00a0Cumbre Industrial Inteligente y Sostenible 2026, cuyo objetivo central es dise\u00f1ar las estrategias que guiar\u00e1n la competitividad industrial mediante la digitalizaci\u00f3n y el respeto al medio ambiente. El encuentro se realiz\u00f3 en\u00a0Guanajuato Puerto [&hellip;]<\/p>\n","protected":false},"author":2,"featured_media":27284,"comment_status":"closed","ping_status":"open","sticky":false,"template":"","format":"standard","meta":{"jetpack_post_was_ever_published":false,"_jetpack_newsletter_access":"","_jetpack_dont_email_post_to_subs":false,"_jetpack_newsletter_tier_id":0,"_jetpack_memberships_contains_paywalled_content":false,"_jetpack_memberships_contains_paid_content":false,"footnotes":""},"categories":[9],"tags":[],"class_list":["post-27283","post","type-post","status-publish","format-standard","has-post-thumbnail","hentry","category-social-responsability"],"yoast_head":"<!-- This site is optimized with the Yoast SEO plugin v25.7 - https:\/\/yoast.com\/wordpress\/plugins\/seo\/ -->\n<title>Guanajuato y Alemania fortalecen cooperaci\u00f3n para impulsar una industria sostenible - Blog | GPI NEWS<\/title>\n<meta name=\"robots\" content=\"index, follow, max-snippet:-1, max-image-preview:large, max-video-preview:-1\" \/>\n<link rel=\"canonical\" href=\"https:\/\/puertointerior.guanajuato.gob.mx\/blog\/2026\/09\/03\/guanajuato-y-alemania-fortalecen-cooperacion-para-impulsar-una-industria-sostenible\/\" \/>\n<meta property=\"og:locale\" content=\"es_MX\" \/>\n<meta property=\"og:type\" content=\"article\" \/>\n<meta property=\"og:title\" content=\"Guanajuato y Alemania fortalecen cooperaci\u00f3n para impulsar una industria sostenible - Blog | GPI NEWS\" \/>\n<meta property=\"og:description\" content=\"Guanajuato y Alemania fortalecieron su cooperaci\u00f3n industrial durante la Cumbre Industrial Inteligente y Sostenible 2026. Silao, Guanajuato.-\u00a0Este mi\u00e9rcoles se llev\u00f3 a cabo la\u00a0Cumbre Industrial Inteligente y Sostenible 2026, cuyo objetivo central es dise\u00f1ar las estrategias que guiar\u00e1n la competitividad industrial mediante la digitalizaci\u00f3n y el respeto al medio ambiente. El encuentro se realiz\u00f3 en\u00a0Guanajuato Puerto [&hellip;]\" \/>\n<meta property=\"og:url\" content=\"https:\/\/puertointerior.guanajuato.gob.mx\/blog\/2026\/09\/03\/guanajuato-y-alemania-fortalecen-cooperacion-para-impulsar-una-industria-sostenible\/\" \/>\n<meta property=\"og:site_name\" content=\"Blog | GPI NEWS\" \/>\n<meta property=\"article:published_time\" content=\"2026-09-03T17:42:02+00:00\" \/>\n<meta property=\"og:image\" content=\"https:\/\/puertointerior.guanajuato.gob.mx\/blog\/wp-content\/uploads\/2026\/09\/photo-2026-09-02-15-46-40-ev9P1eRdv.webp\" \/>\n\t<meta property=\"og:image:width\" content=\"1280\" \/>\n\t<meta property=\"og:image:height\" content=\"959\" \/>\n\t<meta property=\"og:image:type\" content=\"image\/webp\" \/>\n<meta name=\"author\" content=\"GPI NEWS\" \/>\n<meta name=\"twitter:card\" content=\"summary_large_image\" \/>\n<meta name=\"twitter:label1\" content=\"Escrito por\" \/>\n\t<meta name=\"twitter:data1\" content=\"GPI NEWS\" \/>\n\t<meta name=\"twitter:label2\" content=\"Tiempo de lectura\" \/>\n\t<meta name=\"twitter:data2\" content=\"1 minuto\" \/>\n<script type=\"application\/ld+json\" class=\"yoast-schema-graph\">{\"@context\":\"https:\/\/schema.org\",\"@graph\":[{\"@type\":\"WebPage\",\"@id\":\"https:\/\/puertointerior.guanajuato.gob.mx\/blog\/2026\/09\/03\/guanajuato-y-alemania-fortalecen-cooperacion-para-impulsar-una-industria-sostenible\/\",\"url\":\"https:\/\/puertointerior.guanajuato.gob.mx\/blog\/2026\/09\/03\/guanajuato-y-alemania-fortalecen-cooperacion-para-impulsar-una-industria-sostenible\/\",\"name\":\"Guanajuato y Alemania fortalecen cooperaci\u00f3n para impulsar una industria sostenible - Blog | GPI NEWS\",\"isPartOf\":{\"@id\":\"https:\/\/puertointerior.guanajuato.gob.mx\/blog\/#website\"},\"primaryImageOfPage\":{\"@id\":\"https:\/\/puertointerior.guanajuato.gob.mx\/blog\/2026\/09\/03\/guanajuato-y-alemania-fortalecen-cooperacion-para-impulsar-una-industria-sostenible\/#primaryimage\"},\"image\":{\"@id\":\"https:\/\/puertointerior.guanajuato.gob.mx\/blog\/2026\/09\/03\/guanajuato-y-alemania-fortalecen-cooperacion-para-impulsar-una-industria-sostenible\/#primaryimage\"},\"thumbnailUrl\":\"https:\/\/puertointerior.guanajuato.gob.mx\/blog\/wp-content\/uploads\/2026\/09\/photo-2026-09-02-15-46-40-ev9P1eRdv.webp\",\"datePublished\":\"2026-09-03T17:42:02+00:00\",\"author\":{\"@id\":\"https:\/\/puertointerior.guanajuato.gob.mx\/blog\/#\/schema\/person\/f4851bb8a48c32d7fba5285caf4ef1c4\"},\"breadcrumb\":{\"@id\":\"https:\/\/puertointerior.guanajuato.gob.mx\/blog\/2026\/09\/03\/guanajuato-y-alemania-fortalecen-cooperacion-para-impulsar-una-industria-sostenible\/#breadcrumb\"},\"inLanguage\":\"es\",\"potentialAction\":[{\"@type\":\"ReadAction\",\"target\":[\"https:\/\/puertointerior.guanajuato.gob.mx\/blog\/2026\/09\/03\/guanajuato-y-alemania-fortalecen-cooperacion-para-impulsar-una-industria-sostenible\/\"]}]},{\"@type\":\"ImageObject\",\"inLanguage\":\"es\",\"@id\":\"https:\/\/puertointerior.guanajuato.gob.mx\/blog\/2026\/09\/03\/guanajuato-y-alemania-fortalecen-cooperacion-para-impulsar-una-industria-sostenible\/#primaryimage\",\"url\":\"https:\/\/puertointerior.guanajuato.gob.mx\/blog\/wp-content\/uploads\/2026\/09\/photo-2026-09-02-15-46-40-ev9P1eRdv.webp\",\"contentUrl\":\"https:\/\/puertointerior.guanajuato.gob.mx\/blog\/wp-content\/uploads\/2026\/09\/photo-2026-09-02-15-46-40-ev9P1eRdv.webp\",\"width\":1280,\"height\":959},{\"@type\":\"BreadcrumbList\",\"@id\":\"https:\/\/puertointerior.guanajuato.gob.mx\/blog\/2026\/09\/03\/guanajuato-y-alemania-fortalecen-cooperacion-para-impulsar-una-industria-sostenible\/#breadcrumb\",\"itemListElement\":[{\"@type\":\"ListItem\",\"position\":1,\"name\":\"Inicio\",\"item\":\"https:\/\/puertointerior.guanajuato.gob.mx\/blog\/\"},{\"@type\":\"ListItem\",\"position\":2,\"name\":\"Guanajuato y Alemania fortalecen cooperaci\u00f3n para impulsar una industria sostenible\"}]},{\"@type\":\"WebSite\",\"@id\":\"https:\/\/puertointerior.guanajuato.gob.mx\/blog\/#website\",\"url\":\"https:\/\/puertointerior.guanajuato.gob.mx\/blog\/\",\"name\":\"Blog | GPI NEWS\",\"description\":\"Guanajuato Puerto Interior\",\"potentialAction\":[{\"@type\":\"SearchAction\",\"target\":{\"@type\":\"EntryPoint\",\"urlTemplate\":\"https:\/\/puertointerior.guanajuato.gob.mx\/blog\/?s={search_term_string}\"},\"query-input\":{\"@type\":\"PropertyValueSpecification\",\"valueRequired\":true,\"valueName\":\"search_term_string\"}}],\"inLanguage\":\"es\"},{\"@type\":\"Person\",\"@id\":\"https:\/\/puertointerior.guanajuato.gob.mx\/blog\/#\/schema\/person\/f4851bb8a48c32d7fba5285caf4ef1c4\",\"name\":\"GPI NEWS\",\"image\":{\"@type\":\"ImageObject\",\"inLanguage\":\"es\",\"@id\":\"https:\/\/puertointerior.guanajuato.gob.mx\/blog\/#\/schema\/person\/image\/\",\"url\":\"https:\/\/secure.gravatar.com\/avatar\/612aca53a708cefc5ebe15ab0bc63c51a8ba58563e45c17848fa400e627e2717?s=96&d=mm&r=g\",\"contentUrl\":\"https:\/\/secure.gravatar.com\/avatar\/612aca53a708cefc5ebe15ab0bc63c51a8ba58563e45c17848fa400e627e2717?s=96&d=mm&r=g\",\"caption\":\"GPI NEWS\"},\"url\":\"https:\/\/puertointerior.guanajuato.gob.mx\/blog\/author\/rafa-jacinto\/\"}]}<\/script>\n<!-- \/ Yoast SEO plugin. -->","yoast_head_json":{"title":"Guanajuato y Alemania fortalecen cooperaci\u00f3n para impulsar una industria sostenible - Blog | GPI NEWS","robots":{"index":"index","follow":"follow","max-snippet":"max-snippet:-1","max-image-preview":"max-image-preview:large","max-video-preview":"max-video-preview:-1"},"canonical":"https:\/\/puertointerior.guanajuato.gob.mx\/blog\/2026\/09\/03\/guanajuato-y-alemania-fortalecen-cooperacion-para-impulsar-una-industria-sostenible\/","og_locale":"es_MX","og_type":"article","og_title":"Guanajuato y Alemania fortalecen cooperaci\u00f3n para impulsar una industria sostenible - Blog | GPI NEWS","og_description":"Guanajuato y Alemania fortalecieron su cooperaci\u00f3n industrial durante la Cumbre Industrial Inteligente y Sostenible 2026. Silao, Guanajuato.-\u00a0Este mi\u00e9rcoles se llev\u00f3 a cabo la\u00a0Cumbre Industrial Inteligente y Sostenible 2026, cuyo objetivo central es dise\u00f1ar las estrategias que guiar\u00e1n la competitividad industrial mediante la digitalizaci\u00f3n y el respeto al medio ambiente. El encuentro se realiz\u00f3 en\u00a0Guanajuato Puerto [&hellip;]","og_url":"https:\/\/puertointerior.guanajuato.gob.mx\/blog\/2026\/09\/03\/guanajuato-y-alemania-fortalecen-cooperacion-para-impulsar-una-industria-sostenible\/","og_site_name":"Blog | GPI NEWS","article_published_time":"2026-09-03T17:42:02+00:00","og_image":[{"width":1280,"height":959,"url":"https:\/\/puertointerior.guanajuato.gob.mx\/blog\/wp-content\/uploads\/2026\/09\/photo-2026-09-02-15-46-40-ev9P1eRdv.webp","type":"image\/webp"}],"author":"GPI NEWS","twitter_card":"summary_large_image","twitter_misc":{"Escrito por":"GPI NEWS","Tiempo de lectura":"1 minuto"},"schema":{"@context":"https:\/\/schema.org","@graph":[{"@type":"WebPage","@id":"https:\/\/puertointerior.guanajuato.gob.mx\/blog\/2026\/09\/03\/guanajuato-y-alemania-fortalecen-cooperacion-para-impulsar-una-industria-sostenible\/","url":"https:\/\/puertointerior.guanajuato.gob.mx\/blog\/2026\/09\/03\/guanajuato-y-alemania-fortalecen-cooperacion-para-impulsar-una-industria-sostenible\/","name":"Guanajuato y Alemania fortalecen cooperaci\u00f3n para impulsar una industria sostenible - Blog | GPI NEWS","isPartOf":{"@id":"https:\/\/puertointerior.guanajuato.gob.mx\/blog\/#website"},"primaryImageOfPage":{"@id":"https:\/\/puertointerior.guanajuato.gob.mx\/blog\/2026\/09\/03\/guanajuato-y-alemania-fortalecen-cooperacion-para-impulsar-una-industria-sostenible\/#primaryimage"},"image":{"@id":"https:\/\/puertointerior.guanajuato.gob.mx\/blog\/2026\/09\/03\/guanajuato-y-alemania-fortalecen-cooperacion-para-impulsar-una-industria-sostenible\/#primaryimage"},"thumbnailUrl":"https:\/\/puertointerior.guanajuato.gob.mx\/blog\/wp-content\/uploads\/2026\/09\/photo-2026-09-02-15-46-40-ev9P1eRdv.webp","datePublished":"2026-09-03T17:42:02+00:00","author":{"@id":"https:\/\/puertointerior.guanajuato.gob.mx\/blog\/#\/schema\/person\/f4851bb8a48c32d7fba5285caf4ef1c4"},"breadcrumb":{"@id":"https:\/\/puertointerior.guanajuato.gob.mx\/blog\/2026\/09\/03\/guanajuato-y-alemania-fortalecen-cooperacion-para-impulsar-una-industria-sostenible\/#breadcrumb"},"inLanguage":"es","potentialAction":[{"@type":"ReadAction","target":["https:\/\/puertointerior.guanajuato.gob.mx\/blog\/2026\/09\/03\/guanajuato-y-alemania-fortalecen-cooperacion-para-impulsar-una-industria-sostenible\/"]}]},{"@type":"ImageObject","inLanguage":"es","@id":"https:\/\/puertointerior.guanajuato.gob.mx\/blog\/2026\/09\/03\/guanajuato-y-alemania-fortalecen-cooperacion-para-impulsar-una-industria-sostenible\/#primaryimage","url":"https:\/\/puertointerior.guanajuato.gob.mx\/blog\/wp-content\/uploads\/2026\/09\/photo-2026-09-02-15-46-40-ev9P1eRdv.webp","contentUrl":"https:\/\/puertointerior.guanajuato.gob.mx\/blog\/wp-content\/uploads\/2026\/09\/photo-2026-09-02-15-46-40-ev9P1eRdv.webp","width":1280,"height":959},{"@type":"BreadcrumbList","@id":"https:\/\/puertointerior.guanajuato.gob.mx\/blog\/2026\/09\/03\/guanajuato-y-alemania-fortalecen-cooperacion-para-impulsar-una-industria-sostenible\/#breadcrumb","itemListElement":[{"@type":"ListItem","position":1,"name":"Inicio","item":"https:\/\/puertointerior.guanajuato.gob.mx\/blog\/"},{"@type":"ListItem","position":2,"name":"Guanajuato y Alemania fortalecen cooperaci\u00f3n para impulsar una industria sostenible"}]},{"@type":"WebSite","@id":"https:\/\/puertointerior.guanajuato.gob.mx\/blog\/#website","url":"https:\/\/puertointerior.guanajuato.gob.mx\/blog\/","name":"Blog | GPI NEWS","description":"Guanajuato Puerto Interior","potentialAction":[{"@type":"SearchAction","target":{"@type":"EntryPoint","urlTemplate":"https:\/\/puertointerior.guanajuato.gob.mx\/blog\/?s={search_term_string}"},"query-input":{"@type":"PropertyValueSpecification","valueRequired":true,"valueName":"search_term_string"}}],"inLanguage":"es"},{"@type":"Person","@id":"https:\/\/puertointerior.guanajuato.gob.mx\/blog\/#\/schema\/person\/f4851bb8a48c32d7fba5285caf4ef1c4","name":"GPI NEWS","image":{"@type":"ImageObject","inLanguage":"es","@id":"https:\/\/puertointerior.guanajuato.gob.mx\/blog\/#\/schema\/person\/image\/","url":"https:\/\/secure.gravatar.com\/avatar\/612aca53a708cefc5ebe15ab0bc63c51a8ba58563e45c17848fa400e627e2717?s=96&d=mm&r=g","contentUrl":"https:\/\/secure.gravatar.com\/avatar\/612aca53a708cefc5ebe15ab0bc63c51a8ba58563e45c17848fa400e627e2717?s=96&d=mm&r=g","caption":"GPI NEWS"},"url":"https:\/\/puertointerior.guanajuato.gob.mx\/blog\/author\/rafa-jacinto\/"}]}},"jetpack_featured_media_url":"https:\/\/puertointerior.guanajuato.gob.mx\/blog\/wp-content\/uploads\/2026\/09\/photo-2026-09-02-15-46-40-ev9P1eRdv.webp","jetpack_sharing_enabled":true,"jetpack_shortlink":"https:\/\/wp.me\/pcnMPA-763","_links":{"self":[{"href":"https:\/\/puertointerior.guanajuato.gob.mx\/blog\/wp-json\/wp\/v2\/posts\/27283","targetHints":{"allow":["GET"]}}],"collection":[{"href":"https:\/\/puertointerior.guanajuato.gob.mx\/blog\/wp-json\/wp\/v2\/posts"}],"about":[{"href":"https:\/\/puertointerior.guanajuato.gob.mx\/blog\/wp-json\/wp\/v2\/types\/post"}],"author":[{"embeddable":true,"href":"https:\/\/puertointerior.guanajuato.gob.mx\/blog\/wp-json\/wp\/v2\/users\/2"}],"replies":[{"embeddable":true,"href":"https:\/\/puertointerior.guanajuato.gob.mx\/blog\/wp-json\/wp\/v2\/comments?post=27283"}],"version-history":[{"count":1,"href":"https:\/\/puertointerior.guanajuato.gob.mx\/blog\/wp-json\/wp\/v2\/posts\/27283\/revisions"}],"predecessor-version":[{"id":27285,"href":"https:\/\/puertointerior.guanajuato.gob.mx\/blog\/wp-json\/wp\/v2\/posts\/27283\/revisions\/27285"}],"wp:featuredmedia":[{"embeddable":true,"href":"https:\/\/puertointerior.guanajuato.gob.mx\/blog\/wp-json\/wp\/v2\/media\/27284"}],"wp:attachment":[{"href":"https:\/\/puertointerior.guanajuato.gob.mx\/blog\/wp-json\/wp\/v2\/media?parent=27283"}],"wp:term":[{"taxonomy":"category","embeddable":true,"href":"https:\/\/puertointerior.guanajuato.gob.mx\/blog\/wp-json\/wp\/v2\/categories?post=27283"},{"taxonomy":"post_tag","embeddable":true,"href":"https:\/\/puertointerior.guanajuato.gob.mx\/blog\/wp-json\/wp\/v2\/tags?post=27283"}],"curies":[{"name":"wp","href":"https:\/\/api.w.org\/{rel}","templated":true}]}}