{"id":27286,"date":"2026-09-03T12:45:15","date_gmt":"2026-09-03T17:45:15","guid":{"rendered":"https:\/\/puertointerior.guanajuato.gob.mx\/blog\/?p=27286"},"modified":"2026-09-03T12:46:40","modified_gmt":"2026-09-03T17:46:40","slug":"impulsa-guanajuato-la-educacion-del-futuro-con-la-inauguracion-del-nuevo-laboratorio-de-electromovilidad-en-el-tecnm-sur-de-guanajuato","status":"publish","type":"post","link":"https:\/\/puertointerior.guanajuato.gob.mx\/blog\/2026\/09\/03\/impulsa-guanajuato-la-educacion-del-futuro-con-la-inauguracion-del-nuevo-laboratorio-de-electromovilidad-en-el-tecnm-sur-de-guanajuato\/","title":{"rendered":"Impulsa Guanajuato la educaci\u00f3n del futuro con la inauguraci\u00f3n del nuevo Laboratorio de Electromovilidad en el TecNM Sur de Guanajuato"},"content":{"rendered":"<ul class=\"wp-block-list\">\n<li style=\"text-align: justify\"><strong>Con una inversi\u00f3n de m\u00e1s de 2 millones de pesos a trav\u00e9s del programa federal PROEXES, este espacio de vanguardia tecnol\u00f3gica beneficiar\u00e1 de manera directa al 65% de la matr\u00edcula y a estudiantes de educaci\u00f3n media superior de la regi\u00f3n.<\/strong><\/li>\n<li style=\"text-align: justify\"><strong>El proyecto se alinea estrat\u00e9gicamente con el eje \u201cGuanajuato es Vocaci\u00f3n\u201d y el impulso de la administraci\u00f3n estatal hacia la innovaci\u00f3n, la econom\u00eda del conocimiento y el desarrollo sustentable.<\/strong><\/li>\n<\/ul>\n<p><img loading=\"lazy\" decoding=\"async\" data-attachment-id=\"27287\" data-permalink=\"https:\/\/puertointerior.guanajuato.gob.mx\/blog\/2026\/09\/03\/impulsa-guanajuato-la-educacion-del-futuro-con-la-inauguracion-del-nuevo-laboratorio-de-electromovilidad-en-el-tecnm-sur-de-guanajuato\/img_9469-scaled\/\" data-orig-file=\"https:\/\/puertointerior.guanajuato.gob.mx\/blog\/wp-content\/uploads\/2026\/09\/IMG_9469-scaled-1.jpg\" data-orig-size=\"2560,1707\" data-comments-opened=\"0\" data-image-meta=\"{&quot;aperture&quot;:&quot;0&quot;,&quot;credit&quot;:&quot;&quot;,&quot;camera&quot;:&quot;&quot;,&quot;caption&quot;:&quot;&quot;,&quot;created_timestamp&quot;:&quot;0&quot;,&quot;copyright&quot;:&quot;&quot;,&quot;focal_length&quot;:&quot;0&quot;,&quot;iso&quot;:&quot;0&quot;,&quot;shutter_speed&quot;:&quot;0&quot;,&quot;title&quot;:&quot;&quot;,&quot;orientation&quot;:&quot;0&quot;}\" data-image-title=\"IMG_9469-scaled\" data-image-description=\"\" data-image-caption=\"\" data-medium-file=\"https:\/\/puertointerior.guanajuato.gob.mx\/blog\/wp-content\/uploads\/2026\/09\/IMG_9469-scaled-1-300x200.jpg\" data-large-file=\"https:\/\/puertointerior.guanajuato.gob.mx\/blog\/wp-content\/uploads\/2026\/09\/IMG_9469-scaled-1-1024x683.jpg\" class=\"size-medium wp-image-27287 alignleft\" src=\"https:\/\/puertointerior.guanajuato.gob.mx\/blog\/wp-content\/uploads\/2026\/09\/IMG_9469-scaled-1-300x200.jpg\" alt=\"\" width=\"300\" height=\"200\" srcset=\"https:\/\/puertointerior.guanajuato.gob.mx\/blog\/wp-content\/uploads\/2026\/09\/IMG_9469-scaled-1-300x200.jpg 300w, https:\/\/puertointerior.guanajuato.gob.mx\/blog\/wp-content\/uploads\/2026\/09\/IMG_9469-scaled-1-1024x683.jpg 1024w, https:\/\/puertointerior.guanajuato.gob.mx\/blog\/wp-content\/uploads\/2026\/09\/IMG_9469-scaled-1-768x512.jpg 768w, https:\/\/puertointerior.guanajuato.gob.mx\/blog\/wp-content\/uploads\/2026\/09\/IMG_9469-scaled-1-1536x1024.jpg 1536w, https:\/\/puertointerior.guanajuato.gob.mx\/blog\/wp-content\/uploads\/2026\/09\/IMG_9469-scaled-1-2048x1366.jpg 2048w, https:\/\/puertointerior.guanajuato.gob.mx\/blog\/wp-content\/uploads\/2026\/09\/IMG_9469-scaled-1-1080x720.jpg 1080w\" sizes=\"auto, (max-width: 300px) 100vw, 300px\" \/><\/p>\n<p class=\"wp-block-paragraph\" style=\"text-align: justify\"><strong>Uriangato, Gto., 01 de septiembre de 2026.-<\/strong>\u00a0El\u00a0<strong>Instituto Tecnol\u00f3gico Superior del Sur de Guanajuato<\/strong>\u00a0inaugur\u00f3 formalmente su nuevo\u00a0<strong>Laboratorio de Electromovilidad<\/strong>. Este imponente espacio tiene como prop\u00f3sito fundamental formar a profesionales con competencias de vanguardia, promoviendo la investigaci\u00f3n, la innovaci\u00f3n y la transferencia tecnol\u00f3gica para el desarrollo nacional.<\/p>\n<p class=\"wp-block-paragraph\" style=\"text-align: justify\">Este espacio educativo, \u00fanico en su tipo entre las universidades del estado, fue adquirido mediante el Programa de Expansi\u00f3n de la Educaci\u00f3n Media Superior y Superior (<strong>PROEXES<\/strong>), representando una inversi\u00f3n total de\u00a0<strong>$2,020,205.25<\/strong>. La nueva infraestructura cuenta con m\u00f3dulos y tecnolog\u00edas de \u00faltima generaci\u00f3n para el desarrollo de pr\u00e1cticas especializadas:<\/p>\n<ul class=\"wp-block-list\" style=\"text-align: justify\">\n<li>Plataforma de entrenamiento de motores s\u00edncronos de imanes permanentes.<\/li>\n<li>Plataforma de capacitaci\u00f3n en operaci\u00f3n anat\u00f3mica de motores as\u00edncronos de CA.<\/li>\n<li>Plataforma de formaci\u00f3n de controladores de motores.<\/li>\n<li>Plataforma de formaci\u00f3n sobre sistemas de gesti\u00f3n de bater\u00edas.<\/li>\n<li>Plataforma de entrenamiento para veh\u00edculos el\u00e9ctricos completos.<\/li>\n<\/ul>\n<p class=\"wp-block-paragraph\" style=\"text-align: justify\">La incorporaci\u00f3n de este equipamiento cient\u00edfico y tecnol\u00f3gico de primer nivel se alinea directamente con el eje transversal de\u00a0<strong>Innovaci\u00f3n Tecnol\u00f3gica y Digitalizaci\u00f3n<\/strong>, cuyo prop\u00f3sito es acercar las herramientas digitales y de especializaci\u00f3n a la poblaci\u00f3n para cerrar brechas de conectividad y rezago tecnol\u00f3gico.<\/p>\n<p class=\"wp-block-paragraph\" style=\"text-align: justify\">Esta apertura representa un paso firme en la consolidaci\u00f3n del\u00a0<strong>Eje Estrat\u00e9gico \u201cGuanajuato es Vocaci\u00f3n\u201d<\/strong>\u00a0del Programa de Gobierno del Estado de Guanajuato, el cual establece como prioridad el desarrollo del potencial de cada persona a trav\u00e9s del fortalecimiento de la econom\u00eda del conocimiento, vinculando activamente la formaci\u00f3n docente, la innovaci\u00f3n y el desarrollo tecnol\u00f3gico con las vocaciones productivas de cada regi\u00f3n. Asimismo, responde de manera directa al pilar sectorial de consolidar las trayectorias educativas de nivel superior mediante una oferta educativa pertinente orientada al emprendimiento, la empleabilidad y las competencias para la vida y el trabajo.<\/p>\n<p class=\"wp-block-paragraph\" style=\"text-align: justify\">El corte de list\u00f3n inaugural estuvo encabezado por el\u00a0<strong>Mtro. Eugenio Estrella Ortega<\/strong>, Director General del ITSUR, quien estuvo acompa\u00f1ado por el\u00a0<strong>Mtro. Jos\u00e9 Alberto L\u00f3pez Garc\u00eda<\/strong>, Director General de Educaci\u00f3n Superior en la Secretar\u00eda de Educaci\u00f3n de Guanajuato (SEG); el\u00a0<strong>Ing. Eusebio Vega P\u00e9rez<\/strong>, Director General del Instituto de Alfabetizaci\u00f3n y Educaci\u00f3n B\u00e1sica para Adultos en el estado de Guanajuato (INAEBA); as\u00ed como por directivos de diversas instituciones de educaci\u00f3n media superior y superior de la regi\u00f3n.<\/p>\n<p class=\"wp-block-paragraph\" style=\"text-align: justify\">Bajo la premisa de fomentar un desarrollo regional equilibrado y equitativo que atienda las necesidades espec\u00edficas de las comunidades del Sur del estado, el laboratorio no solo optimizar\u00e1 la formaci\u00f3n del\u00a0<strong>65% de la matr\u00edcula del ITSUR<\/strong>, sino que tambi\u00e9n abrir\u00e1 sus puertas al estudiantado de instituciones de educaci\u00f3n media superior de la regi\u00f3n para la realizaci\u00f3n de pr\u00e1cticas. Al integrar activamente a las y los j\u00f3venes en etapas previas al nivel superior, se fortalece el eje transversal de\u00a0<strong>Atenci\u00f3n a las Juventudes<\/strong>, brind\u00e1ndoles alternativas reales para construir proyectos de vida y capacitarse en habilidades t\u00e9cnicas y de especializaci\u00f3n global para responder con resiliencia a las exigencias del mercado.<\/p>\n<p class=\"wp-block-paragraph\" style=\"text-align: justify\">Durante su mensaje inaugural, el\u00a0<strong>Mtro. Eugenio Estrella Ortega<\/strong>\u00a0agradeci\u00f3 la colaboraci\u00f3n y visi\u00f3n estrat\u00e9gica de la Direcci\u00f3n Acad\u00e9mica, encabezada por el\u00a0<strong>Dr. Jos\u00e9 Gabriel Aguilera Gonz\u00e1lez<\/strong>, y de la Direcci\u00f3n de Planeaci\u00f3n y Vinculaci\u00f3n, a cargo del\u00a0<strong>Mtro. Gerardo G\u00e1mez Garc\u00eda<\/strong>, cuyo trabajo interinstitucional y colaborativo hizo posible la consolidaci\u00f3n de este importante proyecto log\u00edstico de formaci\u00f3n.<\/p>\n<p class=\"wp-block-paragraph\" style=\"text-align: justify\">Con este logro, enmarcado en el Modelo Educativo del TecNM \u2013\u00a0<em>Humanismo para la Justicia Social<\/em>, el estado de Guanajuato reafirma su liderazgo regional y su compromiso con la transici\u00f3n energ\u00e9tica sostenible. El Gobierno del Estado, a trav\u00e9s de la SEG, consolida de este modo un modelo de desarrollo inclusivo en el que la innovaci\u00f3n y la calidad educativa caminan de la mano para construir un porvenir lleno de oportunidades para las familias guanajuatenses.<\/p>\n<p style=\"text-align: justify\">Publicado originalmente por:\u00a0<a href=\"https:\/\/boletines.guanajuato.gob.mx\/2026\/09\/01\/impulsa-guanajuato-la-educacion-del-futuro-con-la-inauguracion-del-nuevo-laboratorio-de-electromovilidad-en-el-tecnm-sur-de-guanajuato\/\">https:\/\/boletines.guanajuato.gob.mx\/2026\/09\/01\/impulsa-guanajuato-la-educacion-del-futuro-con-la-inauguracion-del-nuevo-laboratorio-de-electromovilidad-en-el-tecnm-sur-de-guanajuato\/<\/a><\/p>\n","protected":false},"excerpt":{"rendered":"<p>Con una inversi\u00f3n de m\u00e1s de 2 millones de pesos a trav\u00e9s del programa federal PROEXES, este espacio de vanguardia tecnol\u00f3gica beneficiar\u00e1 de manera directa al 65% de la matr\u00edcula y a estudiantes de educaci\u00f3n media superior de la regi\u00f3n. El proyecto se alinea estrat\u00e9gicamente con el eje \u201cGuanajuato es Vocaci\u00f3n\u201d y el impulso de [&hellip;]<\/p>\n","protected":false},"author":2,"featured_media":27289,"comment_status":"closed","ping_status":"open","sticky":false,"template":"","format":"standard","meta":{"jetpack_post_was_ever_published":false,"_jetpack_newsletter_access":"","_jetpack_dont_email_post_to_subs":false,"_jetpack_newsletter_tier_id":0,"_jetpack_memberships_contains_paywalled_content":false,"_jetpack_memberships_contains_paid_content":false,"footnotes":""},"categories":[6],"tags":[],"class_list":["post-27286","post","type-post","status-publish","format-standard","has-post-thumbnail","hentry","category-innovation"],"yoast_head":"<!-- This site is optimized with the Yoast SEO plugin v25.7 - https:\/\/yoast.com\/wordpress\/plugins\/seo\/ -->\n<title>Impulsa Guanajuato la educaci\u00f3n del futuro con la inauguraci\u00f3n del nuevo Laboratorio de Electromovilidad en el TecNM Sur de Guanajuato - Blog | GPI NEWS<\/title>\n<meta name=\"robots\" content=\"index, follow, max-snippet:-1, max-image-preview:large, max-video-preview:-1\" \/>\n<link rel=\"canonical\" href=\"https:\/\/puertointerior.guanajuato.gob.mx\/blog\/2026\/09\/03\/impulsa-guanajuato-la-educacion-del-futuro-con-la-inauguracion-del-nuevo-laboratorio-de-electromovilidad-en-el-tecnm-sur-de-guanajuato\/\" \/>\n<meta property=\"og:locale\" content=\"es_MX\" \/>\n<meta property=\"og:type\" content=\"article\" \/>\n<meta property=\"og:title\" content=\"Impulsa Guanajuato la educaci\u00f3n del futuro con la inauguraci\u00f3n del nuevo Laboratorio de Electromovilidad en el TecNM Sur de Guanajuato - Blog | GPI NEWS\" \/>\n<meta property=\"og:description\" content=\"Con una inversi\u00f3n de m\u00e1s de 2 millones de pesos a trav\u00e9s del programa federal PROEXES, este espacio de vanguardia tecnol\u00f3gica beneficiar\u00e1 de manera directa al 65% de la matr\u00edcula y a estudiantes de educaci\u00f3n media superior de la regi\u00f3n. El proyecto se alinea estrat\u00e9gicamente con el eje \u201cGuanajuato es Vocaci\u00f3n\u201d y el impulso de [&hellip;]\" \/>\n<meta property=\"og:url\" content=\"https:\/\/puertointerior.guanajuato.gob.mx\/blog\/2026\/09\/03\/impulsa-guanajuato-la-educacion-del-futuro-con-la-inauguracion-del-nuevo-laboratorio-de-electromovilidad-en-el-tecnm-sur-de-guanajuato\/\" \/>\n<meta property=\"og:site_name\" content=\"Blog | GPI NEWS\" \/>\n<meta property=\"article:published_time\" content=\"2026-09-03T17:45:15+00:00\" \/>\n<meta property=\"article:modified_time\" content=\"2026-09-03T17:46:40+00:00\" \/>\n<meta property=\"og:image\" content=\"https:\/\/puertointerior.guanajuato.gob.mx\/blog\/wp-content\/uploads\/2026\/09\/DIRECTOR-GENERAL-scaled-1.jpg\" \/>\n\t<meta property=\"og:image:width\" content=\"2560\" \/>\n\t<meta property=\"og:image:height\" content=\"1707\" \/>\n\t<meta property=\"og:image:type\" content=\"image\/jpeg\" \/>\n<meta name=\"author\" content=\"GPI NEWS\" \/>\n<meta name=\"twitter:card\" content=\"summary_large_image\" \/>\n<meta name=\"twitter:label1\" content=\"Escrito por\" \/>\n\t<meta name=\"twitter:data1\" content=\"GPI NEWS\" \/>\n\t<meta name=\"twitter:label2\" content=\"Tiempo de lectura\" \/>\n\t<meta name=\"twitter:data2\" content=\"4 minutos\" \/>\n<script type=\"application\/ld+json\" class=\"yoast-schema-graph\">{\"@context\":\"https:\/\/schema.org\",\"@graph\":[{\"@type\":\"WebPage\",\"@id\":\"https:\/\/puertointerior.guanajuato.gob.mx\/blog\/2026\/09\/03\/impulsa-guanajuato-la-educacion-del-futuro-con-la-inauguracion-del-nuevo-laboratorio-de-electromovilidad-en-el-tecnm-sur-de-guanajuato\/\",\"url\":\"https:\/\/puertointerior.guanajuato.gob.mx\/blog\/2026\/09\/03\/impulsa-guanajuato-la-educacion-del-futuro-con-la-inauguracion-del-nuevo-laboratorio-de-electromovilidad-en-el-tecnm-sur-de-guanajuato\/\",\"name\":\"Impulsa Guanajuato la educaci\u00f3n del futuro con la inauguraci\u00f3n del nuevo Laboratorio de Electromovilidad en el TecNM Sur de Guanajuato - Blog | GPI NEWS\",\"isPartOf\":{\"@id\":\"https:\/\/puertointerior.guanajuato.gob.mx\/blog\/#website\"},\"primaryImageOfPage\":{\"@id\":\"https:\/\/puertointerior.guanajuato.gob.mx\/blog\/2026\/09\/03\/impulsa-guanajuato-la-educacion-del-futuro-con-la-inauguracion-del-nuevo-laboratorio-de-electromovilidad-en-el-tecnm-sur-de-guanajuato\/#primaryimage\"},\"image\":{\"@id\":\"https:\/\/puertointerior.guanajuato.gob.mx\/blog\/2026\/09\/03\/impulsa-guanajuato-la-educacion-del-futuro-con-la-inauguracion-del-nuevo-laboratorio-de-electromovilidad-en-el-tecnm-sur-de-guanajuato\/#primaryimage\"},\"thumbnailUrl\":\"https:\/\/puertointerior.guanajuato.gob.mx\/blog\/wp-content\/uploads\/2026\/09\/DIRECTOR-GENERAL-scaled-1.jpg\",\"datePublished\":\"2026-09-03T17:45:15+00:00\",\"dateModified\":\"2026-09-03T17:46:40+00:00\",\"author\":{\"@id\":\"https:\/\/puertointerior.guanajuato.gob.mx\/blog\/#\/schema\/person\/f4851bb8a48c32d7fba5285caf4ef1c4\"},\"breadcrumb\":{\"@id\":\"https:\/\/puertointerior.guanajuato.gob.mx\/blog\/2026\/09\/03\/impulsa-guanajuato-la-educacion-del-futuro-con-la-inauguracion-del-nuevo-laboratorio-de-electromovilidad-en-el-tecnm-sur-de-guanajuato\/#breadcrumb\"},\"inLanguage\":\"es\",\"potentialAction\":[{\"@type\":\"ReadAction\",\"target\":[\"https:\/\/puertointerior.guanajuato.gob.mx\/blog\/2026\/09\/03\/impulsa-guanajuato-la-educacion-del-futuro-con-la-inauguracion-del-nuevo-laboratorio-de-electromovilidad-en-el-tecnm-sur-de-guanajuato\/\"]}]},{\"@type\":\"ImageObject\",\"inLanguage\":\"es\",\"@id\":\"https:\/\/puertointerior.guanajuato.gob.mx\/blog\/2026\/09\/03\/impulsa-guanajuato-la-educacion-del-futuro-con-la-inauguracion-del-nuevo-laboratorio-de-electromovilidad-en-el-tecnm-sur-de-guanajuato\/#primaryimage\",\"url\":\"https:\/\/puertointerior.guanajuato.gob.mx\/blog\/wp-content\/uploads\/2026\/09\/DIRECTOR-GENERAL-scaled-1.jpg\",\"contentUrl\":\"https:\/\/puertointerior.guanajuato.gob.mx\/blog\/wp-content\/uploads\/2026\/09\/DIRECTOR-GENERAL-scaled-1.jpg\",\"width\":2560,\"height\":1707},{\"@type\":\"BreadcrumbList\",\"@id\":\"https:\/\/puertointerior.guanajuato.gob.mx\/blog\/2026\/09\/03\/impulsa-guanajuato-la-educacion-del-futuro-con-la-inauguracion-del-nuevo-laboratorio-de-electromovilidad-en-el-tecnm-sur-de-guanajuato\/#breadcrumb\",\"itemListElement\":[{\"@type\":\"ListItem\",\"position\":1,\"name\":\"Inicio\",\"item\":\"https:\/\/puertointerior.guanajuato.gob.mx\/blog\/\"},{\"@type\":\"ListItem\",\"position\":2,\"name\":\"Impulsa Guanajuato la educaci\u00f3n del futuro con la inauguraci\u00f3n del nuevo Laboratorio de Electromovilidad en el TecNM Sur de Guanajuato\"}]},{\"@type\":\"WebSite\",\"@id\":\"https:\/\/puertointerior.guanajuato.gob.mx\/blog\/#website\",\"url\":\"https:\/\/puertointerior.guanajuato.gob.mx\/blog\/\",\"name\":\"Blog | GPI NEWS\",\"description\":\"Guanajuato Puerto Interior\",\"potentialAction\":[{\"@type\":\"SearchAction\",\"target\":{\"@type\":\"EntryPoint\",\"urlTemplate\":\"https:\/\/puertointerior.guanajuato.gob.mx\/blog\/?s={search_term_string}\"},\"query-input\":{\"@type\":\"PropertyValueSpecification\",\"valueRequired\":true,\"valueName\":\"search_term_string\"}}],\"inLanguage\":\"es\"},{\"@type\":\"Person\",\"@id\":\"https:\/\/puertointerior.guanajuato.gob.mx\/blog\/#\/schema\/person\/f4851bb8a48c32d7fba5285caf4ef1c4\",\"name\":\"GPI NEWS\",\"image\":{\"@type\":\"ImageObject\",\"inLanguage\":\"es\",\"@id\":\"https:\/\/puertointerior.guanajuato.gob.mx\/blog\/#\/schema\/person\/image\/\",\"url\":\"https:\/\/secure.gravatar.com\/avatar\/612aca53a708cefc5ebe15ab0bc63c51a8ba58563e45c17848fa400e627e2717?s=96&d=mm&r=g\",\"contentUrl\":\"https:\/\/secure.gravatar.com\/avatar\/612aca53a708cefc5ebe15ab0bc63c51a8ba58563e45c17848fa400e627e2717?s=96&d=mm&r=g\",\"caption\":\"GPI NEWS\"},\"url\":\"https:\/\/puertointerior.guanajuato.gob.mx\/blog\/author\/rafa-jacinto\/\"}]}<\/script>\n<!-- \/ Yoast SEO plugin. -->","yoast_head_json":{"title":"Impulsa Guanajuato la educaci\u00f3n del futuro con la inauguraci\u00f3n del nuevo Laboratorio de Electromovilidad en el TecNM Sur de Guanajuato - Blog | GPI NEWS","robots":{"index":"index","follow":"follow","max-snippet":"max-snippet:-1","max-image-preview":"max-image-preview:large","max-video-preview":"max-video-preview:-1"},"canonical":"https:\/\/puertointerior.guanajuato.gob.mx\/blog\/2026\/09\/03\/impulsa-guanajuato-la-educacion-del-futuro-con-la-inauguracion-del-nuevo-laboratorio-de-electromovilidad-en-el-tecnm-sur-de-guanajuato\/","og_locale":"es_MX","og_type":"article","og_title":"Impulsa Guanajuato la educaci\u00f3n del futuro con la inauguraci\u00f3n del nuevo Laboratorio de Electromovilidad en el TecNM Sur de Guanajuato - Blog | GPI NEWS","og_description":"Con una inversi\u00f3n de m\u00e1s de 2 millones de pesos a trav\u00e9s del programa federal PROEXES, este espacio de vanguardia tecnol\u00f3gica beneficiar\u00e1 de manera directa al 65% de la matr\u00edcula y a estudiantes de educaci\u00f3n media superior de la regi\u00f3n. El proyecto se alinea estrat\u00e9gicamente con el eje \u201cGuanajuato es Vocaci\u00f3n\u201d y el impulso de [&hellip;]","og_url":"https:\/\/puertointerior.guanajuato.gob.mx\/blog\/2026\/09\/03\/impulsa-guanajuato-la-educacion-del-futuro-con-la-inauguracion-del-nuevo-laboratorio-de-electromovilidad-en-el-tecnm-sur-de-guanajuato\/","og_site_name":"Blog | GPI NEWS","article_published_time":"2026-09-03T17:45:15+00:00","article_modified_time":"2026-09-03T17:46:40+00:00","og_image":[{"width":2560,"height":1707,"url":"https:\/\/puertointerior.guanajuato.gob.mx\/blog\/wp-content\/uploads\/2026\/09\/DIRECTOR-GENERAL-scaled-1.jpg","type":"image\/jpeg"}],"author":"GPI NEWS","twitter_card":"summary_large_image","twitter_misc":{"Escrito por":"GPI NEWS","Tiempo de lectura":"4 minutos"},"schema":{"@context":"https:\/\/schema.org","@graph":[{"@type":"WebPage","@id":"https:\/\/puertointerior.guanajuato.gob.mx\/blog\/2026\/09\/03\/impulsa-guanajuato-la-educacion-del-futuro-con-la-inauguracion-del-nuevo-laboratorio-de-electromovilidad-en-el-tecnm-sur-de-guanajuato\/","url":"https:\/\/puertointerior.guanajuato.gob.mx\/blog\/2026\/09\/03\/impulsa-guanajuato-la-educacion-del-futuro-con-la-inauguracion-del-nuevo-laboratorio-de-electromovilidad-en-el-tecnm-sur-de-guanajuato\/","name":"Impulsa Guanajuato la educaci\u00f3n del futuro con la inauguraci\u00f3n del nuevo Laboratorio de Electromovilidad en el TecNM Sur de Guanajuato - Blog | GPI NEWS","isPartOf":{"@id":"https:\/\/puertointerior.guanajuato.gob.mx\/blog\/#website"},"primaryImageOfPage":{"@id":"https:\/\/puertointerior.guanajuato.gob.mx\/blog\/2026\/09\/03\/impulsa-guanajuato-la-educacion-del-futuro-con-la-inauguracion-del-nuevo-laboratorio-de-electromovilidad-en-el-tecnm-sur-de-guanajuato\/#primaryimage"},"image":{"@id":"https:\/\/puertointerior.guanajuato.gob.mx\/blog\/2026\/09\/03\/impulsa-guanajuato-la-educacion-del-futuro-con-la-inauguracion-del-nuevo-laboratorio-de-electromovilidad-en-el-tecnm-sur-de-guanajuato\/#primaryimage"},"thumbnailUrl":"https:\/\/puertointerior.guanajuato.gob.mx\/blog\/wp-content\/uploads\/2026\/09\/DIRECTOR-GENERAL-scaled-1.jpg","datePublished":"2026-09-03T17:45:15+00:00","dateModified":"2026-09-03T17:46:40+00:00","author":{"@id":"https:\/\/puertointerior.guanajuato.gob.mx\/blog\/#\/schema\/person\/f4851bb8a48c32d7fba5285caf4ef1c4"},"breadcrumb":{"@id":"https:\/\/puertointerior.guanajuato.gob.mx\/blog\/2026\/09\/03\/impulsa-guanajuato-la-educacion-del-futuro-con-la-inauguracion-del-nuevo-laboratorio-de-electromovilidad-en-el-tecnm-sur-de-guanajuato\/#breadcrumb"},"inLanguage":"es","potentialAction":[{"@type":"ReadAction","target":["https:\/\/puertointerior.guanajuato.gob.mx\/blog\/2026\/09\/03\/impulsa-guanajuato-la-educacion-del-futuro-con-la-inauguracion-del-nuevo-laboratorio-de-electromovilidad-en-el-tecnm-sur-de-guanajuato\/"]}]},{"@type":"ImageObject","inLanguage":"es","@id":"https:\/\/puertointerior.guanajuato.gob.mx\/blog\/2026\/09\/03\/impulsa-guanajuato-la-educacion-del-futuro-con-la-inauguracion-del-nuevo-laboratorio-de-electromovilidad-en-el-tecnm-sur-de-guanajuato\/#primaryimage","url":"https:\/\/puertointerior.guanajuato.gob.mx\/blog\/wp-content\/uploads\/2026\/09\/DIRECTOR-GENERAL-scaled-1.jpg","contentUrl":"https:\/\/puertointerior.guanajuato.gob.mx\/blog\/wp-content\/uploads\/2026\/09\/DIRECTOR-GENERAL-scaled-1.jpg","width":2560,"height":1707},{"@type":"BreadcrumbList","@id":"https:\/\/puertointerior.guanajuato.gob.mx\/blog\/2026\/09\/03\/impulsa-guanajuato-la-educacion-del-futuro-con-la-inauguracion-del-nuevo-laboratorio-de-electromovilidad-en-el-tecnm-sur-de-guanajuato\/#breadcrumb","itemListElement":[{"@type":"ListItem","position":1,"name":"Inicio","item":"https:\/\/puertointerior.guanajuato.gob.mx\/blog\/"},{"@type":"ListItem","position":2,"name":"Impulsa Guanajuato la educaci\u00f3n del futuro con la inauguraci\u00f3n del nuevo Laboratorio de Electromovilidad en el TecNM Sur de Guanajuato"}]},{"@type":"WebSite","@id":"https:\/\/puertointerior.guanajuato.gob.mx\/blog\/#website","url":"https:\/\/puertointerior.guanajuato.gob.mx\/blog\/","name":"Blog | GPI NEWS","description":"Guanajuato Puerto Interior","potentialAction":[{"@type":"SearchAction","target":{"@type":"EntryPoint","urlTemplate":"https:\/\/puertointerior.guanajuato.gob.mx\/blog\/?s={search_term_string}"},"query-input":{"@type":"PropertyValueSpecification","valueRequired":true,"valueName":"search_term_string"}}],"inLanguage":"es"},{"@type":"Person","@id":"https:\/\/puertointerior.guanajuato.gob.mx\/blog\/#\/schema\/person\/f4851bb8a48c32d7fba5285caf4ef1c4","name":"GPI NEWS","image":{"@type":"ImageObject","inLanguage":"es","@id":"https:\/\/puertointerior.guanajuato.gob.mx\/blog\/#\/schema\/person\/image\/","url":"https:\/\/secure.gravatar.com\/avatar\/612aca53a708cefc5ebe15ab0bc63c51a8ba58563e45c17848fa400e627e2717?s=96&d=mm&r=g","contentUrl":"https:\/\/secure.gravatar.com\/avatar\/612aca53a708cefc5ebe15ab0bc63c51a8ba58563e45c17848fa400e627e2717?s=96&d=mm&r=g","caption":"GPI NEWS"},"url":"https:\/\/puertointerior.guanajuato.gob.mx\/blog\/author\/rafa-jacinto\/"}]}},"jetpack_featured_media_url":"https:\/\/puertointerior.guanajuato.gob.mx\/blog\/wp-content\/uploads\/2026\/09\/DIRECTOR-GENERAL-scaled-1.jpg","jetpack_sharing_enabled":true,"jetpack_shortlink":"https:\/\/wp.me\/pcnMPA-766","_links":{"self":[{"href":"https:\/\/puertointerior.guanajuato.gob.mx\/blog\/wp-json\/wp\/v2\/posts\/27286","targetHints":{"allow":["GET"]}}],"collection":[{"href":"https:\/\/puertointerior.guanajuato.gob.mx\/blog\/wp-json\/wp\/v2\/posts"}],"about":[{"href":"https:\/\/puertointerior.guanajuato.gob.mx\/blog\/wp-json\/wp\/v2\/types\/post"}],"author":[{"embeddable":true,"href":"https:\/\/puertointerior.guanajuato.gob.mx\/blog\/wp-json\/wp\/v2\/users\/2"}],"replies":[{"embeddable":true,"href":"https:\/\/puertointerior.guanajuato.gob.mx\/blog\/wp-json\/wp\/v2\/comments?post=27286"}],"version-history":[{"count":3,"href":"https:\/\/puertointerior.guanajuato.gob.mx\/blog\/wp-json\/wp\/v2\/posts\/27286\/revisions"}],"predecessor-version":[{"id":27290,"href":"https:\/\/puertointerior.guanajuato.gob.mx\/blog\/wp-json\/wp\/v2\/posts\/27286\/revisions\/27290"}],"wp:featuredmedia":[{"embeddable":true,"href":"https:\/\/puertointerior.guanajuato.gob.mx\/blog\/wp-json\/wp\/v2\/media\/27289"}],"wp:attachment":[{"href":"https:\/\/puertointerior.guanajuato.gob.mx\/blog\/wp-json\/wp\/v2\/media?parent=27286"}],"wp:term":[{"taxonomy":"category","embeddable":true,"href":"https:\/\/puertointerior.guanajuato.gob.mx\/blog\/wp-json\/wp\/v2\/categories?post=27286"},{"taxonomy":"post_tag","embeddable":true,"href":"https:\/\/puertointerior.guanajuato.gob.mx\/blog\/wp-json\/wp\/v2\/tags?post=27286"}],"curies":[{"name":"wp","href":"https:\/\/api.w.org\/{rel}","templated":true}]}}