{"id":27295,"date":"2026-09-03T12:59:00","date_gmt":"2026-09-03T17:59:00","guid":{"rendered":"https:\/\/puertointerior.guanajuato.gob.mx\/blog\/?p=27295"},"modified":"2026-09-03T13:00:10","modified_gmt":"2026-09-03T18:00:10","slug":"mas-de-700-lideres-llegaran-a-leon-para-el-encuentro-nacional-coparmex-2026","status":"publish","type":"post","link":"https:\/\/puertointerior.guanajuato.gob.mx\/blog\/2026\/09\/03\/mas-de-700-lideres-llegaran-a-leon-para-el-encuentro-nacional-coparmex-2026\/","title":{"rendered":"M\u00e1s de 700 l\u00edderes llegar\u00e1n a Le\u00f3n para el Encuentro Nacional COPARMEX 2026"},"content":{"rendered":"<p style=\"text-align: justify\">Empresarios de todo el pa\u00eds se reunir\u00e1n para abordar temas de seguridad, certeza jur\u00eddica, inversi\u00f3n, innovaci\u00f3n, talento y los retos que enfrenta M\u00e9xico.<\/p>\n<p style=\"text-align: justify\"><span class=\"AnnotatedMarkup_drop-caps__8cwnC\"><b class=\"bold\">L<\/b><\/span><b class=\"bold\">e\u00f3n, Gto<\/b>.-\u00a0<b class=\"bold\">Empresarios de todo M\u00e9xico<\/b>\u00a0pondr\u00e1n la mirada en Le\u00f3n durante noviembre. La ciudad ser\u00e1 sede del\u00a0<b class=\"bold\">Encuentro Nacional COPARMEX 2026<\/b>, donde el sector empresarial analizar\u00e1 los desaf\u00edos que marcar\u00e1n el rumbo del pa\u00eds y discutir\u00e1 condiciones clave para invertir, generar empleos y mantener la competitividad del pa\u00eds.<\/p>\n<p class=\"Typography_text-default__P3otY Typography_weight-normal__pqUbH Typography_text-default__P3otY Typography_weight-normal__pqUbH\" style=\"text-align: justify\">Durante tres d\u00edas,\u00a0<b class=\"bold\">del 4 al 6 de noviembre<\/b>, m\u00e1s de 700 l\u00edderes de\u00a0<b class=\"bold\">COPARMEX<\/b>\u00a0se reunir\u00e1n en la regi\u00f3n para abordar temas como seguridad, certeza jur\u00eddica y competitividad, en un encuentro que tambi\u00e9n busca\u00a0<b class=\"bold\">proyectar a Guanajuato como un destino estrat\u00e9gico<\/b>\u00a0para los negocios y la inversi\u00f3n.<\/p>\n<p class=\"Typography_text-default__P3otY Typography_weight-normal__pqUbH Typography_text-default__P3otY Typography_weight-normal__pqUbH\" style=\"text-align: justify\">El objetivo ser\u00e1 generar un espacio para analizar los desaf\u00edos que marcar\u00e1n el rumbo de M\u00e9xico y discutir las condiciones necesarias para invertir, generar empleos y mantener la competitividad.<\/p>\n<h3 class=\"Typography_text-xl__yFuoP Typography_weight-normal__pqUbH SubHead_sub-head__PVEMA\" style=\"text-align: justify\">Una oportunidad para\u00a0Guanajuato<\/h3>\n<p class=\"Typography_text-default__P3otY Typography_weight-normal__pqUbH Typography_text-default__P3otY Typography_weight-normal__pqUbH\" style=\"text-align: justify\"><b class=\"bold\">Michel Sojo Quiroz<\/b>, presidente de COPARMEX Zona Metropolitana de Le\u00f3n, se\u00f1al\u00f3 que para la organizaci\u00f3n local recibir el encuentro representa una responsabilidad, pero tambi\u00e9n una oportunidad para la ciudad y para Guanajuato.<\/p>\n<p class=\"Typography_text-default__P3otY Typography_weight-normal__pqUbH Typography_text-default__P3otY Typography_weight-normal__pqUbH\" style=\"text-align: justify\">Durante los tres d\u00edas participar\u00e1n empresarias y empresarios, dirigentes de los centros empresariales de COPARMEX, especialistas y l\u00edderes de distintas regiones del pa\u00eds, quienes tendr\u00e1n espacios para compartir experiencias, fortalecer relaciones empresariales y generar\u00a0<b class=\"bold\">oportunidades de negocio<\/b>.<\/p>\n<blockquote>\n<p class=\"Typography_text-default__P3otY Typography_weight-normal__pqUbH Typography_text-default__P3otY Typography_weight-normal__pqUbH\" style=\"text-align: justify\">\u201c<i class=\"italic\">Le\u00f3n ser\u00e1 un punto de encuentro para compartir experiencias, fortalecer relaciones empresariales, generar oportunidades de negocio y dialogar sobre los principales retos de M\u00e9xico<\/i>\u201d, expres\u00f3.<\/p>\n<\/blockquote>\n<p class=\"Typography_text-default__P3otY Typography_weight-normal__pqUbH Typography_text-default__P3otY Typography_weight-normal__pqUbH\" style=\"text-align: justify\">Esta edici\u00f3n se llevar\u00e1 a cabo en un a\u00f1o especial para Le\u00f3n, debido a la celebraci\u00f3n de sus\u00a0<b class=\"bold\">450 a\u00f1os de historia<\/b>. La intenci\u00f3n es mostrar una ciudad que ha crecido a partir del trabajo, el talento, sus empresas y su capacidad de transformaci\u00f3n.<\/p>\n<p class=\"Typography_text-default__P3otY Typography_weight-normal__pqUbH Typography_text-default__P3otY Typography_weight-normal__pqUbH\" style=\"text-align: justify\">El eje central ser\u00e1 \u201cUna sola COPARMEX por un M\u00e9xico en paz y con desarrollo\u201d, un planteamiento que busca representar un mensaje de unidad y colaboraci\u00f3n desde el sector empresarial.<\/p>\n<p class=\"Typography_text-default__P3otY Typography_weight-normal__pqUbH Typography_text-default__P3otY Typography_weight-normal__pqUbH\" style=\"text-align: justify\">Sojo Quiroz explic\u00f3 que el desarrollo requiere inversi\u00f3n, innovaci\u00f3n y talento, pero tambi\u00e9n condiciones de seguridad y certeza jur\u00eddica que permitan a las empresas crecer, competir y generar empleos formales, por lo que se\u00f1al\u00f3 que estos temas requieren di\u00e1logo y trabajo conjunto entre empresarios, sociedad y autoridades.<\/p>\n<p style=\"text-align: justify\"><img loading=\"lazy\" decoding=\"async\" data-attachment-id=\"27296\" data-permalink=\"https:\/\/puertointerior.guanajuato.gob.mx\/blog\/2026\/09\/03\/mas-de-700-lideres-llegaran-a-leon-para-el-encuentro-nacional-coparmex-2026\/image-2026-09-03t115421-389\/\" data-orig-file=\"https:\/\/puertointerior.guanajuato.gob.mx\/blog\/wp-content\/uploads\/2026\/09\/image-2026-09-03T115421.389.webp\" data-orig-size=\"1200,675\" data-comments-opened=\"0\" data-image-meta=\"{&quot;aperture&quot;:&quot;0&quot;,&quot;credit&quot;:&quot;&quot;,&quot;camera&quot;:&quot;&quot;,&quot;caption&quot;:&quot;&quot;,&quot;created_timestamp&quot;:&quot;0&quot;,&quot;copyright&quot;:&quot;&quot;,&quot;focal_length&quot;:&quot;0&quot;,&quot;iso&quot;:&quot;0&quot;,&quot;shutter_speed&quot;:&quot;0&quot;,&quot;title&quot;:&quot;&quot;,&quot;orientation&quot;:&quot;0&quot;}\" data-image-title=\"image &#8211; 2026-09-03T115421.389\" data-image-description=\"\" data-image-caption=\"\" data-medium-file=\"https:\/\/puertointerior.guanajuato.gob.mx\/blog\/wp-content\/uploads\/2026\/09\/image-2026-09-03T115421.389-300x169.webp\" data-large-file=\"https:\/\/puertointerior.guanajuato.gob.mx\/blog\/wp-content\/uploads\/2026\/09\/image-2026-09-03T115421.389-1024x576.webp\" class=\"size-medium wp-image-27296 alignleft\" src=\"https:\/\/puertointerior.guanajuato.gob.mx\/blog\/wp-content\/uploads\/2026\/09\/image-2026-09-03T115421.389-300x169.webp\" alt=\"\" width=\"300\" height=\"169\" srcset=\"https:\/\/puertointerior.guanajuato.gob.mx\/blog\/wp-content\/uploads\/2026\/09\/image-2026-09-03T115421.389-300x169.webp 300w, https:\/\/puertointerior.guanajuato.gob.mx\/blog\/wp-content\/uploads\/2026\/09\/image-2026-09-03T115421.389-1024x576.webp 1024w, https:\/\/puertointerior.guanajuato.gob.mx\/blog\/wp-content\/uploads\/2026\/09\/image-2026-09-03T115421.389-768x432.webp 768w, https:\/\/puertointerior.guanajuato.gob.mx\/blog\/wp-content\/uploads\/2026\/09\/image-2026-09-03T115421.389-1080x608.webp 1080w, https:\/\/puertointerior.guanajuato.gob.mx\/blog\/wp-content\/uploads\/2026\/09\/image-2026-09-03T115421.389.webp 1200w\" sizes=\"auto, (max-width: 300px) 100vw, 300px\" \/><\/p>\n<h3 class=\"Typography_text-xl__yFuoP Typography_weight-normal__pqUbH SubHead_sub-head__PVEMA\" style=\"text-align: justify\">M\u00e1s de 30 conferencistas y panelistas<\/h3>\n<p class=\"Typography_text-default__P3otY Typography_weight-normal__pqUbH Typography_text-default__P3otY Typography_weight-normal__pqUbH\" style=\"text-align: justify\">La agenda del encuentro contempla la participaci\u00f3n de\u00a0<b class=\"bold\">m\u00e1s de 30 conferencistas y panelistas<\/b>, con experiencia en \u00e1reas como liderazgo empresarial, econom\u00eda, diplomacia, academia y an\u00e1lisis de la vida p\u00fablica.<\/p>\n<p class=\"Typography_text-default__P3otY Typography_weight-normal__pqUbH Typography_text-default__P3otY Typography_weight-normal__pqUbH\" style=\"text-align: justify\">Entre los temas que ser\u00e1n abordados se encuentran la competitividad, inversi\u00f3n, innovaci\u00f3n, talento, seguridad, Estado de derecho y el futuro de las empresas mexicanas. Se contemplan espacios de vinculaci\u00f3n y networking, con la finalidad de que las ideas y conversaciones puedan convertirse en relaciones empresariales, proyectos y oportunidades concretas.<\/p>\n<p class=\"Typography_text-default__P3otY Typography_weight-normal__pqUbH Typography_text-default__P3otY Typography_weight-normal__pqUbH\" style=\"text-align: justify\">Entre los ponentes se encuentran Juan Miguel Zunzunegui, escritor y conferencista mexicano; Bernardo Zambrano, director general de Green Paper;\u00a0<b class=\"bold\">Martha B\u00e1rcena Coqui<\/b>, exembajadora de M\u00e9xico en Estados Unidos;\u00a0<b class=\"bold\">Juan Pablo Casta\u00f1\u00f3n<\/b>, expresidente nacional de COPARMEX y del CCE; Sergio Fajardo Valderrama, matem\u00e1tico y pol\u00edtico colombiano; Eduardo Sojo Garza Aldape, economista y director del Laboratorio Nacional de Pol\u00edticas P\u00fablicas del CIDE, y\u00a0<b class=\"bold\">Raymundo Riva Palacio<\/b>, periodista y analista pol\u00edtico, entre otros.<\/p>\n<p class=\"Typography_text-default__P3otY Typography_weight-normal__pqUbH Typography_text-default__P3otY Typography_weight-normal__pqUbH\" style=\"text-align: justify\">Tendr\u00e1n un torneo de golf llamado\u00a0<b class=\"bold\">Coparmex Masters<\/b>\u00a0en el\u00a0<b class=\"bold\">Club Campestre de Le\u00f3n<\/b>; el c\u00f3ctel de bienvenida ser\u00e1 en el\u00a0<b class=\"bold\">Centro de Ciencias Explora<\/b>\u00a0y realizar\u00e1n una experiencia en Guanajuato capital con una callejoneada y una cena de gala.<\/p>\n<h3 class=\"Typography_text-xl__yFuoP Typography_weight-normal__pqUbH SubHead_sub-head__PVEMA\" style=\"text-align: justify\">Seguridad, certeza jur\u00eddica y competitividad<\/h3>\n<p class=\"Typography_text-default__P3otY Typography_weight-normal__pqUbH Typography_text-default__P3otY Typography_weight-normal__pqUbH\" style=\"text-align: justify\">El encuentro se realizar\u00e1 en un momento considerado decisivo para M\u00e9xico, por lo que uno de los objetivos ser\u00e1 colocar sobre la mesa la realidad que enfrenta el pa\u00eds, identificar sus retos, oportunidades y riesgos, y discutir propuestas para hacerles frente.<\/p>\n<p class=\"Typography_text-default__P3otY Typography_weight-normal__pqUbH Typography_text-default__P3otY Typography_weight-normal__pqUbH\" style=\"text-align: justify\">En este sentido, el programa contempla temas relacionados con la paz, la cohesi\u00f3n social, la innovaci\u00f3n en las comunidades, el di\u00e1logo social, la\u00a0<b class=\"bold\">relaci\u00f3n entre M\u00e9xico y Estados Unidos<\/b>, las\u00a0<b class=\"bold\">perspectivas del T-MEC<\/b>, el equilibrio institucional rumbo a 2027 y el papel de M\u00e9xico como\u00a0<b class=\"bold\">plataforma estrat\u00e9gica para la inversi\u00f3n global<\/b>.<\/p>\n<p class=\"Typography_text-default__P3otY Typography_weight-normal__pqUbH Typography_text-default__P3otY Typography_weight-normal__pqUbH\" style=\"text-align: justify\">La agenda parte de la posici\u00f3n de COPARMEX de que las condiciones de paz, certeza jur\u00eddica y competitividad son elementos relacionados con la posibilidad de impulsar el desarrollo, generar empleos, competir y atraer inversi\u00f3n.<\/p>\n<h3 class=\"Typography_text-xl__yFuoP Typography_weight-normal__pqUbH SubHead_sub-head__PVEMA\" style=\"text-align: justify\">El encuentro en resultados concretos<\/h3>\n<p class=\"Typography_text-default__P3otY Typography_weight-normal__pqUbH Typography_text-default__P3otY Typography_weight-normal__pqUbH\" style=\"text-align: justify\">La expectativa es que la reuni\u00f3n deje resultados m\u00e1s all\u00e1 de las actividades realizadas durante los tres d\u00edas, principalmente mediante\u00a0<b class=\"bold\">nuevas relaciones empresariales<\/b>, ideas, oportunidades de negocio y una visi\u00f3n m\u00e1s amplia de las aportaciones que Le\u00f3n y Guanajuato pueden hacer al desarrollo nacional.<\/p>\n<p class=\"Typography_text-default__P3otY Typography_weight-normal__pqUbH Typography_text-default__P3otY Typography_weight-normal__pqUbH\" style=\"text-align: justify\">La agenda de vinculaci\u00f3n y networking ser\u00e1 uno de los componentes destinados a facilitar el contacto entre empresarios y participantes, con la expectativa de que las conversaciones puedan convertirse en proyectos y oportunidades concretas.<\/p>\n<p class=\"Typography_text-default__P3otY Typography_weight-normal__pqUbH Typography_text-default__P3otY Typography_weight-normal__pqUbH\" style=\"text-align: justify\">El encuentro tambi\u00e9n representa un espacio plural para debatir ideas, escuchar diferentes voces y construir consensos, bajo la consideraci\u00f3n de que el intercambio de puntos de vista puede fortalecer tanto a las empresas como al pa\u00eds.<\/p>\n<blockquote>\n<p class=\"Typography_text-default__P3otY Typography_weight-normal__pqUbH Typography_text-default__P3otY Typography_weight-normal__pqUbH\" style=\"text-align: justify\">\u201c<i class=\"italic\">Para COPARMEX, reunirnos significa abrir un espacio plural para debatir ideas, escuchar distintas voces y construir consensos. El disentir fortalece a una empresa y fortalece a nuestro pa\u00eds<\/i>\u201d, expres\u00f3.<\/p>\n<\/blockquote>\n<p style=\"text-align: justify\"><img loading=\"lazy\" decoding=\"async\" data-attachment-id=\"27297\" data-permalink=\"https:\/\/puertointerior.guanajuato.gob.mx\/blog\/2026\/09\/03\/mas-de-700-lideres-llegaran-a-leon-para-el-encuentro-nacional-coparmex-2026\/image-2026-09-03t115539-597\/\" data-orig-file=\"https:\/\/puertointerior.guanajuato.gob.mx\/blog\/wp-content\/uploads\/2026\/09\/image-2026-09-03T115539.597.webp\" data-orig-size=\"1200,675\" data-comments-opened=\"0\" data-image-meta=\"{&quot;aperture&quot;:&quot;0&quot;,&quot;credit&quot;:&quot;&quot;,&quot;camera&quot;:&quot;&quot;,&quot;caption&quot;:&quot;&quot;,&quot;created_timestamp&quot;:&quot;0&quot;,&quot;copyright&quot;:&quot;&quot;,&quot;focal_length&quot;:&quot;0&quot;,&quot;iso&quot;:&quot;0&quot;,&quot;shutter_speed&quot;:&quot;0&quot;,&quot;title&quot;:&quot;&quot;,&quot;orientation&quot;:&quot;0&quot;}\" data-image-title=\"image &#8211; 2026-09-03T115539.597\" data-image-description=\"\" data-image-caption=\"\" data-medium-file=\"https:\/\/puertointerior.guanajuato.gob.mx\/blog\/wp-content\/uploads\/2026\/09\/image-2026-09-03T115539.597-300x169.webp\" data-large-file=\"https:\/\/puertointerior.guanajuato.gob.mx\/blog\/wp-content\/uploads\/2026\/09\/image-2026-09-03T115539.597-1024x576.webp\" class=\"size-medium wp-image-27297 alignright\" src=\"https:\/\/puertointerior.guanajuato.gob.mx\/blog\/wp-content\/uploads\/2026\/09\/image-2026-09-03T115539.597-300x169.webp\" alt=\"\" width=\"300\" height=\"169\" srcset=\"https:\/\/puertointerior.guanajuato.gob.mx\/blog\/wp-content\/uploads\/2026\/09\/image-2026-09-03T115539.597-300x169.webp 300w, https:\/\/puertointerior.guanajuato.gob.mx\/blog\/wp-content\/uploads\/2026\/09\/image-2026-09-03T115539.597-1024x576.webp 1024w, https:\/\/puertointerior.guanajuato.gob.mx\/blog\/wp-content\/uploads\/2026\/09\/image-2026-09-03T115539.597-768x432.webp 768w, https:\/\/puertointerior.guanajuato.gob.mx\/blog\/wp-content\/uploads\/2026\/09\/image-2026-09-03T115539.597-1080x608.webp 1080w, https:\/\/puertointerior.guanajuato.gob.mx\/blog\/wp-content\/uploads\/2026\/09\/image-2026-09-03T115539.597.webp 1200w\" sizes=\"auto, (max-width: 300px) 100vw, 300px\" \/><\/p>\n<p style=\"text-align: justify\"><span class=\"Typography_text-default__P3otY Typography_weight-normal__pqUbH Typography_text-xs__Hgkfb Typography_weight-normal__pqUbH\">Juan Jos\u00e9 Sierra \u00c1lvarez, presidente de COPARMEX Nacional<\/span>\u00a0\/\u00a0<span class=\"Typography_text-default__P3otY Typography_weight-normal__pqUbH Typography_text-xs__Hgkfb Typography_weight-normal__pqUbH\">Elenne Castro<\/span><\/p>\n<h3 class=\"Typography_text-xl__yFuoP Typography_weight-normal__pqUbH SubHead_sub-head__PVEMA\" style=\"text-align: justify\">Pide\u00a0fortalecer el di\u00e1logo social<\/h3>\n<p class=\"Typography_text-default__P3otY Typography_weight-normal__pqUbH Typography_text-default__P3otY Typography_weight-normal__pqUbH\" style=\"text-align: justify\"><b class=\"bold\">Juan Jos\u00e9 Sierra \u00c1lvarez<\/b>, presidente de\u00a0<b class=\"bold\">COPARMEX Nacional<\/b>, destac\u00f3 la participaci\u00f3n conjunta del Estado, el municipio y el sector empresarial en la organizaci\u00f3n del encuentro, al considerar que esta colaboraci\u00f3n representa una se\u00f1al importante frente a los retos que enfrenta M\u00e9xico.<\/p>\n<p class=\"Typography_text-default__P3otY Typography_weight-normal__pqUbH Typography_text-default__P3otY Typography_weight-normal__pqUbH\" style=\"text-align: justify\">Se\u00f1al\u00f3 que el pa\u00eds necesita fortalecer el di\u00e1logo social y convertirlo en una herramienta para enfrentar los desaf\u00edos internos y externos, con la participaci\u00f3n del gobierno, empresarios y sindicatos que representan a los trabajadores.<\/p>\n<p class=\"Typography_text-default__P3otY Typography_weight-normal__pqUbH Typography_text-default__P3otY Typography_weight-normal__pqUbH\" style=\"text-align: justify\">\u201c<i class=\"italic\">M\u00e9xico necesita mucho di\u00e1logo social que nos lleve a una colaboraci\u00f3n. Di\u00e1logo social efectivo, real. Esta es la mejor forma de enfrentar los retos que hoy tiene nuestro pa\u00eds<\/i>\u201d, coment\u00f3.<\/p>\n<p class=\"Typography_text-default__P3otY Typography_weight-normal__pqUbH Typography_text-default__P3otY Typography_weight-normal__pqUbH\" style=\"text-align: justify\">Record\u00f3 que el di\u00e1logo social tambi\u00e9n est\u00e1 contemplado en la\u00a0<b class=\"bold\">Organizaci\u00f3n Internacional del Trabajo<\/b>\u00a0y mencion\u00f3 su presencia en la\u00a0<b class=\"bold\">104\u00aa Asamblea de la OIT<\/b>, realizada en\u00a0<b class=\"bold\">Ginebra<\/b>.<\/p>\n<p class=\"Typography_text-default__P3otY Typography_weight-normal__pqUbH Typography_text-default__P3otY Typography_weight-normal__pqUbH\" style=\"text-align: justify\">Plante\u00f3 que el encuentro busca convertirse en una oportunidad para escuchar diferentes perspectivas, construir puentes y fortalecer la participaci\u00f3n del sector empresarial en la construcci\u00f3n del pa\u00eds.<\/p>\n<blockquote>\n<p class=\"Typography_text-default__P3otY Typography_weight-normal__pqUbH Typography_text-default__P3otY Typography_weight-normal__pqUbH\" style=\"text-align: justify\">\u201c<i class=\"italic\">Desde las empresas tambi\u00e9n construimos pa\u00eds, impulsamos el desarrollo y contribuimos al futuro que todos los mexicanos merecemos<\/i>\u201d, manifest\u00f3.<\/p>\n<\/blockquote>\n<p class=\"Typography_text-default__P3otY Typography_weight-normal__pqUbH Typography_text-default__P3otY Typography_weight-normal__pqUbH\" style=\"text-align: justify\">Finalmente, llam\u00f3 a sumar esfuerzos, construir acuerdos y trabajar de manera conjunta para impulsar un M\u00e9xico con paz, desarrollo, competitividad y oportunidades para todos.<\/p>\n<p style=\"text-align: justify\">Publicado originalmente por:\u00a0<a href=\"https:\/\/oem.com.mx\/elsoldeleon\/local\/mas-de-700-lideres-llegaran-a-leon-para-el-encuentro-nacional-coparmex-2026-31865474\">https:\/\/oem.com.mx\/elsoldeleon\/local\/mas-de-700-lideres-llegaran-a-leon-para-el-encuentro-nacional-coparmex-2026-31865474<\/a><\/p>\n<p style=\"text-align: justify\">\n","protected":false},"excerpt":{"rendered":"<p>Empresarios de todo el pa\u00eds se reunir\u00e1n para abordar temas de seguridad, certeza jur\u00eddica, inversi\u00f3n, innovaci\u00f3n, talento y los retos que enfrenta M\u00e9xico. Le\u00f3n, Gto.-\u00a0Empresarios de todo M\u00e9xico\u00a0pondr\u00e1n la mirada en Le\u00f3n durante noviembre. La ciudad ser\u00e1 sede del\u00a0Encuentro Nacional COPARMEX 2026, donde el sector empresarial analizar\u00e1 los desaf\u00edos que marcar\u00e1n el rumbo del pa\u00eds [&hellip;]<\/p>\n","protected":false},"author":2,"featured_media":27298,"comment_status":"closed","ping_status":"open","sticky":false,"template":"","format":"standard","meta":{"jetpack_post_was_ever_published":false,"_jetpack_newsletter_access":"","_jetpack_dont_email_post_to_subs":false,"_jetpack_newsletter_tier_id":0,"_jetpack_memberships_contains_paywalled_content":false,"_jetpack_memberships_contains_paid_content":false,"footnotes":""},"categories":[20],"tags":[],"class_list":["post-27295","post","type-post","status-publish","format-standard","has-post-thumbnail","hentry","category-economic-development"],"yoast_head":"<!-- This site is optimized with the Yoast SEO plugin v25.7 - https:\/\/yoast.com\/wordpress\/plugins\/seo\/ -->\n<title>M\u00e1s de 700 l\u00edderes llegar\u00e1n a Le\u00f3n para el Encuentro Nacional COPARMEX 2026 - Blog | GPI NEWS<\/title>\n<meta name=\"robots\" content=\"index, follow, max-snippet:-1, max-image-preview:large, max-video-preview:-1\" \/>\n<link rel=\"canonical\" href=\"https:\/\/puertointerior.guanajuato.gob.mx\/blog\/2026\/09\/03\/mas-de-700-lideres-llegaran-a-leon-para-el-encuentro-nacional-coparmex-2026\/\" \/>\n<meta property=\"og:locale\" content=\"es_MX\" \/>\n<meta property=\"og:type\" content=\"article\" \/>\n<meta property=\"og:title\" content=\"M\u00e1s de 700 l\u00edderes llegar\u00e1n a Le\u00f3n para el Encuentro Nacional COPARMEX 2026 - Blog | GPI NEWS\" \/>\n<meta property=\"og:description\" content=\"Empresarios de todo el pa\u00eds se reunir\u00e1n para abordar temas de seguridad, certeza jur\u00eddica, inversi\u00f3n, innovaci\u00f3n, talento y los retos que enfrenta M\u00e9xico. Le\u00f3n, Gto.-\u00a0Empresarios de todo M\u00e9xico\u00a0pondr\u00e1n la mirada en Le\u00f3n durante noviembre. La ciudad ser\u00e1 sede del\u00a0Encuentro Nacional COPARMEX 2026, donde el sector empresarial analizar\u00e1 los desaf\u00edos que marcar\u00e1n el rumbo del pa\u00eds [&hellip;]\" \/>\n<meta property=\"og:url\" content=\"https:\/\/puertointerior.guanajuato.gob.mx\/blog\/2026\/09\/03\/mas-de-700-lideres-llegaran-a-leon-para-el-encuentro-nacional-coparmex-2026\/\" \/>\n<meta property=\"og:site_name\" content=\"Blog | GPI NEWS\" \/>\n<meta property=\"article:published_time\" content=\"2026-09-03T17:59:00+00:00\" \/>\n<meta property=\"article:modified_time\" content=\"2026-09-03T18:00:10+00:00\" \/>\n<meta property=\"og:image\" content=\"https:\/\/puertointerior.guanajuato.gob.mx\/blog\/wp-content\/uploads\/2026\/09\/image-2026-09-03T115145.909.webp\" \/>\n\t<meta property=\"og:image:width\" content=\"1200\" \/>\n\t<meta property=\"og:image:height\" content=\"674\" \/>\n\t<meta property=\"og:image:type\" content=\"image\/webp\" \/>\n<meta name=\"author\" content=\"GPI NEWS\" \/>\n<meta name=\"twitter:card\" content=\"summary_large_image\" \/>\n<meta name=\"twitter:label1\" content=\"Escrito por\" \/>\n\t<meta name=\"twitter:data1\" content=\"GPI NEWS\" \/>\n\t<meta name=\"twitter:label2\" content=\"Tiempo de lectura\" \/>\n\t<meta name=\"twitter:data2\" content=\"6 minutos\" \/>\n<script type=\"application\/ld+json\" class=\"yoast-schema-graph\">{\"@context\":\"https:\/\/schema.org\",\"@graph\":[{\"@type\":\"WebPage\",\"@id\":\"https:\/\/puertointerior.guanajuato.gob.mx\/blog\/2026\/09\/03\/mas-de-700-lideres-llegaran-a-leon-para-el-encuentro-nacional-coparmex-2026\/\",\"url\":\"https:\/\/puertointerior.guanajuato.gob.mx\/blog\/2026\/09\/03\/mas-de-700-lideres-llegaran-a-leon-para-el-encuentro-nacional-coparmex-2026\/\",\"name\":\"M\u00e1s de 700 l\u00edderes llegar\u00e1n a Le\u00f3n para el Encuentro Nacional COPARMEX 2026 - Blog | GPI NEWS\",\"isPartOf\":{\"@id\":\"https:\/\/puertointerior.guanajuato.gob.mx\/blog\/#website\"},\"primaryImageOfPage\":{\"@id\":\"https:\/\/puertointerior.guanajuato.gob.mx\/blog\/2026\/09\/03\/mas-de-700-lideres-llegaran-a-leon-para-el-encuentro-nacional-coparmex-2026\/#primaryimage\"},\"image\":{\"@id\":\"https:\/\/puertointerior.guanajuato.gob.mx\/blog\/2026\/09\/03\/mas-de-700-lideres-llegaran-a-leon-para-el-encuentro-nacional-coparmex-2026\/#primaryimage\"},\"thumbnailUrl\":\"https:\/\/puertointerior.guanajuato.gob.mx\/blog\/wp-content\/uploads\/2026\/09\/image-2026-09-03T115145.909.webp\",\"datePublished\":\"2026-09-03T17:59:00+00:00\",\"dateModified\":\"2026-09-03T18:00:10+00:00\",\"author\":{\"@id\":\"https:\/\/puertointerior.guanajuato.gob.mx\/blog\/#\/schema\/person\/f4851bb8a48c32d7fba5285caf4ef1c4\"},\"breadcrumb\":{\"@id\":\"https:\/\/puertointerior.guanajuato.gob.mx\/blog\/2026\/09\/03\/mas-de-700-lideres-llegaran-a-leon-para-el-encuentro-nacional-coparmex-2026\/#breadcrumb\"},\"inLanguage\":\"es\",\"potentialAction\":[{\"@type\":\"ReadAction\",\"target\":[\"https:\/\/puertointerior.guanajuato.gob.mx\/blog\/2026\/09\/03\/mas-de-700-lideres-llegaran-a-leon-para-el-encuentro-nacional-coparmex-2026\/\"]}]},{\"@type\":\"ImageObject\",\"inLanguage\":\"es\",\"@id\":\"https:\/\/puertointerior.guanajuato.gob.mx\/blog\/2026\/09\/03\/mas-de-700-lideres-llegaran-a-leon-para-el-encuentro-nacional-coparmex-2026\/#primaryimage\",\"url\":\"https:\/\/puertointerior.guanajuato.gob.mx\/blog\/wp-content\/uploads\/2026\/09\/image-2026-09-03T115145.909.webp\",\"contentUrl\":\"https:\/\/puertointerior.guanajuato.gob.mx\/blog\/wp-content\/uploads\/2026\/09\/image-2026-09-03T115145.909.webp\",\"width\":1200,\"height\":674},{\"@type\":\"BreadcrumbList\",\"@id\":\"https:\/\/puertointerior.guanajuato.gob.mx\/blog\/2026\/09\/03\/mas-de-700-lideres-llegaran-a-leon-para-el-encuentro-nacional-coparmex-2026\/#breadcrumb\",\"itemListElement\":[{\"@type\":\"ListItem\",\"position\":1,\"name\":\"Inicio\",\"item\":\"https:\/\/puertointerior.guanajuato.gob.mx\/blog\/\"},{\"@type\":\"ListItem\",\"position\":2,\"name\":\"M\u00e1s de 700 l\u00edderes llegar\u00e1n a Le\u00f3n para el Encuentro Nacional COPARMEX 2026\"}]},{\"@type\":\"WebSite\",\"@id\":\"https:\/\/puertointerior.guanajuato.gob.mx\/blog\/#website\",\"url\":\"https:\/\/puertointerior.guanajuato.gob.mx\/blog\/\",\"name\":\"Blog | GPI NEWS\",\"description\":\"Guanajuato Puerto Interior\",\"potentialAction\":[{\"@type\":\"SearchAction\",\"target\":{\"@type\":\"EntryPoint\",\"urlTemplate\":\"https:\/\/puertointerior.guanajuato.gob.mx\/blog\/?s={search_term_string}\"},\"query-input\":{\"@type\":\"PropertyValueSpecification\",\"valueRequired\":true,\"valueName\":\"search_term_string\"}}],\"inLanguage\":\"es\"},{\"@type\":\"Person\",\"@id\":\"https:\/\/puertointerior.guanajuato.gob.mx\/blog\/#\/schema\/person\/f4851bb8a48c32d7fba5285caf4ef1c4\",\"name\":\"GPI NEWS\",\"image\":{\"@type\":\"ImageObject\",\"inLanguage\":\"es\",\"@id\":\"https:\/\/puertointerior.guanajuato.gob.mx\/blog\/#\/schema\/person\/image\/\",\"url\":\"https:\/\/secure.gravatar.com\/avatar\/612aca53a708cefc5ebe15ab0bc63c51a8ba58563e45c17848fa400e627e2717?s=96&d=mm&r=g\",\"contentUrl\":\"https:\/\/secure.gravatar.com\/avatar\/612aca53a708cefc5ebe15ab0bc63c51a8ba58563e45c17848fa400e627e2717?s=96&d=mm&r=g\",\"caption\":\"GPI NEWS\"},\"url\":\"https:\/\/puertointerior.guanajuato.gob.mx\/blog\/author\/rafa-jacinto\/\"}]}<\/script>\n<!-- \/ Yoast SEO plugin. -->","yoast_head_json":{"title":"M\u00e1s de 700 l\u00edderes llegar\u00e1n a Le\u00f3n para el Encuentro Nacional COPARMEX 2026 - Blog | GPI NEWS","robots":{"index":"index","follow":"follow","max-snippet":"max-snippet:-1","max-image-preview":"max-image-preview:large","max-video-preview":"max-video-preview:-1"},"canonical":"https:\/\/puertointerior.guanajuato.gob.mx\/blog\/2026\/09\/03\/mas-de-700-lideres-llegaran-a-leon-para-el-encuentro-nacional-coparmex-2026\/","og_locale":"es_MX","og_type":"article","og_title":"M\u00e1s de 700 l\u00edderes llegar\u00e1n a Le\u00f3n para el Encuentro Nacional COPARMEX 2026 - Blog | GPI NEWS","og_description":"Empresarios de todo el pa\u00eds se reunir\u00e1n para abordar temas de seguridad, certeza jur\u00eddica, inversi\u00f3n, innovaci\u00f3n, talento y los retos que enfrenta M\u00e9xico. Le\u00f3n, Gto.-\u00a0Empresarios de todo M\u00e9xico\u00a0pondr\u00e1n la mirada en Le\u00f3n durante noviembre. La ciudad ser\u00e1 sede del\u00a0Encuentro Nacional COPARMEX 2026, donde el sector empresarial analizar\u00e1 los desaf\u00edos que marcar\u00e1n el rumbo del pa\u00eds [&hellip;]","og_url":"https:\/\/puertointerior.guanajuato.gob.mx\/blog\/2026\/09\/03\/mas-de-700-lideres-llegaran-a-leon-para-el-encuentro-nacional-coparmex-2026\/","og_site_name":"Blog | GPI NEWS","article_published_time":"2026-09-03T17:59:00+00:00","article_modified_time":"2026-09-03T18:00:10+00:00","og_image":[{"width":1200,"height":674,"url":"https:\/\/puertointerior.guanajuato.gob.mx\/blog\/wp-content\/uploads\/2026\/09\/image-2026-09-03T115145.909.webp","type":"image\/webp"}],"author":"GPI NEWS","twitter_card":"summary_large_image","twitter_misc":{"Escrito por":"GPI NEWS","Tiempo de lectura":"6 minutos"},"schema":{"@context":"https:\/\/schema.org","@graph":[{"@type":"WebPage","@id":"https:\/\/puertointerior.guanajuato.gob.mx\/blog\/2026\/09\/03\/mas-de-700-lideres-llegaran-a-leon-para-el-encuentro-nacional-coparmex-2026\/","url":"https:\/\/puertointerior.guanajuato.gob.mx\/blog\/2026\/09\/03\/mas-de-700-lideres-llegaran-a-leon-para-el-encuentro-nacional-coparmex-2026\/","name":"M\u00e1s de 700 l\u00edderes llegar\u00e1n a Le\u00f3n para el Encuentro Nacional COPARMEX 2026 - Blog | GPI NEWS","isPartOf":{"@id":"https:\/\/puertointerior.guanajuato.gob.mx\/blog\/#website"},"primaryImageOfPage":{"@id":"https:\/\/puertointerior.guanajuato.gob.mx\/blog\/2026\/09\/03\/mas-de-700-lideres-llegaran-a-leon-para-el-encuentro-nacional-coparmex-2026\/#primaryimage"},"image":{"@id":"https:\/\/puertointerior.guanajuato.gob.mx\/blog\/2026\/09\/03\/mas-de-700-lideres-llegaran-a-leon-para-el-encuentro-nacional-coparmex-2026\/#primaryimage"},"thumbnailUrl":"https:\/\/puertointerior.guanajuato.gob.mx\/blog\/wp-content\/uploads\/2026\/09\/image-2026-09-03T115145.909.webp","datePublished":"2026-09-03T17:59:00+00:00","dateModified":"2026-09-03T18:00:10+00:00","author":{"@id":"https:\/\/puertointerior.guanajuato.gob.mx\/blog\/#\/schema\/person\/f4851bb8a48c32d7fba5285caf4ef1c4"},"breadcrumb":{"@id":"https:\/\/puertointerior.guanajuato.gob.mx\/blog\/2026\/09\/03\/mas-de-700-lideres-llegaran-a-leon-para-el-encuentro-nacional-coparmex-2026\/#breadcrumb"},"inLanguage":"es","potentialAction":[{"@type":"ReadAction","target":["https:\/\/puertointerior.guanajuato.gob.mx\/blog\/2026\/09\/03\/mas-de-700-lideres-llegaran-a-leon-para-el-encuentro-nacional-coparmex-2026\/"]}]},{"@type":"ImageObject","inLanguage":"es","@id":"https:\/\/puertointerior.guanajuato.gob.mx\/blog\/2026\/09\/03\/mas-de-700-lideres-llegaran-a-leon-para-el-encuentro-nacional-coparmex-2026\/#primaryimage","url":"https:\/\/puertointerior.guanajuato.gob.mx\/blog\/wp-content\/uploads\/2026\/09\/image-2026-09-03T115145.909.webp","contentUrl":"https:\/\/puertointerior.guanajuato.gob.mx\/blog\/wp-content\/uploads\/2026\/09\/image-2026-09-03T115145.909.webp","width":1200,"height":674},{"@type":"BreadcrumbList","@id":"https:\/\/puertointerior.guanajuato.gob.mx\/blog\/2026\/09\/03\/mas-de-700-lideres-llegaran-a-leon-para-el-encuentro-nacional-coparmex-2026\/#breadcrumb","itemListElement":[{"@type":"ListItem","position":1,"name":"Inicio","item":"https:\/\/puertointerior.guanajuato.gob.mx\/blog\/"},{"@type":"ListItem","position":2,"name":"M\u00e1s de 700 l\u00edderes llegar\u00e1n a Le\u00f3n para el Encuentro Nacional COPARMEX 2026"}]},{"@type":"WebSite","@id":"https:\/\/puertointerior.guanajuato.gob.mx\/blog\/#website","url":"https:\/\/puertointerior.guanajuato.gob.mx\/blog\/","name":"Blog | GPI NEWS","description":"Guanajuato Puerto Interior","potentialAction":[{"@type":"SearchAction","target":{"@type":"EntryPoint","urlTemplate":"https:\/\/puertointerior.guanajuato.gob.mx\/blog\/?s={search_term_string}"},"query-input":{"@type":"PropertyValueSpecification","valueRequired":true,"valueName":"search_term_string"}}],"inLanguage":"es"},{"@type":"Person","@id":"https:\/\/puertointerior.guanajuato.gob.mx\/blog\/#\/schema\/person\/f4851bb8a48c32d7fba5285caf4ef1c4","name":"GPI NEWS","image":{"@type":"ImageObject","inLanguage":"es","@id":"https:\/\/puertointerior.guanajuato.gob.mx\/blog\/#\/schema\/person\/image\/","url":"https:\/\/secure.gravatar.com\/avatar\/612aca53a708cefc5ebe15ab0bc63c51a8ba58563e45c17848fa400e627e2717?s=96&d=mm&r=g","contentUrl":"https:\/\/secure.gravatar.com\/avatar\/612aca53a708cefc5ebe15ab0bc63c51a8ba58563e45c17848fa400e627e2717?s=96&d=mm&r=g","caption":"GPI NEWS"},"url":"https:\/\/puertointerior.guanajuato.gob.mx\/blog\/author\/rafa-jacinto\/"}]}},"jetpack_featured_media_url":"https:\/\/puertointerior.guanajuato.gob.mx\/blog\/wp-content\/uploads\/2026\/09\/image-2026-09-03T115145.909.webp","jetpack_sharing_enabled":true,"jetpack_shortlink":"https:\/\/wp.me\/pcnMPA-76f","_links":{"self":[{"href":"https:\/\/puertointerior.guanajuato.gob.mx\/blog\/wp-json\/wp\/v2\/posts\/27295","targetHints":{"allow":["GET"]}}],"collection":[{"href":"https:\/\/puertointerior.guanajuato.gob.mx\/blog\/wp-json\/wp\/v2\/posts"}],"about":[{"href":"https:\/\/puertointerior.guanajuato.gob.mx\/blog\/wp-json\/wp\/v2\/types\/post"}],"author":[{"embeddable":true,"href":"https:\/\/puertointerior.guanajuato.gob.mx\/blog\/wp-json\/wp\/v2\/users\/2"}],"replies":[{"embeddable":true,"href":"https:\/\/puertointerior.guanajuato.gob.mx\/blog\/wp-json\/wp\/v2\/comments?post=27295"}],"version-history":[{"count":1,"href":"https:\/\/puertointerior.guanajuato.gob.mx\/blog\/wp-json\/wp\/v2\/posts\/27295\/revisions"}],"predecessor-version":[{"id":27299,"href":"https:\/\/puertointerior.guanajuato.gob.mx\/blog\/wp-json\/wp\/v2\/posts\/27295\/revisions\/27299"}],"wp:featuredmedia":[{"embeddable":true,"href":"https:\/\/puertointerior.guanajuato.gob.mx\/blog\/wp-json\/wp\/v2\/media\/27298"}],"wp:attachment":[{"href":"https:\/\/puertointerior.guanajuato.gob.mx\/blog\/wp-json\/wp\/v2\/media?parent=27295"}],"wp:term":[{"taxonomy":"category","embeddable":true,"href":"https:\/\/puertointerior.guanajuato.gob.mx\/blog\/wp-json\/wp\/v2\/categories?post=27295"},{"taxonomy":"post_tag","embeddable":true,"href":"https:\/\/puertointerior.guanajuato.gob.mx\/blog\/wp-json\/wp\/v2\/tags?post=27295"}],"curies":[{"name":"wp","href":"https:\/\/api.w.org\/{rel}","templated":true}]}}